{"id":2231,"date":"2024-04-15T13:44:03","date_gmt":"2024-04-15T17:44:03","guid":{"rendered":"https:\/\/www.manaus.am.gov.br\/immu\/sem-categoria\/mudanca-de-itinerario-a326\/"},"modified":"2024-04-15T13:44:05","modified_gmt":"2024-04-15T17:44:05","slug":"mudanca-de-itinerario-a326","status":"publish","type":"post","link":"https:\/\/www.manaus.am.gov.br\/immu\/transporte\/mudanca-de-itinerario-a326\/","title":{"rendered":"Prefeitura suspende mudan\u00e7a de itiner\u00e1rio de linha que atende comunidade Jesus me Deu"},"content":{"rendered":"\n<p>Atendendo \u00e0 solicita\u00e7\u00e3o de lideran\u00e7as comunit\u00e1rias, a Prefeitura de Manaus, por meio do Instituto Municipal de Mobilidade Urbana (IMMU), suspendeu a altera\u00e7\u00e3o de itiner\u00e1rio da Linha A326, programada para esta quinta-feira, 18\/4, para reavalia\u00e7\u00e3o. A equipe de engenharia do IMMU se reunir\u00e1 novamente com todas as lideran\u00e7as envolvidas para tratar do assunto.<\/p>\n\n\n\n<p>A linha A326, atende a comunidade Jesus me Deu\/Esta\u00e7\u00e3o de Transfer\u00eancia 3 (E3), localizado no bairro\u00a0Col\u00f4nia Terra Nova, zona Norte, e cobre as ruas S\u00e3o Jo\u00e3o, S\u00e3o Gabriel, Jeric\u00f3, rua Cora\u00e7\u00e3o de Jesus, avenida Galil\u00e9ia, rua do Areal, rua S\u00e3o Francisco, rua Monte das Oliveira, avenida Bom Pastor e avenidas Santa Marta e Torquato Tapaj\u00f3s.\u00a0<\/p>\n\n\n\n<p>&#8212; &#8212; &#8212;<\/p>\n\n\n\n<p>IMMU &#8211; Instituto Municipal de Mobilidade Urbana&nbsp;<\/p>\n\n\n\n<p>Assessora Respons\u00e1vel: Naira Nascimento &#8211; (92) 98483-2676<\/p>\n\n\n\n<p>E-mail:&nbsp;<a href=\"mailto:immu.imprensa@gmail.com\" target=\"_blank\" rel=\"noreferrer noopener\">immu.imprensa@gmail.com<\/a><\/p>\n","protected":false},"excerpt":{"rendered":"","protected":false},"author":57,"featured_media":2232,"comment_status":"closed","ping_status":"closed","sticky":false,"template":"","format":"standard","meta":{"footnotes":""},"categories":[93],"tags":[1517,6,8,100,101],"acf":[],"yoast_head":"<!-- This site is optimized with the Yoast SEO plugin v23.0 - https:\/\/yoast.com\/wordpress\/plugins\/seo\/ -->\n<title>Prefeitura suspende mudan\u00e7a de itiner\u00e1rio de linha A326<\/title>\n<meta name=\"description\" content=\"A Prefeitura de Manaus suspendeu a altera\u00e7\u00e3o de itiner\u00e1rio da Linha A326, programada para esta quinta-feira, 18\/4, para reavalia\u00e7\u00e3o.\" \/>\n<meta name=\"robots\" content=\"noindex, follow\" \/>\n<meta property=\"og:locale\" content=\"pt_BR\" \/>\n<meta property=\"og:type\" content=\"article\" \/>\n<meta property=\"og:title\" content=\"Prefeitura suspende mudan\u00e7a de itiner\u00e1rio de linha A326\" \/>\n<meta property=\"og:description\" content=\"A Prefeitura de Manaus suspendeu a altera\u00e7\u00e3o de itiner\u00e1rio da Linha A326, programada para esta quinta-feira, 18\/4, para reavalia\u00e7\u00e3o.\" \/>\n<meta property=\"og:url\" content=\"https:\/\/www.manaus.am.gov.br\/immu\/transporte\/mudanca-de-itinerario-a326\/\" \/>\n<meta property=\"og:site_name\" content=\"IMMU\" \/>\n<meta property=\"article:published_time\" content=\"2024-04-15T17:44:03+00:00\" \/>\n<meta property=\"article:modified_time\" content=\"2024-04-15T17:44:05+00:00\" \/>\n<meta property=\"og:image\" content=\"https:\/\/www.manaus.am.gov.br\/immu\/wp-content\/uploads\/sites\/14\/2024\/04\/Mudanca-linha-de-onibus-2.jpeg\" \/>\n\t<meta property=\"og:image:width\" content=\"1213\" \/>\n\t<meta property=\"og:image:height\" content=\"692\" \/>\n\t<meta property=\"og:image:type\" content=\"image\/jpeg\" \/>\n<meta name=\"author\" content=\"Thiago Fernando\" \/>\n<meta name=\"twitter:card\" content=\"summary_large_image\" \/>\n<meta name=\"twitter:label1\" content=\"Written by\" \/>\n\t<meta name=\"twitter:data1\" content=\"Thiago Fernando\" \/>\n\t<meta name=\"twitter:label2\" content=\"Est. reading time\" \/>\n\t<meta name=\"twitter:data2\" content=\"1 minuto\" \/>\n<script type=\"application\/ld+json\" class=\"yoast-schema-graph\">{\"@context\":\"https:\/\/schema.org\",\"@graph\":[{\"@type\":\"WebPage\",\"@id\":\"https:\/\/www.manaus.am.gov.br\/immu\/transporte\/mudanca-de-itinerario-a326\/\",\"url\":\"https:\/\/www.manaus.am.gov.br\/immu\/transporte\/mudanca-de-itinerario-a326\/\",\"name\":\"Prefeitura suspende mudan\u00e7a de itiner\u00e1rio de linha A326\",\"isPartOf\":{\"@id\":\"https:\/\/www.manaus.am.gov.br\/immu\/#website\"},\"primaryImageOfPage\":{\"@id\":\"https:\/\/www.manaus.am.gov.br\/immu\/transporte\/mudanca-de-itinerario-a326\/#primaryimage\"},\"image\":{\"@id\":\"https:\/\/www.manaus.am.gov.br\/immu\/transporte\/mudanca-de-itinerario-a326\/#primaryimage\"},\"thumbnailUrl\":\"https:\/\/www.manaus.am.gov.br\/immu\/wp-content\/uploads\/sites\/14\/2024\/04\/Mudanca-linha-de-onibus-2.jpeg\",\"datePublished\":\"2024-04-15T17:44:03+00:00\",\"dateModified\":\"2024-04-15T17:44:05+00:00\",\"author\":{\"@id\":\"https:\/\/www.manaus.am.gov.br\/immu\/#\/schema\/person\/a5ee5376db6e21af026374b369f30882\"},\"description\":\"A Prefeitura de Manaus suspendeu a altera\u00e7\u00e3o de itiner\u00e1rio da Linha A326, programada para esta quinta-feira, 18\/4, para reavalia\u00e7\u00e3o.\",\"breadcrumb\":{\"@id\":\"https:\/\/www.manaus.am.gov.br\/immu\/transporte\/mudanca-de-itinerario-a326\/#breadcrumb\"},\"inLanguage\":\"pt-BR\",\"potentialAction\":[{\"@type\":\"ReadAction\",\"target\":[\"https:\/\/www.manaus.am.gov.br\/immu\/transporte\/mudanca-de-itinerario-a326\/\"]}]},{\"@type\":\"ImageObject\",\"inLanguage\":\"pt-BR\",\"@id\":\"https:\/\/www.manaus.am.gov.br\/immu\/transporte\/mudanca-de-itinerario-a326\/#primaryimage\",\"url\":\"https:\/\/www.manaus.am.gov.br\/immu\/wp-content\/uploads\/sites\/14\/2024\/04\/Mudanca-linha-de-onibus-2.jpeg\",\"contentUrl\":\"https:\/\/www.manaus.am.gov.br\/immu\/wp-content\/uploads\/sites\/14\/2024\/04\/Mudanca-linha-de-onibus-2.jpeg\",\"width\":1213,\"height\":692,\"caption\":\"#paratodosverem - Imagem do \u00f4nibus da Linha A326\"},{\"@type\":\"BreadcrumbList\",\"@id\":\"https:\/\/www.manaus.am.gov.br\/immu\/transporte\/mudanca-de-itinerario-a326\/#breadcrumb\",\"itemListElement\":[{\"@type\":\"ListItem\",\"position\":1,\"name\":\"Home\",\"item\":\"https:\/\/www.manaus.am.gov.br\/immu\/\"},{\"@type\":\"ListItem\",\"position\":2,\"name\":\"Prefeitura suspende mudan\u00e7a de itiner\u00e1rio de linha que atende comunidade Jesus me Deu\"}]},{\"@type\":\"WebSite\",\"@id\":\"https:\/\/www.manaus.am.gov.br\/immu\/#website\",\"url\":\"https:\/\/www.manaus.am.gov.br\/immu\/\",\"name\":\"IMMU\",\"description\":\"Prefeitura de Manaus\",\"potentialAction\":[{\"@type\":\"SearchAction\",\"target\":{\"@type\":\"EntryPoint\",\"urlTemplate\":\"https:\/\/www.manaus.am.gov.br\/immu\/?s={search_term_string}\"},\"query-input\":\"required name=search_term_string\"}],\"inLanguage\":\"pt-BR\"},{\"@type\":\"Person\",\"@id\":\"https:\/\/www.manaus.am.gov.br\/immu\/#\/schema\/person\/a5ee5376db6e21af026374b369f30882\",\"name\":\"Thiago Fernando\",\"image\":{\"@type\":\"ImageObject\",\"inLanguage\":\"pt-BR\",\"@id\":\"https:\/\/www.manaus.am.gov.br\/immu\/#\/schema\/person\/image\/\",\"url\":\"https:\/\/secure.gravatar.com\/avatar\/f5aab8722444041451501c077052ac07?s=96&d=mm&r=g\",\"contentUrl\":\"https:\/\/secure.gravatar.com\/avatar\/f5aab8722444041451501c077052ac07?s=96&d=mm&r=g\",\"caption\":\"Thiago Fernando\"}}]}<\/script>\n<!-- \/ Yoast SEO plugin. -->","yoast_head_json":{"title":"Prefeitura suspende mudan\u00e7a de itiner\u00e1rio de linha A326","description":"A Prefeitura de Manaus suspendeu a altera\u00e7\u00e3o de itiner\u00e1rio da Linha A326, programada para esta quinta-feira, 18\/4, para reavalia\u00e7\u00e3o.","robots":{"index":"noindex","follow":"follow"},"og_locale":"pt_BR","og_type":"article","og_title":"Prefeitura suspende mudan\u00e7a de itiner\u00e1rio de linha A326","og_description":"A Prefeitura de Manaus suspendeu a altera\u00e7\u00e3o de itiner\u00e1rio da Linha A326, programada para esta quinta-feira, 18\/4, para reavalia\u00e7\u00e3o.","og_url":"https:\/\/www.manaus.am.gov.br\/immu\/transporte\/mudanca-de-itinerario-a326\/","og_site_name":"IMMU","article_published_time":"2024-04-15T17:44:03+00:00","article_modified_time":"2024-04-15T17:44:05+00:00","og_image":[{"width":1213,"height":692,"url":"https:\/\/www.manaus.am.gov.br\/immu\/wp-content\/uploads\/sites\/14\/2024\/04\/Mudanca-linha-de-onibus-2.jpeg","type":"image\/jpeg"}],"author":"Thiago Fernando","twitter_card":"summary_large_image","twitter_misc":{"Written by":"Thiago Fernando","Est. reading time":"1 minuto"},"schema":{"@context":"https:\/\/schema.org","@graph":[{"@type":"WebPage","@id":"https:\/\/www.manaus.am.gov.br\/immu\/transporte\/mudanca-de-itinerario-a326\/","url":"https:\/\/www.manaus.am.gov.br\/immu\/transporte\/mudanca-de-itinerario-a326\/","name":"Prefeitura suspende mudan\u00e7a de itiner\u00e1rio de linha A326","isPartOf":{"@id":"https:\/\/www.manaus.am.gov.br\/immu\/#website"},"primaryImageOfPage":{"@id":"https:\/\/www.manaus.am.gov.br\/immu\/transporte\/mudanca-de-itinerario-a326\/#primaryimage"},"image":{"@id":"https:\/\/www.manaus.am.gov.br\/immu\/transporte\/mudanca-de-itinerario-a326\/#primaryimage"},"thumbnailUrl":"https:\/\/www.manaus.am.gov.br\/immu\/wp-content\/uploads\/sites\/14\/2024\/04\/Mudanca-linha-de-onibus-2.jpeg","datePublished":"2024-04-15T17:44:03+00:00","dateModified":"2024-04-15T17:44:05+00:00","author":{"@id":"https:\/\/www.manaus.am.gov.br\/immu\/#\/schema\/person\/a5ee5376db6e21af026374b369f30882"},"description":"A Prefeitura de Manaus suspendeu a altera\u00e7\u00e3o de itiner\u00e1rio da Linha A326, programada para esta quinta-feira, 18\/4, para reavalia\u00e7\u00e3o.","breadcrumb":{"@id":"https:\/\/www.manaus.am.gov.br\/immu\/transporte\/mudanca-de-itinerario-a326\/#breadcrumb"},"inLanguage":"pt-BR","potentialAction":[{"@type":"ReadAction","target":["https:\/\/www.manaus.am.gov.br\/immu\/transporte\/mudanca-de-itinerario-a326\/"]}]},{"@type":"ImageObject","inLanguage":"pt-BR","@id":"https:\/\/www.manaus.am.gov.br\/immu\/transporte\/mudanca-de-itinerario-a326\/#primaryimage","url":"https:\/\/www.manaus.am.gov.br\/immu\/wp-content\/uploads\/sites\/14\/2024\/04\/Mudanca-linha-de-onibus-2.jpeg","contentUrl":"https:\/\/www.manaus.am.gov.br\/immu\/wp-content\/uploads\/sites\/14\/2024\/04\/Mudanca-linha-de-onibus-2.jpeg","width":1213,"height":692,"caption":"#paratodosverem - Imagem do \u00f4nibus da Linha A326"},{"@type":"BreadcrumbList","@id":"https:\/\/www.manaus.am.gov.br\/immu\/transporte\/mudanca-de-itinerario-a326\/#breadcrumb","itemListElement":[{"@type":"ListItem","position":1,"name":"Home","item":"https:\/\/www.manaus.am.gov.br\/immu\/"},{"@type":"ListItem","position":2,"name":"Prefeitura suspende mudan\u00e7a de itiner\u00e1rio de linha que atende comunidade Jesus me Deu"}]},{"@type":"WebSite","@id":"https:\/\/www.manaus.am.gov.br\/immu\/#website","url":"https:\/\/www.manaus.am.gov.br\/immu\/","name":"IMMU","description":"Prefeitura de Manaus","potentialAction":[{"@type":"SearchAction","target":{"@type":"EntryPoint","urlTemplate":"https:\/\/www.manaus.am.gov.br\/immu\/?s={search_term_string}"},"query-input":"required name=search_term_string"}],"inLanguage":"pt-BR"},{"@type":"Person","@id":"https:\/\/www.manaus.am.gov.br\/immu\/#\/schema\/person\/a5ee5376db6e21af026374b369f30882","name":"Thiago Fernando","image":{"@type":"ImageObject","inLanguage":"pt-BR","@id":"https:\/\/www.manaus.am.gov.br\/immu\/#\/schema\/person\/image\/","url":"https:\/\/secure.gravatar.com\/avatar\/f5aab8722444041451501c077052ac07?s=96&d=mm&r=g","contentUrl":"https:\/\/secure.gravatar.com\/avatar\/f5aab8722444041451501c077052ac07?s=96&d=mm&r=g","caption":"Thiago Fernando"}}]}},"_links":{"self":[{"href":"https:\/\/www.manaus.am.gov.br\/immu\/wp-json\/wp\/v2\/posts\/2231"}],"collection":[{"href":"https:\/\/www.manaus.am.gov.br\/immu\/wp-json\/wp\/v2\/posts"}],"about":[{"href":"https:\/\/www.manaus.am.gov.br\/immu\/wp-json\/wp\/v2\/types\/post"}],"author":[{"embeddable":true,"href":"https:\/\/www.manaus.am.gov.br\/immu\/wp-json\/wp\/v2\/users\/57"}],"replies":[{"embeddable":true,"href":"https:\/\/www.manaus.am.gov.br\/immu\/wp-json\/wp\/v2\/comments?post=2231"}],"version-history":[{"count":0,"href":"https:\/\/www.manaus.am.gov.br\/immu\/wp-json\/wp\/v2\/posts\/2231\/revisions"}],"wp:featuredmedia":[{"embeddable":true,"href":"https:\/\/www.manaus.am.gov.br\/immu\/wp-json\/wp\/v2\/media\/2232"}],"wp:attachment":[{"href":"https:\/\/www.manaus.am.gov.br\/immu\/wp-json\/wp\/v2\/media?parent=2231"}],"wp:term":[{"taxonomy":"category","embeddable":true,"href":"https:\/\/www.manaus.am.gov.br\/immu\/wp-json\/wp\/v2\/categories?post=2231"},{"taxonomy":"post_tag","embeddable":true,"href":"https:\/\/www.manaus.am.gov.br\/immu\/wp-json\/wp\/v2\/tags?post=2231"}],"curies":[{"name":"wp","href":"https:\/\/api.w.org\/{rel}","templated":true}]}}