{"id":2210,"date":"2024-04-05T15:43:38","date_gmt":"2024-04-05T19:43:38","guid":{"rendered":"https:\/\/www.manaus.am.gov.br\/immu\/sem-categoria\/prefeitura-de-manaus-e-immu-desmentem-fake-news-sobre-radares\/"},"modified":"2024-04-05T15:52:06","modified_gmt":"2024-04-05T19:52:06","slug":"fake-news-sobre-radares","status":"publish","type":"post","link":"https:\/\/www.manaus.am.gov.br\/immu\/fatofake\/fake-news-sobre-radares\/","title":{"rendered":"Prefeitura de Manaus e IMMU desmentem fake news sobre radares"},"content":{"rendered":"\n<p>A Prefeitura de Manaus e o Instituto Municipal de Mobilidade Urbana (IMMU) esclarecem que a lista de pontos de radares eletr\u00f4nicos que tem sido compartilhada nas redes sociais, datada de 2014, n\u00e3o \u00e9 mais aplic\u00e1vel para o ano de 2024 e, portanto, trata-se de informa\u00e7\u00e3o incorreta. Tal lista est\u00e1 sendo erroneamente compartilhada em grupos de aplicativos de mensagens e redes sociais e j\u00e1 foi categorizada como fake news.<\/p>\n\n\n\n<p>Paralelamente, a Prefeitura de Manaus, por meio do Instituto Municipal de Mobilidade Urbana (IMMU) anunciou que est\u00e1 concluindo um estudo t\u00e9cnico voltado para a melhoria da seguran\u00e7a vi\u00e1ria na capital, baseado nas estat\u00edsticas de acidentes com v\u00edtimas lesionadas e fatais. Este estudo visa a implanta\u00e7\u00e3o de novos equipamentos de Gest\u00e3o de Velocidade em pontos pr\u00e9-estabelecidos, sendo o primeiro deles na avenida Coronel Teixeira, zona Oeste.<\/p>\n\n\n\n<p>A instala\u00e7\u00e3o dos dispositivos ser\u00e1 feita conforme os resultados do estudo e ser\u00e1 antecipadamente divulgada nos meios de comunica\u00e7\u00e3o e redes sociais, e devidamente sinalizada quando instalados, respeitando o C\u00f3digo de Tr\u00e2nsito Brasileiro, com avisos regulat\u00f3rios de velocidade e informativos de fiscaliza\u00e7\u00e3o.<\/p>\n\n\n\n<p>A Prefeitura de Manaus pede aos cidad\u00e3os que desconsiderem a lista e se informem atrav\u00e9s dos canais oficiais para quaisquer atualiza\u00e7\u00f5es sobre o sistema de fiscaliza\u00e7\u00e3o eletr\u00f4nica na cidade. Reiteramos o compromisso com a seguran\u00e7a no tr\u00e2nsito e com a transpar\u00eancia na comunica\u00e7\u00e3o com a popula\u00e7\u00e3o.<\/p>\n\n\n\n<p>&#8212; &#8212; &#8212;<\/p>\n\n\n\n<p><strong>Texto<\/strong> \u2013 Divulga\u00e7\u00e3o \/ IMMU<\/p>\n","protected":false},"excerpt":{"rendered":"","protected":false},"author":61,"featured_media":2211,"comment_status":"closed","ping_status":"closed","sticky":false,"template":"","format":"standard","meta":{"footnotes":""},"categories":[1508],"tags":[1509,6,1510,8,1511],"acf":[],"yoast_head":"<!-- This site is optimized with the Yoast SEO plugin v23.0 - https:\/\/yoast.com\/wordpress\/plugins\/seo\/ -->\n<title>Prefeitura de Manaus desmente fake news sobre radares<\/title>\n<meta name=\"description\" content=\"A Prefeitura de Manaus e o IMMU esclarecem que a lista de pontos de radares eletr\u00f4nicos compartilhada nas redes sociais n\u00e3o \u00e9 mais aplic\u00e1vel.\" \/>\n<meta name=\"robots\" content=\"noindex, follow\" \/>\n<meta property=\"og:locale\" content=\"pt_BR\" \/>\n<meta property=\"og:type\" content=\"article\" \/>\n<meta property=\"og:title\" content=\"Prefeitura de Manaus desmente fake news sobre radares\" \/>\n<meta property=\"og:description\" content=\"A Prefeitura de Manaus e o IMMU esclarecem que a lista de pontos de radares eletr\u00f4nicos compartilhada nas redes sociais n\u00e3o \u00e9 mais aplic\u00e1vel.\" \/>\n<meta property=\"og:url\" content=\"https:\/\/www.manaus.am.gov.br\/immu\/fatofake\/fake-news-sobre-radares\/\" \/>\n<meta property=\"og:site_name\" content=\"IMMU\" \/>\n<meta property=\"article:published_time\" content=\"2024-04-05T19:43:38+00:00\" \/>\n<meta property=\"article:modified_time\" content=\"2024-04-05T19:52:06+00:00\" \/>\n<meta property=\"og:image\" content=\"https:\/\/www.manaus.am.gov.br\/immu\/wp-content\/uploads\/sites\/14\/2024\/04\/Fake-News.jpeg\" \/>\n\t<meta property=\"og:image:width\" content=\"1000\" \/>\n\t<meta property=\"og:image:height\" content=\"1000\" \/>\n\t<meta property=\"og:image:type\" content=\"image\/jpeg\" \/>\n<meta name=\"author\" content=\"smonteiro\" \/>\n<meta name=\"twitter:card\" content=\"summary_large_image\" \/>\n<meta name=\"twitter:label1\" content=\"Written by\" \/>\n\t<meta name=\"twitter:data1\" content=\"smonteiro\" \/>\n\t<meta name=\"twitter:label2\" content=\"Est. reading time\" \/>\n\t<meta name=\"twitter:data2\" content=\"2 minutos\" \/>\n<script type=\"application\/ld+json\" class=\"yoast-schema-graph\">{\"@context\":\"https:\/\/schema.org\",\"@graph\":[{\"@type\":\"WebPage\",\"@id\":\"https:\/\/www.manaus.am.gov.br\/immu\/fatofake\/fake-news-sobre-radares\/\",\"url\":\"https:\/\/www.manaus.am.gov.br\/immu\/fatofake\/fake-news-sobre-radares\/\",\"name\":\"Prefeitura de Manaus desmente fake news sobre radares\",\"isPartOf\":{\"@id\":\"https:\/\/www.manaus.am.gov.br\/immu\/#website\"},\"primaryImageOfPage\":{\"@id\":\"https:\/\/www.manaus.am.gov.br\/immu\/fatofake\/fake-news-sobre-radares\/#primaryimage\"},\"image\":{\"@id\":\"https:\/\/www.manaus.am.gov.br\/immu\/fatofake\/fake-news-sobre-radares\/#primaryimage\"},\"thumbnailUrl\":\"https:\/\/www.manaus.am.gov.br\/immu\/wp-content\/uploads\/sites\/14\/2024\/04\/Fake-News.jpeg\",\"datePublished\":\"2024-04-05T19:43:38+00:00\",\"dateModified\":\"2024-04-05T19:52:06+00:00\",\"author\":{\"@id\":\"https:\/\/www.manaus.am.gov.br\/immu\/#\/schema\/person\/ab4dcf766a54dff74e8d267f5c591961\"},\"description\":\"A Prefeitura de Manaus e o IMMU esclarecem que a lista de pontos de radares eletr\u00f4nicos compartilhada nas redes sociais n\u00e3o \u00e9 mais aplic\u00e1vel.\",\"breadcrumb\":{\"@id\":\"https:\/\/www.manaus.am.gov.br\/immu\/fatofake\/fake-news-sobre-radares\/#breadcrumb\"},\"inLanguage\":\"pt-BR\",\"potentialAction\":[{\"@type\":\"ReadAction\",\"target\":[\"https:\/\/www.manaus.am.gov.br\/immu\/fatofake\/fake-news-sobre-radares\/\"]}]},{\"@type\":\"ImageObject\",\"inLanguage\":\"pt-BR\",\"@id\":\"https:\/\/www.manaus.am.gov.br\/immu\/fatofake\/fake-news-sobre-radares\/#primaryimage\",\"url\":\"https:\/\/www.manaus.am.gov.br\/immu\/wp-content\/uploads\/sites\/14\/2024\/04\/Fake-News.jpeg\",\"contentUrl\":\"https:\/\/www.manaus.am.gov.br\/immu\/wp-content\/uploads\/sites\/14\/2024\/04\/Fake-News.jpeg\",\"width\":1000,\"height\":1000,\"caption\":\"#paratodosverem - imagem de lista com carimbo de fake news\"},{\"@type\":\"BreadcrumbList\",\"@id\":\"https:\/\/www.manaus.am.gov.br\/immu\/fatofake\/fake-news-sobre-radares\/#breadcrumb\",\"itemListElement\":[{\"@type\":\"ListItem\",\"position\":1,\"name\":\"Home\",\"item\":\"https:\/\/www.manaus.am.gov.br\/immu\/\"},{\"@type\":\"ListItem\",\"position\":2,\"name\":\"Prefeitura de Manaus e IMMU desmentem fake news sobre radares\"}]},{\"@type\":\"WebSite\",\"@id\":\"https:\/\/www.manaus.am.gov.br\/immu\/#website\",\"url\":\"https:\/\/www.manaus.am.gov.br\/immu\/\",\"name\":\"IMMU\",\"description\":\"Prefeitura de Manaus\",\"potentialAction\":[{\"@type\":\"SearchAction\",\"target\":{\"@type\":\"EntryPoint\",\"urlTemplate\":\"https:\/\/www.manaus.am.gov.br\/immu\/?s={search_term_string}\"},\"query-input\":\"required name=search_term_string\"}],\"inLanguage\":\"pt-BR\"},{\"@type\":\"Person\",\"@id\":\"https:\/\/www.manaus.am.gov.br\/immu\/#\/schema\/person\/ab4dcf766a54dff74e8d267f5c591961\",\"name\":\"smonteiro\",\"image\":{\"@type\":\"ImageObject\",\"inLanguage\":\"pt-BR\",\"@id\":\"https:\/\/www.manaus.am.gov.br\/immu\/#\/schema\/person\/image\/\",\"url\":\"https:\/\/secure.gravatar.com\/avatar\/21c8776ef61d9272c73322052e042d77?s=96&d=mm&r=g\",\"contentUrl\":\"https:\/\/secure.gravatar.com\/avatar\/21c8776ef61d9272c73322052e042d77?s=96&d=mm&r=g\",\"caption\":\"smonteiro\"}}]}<\/script>\n<!-- \/ Yoast SEO plugin. -->","yoast_head_json":{"title":"Prefeitura de Manaus desmente fake news sobre radares","description":"A Prefeitura de Manaus e o IMMU esclarecem que a lista de pontos de radares eletr\u00f4nicos compartilhada nas redes sociais n\u00e3o \u00e9 mais aplic\u00e1vel.","robots":{"index":"noindex","follow":"follow"},"og_locale":"pt_BR","og_type":"article","og_title":"Prefeitura de Manaus desmente fake news sobre radares","og_description":"A Prefeitura de Manaus e o IMMU esclarecem que a lista de pontos de radares eletr\u00f4nicos compartilhada nas redes sociais n\u00e3o \u00e9 mais aplic\u00e1vel.","og_url":"https:\/\/www.manaus.am.gov.br\/immu\/fatofake\/fake-news-sobre-radares\/","og_site_name":"IMMU","article_published_time":"2024-04-05T19:43:38+00:00","article_modified_time":"2024-04-05T19:52:06+00:00","og_image":[{"width":1000,"height":1000,"url":"https:\/\/www.manaus.am.gov.br\/immu\/wp-content\/uploads\/sites\/14\/2024\/04\/Fake-News.jpeg","type":"image\/jpeg"}],"author":"smonteiro","twitter_card":"summary_large_image","twitter_misc":{"Written by":"smonteiro","Est. reading time":"2 minutos"},"schema":{"@context":"https:\/\/schema.org","@graph":[{"@type":"WebPage","@id":"https:\/\/www.manaus.am.gov.br\/immu\/fatofake\/fake-news-sobre-radares\/","url":"https:\/\/www.manaus.am.gov.br\/immu\/fatofake\/fake-news-sobre-radares\/","name":"Prefeitura de Manaus desmente fake news sobre radares","isPartOf":{"@id":"https:\/\/www.manaus.am.gov.br\/immu\/#website"},"primaryImageOfPage":{"@id":"https:\/\/www.manaus.am.gov.br\/immu\/fatofake\/fake-news-sobre-radares\/#primaryimage"},"image":{"@id":"https:\/\/www.manaus.am.gov.br\/immu\/fatofake\/fake-news-sobre-radares\/#primaryimage"},"thumbnailUrl":"https:\/\/www.manaus.am.gov.br\/immu\/wp-content\/uploads\/sites\/14\/2024\/04\/Fake-News.jpeg","datePublished":"2024-04-05T19:43:38+00:00","dateModified":"2024-04-05T19:52:06+00:00","author":{"@id":"https:\/\/www.manaus.am.gov.br\/immu\/#\/schema\/person\/ab4dcf766a54dff74e8d267f5c591961"},"description":"A Prefeitura de Manaus e o IMMU esclarecem que a lista de pontos de radares eletr\u00f4nicos compartilhada nas redes sociais n\u00e3o \u00e9 mais aplic\u00e1vel.","breadcrumb":{"@id":"https:\/\/www.manaus.am.gov.br\/immu\/fatofake\/fake-news-sobre-radares\/#breadcrumb"},"inLanguage":"pt-BR","potentialAction":[{"@type":"ReadAction","target":["https:\/\/www.manaus.am.gov.br\/immu\/fatofake\/fake-news-sobre-radares\/"]}]},{"@type":"ImageObject","inLanguage":"pt-BR","@id":"https:\/\/www.manaus.am.gov.br\/immu\/fatofake\/fake-news-sobre-radares\/#primaryimage","url":"https:\/\/www.manaus.am.gov.br\/immu\/wp-content\/uploads\/sites\/14\/2024\/04\/Fake-News.jpeg","contentUrl":"https:\/\/www.manaus.am.gov.br\/immu\/wp-content\/uploads\/sites\/14\/2024\/04\/Fake-News.jpeg","width":1000,"height":1000,"caption":"#paratodosverem - imagem de lista com carimbo de fake news"},{"@type":"BreadcrumbList","@id":"https:\/\/www.manaus.am.gov.br\/immu\/fatofake\/fake-news-sobre-radares\/#breadcrumb","itemListElement":[{"@type":"ListItem","position":1,"name":"Home","item":"https:\/\/www.manaus.am.gov.br\/immu\/"},{"@type":"ListItem","position":2,"name":"Prefeitura de Manaus e IMMU desmentem fake news sobre radares"}]},{"@type":"WebSite","@id":"https:\/\/www.manaus.am.gov.br\/immu\/#website","url":"https:\/\/www.manaus.am.gov.br\/immu\/","name":"IMMU","description":"Prefeitura de Manaus","potentialAction":[{"@type":"SearchAction","target":{"@type":"EntryPoint","urlTemplate":"https:\/\/www.manaus.am.gov.br\/immu\/?s={search_term_string}"},"query-input":"required name=search_term_string"}],"inLanguage":"pt-BR"},{"@type":"Person","@id":"https:\/\/www.manaus.am.gov.br\/immu\/#\/schema\/person\/ab4dcf766a54dff74e8d267f5c591961","name":"smonteiro","image":{"@type":"ImageObject","inLanguage":"pt-BR","@id":"https:\/\/www.manaus.am.gov.br\/immu\/#\/schema\/person\/image\/","url":"https:\/\/secure.gravatar.com\/avatar\/21c8776ef61d9272c73322052e042d77?s=96&d=mm&r=g","contentUrl":"https:\/\/secure.gravatar.com\/avatar\/21c8776ef61d9272c73322052e042d77?s=96&d=mm&r=g","caption":"smonteiro"}}]}},"_links":{"self":[{"href":"https:\/\/www.manaus.am.gov.br\/immu\/wp-json\/wp\/v2\/posts\/2210"}],"collection":[{"href":"https:\/\/www.manaus.am.gov.br\/immu\/wp-json\/wp\/v2\/posts"}],"about":[{"href":"https:\/\/www.manaus.am.gov.br\/immu\/wp-json\/wp\/v2\/types\/post"}],"author":[{"embeddable":true,"href":"https:\/\/www.manaus.am.gov.br\/immu\/wp-json\/wp\/v2\/users\/61"}],"replies":[{"embeddable":true,"href":"https:\/\/www.manaus.am.gov.br\/immu\/wp-json\/wp\/v2\/comments?post=2210"}],"version-history":[{"count":1,"href":"https:\/\/www.manaus.am.gov.br\/immu\/wp-json\/wp\/v2\/posts\/2210\/revisions"}],"predecessor-version":[{"id":2212,"href":"https:\/\/www.manaus.am.gov.br\/immu\/wp-json\/wp\/v2\/posts\/2210\/revisions\/2212"}],"wp:featuredmedia":[{"embeddable":true,"href":"https:\/\/www.manaus.am.gov.br\/immu\/wp-json\/wp\/v2\/media\/2211"}],"wp:attachment":[{"href":"https:\/\/www.manaus.am.gov.br\/immu\/wp-json\/wp\/v2\/media?parent=2210"}],"wp:term":[{"taxonomy":"category","embeddable":true,"href":"https:\/\/www.manaus.am.gov.br\/immu\/wp-json\/wp\/v2\/categories?post=2210"},{"taxonomy":"post_tag","embeddable":true,"href":"https:\/\/www.manaus.am.gov.br\/immu\/wp-json\/wp\/v2\/tags?post=2210"}],"curies":[{"name":"wp","href":"https:\/\/api.w.org\/{rel}","templated":true}]}}