{"id":2196,"date":"2024-04-03T14:20:02","date_gmt":"2024-04-03T18:20:02","guid":{"rendered":"https:\/\/www.manaus.am.gov.br\/immu\/sem-categoria\/acao-zona-maxima\/"},"modified":"2024-04-03T14:20:04","modified_gmt":"2024-04-03T18:20:04","slug":"acao-zona-maxima","status":"publish","type":"post","link":"https:\/\/www.manaus.am.gov.br\/immu\/operacao\/acao-zona-maxima\/","title":{"rendered":"Prefeitura realiza a\u00e7\u00e3o para monitorar fluxo de ve\u00edculos pesados em \u00e1reas de Zona M\u00e1xima de Restri\u00e7\u00e3o"},"content":{"rendered":"\n<p>A Prefeitura de Manaus, por meio do Instituto Municipal de Mobilidade Urbana (IMMU), intensificou as fiscaliza\u00e7\u00f5es em \u00e1reas de Zona M\u00e1xima de Restri\u00e7\u00e3o para os ve\u00edculos pesados que circulam fora dos hor\u00e1rios e limites de peso permitidos. Nesta quarta-feira, 3\/4, a a\u00e7\u00e3o aconteceu na avenida Constantino Nery. A medida visa garantir a seguran\u00e7a vi\u00e1ria e a fluidez do tr\u00e2nsito na capital amazonense.<\/p>\n\n\n\n<p>A opera\u00e7\u00e3o resultou na autua\u00e7\u00e3o de dez caminh\u00f5es por viola\u00e7\u00f5es das normas . Al\u00e9m disso, 13 autua\u00e7\u00f5es foram aplicadas por diversas outras infra\u00e7\u00f5es. Em uma fiscaliza\u00e7\u00e3o similar realizada na avenida M\u00e1rio Ypiranga Monteiro, mais tr\u00eas caminh\u00f5es foram flagrados descumprindo as normativas.<\/p>\n\n\n\n<p>Segundo o diretor de Opera\u00e7\u00f5es de Tr\u00e2nsito do IMMU,&nbsp;Stanley Ventilari,&nbsp;a iniciativa&nbsp;faz parte de um esfor\u00e7o cont\u00ednuo para assegurar que as normas de tr\u00e2nsito sejam respeitadas, especialmente em vias estrat\u00e9gicas para o fluxo na cidade.<\/p>\n\n\n\n<p>&nbsp;\u201cNosso objetivo n\u00e3o \u00e9 apenas aplicar penalidades, mas principalmente promover a conscientiza\u00e7\u00e3o dos motoristas sobre a import\u00e2ncia de seguir as regras estabelecidas para um tr\u00e2nsito mais seguro para todos\u201d, destacou Ventilari.&nbsp;<\/p>\n\n\n\n<p>Al\u00e9m das a\u00e7\u00f5es de fiscaliza\u00e7\u00e3o, a opera\u00e7\u00e3o se destaca pela iniciativa de conscientiza\u00e7\u00e3o, com o IMMU promovendo a educa\u00e7\u00e3o no tr\u00e2nsito como ferramenta fundamental para a mudan\u00e7a de comportamento dos motoristas.<\/p>\n\n\n\n<p><strong>Zona M\u00e1xima de Restri\u00e7\u00e3o<\/strong><\/p>\n\n\n\n<p>A Zona M\u00e1xima de Restri\u00e7\u00e3o pro\u00edbe a circula\u00e7\u00e3o de ve\u00edculos pesados nas avenidas M\u00e1rio Ypiranga Monteiro, Djalma Batista, Constantino Nery, Para\u00edba, Umberto Calderaro e mais dez vias na \u00e1rea central da cidade.<\/p>\n\n\n\n<p>Os ve\u00edculos com Peso Bruto Total (PBT) acima de oito toneladas s\u00e3o restritos de circular das 6h \u00e0s 9h e das 17h \u00e0s 20h. Para ve\u00edculos com PBT acima de 16 toneladas, a restri\u00e7\u00e3o \u00e9 aplicada no intervalo das 9h \u00e0s 17h. Essa restri\u00e7\u00e3o funciona de segunda a sexta-feira.<\/p>\n\n\n\n<p>De acordo com o C\u00f3digo de Tr\u00e2nsito Brasileiro (CTB), transitar em ve\u00edculos com dimens\u00f5es ou cargas superiores aos limites estabelecidos legalmente ou pela sinaliza\u00e7\u00e3o \u00e9 infra\u00e7\u00e3o grave, equivalente a cinco pontos na Carteira Nacional de Habilita\u00e7\u00e3o, com multa no valor de R$ 195,23 e reten\u00e7\u00e3o do ve\u00edculo.<\/p>\n\n\n\n<p>&#8212; &#8212; &#8212;<\/p>\n\n\n\n<p><strong>Texto \u2013<\/strong> Marcelo Lima \/ IMMU<\/p>\n\n\n\n<p><strong>Fotos \u2013<\/strong> Divulga\u00e7\u00e3o \/ IMMU<\/p>\n","protected":false},"excerpt":{"rendered":"","protected":false},"author":57,"featured_media":2197,"comment_status":"closed","ping_status":"closed","sticky":false,"template":"","format":"standard","meta":{"footnotes":""},"categories":[22],"tags":[6,239,50,197],"acf":[],"yoast_head":"<!-- This site is optimized with the Yoast SEO plugin v23.0 - https:\/\/yoast.com\/wordpress\/plugins\/seo\/ -->\n<title>Prefeitura realiza a\u00e7\u00e3o para monitorar fluxo de ve\u00edculos pesados<\/title>\n<meta name=\"description\" content=\"A Prefeitura de Manaus intensificou as fiscaliza\u00e7\u00f5es em \u00e1reas de Zona M\u00e1xima de Restri\u00e7\u00e3o para os ve\u00edculos pesados que circulam pelas vias.\" \/>\n<meta name=\"robots\" content=\"noindex, follow\" \/>\n<meta property=\"og:locale\" content=\"pt_BR\" \/>\n<meta property=\"og:type\" content=\"article\" \/>\n<meta property=\"og:title\" content=\"Prefeitura realiza a\u00e7\u00e3o para monitorar fluxo de ve\u00edculos pesados\" \/>\n<meta property=\"og:description\" content=\"A Prefeitura de Manaus intensificou as fiscaliza\u00e7\u00f5es em \u00e1reas de Zona M\u00e1xima de Restri\u00e7\u00e3o para os ve\u00edculos pesados que circulam pelas vias.\" \/>\n<meta property=\"og:url\" content=\"https:\/\/www.manaus.am.gov.br\/immu\/operacao\/acao-zona-maxima\/\" \/>\n<meta property=\"og:site_name\" content=\"IMMU\" \/>\n<meta property=\"article:published_time\" content=\"2024-04-03T18:20:02+00:00\" \/>\n<meta property=\"article:modified_time\" content=\"2024-04-03T18:20:04+00:00\" \/>\n<meta property=\"og:image\" content=\"https:\/\/www.manaus.am.gov.br\/immu\/wp-content\/uploads\/sites\/14\/2024\/04\/WhatsApp-Image-2024-04-03-at-1.28.22-PM-1.jpeg\" \/>\n\t<meta property=\"og:image:width\" content=\"1600\" \/>\n\t<meta property=\"og:image:height\" content=\"900\" \/>\n\t<meta property=\"og:image:type\" content=\"image\/jpeg\" \/>\n<meta name=\"author\" content=\"Thiago Fernando\" \/>\n<meta name=\"twitter:card\" content=\"summary_large_image\" \/>\n<meta name=\"twitter:label1\" content=\"Written by\" \/>\n\t<meta name=\"twitter:data1\" content=\"Thiago Fernando\" \/>\n\t<meta name=\"twitter:label2\" content=\"Est. reading time\" \/>\n\t<meta name=\"twitter:data2\" content=\"3 minutos\" \/>\n<script type=\"application\/ld+json\" class=\"yoast-schema-graph\">{\"@context\":\"https:\/\/schema.org\",\"@graph\":[{\"@type\":\"WebPage\",\"@id\":\"https:\/\/www.manaus.am.gov.br\/immu\/operacao\/acao-zona-maxima\/\",\"url\":\"https:\/\/www.manaus.am.gov.br\/immu\/operacao\/acao-zona-maxima\/\",\"name\":\"Prefeitura realiza a\u00e7\u00e3o para monitorar fluxo de ve\u00edculos pesados\",\"isPartOf\":{\"@id\":\"https:\/\/www.manaus.am.gov.br\/immu\/#website\"},\"primaryImageOfPage\":{\"@id\":\"https:\/\/www.manaus.am.gov.br\/immu\/operacao\/acao-zona-maxima\/#primaryimage\"},\"image\":{\"@id\":\"https:\/\/www.manaus.am.gov.br\/immu\/operacao\/acao-zona-maxima\/#primaryimage\"},\"thumbnailUrl\":\"https:\/\/www.manaus.am.gov.br\/immu\/wp-content\/uploads\/sites\/14\/2024\/04\/WhatsApp-Image-2024-04-03-at-1.28.22-PM-1.jpeg\",\"datePublished\":\"2024-04-03T18:20:02+00:00\",\"dateModified\":\"2024-04-03T18:20:04+00:00\",\"author\":{\"@id\":\"https:\/\/www.manaus.am.gov.br\/immu\/#\/schema\/person\/a5ee5376db6e21af026374b369f30882\"},\"description\":\"A Prefeitura de Manaus intensificou as fiscaliza\u00e7\u00f5es em \u00e1reas de Zona M\u00e1xima de Restri\u00e7\u00e3o para os ve\u00edculos pesados que circulam pelas vias.\",\"breadcrumb\":{\"@id\":\"https:\/\/www.manaus.am.gov.br\/immu\/operacao\/acao-zona-maxima\/#breadcrumb\"},\"inLanguage\":\"pt-BR\",\"potentialAction\":[{\"@type\":\"ReadAction\",\"target\":[\"https:\/\/www.manaus.am.gov.br\/immu\/operacao\/acao-zona-maxima\/\"]}]},{\"@type\":\"ImageObject\",\"inLanguage\":\"pt-BR\",\"@id\":\"https:\/\/www.manaus.am.gov.br\/immu\/operacao\/acao-zona-maxima\/#primaryimage\",\"url\":\"https:\/\/www.manaus.am.gov.br\/immu\/wp-content\/uploads\/sites\/14\/2024\/04\/WhatsApp-Image-2024-04-03-at-1.28.22-PM-1.jpeg\",\"contentUrl\":\"https:\/\/www.manaus.am.gov.br\/immu\/wp-content\/uploads\/sites\/14\/2024\/04\/WhatsApp-Image-2024-04-03-at-1.28.22-PM-1.jpeg\",\"width\":1600,\"height\":900,\"caption\":\"#paratodosverem - Agente do IMMU realizando abordagem em caminh\u00e3o\"},{\"@type\":\"BreadcrumbList\",\"@id\":\"https:\/\/www.manaus.am.gov.br\/immu\/operacao\/acao-zona-maxima\/#breadcrumb\",\"itemListElement\":[{\"@type\":\"ListItem\",\"position\":1,\"name\":\"Home\",\"item\":\"https:\/\/www.manaus.am.gov.br\/immu\/\"},{\"@type\":\"ListItem\",\"position\":2,\"name\":\"Prefeitura realiza a\u00e7\u00e3o para monitorar fluxo de ve\u00edculos pesados em \u00e1reas de Zona M\u00e1xima de Restri\u00e7\u00e3o\"}]},{\"@type\":\"WebSite\",\"@id\":\"https:\/\/www.manaus.am.gov.br\/immu\/#website\",\"url\":\"https:\/\/www.manaus.am.gov.br\/immu\/\",\"name\":\"IMMU\",\"description\":\"Prefeitura de Manaus\",\"potentialAction\":[{\"@type\":\"SearchAction\",\"target\":{\"@type\":\"EntryPoint\",\"urlTemplate\":\"https:\/\/www.manaus.am.gov.br\/immu\/?s={search_term_string}\"},\"query-input\":\"required name=search_term_string\"}],\"inLanguage\":\"pt-BR\"},{\"@type\":\"Person\",\"@id\":\"https:\/\/www.manaus.am.gov.br\/immu\/#\/schema\/person\/a5ee5376db6e21af026374b369f30882\",\"name\":\"Thiago Fernando\",\"image\":{\"@type\":\"ImageObject\",\"inLanguage\":\"pt-BR\",\"@id\":\"https:\/\/www.manaus.am.gov.br\/immu\/#\/schema\/person\/image\/\",\"url\":\"https:\/\/secure.gravatar.com\/avatar\/f5aab8722444041451501c077052ac07?s=96&d=mm&r=g\",\"contentUrl\":\"https:\/\/secure.gravatar.com\/avatar\/f5aab8722444041451501c077052ac07?s=96&d=mm&r=g\",\"caption\":\"Thiago Fernando\"}}]}<\/script>\n<!-- \/ Yoast SEO plugin. -->","yoast_head_json":{"title":"Prefeitura realiza a\u00e7\u00e3o para monitorar fluxo de ve\u00edculos pesados","description":"A Prefeitura de Manaus intensificou as fiscaliza\u00e7\u00f5es em \u00e1reas de Zona M\u00e1xima de Restri\u00e7\u00e3o para os ve\u00edculos pesados que circulam pelas vias.","robots":{"index":"noindex","follow":"follow"},"og_locale":"pt_BR","og_type":"article","og_title":"Prefeitura realiza a\u00e7\u00e3o para monitorar fluxo de ve\u00edculos pesados","og_description":"A Prefeitura de Manaus intensificou as fiscaliza\u00e7\u00f5es em \u00e1reas de Zona M\u00e1xima de Restri\u00e7\u00e3o para os ve\u00edculos pesados que circulam pelas vias.","og_url":"https:\/\/www.manaus.am.gov.br\/immu\/operacao\/acao-zona-maxima\/","og_site_name":"IMMU","article_published_time":"2024-04-03T18:20:02+00:00","article_modified_time":"2024-04-03T18:20:04+00:00","og_image":[{"width":1600,"height":900,"url":"https:\/\/www.manaus.am.gov.br\/immu\/wp-content\/uploads\/sites\/14\/2024\/04\/WhatsApp-Image-2024-04-03-at-1.28.22-PM-1.jpeg","type":"image\/jpeg"}],"author":"Thiago Fernando","twitter_card":"summary_large_image","twitter_misc":{"Written by":"Thiago Fernando","Est. reading time":"3 minutos"},"schema":{"@context":"https:\/\/schema.org","@graph":[{"@type":"WebPage","@id":"https:\/\/www.manaus.am.gov.br\/immu\/operacao\/acao-zona-maxima\/","url":"https:\/\/www.manaus.am.gov.br\/immu\/operacao\/acao-zona-maxima\/","name":"Prefeitura realiza a\u00e7\u00e3o para monitorar fluxo de ve\u00edculos pesados","isPartOf":{"@id":"https:\/\/www.manaus.am.gov.br\/immu\/#website"},"primaryImageOfPage":{"@id":"https:\/\/www.manaus.am.gov.br\/immu\/operacao\/acao-zona-maxima\/#primaryimage"},"image":{"@id":"https:\/\/www.manaus.am.gov.br\/immu\/operacao\/acao-zona-maxima\/#primaryimage"},"thumbnailUrl":"https:\/\/www.manaus.am.gov.br\/immu\/wp-content\/uploads\/sites\/14\/2024\/04\/WhatsApp-Image-2024-04-03-at-1.28.22-PM-1.jpeg","datePublished":"2024-04-03T18:20:02+00:00","dateModified":"2024-04-03T18:20:04+00:00","author":{"@id":"https:\/\/www.manaus.am.gov.br\/immu\/#\/schema\/person\/a5ee5376db6e21af026374b369f30882"},"description":"A Prefeitura de Manaus intensificou as fiscaliza\u00e7\u00f5es em \u00e1reas de Zona M\u00e1xima de Restri\u00e7\u00e3o para os ve\u00edculos pesados que circulam pelas vias.","breadcrumb":{"@id":"https:\/\/www.manaus.am.gov.br\/immu\/operacao\/acao-zona-maxima\/#breadcrumb"},"inLanguage":"pt-BR","potentialAction":[{"@type":"ReadAction","target":["https:\/\/www.manaus.am.gov.br\/immu\/operacao\/acao-zona-maxima\/"]}]},{"@type":"ImageObject","inLanguage":"pt-BR","@id":"https:\/\/www.manaus.am.gov.br\/immu\/operacao\/acao-zona-maxima\/#primaryimage","url":"https:\/\/www.manaus.am.gov.br\/immu\/wp-content\/uploads\/sites\/14\/2024\/04\/WhatsApp-Image-2024-04-03-at-1.28.22-PM-1.jpeg","contentUrl":"https:\/\/www.manaus.am.gov.br\/immu\/wp-content\/uploads\/sites\/14\/2024\/04\/WhatsApp-Image-2024-04-03-at-1.28.22-PM-1.jpeg","width":1600,"height":900,"caption":"#paratodosverem - Agente do IMMU realizando abordagem em caminh\u00e3o"},{"@type":"BreadcrumbList","@id":"https:\/\/www.manaus.am.gov.br\/immu\/operacao\/acao-zona-maxima\/#breadcrumb","itemListElement":[{"@type":"ListItem","position":1,"name":"Home","item":"https:\/\/www.manaus.am.gov.br\/immu\/"},{"@type":"ListItem","position":2,"name":"Prefeitura realiza a\u00e7\u00e3o para monitorar fluxo de ve\u00edculos pesados em \u00e1reas de Zona M\u00e1xima de Restri\u00e7\u00e3o"}]},{"@type":"WebSite","@id":"https:\/\/www.manaus.am.gov.br\/immu\/#website","url":"https:\/\/www.manaus.am.gov.br\/immu\/","name":"IMMU","description":"Prefeitura de Manaus","potentialAction":[{"@type":"SearchAction","target":{"@type":"EntryPoint","urlTemplate":"https:\/\/www.manaus.am.gov.br\/immu\/?s={search_term_string}"},"query-input":"required name=search_term_string"}],"inLanguage":"pt-BR"},{"@type":"Person","@id":"https:\/\/www.manaus.am.gov.br\/immu\/#\/schema\/person\/a5ee5376db6e21af026374b369f30882","name":"Thiago Fernando","image":{"@type":"ImageObject","inLanguage":"pt-BR","@id":"https:\/\/www.manaus.am.gov.br\/immu\/#\/schema\/person\/image\/","url":"https:\/\/secure.gravatar.com\/avatar\/f5aab8722444041451501c077052ac07?s=96&d=mm&r=g","contentUrl":"https:\/\/secure.gravatar.com\/avatar\/f5aab8722444041451501c077052ac07?s=96&d=mm&r=g","caption":"Thiago Fernando"}}]}},"_links":{"self":[{"href":"https:\/\/www.manaus.am.gov.br\/immu\/wp-json\/wp\/v2\/posts\/2196"}],"collection":[{"href":"https:\/\/www.manaus.am.gov.br\/immu\/wp-json\/wp\/v2\/posts"}],"about":[{"href":"https:\/\/www.manaus.am.gov.br\/immu\/wp-json\/wp\/v2\/types\/post"}],"author":[{"embeddable":true,"href":"https:\/\/www.manaus.am.gov.br\/immu\/wp-json\/wp\/v2\/users\/57"}],"replies":[{"embeddable":true,"href":"https:\/\/www.manaus.am.gov.br\/immu\/wp-json\/wp\/v2\/comments?post=2196"}],"version-history":[{"count":0,"href":"https:\/\/www.manaus.am.gov.br\/immu\/wp-json\/wp\/v2\/posts\/2196\/revisions"}],"wp:featuredmedia":[{"embeddable":true,"href":"https:\/\/www.manaus.am.gov.br\/immu\/wp-json\/wp\/v2\/media\/2197"}],"wp:attachment":[{"href":"https:\/\/www.manaus.am.gov.br\/immu\/wp-json\/wp\/v2\/media?parent=2196"}],"wp:term":[{"taxonomy":"category","embeddable":true,"href":"https:\/\/www.manaus.am.gov.br\/immu\/wp-json\/wp\/v2\/categories?post=2196"},{"taxonomy":"post_tag","embeddable":true,"href":"https:\/\/www.manaus.am.gov.br\/immu\/wp-json\/wp\/v2\/tags?post=2196"}],"curies":[{"name":"wp","href":"https:\/\/api.w.org\/{rel}","templated":true}]}}