{"id":2177,"date":"2024-03-22T15:44:29","date_gmt":"2024-03-22T19:44:29","guid":{"rendered":"https:\/\/www.manaus.am.gov.br\/immu\/sem-categoria\/reforma-de-plataformas-de-onibus\/"},"modified":"2024-03-22T15:44:29","modified_gmt":"2024-03-22T19:44:29","slug":"reforma-de-plataformas-de-onibus","status":"publish","type":"post","link":"https:\/\/www.manaus.am.gov.br\/immu\/reforma\/reforma-de-plataformas-de-onibus\/","title":{"rendered":"Prefeitura reforma plataformas de \u00f4nibus para garantir seguran\u00e7a e bem-estar \u00e0 popula\u00e7\u00e3o"},"content":{"rendered":"\n<p>Com o intuito de melhorar o sistema de transporte urbano da capital e proporcionar qualidade operacional \u00e0 popula\u00e7\u00e3o, a Prefeitura de Manaus, por meio do Instituto Municipal de Mobilidade Urbana (IMMU), restaurou as plataformas de \u00f4nibus localizadas na avenida Torquato Tapaj\u00f3s, em frente \u00e0 antiga Philips, e na avenida Cosme Ferreira, em frente ao Sesi Clube do Trabalhador.<\/p>\n\n\n\n<p>A a\u00e7\u00e3o inclui a limpeza, pintura, refor\u00e7o na sinaliza\u00e7\u00e3o e reparos essenciais, visando n\u00e3o apenas a est\u00e9tica dos espa\u00e7os, mas tamb\u00e9m maior seguran\u00e7a e conforto para os usu\u00e1rios do transporte p\u00fablico.<\/p>\n\n\n\n<p>J\u00e1 foram entregues cinco plataformas totalmente reparadas \u00e0 popula\u00e7\u00e3o. Ao todo, 24 plataformas ser\u00e3o revitalizadas, as pr\u00f3ximas a receberem os servi\u00e7os est\u00e3o localizadas na avenida Max Teixeira, na zona Leste da capital.<\/p>\n\n\n\n<p>\u201cA comunidade ter\u00e1 um espa\u00e7o melhor para aguardar o \u00f4nibus, com refor\u00e7o na ilumina\u00e7\u00e3o, nas cal\u00e7adas e no cuidado com os bens p\u00fablicos&#8221;, afirma o diretor-presidente do IMMU, Paulo Henrique Martins.<\/p>\n\n\n\n<p>Est\u00e3o programados servi\u00e7os de pintura das estruturas e dos bancos, que receber\u00e3o cores novas destacando ainda mais os espa\u00e7os. Antes da aplica\u00e7\u00e3o de tinta, haver\u00e1 a remo\u00e7\u00e3o de cartazes e de colagens fixadas nas esta\u00e7\u00f5es e das picha\u00e7\u00f5es existentes nas superf\u00edcies. A cobertura das paradas, em chapas de policarbonato, passar\u00e1 por limpeza nas duas faces ou ser\u00e3o trocadas, dependendo do estado de conserva\u00e7\u00e3o.<\/p>\n\n\n\n<p>Outra melhoria ser\u00e1 na ilumina\u00e7\u00e3o. Os refletores e l\u00e2mpadas existentes ser\u00e3o substitu\u00eddos por equipamentos de LED, aumentando a efici\u00eancia no consumo e contribuindo com a seguran\u00e7a dos usu\u00e1rios. Servi\u00e7os de verifica\u00e7\u00e3o e desobstru\u00e7\u00e3o das calhas e tubos e a reconstitui\u00e7\u00e3o e execu\u00e7\u00e3o do passeio p\u00fablico, onde estiverem danificados tamb\u00e9m ser\u00e3o executados.<\/p>\n\n\n\n<p><br>&#8212; &#8212; &#8212;<\/p>\n\n\n\n<p><strong>Texto \u2013 <\/strong>Divulga\u00e7\u00e3o \/ IMMU<\/p>\n\n\n\n<p><strong>Foto &#8211; <\/strong>Karol Silva \/ IMMU<\/p>\n","protected":false},"excerpt":{"rendered":"","protected":false},"author":39,"featured_media":2178,"comment_status":"closed","ping_status":"closed","sticky":false,"template":"","format":"standard","meta":{"footnotes":""},"categories":[1461],"tags":[1484,529,148,6,8,1485],"acf":[],"yoast_head":"<!-- This site is optimized with the Yoast SEO plugin v23.0 - https:\/\/yoast.com\/wordpress\/plugins\/seo\/ -->\n<title>Reforma de plataformas de \u00f4nibus<\/title>\n<meta name=\"description\" content=\"Prefeitura, por meio do IMMU, restaurou as plataformas de \u00f4nibus localizadas na avenida Torquato Tapaj\u00f3s e na avenida Cosme Ferreira.\" \/>\n<meta name=\"robots\" content=\"noindex, follow\" \/>\n<meta property=\"og:locale\" content=\"pt_BR\" \/>\n<meta property=\"og:type\" content=\"article\" \/>\n<meta property=\"og:title\" content=\"Reforma de plataformas de \u00f4nibus\" \/>\n<meta property=\"og:description\" content=\"Prefeitura, por meio do IMMU, restaurou as plataformas de \u00f4nibus localizadas na avenida Torquato Tapaj\u00f3s e na avenida Cosme Ferreira.\" \/>\n<meta property=\"og:url\" content=\"https:\/\/www.manaus.am.gov.br\/immu\/reforma\/reforma-de-plataformas-de-onibus\/\" \/>\n<meta property=\"og:site_name\" content=\"IMMU\" \/>\n<meta property=\"article:published_time\" content=\"2024-03-22T19:44:29+00:00\" \/>\n<meta property=\"og:image\" content=\"https:\/\/www.manaus.am.gov.br\/immu\/wp-content\/uploads\/sites\/14\/2024\/03\/WhatsApp-Image-2024-03-22-at-15.12.56.jpeg\" \/>\n\t<meta property=\"og:image:width\" content=\"3984\" \/>\n\t<meta property=\"og:image:height\" content=\"2656\" \/>\n\t<meta property=\"og:image:type\" content=\"image\/jpeg\" \/>\n<meta name=\"author\" content=\"Bruna Greco\" \/>\n<meta name=\"twitter:card\" content=\"summary_large_image\" \/>\n<meta name=\"twitter:label1\" content=\"Written by\" \/>\n\t<meta name=\"twitter:data1\" content=\"Bruna Greco\" \/>\n\t<meta name=\"twitter:label2\" content=\"Est. reading time\" \/>\n\t<meta name=\"twitter:data2\" content=\"2 minutos\" \/>\n<script type=\"application\/ld+json\" class=\"yoast-schema-graph\">{\"@context\":\"https:\/\/schema.org\",\"@graph\":[{\"@type\":\"WebPage\",\"@id\":\"https:\/\/www.manaus.am.gov.br\/immu\/reforma\/reforma-de-plataformas-de-onibus\/\",\"url\":\"https:\/\/www.manaus.am.gov.br\/immu\/reforma\/reforma-de-plataformas-de-onibus\/\",\"name\":\"Reforma de plataformas de \u00f4nibus\",\"isPartOf\":{\"@id\":\"https:\/\/www.manaus.am.gov.br\/immu\/#website\"},\"primaryImageOfPage\":{\"@id\":\"https:\/\/www.manaus.am.gov.br\/immu\/reforma\/reforma-de-plataformas-de-onibus\/#primaryimage\"},\"image\":{\"@id\":\"https:\/\/www.manaus.am.gov.br\/immu\/reforma\/reforma-de-plataformas-de-onibus\/#primaryimage\"},\"thumbnailUrl\":\"https:\/\/www.manaus.am.gov.br\/immu\/wp-content\/uploads\/sites\/14\/2024\/03\/WhatsApp-Image-2024-03-22-at-15.12.56.jpeg\",\"datePublished\":\"2024-03-22T19:44:29+00:00\",\"dateModified\":\"2024-03-22T19:44:29+00:00\",\"author\":{\"@id\":\"https:\/\/www.manaus.am.gov.br\/immu\/#\/schema\/person\/05d223aea2bf115f9883a6ff3683d81b\"},\"description\":\"Prefeitura, por meio do IMMU, restaurou as plataformas de \u00f4nibus localizadas na avenida Torquato Tapaj\u00f3s e na avenida Cosme Ferreira.\",\"breadcrumb\":{\"@id\":\"https:\/\/www.manaus.am.gov.br\/immu\/reforma\/reforma-de-plataformas-de-onibus\/#breadcrumb\"},\"inLanguage\":\"pt-BR\",\"potentialAction\":[{\"@type\":\"ReadAction\",\"target\":[\"https:\/\/www.manaus.am.gov.br\/immu\/reforma\/reforma-de-plataformas-de-onibus\/\"]}]},{\"@type\":\"ImageObject\",\"inLanguage\":\"pt-BR\",\"@id\":\"https:\/\/www.manaus.am.gov.br\/immu\/reforma\/reforma-de-plataformas-de-onibus\/#primaryimage\",\"url\":\"https:\/\/www.manaus.am.gov.br\/immu\/wp-content\/uploads\/sites\/14\/2024\/03\/WhatsApp-Image-2024-03-22-at-15.12.56.jpeg\",\"contentUrl\":\"https:\/\/www.manaus.am.gov.br\/immu\/wp-content\/uploads\/sites\/14\/2024\/03\/WhatsApp-Image-2024-03-22-at-15.12.56.jpeg\",\"width\":3984,\"height\":2656,\"caption\":\"#paratodosverem - Plataforma de \u00f4nibus completamente revitalizada\"},{\"@type\":\"BreadcrumbList\",\"@id\":\"https:\/\/www.manaus.am.gov.br\/immu\/reforma\/reforma-de-plataformas-de-onibus\/#breadcrumb\",\"itemListElement\":[{\"@type\":\"ListItem\",\"position\":1,\"name\":\"Home\",\"item\":\"https:\/\/www.manaus.am.gov.br\/immu\/\"},{\"@type\":\"ListItem\",\"position\":2,\"name\":\"Prefeitura reforma plataformas de \u00f4nibus para garantir seguran\u00e7a e bem-estar \u00e0 popula\u00e7\u00e3o\"}]},{\"@type\":\"WebSite\",\"@id\":\"https:\/\/www.manaus.am.gov.br\/immu\/#website\",\"url\":\"https:\/\/www.manaus.am.gov.br\/immu\/\",\"name\":\"IMMU\",\"description\":\"Prefeitura de Manaus\",\"potentialAction\":[{\"@type\":\"SearchAction\",\"target\":{\"@type\":\"EntryPoint\",\"urlTemplate\":\"https:\/\/www.manaus.am.gov.br\/immu\/?s={search_term_string}\"},\"query-input\":\"required name=search_term_string\"}],\"inLanguage\":\"pt-BR\"},{\"@type\":\"Person\",\"@id\":\"https:\/\/www.manaus.am.gov.br\/immu\/#\/schema\/person\/05d223aea2bf115f9883a6ff3683d81b\",\"name\":\"Bruna Greco\",\"image\":{\"@type\":\"ImageObject\",\"inLanguage\":\"pt-BR\",\"@id\":\"https:\/\/www.manaus.am.gov.br\/immu\/#\/schema\/person\/image\/\",\"url\":\"https:\/\/secure.gravatar.com\/avatar\/9c877d1a6adc2a055330e5c09a8653ce?s=96&d=mm&r=g\",\"contentUrl\":\"https:\/\/secure.gravatar.com\/avatar\/9c877d1a6adc2a055330e5c09a8653ce?s=96&d=mm&r=g\",\"caption\":\"Bruna Greco\"}}]}<\/script>\n<!-- \/ Yoast SEO plugin. -->","yoast_head_json":{"title":"Reforma de plataformas de \u00f4nibus","description":"Prefeitura, por meio do IMMU, restaurou as plataformas de \u00f4nibus localizadas na avenida Torquato Tapaj\u00f3s e na avenida Cosme Ferreira.","robots":{"index":"noindex","follow":"follow"},"og_locale":"pt_BR","og_type":"article","og_title":"Reforma de plataformas de \u00f4nibus","og_description":"Prefeitura, por meio do IMMU, restaurou as plataformas de \u00f4nibus localizadas na avenida Torquato Tapaj\u00f3s e na avenida Cosme Ferreira.","og_url":"https:\/\/www.manaus.am.gov.br\/immu\/reforma\/reforma-de-plataformas-de-onibus\/","og_site_name":"IMMU","article_published_time":"2024-03-22T19:44:29+00:00","og_image":[{"width":3984,"height":2656,"url":"https:\/\/www.manaus.am.gov.br\/immu\/wp-content\/uploads\/sites\/14\/2024\/03\/WhatsApp-Image-2024-03-22-at-15.12.56.jpeg","type":"image\/jpeg"}],"author":"Bruna Greco","twitter_card":"summary_large_image","twitter_misc":{"Written by":"Bruna Greco","Est. reading time":"2 minutos"},"schema":{"@context":"https:\/\/schema.org","@graph":[{"@type":"WebPage","@id":"https:\/\/www.manaus.am.gov.br\/immu\/reforma\/reforma-de-plataformas-de-onibus\/","url":"https:\/\/www.manaus.am.gov.br\/immu\/reforma\/reforma-de-plataformas-de-onibus\/","name":"Reforma de plataformas de \u00f4nibus","isPartOf":{"@id":"https:\/\/www.manaus.am.gov.br\/immu\/#website"},"primaryImageOfPage":{"@id":"https:\/\/www.manaus.am.gov.br\/immu\/reforma\/reforma-de-plataformas-de-onibus\/#primaryimage"},"image":{"@id":"https:\/\/www.manaus.am.gov.br\/immu\/reforma\/reforma-de-plataformas-de-onibus\/#primaryimage"},"thumbnailUrl":"https:\/\/www.manaus.am.gov.br\/immu\/wp-content\/uploads\/sites\/14\/2024\/03\/WhatsApp-Image-2024-03-22-at-15.12.56.jpeg","datePublished":"2024-03-22T19:44:29+00:00","dateModified":"2024-03-22T19:44:29+00:00","author":{"@id":"https:\/\/www.manaus.am.gov.br\/immu\/#\/schema\/person\/05d223aea2bf115f9883a6ff3683d81b"},"description":"Prefeitura, por meio do IMMU, restaurou as plataformas de \u00f4nibus localizadas na avenida Torquato Tapaj\u00f3s e na avenida Cosme Ferreira.","breadcrumb":{"@id":"https:\/\/www.manaus.am.gov.br\/immu\/reforma\/reforma-de-plataformas-de-onibus\/#breadcrumb"},"inLanguage":"pt-BR","potentialAction":[{"@type":"ReadAction","target":["https:\/\/www.manaus.am.gov.br\/immu\/reforma\/reforma-de-plataformas-de-onibus\/"]}]},{"@type":"ImageObject","inLanguage":"pt-BR","@id":"https:\/\/www.manaus.am.gov.br\/immu\/reforma\/reforma-de-plataformas-de-onibus\/#primaryimage","url":"https:\/\/www.manaus.am.gov.br\/immu\/wp-content\/uploads\/sites\/14\/2024\/03\/WhatsApp-Image-2024-03-22-at-15.12.56.jpeg","contentUrl":"https:\/\/www.manaus.am.gov.br\/immu\/wp-content\/uploads\/sites\/14\/2024\/03\/WhatsApp-Image-2024-03-22-at-15.12.56.jpeg","width":3984,"height":2656,"caption":"#paratodosverem - Plataforma de \u00f4nibus completamente revitalizada"},{"@type":"BreadcrumbList","@id":"https:\/\/www.manaus.am.gov.br\/immu\/reforma\/reforma-de-plataformas-de-onibus\/#breadcrumb","itemListElement":[{"@type":"ListItem","position":1,"name":"Home","item":"https:\/\/www.manaus.am.gov.br\/immu\/"},{"@type":"ListItem","position":2,"name":"Prefeitura reforma plataformas de \u00f4nibus para garantir seguran\u00e7a e bem-estar \u00e0 popula\u00e7\u00e3o"}]},{"@type":"WebSite","@id":"https:\/\/www.manaus.am.gov.br\/immu\/#website","url":"https:\/\/www.manaus.am.gov.br\/immu\/","name":"IMMU","description":"Prefeitura de Manaus","potentialAction":[{"@type":"SearchAction","target":{"@type":"EntryPoint","urlTemplate":"https:\/\/www.manaus.am.gov.br\/immu\/?s={search_term_string}"},"query-input":"required name=search_term_string"}],"inLanguage":"pt-BR"},{"@type":"Person","@id":"https:\/\/www.manaus.am.gov.br\/immu\/#\/schema\/person\/05d223aea2bf115f9883a6ff3683d81b","name":"Bruna Greco","image":{"@type":"ImageObject","inLanguage":"pt-BR","@id":"https:\/\/www.manaus.am.gov.br\/immu\/#\/schema\/person\/image\/","url":"https:\/\/secure.gravatar.com\/avatar\/9c877d1a6adc2a055330e5c09a8653ce?s=96&d=mm&r=g","contentUrl":"https:\/\/secure.gravatar.com\/avatar\/9c877d1a6adc2a055330e5c09a8653ce?s=96&d=mm&r=g","caption":"Bruna Greco"}}]}},"_links":{"self":[{"href":"https:\/\/www.manaus.am.gov.br\/immu\/wp-json\/wp\/v2\/posts\/2177"}],"collection":[{"href":"https:\/\/www.manaus.am.gov.br\/immu\/wp-json\/wp\/v2\/posts"}],"about":[{"href":"https:\/\/www.manaus.am.gov.br\/immu\/wp-json\/wp\/v2\/types\/post"}],"author":[{"embeddable":true,"href":"https:\/\/www.manaus.am.gov.br\/immu\/wp-json\/wp\/v2\/users\/39"}],"replies":[{"embeddable":true,"href":"https:\/\/www.manaus.am.gov.br\/immu\/wp-json\/wp\/v2\/comments?post=2177"}],"version-history":[{"count":0,"href":"https:\/\/www.manaus.am.gov.br\/immu\/wp-json\/wp\/v2\/posts\/2177\/revisions"}],"wp:featuredmedia":[{"embeddable":true,"href":"https:\/\/www.manaus.am.gov.br\/immu\/wp-json\/wp\/v2\/media\/2178"}],"wp:attachment":[{"href":"https:\/\/www.manaus.am.gov.br\/immu\/wp-json\/wp\/v2\/media?parent=2177"}],"wp:term":[{"taxonomy":"category","embeddable":true,"href":"https:\/\/www.manaus.am.gov.br\/immu\/wp-json\/wp\/v2\/categories?post=2177"},{"taxonomy":"post_tag","embeddable":true,"href":"https:\/\/www.manaus.am.gov.br\/immu\/wp-json\/wp\/v2\/tags?post=2177"}],"curies":[{"name":"wp","href":"https:\/\/api.w.org\/{rel}","templated":true}]}}