{"id":2115,"date":"2024-03-13T13:09:14","date_gmt":"2024-03-13T17:09:14","guid":{"rendered":"https:\/\/www.manaus.am.gov.br\/immu\/sem-categoria\/mudanca-trafego-veiculos-rodrigo-otavio\/"},"modified":"2024-03-13T15:00:21","modified_gmt":"2024-03-13T19:00:21","slug":"mudanca-trafego-veiculos-rodrigo-otavio","status":"publish","type":"post","link":"https:\/\/www.manaus.am.gov.br\/immu\/transito\/mudanca-trafego-veiculos-rodrigo-otavio\/","title":{"rendered":"Prefeitura de Manaus implementa mudan\u00e7a no tr\u00e1fego de ve\u00edculos na avenida Rodrigo Ot\u00e1vio"},"content":{"rendered":"\n<p>A Prefeitura de Manaus, por meio do Instituto Municipal de Mobilidade Urbana (IMMU), realizou, nesta quarta-feira, 13\/3, a mudan\u00e7a no tr\u00e1fego de ve\u00edculos na avenida Rodrigo Ot\u00e1vio, nas imedia\u00e7\u00f5es da feira municipal do Japiim, no bairro Japiim, zona Sul, com o objetivo de dar mais fluidez ao tr\u00e2nsito local, assim como oferecer mais seguran\u00e7a aos pedestres que atravessam na via.<\/p>\n\n\n\n<p>Com a mudan\u00e7a, o sem\u00e1foro situado no retorno da Rodrigo Ot\u00e1vio, na esquina com a rua Domingos de Ilara (antiga rua 35), foi retirado, deixando o retorno livre. Em rela\u00e7\u00e3o aos pedestres, a principal altera\u00e7\u00e3o se refere ao sem\u00e1foro de pedestres que ter\u00e1 que ser acionado na botoeira por quem deseja fazer a travessia da avenida.<\/p>\n\n\n\n<p>Ainda nesta quarta-feira, as equipes de Educa\u00e7\u00e3o de Tr\u00e2nsito do IMMU estiveram no local para orientar os pedestres e condutores sobre o respeito ao sem\u00e1foro de pedestre e ao uso correto do equipamento com a botoeira. Agora, o sem\u00e1foro existente no local funcionar\u00e1 apenas quando acionado pelos pedestres, deixando o fluxo da avenida Rodrigo Ot\u00e1vio com maior velocidade e menor fila de ve\u00edculos.<\/p>\n\n\n\n<figure class=\"wp-block-image size-large\"><img loading=\"lazy\" decoding=\"async\" width=\"1024\" height=\"683\" src=\"https:\/\/www.manaus.am.gov.br\/immu\/wp-content\/uploads\/sites\/14\/2024\/03\/WhatsApp-Image-2024-03-13-at-10.55.09-1-1024x683.jpeg\" alt=\"\" class=\"wp-image-2119\" srcset=\"https:\/\/www.manaus.am.gov.br\/immu\/wp-content\/uploads\/sites\/14\/2024\/03\/WhatsApp-Image-2024-03-13-at-10.55.09-1-1024x683.jpeg 1024w, https:\/\/www.manaus.am.gov.br\/immu\/wp-content\/uploads\/sites\/14\/2024\/03\/WhatsApp-Image-2024-03-13-at-10.55.09-1-300x200.jpeg 300w, https:\/\/www.manaus.am.gov.br\/immu\/wp-content\/uploads\/sites\/14\/2024\/03\/WhatsApp-Image-2024-03-13-at-10.55.09-1-768x512.jpeg 768w, https:\/\/www.manaus.am.gov.br\/immu\/wp-content\/uploads\/sites\/14\/2024\/03\/WhatsApp-Image-2024-03-13-at-10.55.09-1-1536x1024.jpeg 1536w, https:\/\/www.manaus.am.gov.br\/immu\/wp-content\/uploads\/sites\/14\/2024\/03\/WhatsApp-Image-2024-03-13-at-10.55.09-1-2048x1365.jpeg 2048w\" sizes=\"(max-width: 1024px) 100vw, 1024px\" \/><\/figure>\n\n\n\n<p>O vice-presidente de Tr\u00e2nsito do IMMU, Edson L\u00eada, explicou os benef\u00edcios das altera\u00e7\u00f5es no tr\u00e2nsito.<\/p>\n\n\n\n<p>\u201cEstamos eliminando um foco de congestionamento nesta \u00e1rea e este trabalho trar\u00e1 mais melhorias a popula\u00e7\u00e3o, com mais fluidez aos ve\u00edculos e tamb\u00e9m seguran\u00e7a aos pedestres. Estamos no local onde foi feita uma pesquisa da nossa equipe de engenharia e estat\u00edstica. Neste estudo foi verificado que, na rua Domingos de Ilara, a quantidade de ve\u00edculos que adentravam a via era muito pequena. E, sobretudo, no hor\u00e1rio de pico era complicado o tr\u00e2nsito, porque ele parava por muito tempo\u201d, disse o vice-presidente.<\/p>\n\n\n\n<p>Edson Leda ainda destacou que a altera\u00e7\u00e3o ir\u00e1 contemplar, principalmente, quem vem no sentido Coroado em dire\u00e7\u00e3o \u00e0 bola da Suframa.<\/p>\n\n\n\n<p>Moradora das imedia\u00e7\u00f5es do local, a contadora Maria Vian\u00eas Lima Guedes, elogiou a mudan\u00e7a. \u201cTodo dia, muitas pessoas passam por aqui, principalmente, que frequentam a Lagoa do Japiim. E o sem\u00e1foro de pedestre vai ajudar na travessia das pessoas e oferecer mais seguran\u00e7a \u00e0 popula\u00e7\u00e3o\u201d, concluiu.<\/p>\n\n\n\n<p>&#8212; &#8212; &#8212;<\/p>\n\n\n\n<p><strong>Texto &#8211;<\/strong> \u00c1lisson Castro \/ IMMU<\/p>\n\n\n\n<p><strong>Fotos &#8211; <\/strong>Karol Silva \/ IMMU<\/p>\n","protected":false},"excerpt":{"rendered":"","protected":false},"author":39,"featured_media":2116,"comment_status":"closed","ping_status":"closed","sticky":false,"template":"","format":"standard","meta":{"footnotes":""},"categories":[46],"tags":[1464,1465,6,1466,8,1467,556],"acf":[],"yoast_head":"<!-- This site is optimized with the Yoast SEO plugin v23.0 - https:\/\/yoast.com\/wordpress\/plugins\/seo\/ -->\n<title>Mudan\u00e7a no tr\u00e1fego de ve\u00edculos na avenida Rodrigo Ot\u00e1vio<\/title>\n<meta name=\"description\" content=\"Prefeitura de Manaus implementa mudan\u00e7a no tr\u00e1fego de ve\u00edculos na avenida Rodrigo Ot\u00e1vio, no bairro Japiim.\" \/>\n<meta name=\"robots\" content=\"noindex, follow\" \/>\n<meta property=\"og:locale\" content=\"pt_BR\" \/>\n<meta property=\"og:type\" content=\"article\" \/>\n<meta property=\"og:title\" content=\"Mudan\u00e7a no tr\u00e1fego de ve\u00edculos na avenida Rodrigo Ot\u00e1vio\" \/>\n<meta property=\"og:description\" content=\"Prefeitura de Manaus implementa mudan\u00e7a no tr\u00e1fego de ve\u00edculos na avenida Rodrigo Ot\u00e1vio, no bairro Japiim.\" \/>\n<meta property=\"og:url\" content=\"https:\/\/www.manaus.am.gov.br\/immu\/transito\/mudanca-trafego-veiculos-rodrigo-otavio\/\" \/>\n<meta property=\"og:site_name\" content=\"IMMU\" \/>\n<meta property=\"article:published_time\" content=\"2024-03-13T17:09:14+00:00\" \/>\n<meta property=\"article:modified_time\" content=\"2024-03-13T19:00:21+00:00\" \/>\n<meta property=\"og:image\" content=\"https:\/\/www.manaus.am.gov.br\/immu\/wp-content\/uploads\/sites\/14\/2024\/03\/WhatsApp-Image-2024-03-13-at-10.55.10-1.jpeg\" \/>\n\t<meta property=\"og:image:width\" content=\"3984\" \/>\n\t<meta property=\"og:image:height\" content=\"2656\" \/>\n\t<meta property=\"og:image:type\" content=\"image\/jpeg\" \/>\n<meta name=\"author\" content=\"Bruna Greco\" \/>\n<meta name=\"twitter:card\" content=\"summary_large_image\" \/>\n<meta name=\"twitter:label1\" content=\"Written by\" \/>\n\t<meta name=\"twitter:data1\" content=\"Bruna Greco\" \/>\n\t<meta name=\"twitter:label2\" content=\"Est. reading time\" \/>\n\t<meta name=\"twitter:data2\" content=\"3 minutos\" \/>\n<script type=\"application\/ld+json\" class=\"yoast-schema-graph\">{\"@context\":\"https:\/\/schema.org\",\"@graph\":[{\"@type\":\"WebPage\",\"@id\":\"https:\/\/www.manaus.am.gov.br\/immu\/transito\/mudanca-trafego-veiculos-rodrigo-otavio\/\",\"url\":\"https:\/\/www.manaus.am.gov.br\/immu\/transito\/mudanca-trafego-veiculos-rodrigo-otavio\/\",\"name\":\"Mudan\u00e7a no tr\u00e1fego de ve\u00edculos na avenida Rodrigo Ot\u00e1vio\",\"isPartOf\":{\"@id\":\"https:\/\/www.manaus.am.gov.br\/immu\/#website\"},\"primaryImageOfPage\":{\"@id\":\"https:\/\/www.manaus.am.gov.br\/immu\/transito\/mudanca-trafego-veiculos-rodrigo-otavio\/#primaryimage\"},\"image\":{\"@id\":\"https:\/\/www.manaus.am.gov.br\/immu\/transito\/mudanca-trafego-veiculos-rodrigo-otavio\/#primaryimage\"},\"thumbnailUrl\":\"https:\/\/www.manaus.am.gov.br\/immu\/wp-content\/uploads\/sites\/14\/2024\/03\/WhatsApp-Image-2024-03-13-at-10.55.10-1.jpeg\",\"datePublished\":\"2024-03-13T17:09:14+00:00\",\"dateModified\":\"2024-03-13T19:00:21+00:00\",\"author\":{\"@id\":\"https:\/\/www.manaus.am.gov.br\/immu\/#\/schema\/person\/05d223aea2bf115f9883a6ff3683d81b\"},\"description\":\"Prefeitura de Manaus implementa mudan\u00e7a no tr\u00e1fego de ve\u00edculos na avenida Rodrigo Ot\u00e1vio, no bairro Japiim.\",\"breadcrumb\":{\"@id\":\"https:\/\/www.manaus.am.gov.br\/immu\/transito\/mudanca-trafego-veiculos-rodrigo-otavio\/#breadcrumb\"},\"inLanguage\":\"pt-BR\",\"potentialAction\":[{\"@type\":\"ReadAction\",\"target\":[\"https:\/\/www.manaus.am.gov.br\/immu\/transito\/mudanca-trafego-veiculos-rodrigo-otavio\/\"]}]},{\"@type\":\"ImageObject\",\"inLanguage\":\"pt-BR\",\"@id\":\"https:\/\/www.manaus.am.gov.br\/immu\/transito\/mudanca-trafego-veiculos-rodrigo-otavio\/#primaryimage\",\"url\":\"https:\/\/www.manaus.am.gov.br\/immu\/wp-content\/uploads\/sites\/14\/2024\/03\/WhatsApp-Image-2024-03-13-at-10.55.10-1.jpeg\",\"contentUrl\":\"https:\/\/www.manaus.am.gov.br\/immu\/wp-content\/uploads\/sites\/14\/2024\/03\/WhatsApp-Image-2024-03-13-at-10.55.10-1.jpeg\",\"width\":3984,\"height\":2656,\"caption\":\"#paratodosverem - Pessoas atravessando na faixa de pedestre, enquanto os ve\u00edculos aguardam na avenida Rodrigo Ot\u00e1vio, no bairro Japiim\"},{\"@type\":\"BreadcrumbList\",\"@id\":\"https:\/\/www.manaus.am.gov.br\/immu\/transito\/mudanca-trafego-veiculos-rodrigo-otavio\/#breadcrumb\",\"itemListElement\":[{\"@type\":\"ListItem\",\"position\":1,\"name\":\"Home\",\"item\":\"https:\/\/www.manaus.am.gov.br\/immu\/\"},{\"@type\":\"ListItem\",\"position\":2,\"name\":\"Prefeitura de Manaus implementa mudan\u00e7a no tr\u00e1fego de ve\u00edculos na avenida Rodrigo Ot\u00e1vio\"}]},{\"@type\":\"WebSite\",\"@id\":\"https:\/\/www.manaus.am.gov.br\/immu\/#website\",\"url\":\"https:\/\/www.manaus.am.gov.br\/immu\/\",\"name\":\"IMMU\",\"description\":\"Prefeitura de Manaus\",\"potentialAction\":[{\"@type\":\"SearchAction\",\"target\":{\"@type\":\"EntryPoint\",\"urlTemplate\":\"https:\/\/www.manaus.am.gov.br\/immu\/?s={search_term_string}\"},\"query-input\":\"required name=search_term_string\"}],\"inLanguage\":\"pt-BR\"},{\"@type\":\"Person\",\"@id\":\"https:\/\/www.manaus.am.gov.br\/immu\/#\/schema\/person\/05d223aea2bf115f9883a6ff3683d81b\",\"name\":\"Bruna Greco\",\"image\":{\"@type\":\"ImageObject\",\"inLanguage\":\"pt-BR\",\"@id\":\"https:\/\/www.manaus.am.gov.br\/immu\/#\/schema\/person\/image\/\",\"url\":\"https:\/\/secure.gravatar.com\/avatar\/9c877d1a6adc2a055330e5c09a8653ce?s=96&d=mm&r=g\",\"contentUrl\":\"https:\/\/secure.gravatar.com\/avatar\/9c877d1a6adc2a055330e5c09a8653ce?s=96&d=mm&r=g\",\"caption\":\"Bruna Greco\"}}]}<\/script>\n<!-- \/ Yoast SEO plugin. -->","yoast_head_json":{"title":"Mudan\u00e7a no tr\u00e1fego de ve\u00edculos na avenida Rodrigo Ot\u00e1vio","description":"Prefeitura de Manaus implementa mudan\u00e7a no tr\u00e1fego de ve\u00edculos na avenida Rodrigo Ot\u00e1vio, no bairro Japiim.","robots":{"index":"noindex","follow":"follow"},"og_locale":"pt_BR","og_type":"article","og_title":"Mudan\u00e7a no tr\u00e1fego de ve\u00edculos na avenida Rodrigo Ot\u00e1vio","og_description":"Prefeitura de Manaus implementa mudan\u00e7a no tr\u00e1fego de ve\u00edculos na avenida Rodrigo Ot\u00e1vio, no bairro Japiim.","og_url":"https:\/\/www.manaus.am.gov.br\/immu\/transito\/mudanca-trafego-veiculos-rodrigo-otavio\/","og_site_name":"IMMU","article_published_time":"2024-03-13T17:09:14+00:00","article_modified_time":"2024-03-13T19:00:21+00:00","og_image":[{"width":3984,"height":2656,"url":"https:\/\/www.manaus.am.gov.br\/immu\/wp-content\/uploads\/sites\/14\/2024\/03\/WhatsApp-Image-2024-03-13-at-10.55.10-1.jpeg","type":"image\/jpeg"}],"author":"Bruna Greco","twitter_card":"summary_large_image","twitter_misc":{"Written by":"Bruna Greco","Est. reading time":"3 minutos"},"schema":{"@context":"https:\/\/schema.org","@graph":[{"@type":"WebPage","@id":"https:\/\/www.manaus.am.gov.br\/immu\/transito\/mudanca-trafego-veiculos-rodrigo-otavio\/","url":"https:\/\/www.manaus.am.gov.br\/immu\/transito\/mudanca-trafego-veiculos-rodrigo-otavio\/","name":"Mudan\u00e7a no tr\u00e1fego de ve\u00edculos na avenida Rodrigo Ot\u00e1vio","isPartOf":{"@id":"https:\/\/www.manaus.am.gov.br\/immu\/#website"},"primaryImageOfPage":{"@id":"https:\/\/www.manaus.am.gov.br\/immu\/transito\/mudanca-trafego-veiculos-rodrigo-otavio\/#primaryimage"},"image":{"@id":"https:\/\/www.manaus.am.gov.br\/immu\/transito\/mudanca-trafego-veiculos-rodrigo-otavio\/#primaryimage"},"thumbnailUrl":"https:\/\/www.manaus.am.gov.br\/immu\/wp-content\/uploads\/sites\/14\/2024\/03\/WhatsApp-Image-2024-03-13-at-10.55.10-1.jpeg","datePublished":"2024-03-13T17:09:14+00:00","dateModified":"2024-03-13T19:00:21+00:00","author":{"@id":"https:\/\/www.manaus.am.gov.br\/immu\/#\/schema\/person\/05d223aea2bf115f9883a6ff3683d81b"},"description":"Prefeitura de Manaus implementa mudan\u00e7a no tr\u00e1fego de ve\u00edculos na avenida Rodrigo Ot\u00e1vio, no bairro Japiim.","breadcrumb":{"@id":"https:\/\/www.manaus.am.gov.br\/immu\/transito\/mudanca-trafego-veiculos-rodrigo-otavio\/#breadcrumb"},"inLanguage":"pt-BR","potentialAction":[{"@type":"ReadAction","target":["https:\/\/www.manaus.am.gov.br\/immu\/transito\/mudanca-trafego-veiculos-rodrigo-otavio\/"]}]},{"@type":"ImageObject","inLanguage":"pt-BR","@id":"https:\/\/www.manaus.am.gov.br\/immu\/transito\/mudanca-trafego-veiculos-rodrigo-otavio\/#primaryimage","url":"https:\/\/www.manaus.am.gov.br\/immu\/wp-content\/uploads\/sites\/14\/2024\/03\/WhatsApp-Image-2024-03-13-at-10.55.10-1.jpeg","contentUrl":"https:\/\/www.manaus.am.gov.br\/immu\/wp-content\/uploads\/sites\/14\/2024\/03\/WhatsApp-Image-2024-03-13-at-10.55.10-1.jpeg","width":3984,"height":2656,"caption":"#paratodosverem - Pessoas atravessando na faixa de pedestre, enquanto os ve\u00edculos aguardam na avenida Rodrigo Ot\u00e1vio, no bairro Japiim"},{"@type":"BreadcrumbList","@id":"https:\/\/www.manaus.am.gov.br\/immu\/transito\/mudanca-trafego-veiculos-rodrigo-otavio\/#breadcrumb","itemListElement":[{"@type":"ListItem","position":1,"name":"Home","item":"https:\/\/www.manaus.am.gov.br\/immu\/"},{"@type":"ListItem","position":2,"name":"Prefeitura de Manaus implementa mudan\u00e7a no tr\u00e1fego de ve\u00edculos na avenida Rodrigo Ot\u00e1vio"}]},{"@type":"WebSite","@id":"https:\/\/www.manaus.am.gov.br\/immu\/#website","url":"https:\/\/www.manaus.am.gov.br\/immu\/","name":"IMMU","description":"Prefeitura de Manaus","potentialAction":[{"@type":"SearchAction","target":{"@type":"EntryPoint","urlTemplate":"https:\/\/www.manaus.am.gov.br\/immu\/?s={search_term_string}"},"query-input":"required name=search_term_string"}],"inLanguage":"pt-BR"},{"@type":"Person","@id":"https:\/\/www.manaus.am.gov.br\/immu\/#\/schema\/person\/05d223aea2bf115f9883a6ff3683d81b","name":"Bruna Greco","image":{"@type":"ImageObject","inLanguage":"pt-BR","@id":"https:\/\/www.manaus.am.gov.br\/immu\/#\/schema\/person\/image\/","url":"https:\/\/secure.gravatar.com\/avatar\/9c877d1a6adc2a055330e5c09a8653ce?s=96&d=mm&r=g","contentUrl":"https:\/\/secure.gravatar.com\/avatar\/9c877d1a6adc2a055330e5c09a8653ce?s=96&d=mm&r=g","caption":"Bruna Greco"}}]}},"_links":{"self":[{"href":"https:\/\/www.manaus.am.gov.br\/immu\/wp-json\/wp\/v2\/posts\/2115"}],"collection":[{"href":"https:\/\/www.manaus.am.gov.br\/immu\/wp-json\/wp\/v2\/posts"}],"about":[{"href":"https:\/\/www.manaus.am.gov.br\/immu\/wp-json\/wp\/v2\/types\/post"}],"author":[{"embeddable":true,"href":"https:\/\/www.manaus.am.gov.br\/immu\/wp-json\/wp\/v2\/users\/39"}],"replies":[{"embeddable":true,"href":"https:\/\/www.manaus.am.gov.br\/immu\/wp-json\/wp\/v2\/comments?post=2115"}],"version-history":[{"count":8,"href":"https:\/\/www.manaus.am.gov.br\/immu\/wp-json\/wp\/v2\/posts\/2115\/revisions"}],"predecessor-version":[{"id":2128,"href":"https:\/\/www.manaus.am.gov.br\/immu\/wp-json\/wp\/v2\/posts\/2115\/revisions\/2128"}],"wp:featuredmedia":[{"embeddable":true,"href":"https:\/\/www.manaus.am.gov.br\/immu\/wp-json\/wp\/v2\/media\/2116"}],"wp:attachment":[{"href":"https:\/\/www.manaus.am.gov.br\/immu\/wp-json\/wp\/v2\/media?parent=2115"}],"wp:term":[{"taxonomy":"category","embeddable":true,"href":"https:\/\/www.manaus.am.gov.br\/immu\/wp-json\/wp\/v2\/categories?post=2115"},{"taxonomy":"post_tag","embeddable":true,"href":"https:\/\/www.manaus.am.gov.br\/immu\/wp-json\/wp\/v2\/tags?post=2115"}],"curies":[{"name":"wp","href":"https:\/\/api.w.org\/{rel}","templated":true}]}}