{"id":2107,"date":"2024-03-12T13:59:32","date_gmt":"2024-03-12T17:59:32","guid":{"rendered":"https:\/\/www.manaus.am.gov.br\/immu\/sem-categoria\/prefeitura-anuncia-revitalizacao-terminal-4\/"},"modified":"2024-03-12T13:59:32","modified_gmt":"2024-03-12T17:59:32","slug":"prefeitura-anuncia-revitalizacao-terminal-4","status":"publish","type":"post","link":"https:\/\/www.manaus.am.gov.br\/immu\/reforma\/prefeitura-anuncia-revitalizacao-terminal-4\/","title":{"rendered":"Prefeitura anuncia revitaliza\u00e7\u00e3o do terminal 4 na zona Norte de Manaus"},"content":{"rendered":"\n<p>Visando melhorar a infraestrutura urbana de Manaus, a Prefeitura de Manaus, por meio do Instituto Municipal de Mobilidade Urbana (IMMU), anuncia a revitaliza\u00e7\u00e3o do Terminal de Integra\u00e7\u00e3o 4 (T4), localizado na avenida Camapu\u00e3, na zona Norte da cidade. Nesta ter\u00e7a-feira, 12\/3, a equipe t\u00e9cnica do \u00f3rg\u00e3o realizou uma visita no local.<\/p>\n\n\n\n<p>Utilizado como ponto de conex\u00e3o para 30 linhas de \u00f4nibus, o T4 recebe, diariamente, cerca de 30 mil usu\u00e1rios e facilita o acesso \u00e0s zonas Norte e Leste da capital amazonense.<\/p>\n\n\n\n<p>O diretor-presidente do IMMU, Paulo Henrique Martins, destacou a relev\u00e2ncia do projeto de revitaliza\u00e7\u00e3o durante a visita.<\/p>\n\n\n\n<p>&#8220;Estamos realizando uma vistoria minuciosa aqui no T4. Estamos avaliando todas as condi\u00e7\u00f5es, desde a \u00e1rea de embarque at\u00e9 os banheiros e estacionamentos. Identificamos problemas de drenagem e pavimenta\u00e7\u00e3o em algumas \u00e1reas, e tudo isso ser\u00e1 corrigido neste m\u00eas de abril, com a conclus\u00e3o prevista para o final de maio. Nosso objetivo \u00e9 entregar o terminal completamente revitalizado at\u00e9 o final deste prazo&#8221;, afirmou.<\/p>\n\n\n\n<p>A arquiteta do IMMU, \u00c2ngela Lacerda, compartilhou detalhes das melhorias planejadas. &#8220;Vamos revisar a estrutura met\u00e1lica, substituir chapas danificadas e criar uma nova identidade visual para o terminal. Al\u00e9m disso, pretendemos instalar uma nova bilheteria, aprimorar a ventila\u00e7\u00e3o e a ilumina\u00e7\u00e3o, e proporcionar melhor infraestrutura para os trabalhadores e a Guarda Municipal. As mudan\u00e7as n\u00e3o se limitam \u00e0 est\u00e9tica, elas s\u00e3o essenciais para melhorar a funcionalidade e a seguran\u00e7a do terminal&#8221;, informou \u00c2ngela.<\/p>\n\n\n\n<figure class=\"wp-block-image size-large\"><img loading=\"lazy\" decoding=\"async\" width=\"1024\" height=\"768\" src=\"https:\/\/www.manaus.am.gov.br\/immu\/wp-content\/uploads\/sites\/14\/2024\/03\/WhatsApp-Image-2024-02-19-at-14.45.09-3-1024x768.jpeg\" alt=\"\" class=\"wp-image-2108\" srcset=\"https:\/\/www.manaus.am.gov.br\/immu\/wp-content\/uploads\/sites\/14\/2024\/03\/WhatsApp-Image-2024-02-19-at-14.45.09-3-1024x768.jpeg 1024w, https:\/\/www.manaus.am.gov.br\/immu\/wp-content\/uploads\/sites\/14\/2024\/03\/WhatsApp-Image-2024-02-19-at-14.45.09-3-300x225.jpeg 300w, https:\/\/www.manaus.am.gov.br\/immu\/wp-content\/uploads\/sites\/14\/2024\/03\/WhatsApp-Image-2024-02-19-at-14.45.09-3-768x576.jpeg 768w, https:\/\/www.manaus.am.gov.br\/immu\/wp-content\/uploads\/sites\/14\/2024\/03\/WhatsApp-Image-2024-02-19-at-14.45.09-3-1536x1152.jpeg 1536w, https:\/\/www.manaus.am.gov.br\/immu\/wp-content\/uploads\/sites\/14\/2024\/03\/WhatsApp-Image-2024-02-19-at-14.45.09-3.jpeg 1600w\" sizes=\"(max-width: 1024px) 100vw, 1024px\" \/><\/figure>\n\n\n\n<p>O projeto tamb\u00e9m inclui a instala\u00e7\u00e3o de biciclet\u00e1rios e a reorganiza\u00e7\u00e3o dos espa\u00e7os para vendedores ambulantes, objetivando melhorar a acessibilidade e a experi\u00eancia dos usu\u00e1rios. Com essas a\u00e7\u00f5es, a Prefeitura de Manaus busca n\u00e3o apenas revitalizar o T4, mas tamb\u00e9m alinhar suas instala\u00e7\u00f5es ao constante desenvolvimento e moderniza\u00e7\u00e3o da cidade.<\/p>\n\n\n\n<p>Para a permission\u00e1ria Maria Cleide da Silva, que trabalha a h\u00e1 20 anos no terminal, a reforma vai colaborar para uma melhor organiza\u00e7\u00e3o nas bancas e limpeza do local.<\/p>\n\n\n\n<p>&#8220;Depois que essas bancas foram instaladas, percebi que o espa\u00e7o ficou mais apertado. S\u00e3o muito grandes e acabam atrapalhando. Isso n\u00e3o s\u00f3 ajudaria na organiza\u00e7\u00e3o, mas tamb\u00e9m na seguran\u00e7a e limpeza do local\u201d, concluiu.<\/p>\n\n\n\n<p><br>&#8212; &#8212; &#8212;<\/p>\n\n\n\n<p><strong>Texto \u2013 <\/strong>Divulga\u00e7\u00e3o \/ IMMU<\/p>\n\n\n\n<p><strong>Fotos<\/strong> \u2013 Karol Silva \/ IMMU<\/p>\n","protected":false},"excerpt":{"rendered":"","protected":false},"author":39,"featured_media":2109,"comment_status":"closed","ping_status":"closed","sticky":false,"template":"","format":"standard","meta":{"footnotes":""},"categories":[1461],"tags":[6,8,1462,1463,463],"acf":[],"yoast_head":"<!-- This site is optimized with the Yoast SEO plugin v23.0 - https:\/\/yoast.com\/wordpress\/plugins\/seo\/ -->\n<title>Prefeitura anuncia revitaliza\u00e7\u00e3o do terminal 4<\/title>\n<meta name=\"description\" content=\"Prefeitura de Manaus, por meio do IMMU, anuncia a revitaliza\u00e7\u00e3o do Terminal de Integra\u00e7\u00e3o 4, localizado na avenida Camapu\u00e3, na zona Norte.\" \/>\n<meta name=\"robots\" content=\"noindex, follow\" \/>\n<meta property=\"og:locale\" content=\"pt_BR\" \/>\n<meta property=\"og:type\" content=\"article\" \/>\n<meta property=\"og:title\" content=\"Prefeitura anuncia revitaliza\u00e7\u00e3o do terminal 4\" \/>\n<meta property=\"og:description\" content=\"Prefeitura de Manaus, por meio do IMMU, anuncia a revitaliza\u00e7\u00e3o do Terminal de Integra\u00e7\u00e3o 4, localizado na avenida Camapu\u00e3, na zona Norte.\" \/>\n<meta property=\"og:url\" content=\"https:\/\/www.manaus.am.gov.br\/immu\/reforma\/prefeitura-anuncia-revitalizacao-terminal-4\/\" \/>\n<meta property=\"og:site_name\" content=\"IMMU\" \/>\n<meta property=\"article:published_time\" content=\"2024-03-12T17:59:32+00:00\" \/>\n<meta property=\"og:image\" content=\"https:\/\/www.manaus.am.gov.br\/immu\/wp-content\/uploads\/sites\/14\/2024\/03\/WhatsApp-Image-2024-03-12-at-11.34.11.jpeg\" \/>\n\t<meta property=\"og:image:width\" content=\"3984\" \/>\n\t<meta property=\"og:image:height\" content=\"2656\" \/>\n\t<meta property=\"og:image:type\" content=\"image\/jpeg\" \/>\n<meta name=\"author\" content=\"Bruna Greco\" \/>\n<meta name=\"twitter:card\" content=\"summary_large_image\" \/>\n<meta name=\"twitter:label1\" content=\"Written by\" \/>\n\t<meta name=\"twitter:data1\" content=\"Bruna Greco\" \/>\n\t<meta name=\"twitter:label2\" content=\"Est. reading time\" \/>\n\t<meta name=\"twitter:data2\" content=\"3 minutos\" \/>\n<script type=\"application\/ld+json\" class=\"yoast-schema-graph\">{\"@context\":\"https:\/\/schema.org\",\"@graph\":[{\"@type\":\"WebPage\",\"@id\":\"https:\/\/www.manaus.am.gov.br\/immu\/reforma\/prefeitura-anuncia-revitalizacao-terminal-4\/\",\"url\":\"https:\/\/www.manaus.am.gov.br\/immu\/reforma\/prefeitura-anuncia-revitalizacao-terminal-4\/\",\"name\":\"Prefeitura anuncia revitaliza\u00e7\u00e3o do terminal 4\",\"isPartOf\":{\"@id\":\"https:\/\/www.manaus.am.gov.br\/immu\/#website\"},\"primaryImageOfPage\":{\"@id\":\"https:\/\/www.manaus.am.gov.br\/immu\/reforma\/prefeitura-anuncia-revitalizacao-terminal-4\/#primaryimage\"},\"image\":{\"@id\":\"https:\/\/www.manaus.am.gov.br\/immu\/reforma\/prefeitura-anuncia-revitalizacao-terminal-4\/#primaryimage\"},\"thumbnailUrl\":\"https:\/\/www.manaus.am.gov.br\/immu\/wp-content\/uploads\/sites\/14\/2024\/03\/WhatsApp-Image-2024-03-12-at-11.34.11.jpeg\",\"datePublished\":\"2024-03-12T17:59:32+00:00\",\"dateModified\":\"2024-03-12T17:59:32+00:00\",\"author\":{\"@id\":\"https:\/\/www.manaus.am.gov.br\/immu\/#\/schema\/person\/05d223aea2bf115f9883a6ff3683d81b\"},\"description\":\"Prefeitura de Manaus, por meio do IMMU, anuncia a revitaliza\u00e7\u00e3o do Terminal de Integra\u00e7\u00e3o 4, localizado na avenida Camapu\u00e3, na zona Norte.\",\"breadcrumb\":{\"@id\":\"https:\/\/www.manaus.am.gov.br\/immu\/reforma\/prefeitura-anuncia-revitalizacao-terminal-4\/#breadcrumb\"},\"inLanguage\":\"pt-BR\",\"potentialAction\":[{\"@type\":\"ReadAction\",\"target\":[\"https:\/\/www.manaus.am.gov.br\/immu\/reforma\/prefeitura-anuncia-revitalizacao-terminal-4\/\"]}]},{\"@type\":\"ImageObject\",\"inLanguage\":\"pt-BR\",\"@id\":\"https:\/\/www.manaus.am.gov.br\/immu\/reforma\/prefeitura-anuncia-revitalizacao-terminal-4\/#primaryimage\",\"url\":\"https:\/\/www.manaus.am.gov.br\/immu\/wp-content\/uploads\/sites\/14\/2024\/03\/WhatsApp-Image-2024-03-12-at-11.34.11.jpeg\",\"contentUrl\":\"https:\/\/www.manaus.am.gov.br\/immu\/wp-content\/uploads\/sites\/14\/2024\/03\/WhatsApp-Image-2024-03-12-at-11.34.11.jpeg\",\"width\":3984,\"height\":2656,\"caption\":\"#paratodosverem - Diretor-presidente do IMMU, Paulo Henrique Martins, e equipe t\u00e9cnica durante vistoria no Terminal de Integra\u00e7\u00e3o 4 (T4), na zona Norte de Manaus\"},{\"@type\":\"BreadcrumbList\",\"@id\":\"https:\/\/www.manaus.am.gov.br\/immu\/reforma\/prefeitura-anuncia-revitalizacao-terminal-4\/#breadcrumb\",\"itemListElement\":[{\"@type\":\"ListItem\",\"position\":1,\"name\":\"Home\",\"item\":\"https:\/\/www.manaus.am.gov.br\/immu\/\"},{\"@type\":\"ListItem\",\"position\":2,\"name\":\"Prefeitura anuncia revitaliza\u00e7\u00e3o do terminal 4 na zona Norte de Manaus\"}]},{\"@type\":\"WebSite\",\"@id\":\"https:\/\/www.manaus.am.gov.br\/immu\/#website\",\"url\":\"https:\/\/www.manaus.am.gov.br\/immu\/\",\"name\":\"IMMU\",\"description\":\"Prefeitura de Manaus\",\"potentialAction\":[{\"@type\":\"SearchAction\",\"target\":{\"@type\":\"EntryPoint\",\"urlTemplate\":\"https:\/\/www.manaus.am.gov.br\/immu\/?s={search_term_string}\"},\"query-input\":\"required name=search_term_string\"}],\"inLanguage\":\"pt-BR\"},{\"@type\":\"Person\",\"@id\":\"https:\/\/www.manaus.am.gov.br\/immu\/#\/schema\/person\/05d223aea2bf115f9883a6ff3683d81b\",\"name\":\"Bruna Greco\",\"image\":{\"@type\":\"ImageObject\",\"inLanguage\":\"pt-BR\",\"@id\":\"https:\/\/www.manaus.am.gov.br\/immu\/#\/schema\/person\/image\/\",\"url\":\"https:\/\/secure.gravatar.com\/avatar\/9c877d1a6adc2a055330e5c09a8653ce?s=96&d=mm&r=g\",\"contentUrl\":\"https:\/\/secure.gravatar.com\/avatar\/9c877d1a6adc2a055330e5c09a8653ce?s=96&d=mm&r=g\",\"caption\":\"Bruna Greco\"}}]}<\/script>\n<!-- \/ Yoast SEO plugin. -->","yoast_head_json":{"title":"Prefeitura anuncia revitaliza\u00e7\u00e3o do terminal 4","description":"Prefeitura de Manaus, por meio do IMMU, anuncia a revitaliza\u00e7\u00e3o do Terminal de Integra\u00e7\u00e3o 4, localizado na avenida Camapu\u00e3, na zona Norte.","robots":{"index":"noindex","follow":"follow"},"og_locale":"pt_BR","og_type":"article","og_title":"Prefeitura anuncia revitaliza\u00e7\u00e3o do terminal 4","og_description":"Prefeitura de Manaus, por meio do IMMU, anuncia a revitaliza\u00e7\u00e3o do Terminal de Integra\u00e7\u00e3o 4, localizado na avenida Camapu\u00e3, na zona Norte.","og_url":"https:\/\/www.manaus.am.gov.br\/immu\/reforma\/prefeitura-anuncia-revitalizacao-terminal-4\/","og_site_name":"IMMU","article_published_time":"2024-03-12T17:59:32+00:00","og_image":[{"width":3984,"height":2656,"url":"https:\/\/www.manaus.am.gov.br\/immu\/wp-content\/uploads\/sites\/14\/2024\/03\/WhatsApp-Image-2024-03-12-at-11.34.11.jpeg","type":"image\/jpeg"}],"author":"Bruna Greco","twitter_card":"summary_large_image","twitter_misc":{"Written by":"Bruna Greco","Est. reading time":"3 minutos"},"schema":{"@context":"https:\/\/schema.org","@graph":[{"@type":"WebPage","@id":"https:\/\/www.manaus.am.gov.br\/immu\/reforma\/prefeitura-anuncia-revitalizacao-terminal-4\/","url":"https:\/\/www.manaus.am.gov.br\/immu\/reforma\/prefeitura-anuncia-revitalizacao-terminal-4\/","name":"Prefeitura anuncia revitaliza\u00e7\u00e3o do terminal 4","isPartOf":{"@id":"https:\/\/www.manaus.am.gov.br\/immu\/#website"},"primaryImageOfPage":{"@id":"https:\/\/www.manaus.am.gov.br\/immu\/reforma\/prefeitura-anuncia-revitalizacao-terminal-4\/#primaryimage"},"image":{"@id":"https:\/\/www.manaus.am.gov.br\/immu\/reforma\/prefeitura-anuncia-revitalizacao-terminal-4\/#primaryimage"},"thumbnailUrl":"https:\/\/www.manaus.am.gov.br\/immu\/wp-content\/uploads\/sites\/14\/2024\/03\/WhatsApp-Image-2024-03-12-at-11.34.11.jpeg","datePublished":"2024-03-12T17:59:32+00:00","dateModified":"2024-03-12T17:59:32+00:00","author":{"@id":"https:\/\/www.manaus.am.gov.br\/immu\/#\/schema\/person\/05d223aea2bf115f9883a6ff3683d81b"},"description":"Prefeitura de Manaus, por meio do IMMU, anuncia a revitaliza\u00e7\u00e3o do Terminal de Integra\u00e7\u00e3o 4, localizado na avenida Camapu\u00e3, na zona Norte.","breadcrumb":{"@id":"https:\/\/www.manaus.am.gov.br\/immu\/reforma\/prefeitura-anuncia-revitalizacao-terminal-4\/#breadcrumb"},"inLanguage":"pt-BR","potentialAction":[{"@type":"ReadAction","target":["https:\/\/www.manaus.am.gov.br\/immu\/reforma\/prefeitura-anuncia-revitalizacao-terminal-4\/"]}]},{"@type":"ImageObject","inLanguage":"pt-BR","@id":"https:\/\/www.manaus.am.gov.br\/immu\/reforma\/prefeitura-anuncia-revitalizacao-terminal-4\/#primaryimage","url":"https:\/\/www.manaus.am.gov.br\/immu\/wp-content\/uploads\/sites\/14\/2024\/03\/WhatsApp-Image-2024-03-12-at-11.34.11.jpeg","contentUrl":"https:\/\/www.manaus.am.gov.br\/immu\/wp-content\/uploads\/sites\/14\/2024\/03\/WhatsApp-Image-2024-03-12-at-11.34.11.jpeg","width":3984,"height":2656,"caption":"#paratodosverem - Diretor-presidente do IMMU, Paulo Henrique Martins, e equipe t\u00e9cnica durante vistoria no Terminal de Integra\u00e7\u00e3o 4 (T4), na zona Norte de Manaus"},{"@type":"BreadcrumbList","@id":"https:\/\/www.manaus.am.gov.br\/immu\/reforma\/prefeitura-anuncia-revitalizacao-terminal-4\/#breadcrumb","itemListElement":[{"@type":"ListItem","position":1,"name":"Home","item":"https:\/\/www.manaus.am.gov.br\/immu\/"},{"@type":"ListItem","position":2,"name":"Prefeitura anuncia revitaliza\u00e7\u00e3o do terminal 4 na zona Norte de Manaus"}]},{"@type":"WebSite","@id":"https:\/\/www.manaus.am.gov.br\/immu\/#website","url":"https:\/\/www.manaus.am.gov.br\/immu\/","name":"IMMU","description":"Prefeitura de Manaus","potentialAction":[{"@type":"SearchAction","target":{"@type":"EntryPoint","urlTemplate":"https:\/\/www.manaus.am.gov.br\/immu\/?s={search_term_string}"},"query-input":"required name=search_term_string"}],"inLanguage":"pt-BR"},{"@type":"Person","@id":"https:\/\/www.manaus.am.gov.br\/immu\/#\/schema\/person\/05d223aea2bf115f9883a6ff3683d81b","name":"Bruna Greco","image":{"@type":"ImageObject","inLanguage":"pt-BR","@id":"https:\/\/www.manaus.am.gov.br\/immu\/#\/schema\/person\/image\/","url":"https:\/\/secure.gravatar.com\/avatar\/9c877d1a6adc2a055330e5c09a8653ce?s=96&d=mm&r=g","contentUrl":"https:\/\/secure.gravatar.com\/avatar\/9c877d1a6adc2a055330e5c09a8653ce?s=96&d=mm&r=g","caption":"Bruna Greco"}}]}},"_links":{"self":[{"href":"https:\/\/www.manaus.am.gov.br\/immu\/wp-json\/wp\/v2\/posts\/2107"}],"collection":[{"href":"https:\/\/www.manaus.am.gov.br\/immu\/wp-json\/wp\/v2\/posts"}],"about":[{"href":"https:\/\/www.manaus.am.gov.br\/immu\/wp-json\/wp\/v2\/types\/post"}],"author":[{"embeddable":true,"href":"https:\/\/www.manaus.am.gov.br\/immu\/wp-json\/wp\/v2\/users\/39"}],"replies":[{"embeddable":true,"href":"https:\/\/www.manaus.am.gov.br\/immu\/wp-json\/wp\/v2\/comments?post=2107"}],"version-history":[{"count":1,"href":"https:\/\/www.manaus.am.gov.br\/immu\/wp-json\/wp\/v2\/posts\/2107\/revisions"}],"predecessor-version":[{"id":2110,"href":"https:\/\/www.manaus.am.gov.br\/immu\/wp-json\/wp\/v2\/posts\/2107\/revisions\/2110"}],"wp:featuredmedia":[{"embeddable":true,"href":"https:\/\/www.manaus.am.gov.br\/immu\/wp-json\/wp\/v2\/media\/2109"}],"wp:attachment":[{"href":"https:\/\/www.manaus.am.gov.br\/immu\/wp-json\/wp\/v2\/media?parent=2107"}],"wp:term":[{"taxonomy":"category","embeddable":true,"href":"https:\/\/www.manaus.am.gov.br\/immu\/wp-json\/wp\/v2\/categories?post=2107"},{"taxonomy":"post_tag","embeddable":true,"href":"https:\/\/www.manaus.am.gov.br\/immu\/wp-json\/wp\/v2\/tags?post=2107"}],"curies":[{"name":"wp","href":"https:\/\/api.w.org\/{rel}","templated":true}]}}