{"id":2063,"date":"2024-03-01T15:12:31","date_gmt":"2024-03-01T19:12:31","guid":{"rendered":"https:\/\/www.manaus.am.gov.br\/immu\/sem-categoria\/cartao-passafacil\/"},"modified":"2024-03-01T15:12:32","modified_gmt":"2024-03-01T19:12:32","slug":"cartao-passafacil","status":"publish","type":"post","link":"https:\/\/www.manaus.am.gov.br\/immu\/transporte\/cartao-passafacil\/","title":{"rendered":"Servi\u00e7os de emiss\u00e3o do PassaF\u00e1cil gratuito e \u00f4nibus itinerante s\u00e3o estendidos"},"content":{"rendered":"\n<p>Devido a alta procura pelos servi\u00e7os de emiss\u00e3o do cart\u00e3o PassaF\u00e1cil gratuito \u00e0 popula\u00e7\u00e3o, a Prefeitura de Manaus, por meio do Instituto Municipal de Mobilidade Urbana (IMMU), em parceira com o Sindicato das Empresas de Transporte de Passageiros do Estado do Amazonas (Sinetram), prorrogou a emiss\u00e3o gratuita do cart\u00e3o PassaF\u00e1cil at\u00e9 o dia 31 de mar\u00e7o. Qualquer usu\u00e1rio do sistema de transporte coletivo que precisar solicitar a emiss\u00e3o do cart\u00e3o, pode realizar o servi\u00e7o de forma digital por meio da assistente virtual do Sinetram Sindy, pelo WhatsApp (92) 99194-9292.<\/p>\n\n\n\n<p>Durante o per\u00edodo, quem solicitar a retirada nos terminais, incluindo a segunda via, n\u00e3o pagar\u00e1 a taxa de R$ 15 da emiss\u00e3o do cart\u00e3o.<\/p>\n\n\n\n<p>O presidente do IMMU, Paulo Henrique Martins, explicou que a retirada pode ser agendada para qualquer terminal da capital.<\/p>\n\n\n\n<p>\u201cA retirada gratuita pode ser realizada nos terminais de integra\u00e7\u00e3o, T1 \u2013 Constantino Nery, T3 \u2013 Cidade Nova e T5 \u2013 S\u00e3o Jos\u00e9. Caso o usu\u00e1rio solicite a entrega em casa, al\u00e9m de n\u00e3o pagar os R$ 15 da segunda via, a taxa de entrega estar\u00e1 no valor de R$12,50\u201d, finalizou.<\/p>\n\n\n\n<p>Se for emitir em um dos postos f\u00edsicos (sede do Sinetram ou shopping Phelippe Daou) a cobran\u00e7a dos R$ 15 permanece. Durante a campanha, mais de dois mil cart\u00f5es foram solicitados para retirada nos terminais e delivery, gratuitamente.<\/p>\n\n\n\n<p><strong>\u00d4nibus Itinerante<\/strong><\/p>\n\n\n\n<p>Outro servi\u00e7o prorrogado pela prefeitura \u00e9 a a\u00e7\u00e3o itinerante, que continuar\u00e1 levando servi\u00e7os de emiss\u00e3o do cart\u00e3o PassaF\u00e1cil gratuito \u00e0 popula\u00e7\u00e3o at\u00e9 o dia 8 de mar\u00e7o, no estacionamento do Studio 5 Shopping e Conven\u00e7\u00f5es, localizado na avenida General Rodrigo Ot\u00e1vio Jord\u00e3o Ramos, 3.555 &#8211; Distrito Industrial 1, das 7h \u00e0s 12h e das 13h \u00e0s 17h.<\/p>\n\n\n\n<p>Durante o per\u00edodo, ser\u00e3o oferecidas cem senhas para atendimentos pela manh\u00e3 e tarde, para quem desejar emitir os cart\u00f5es nas modalidades estudantil e comum. Para emiss\u00e3o, \u00e9 necess\u00e1ria a apresenta\u00e7\u00e3o dos documentos de RG e CPF e, no caso de estudante, estar com o status aprovado no site www.estudantesmanaus.am.gov.br.<\/p>\n\n\n\n<p>O projeto &#8220;PassaF\u00e1cil Aqui&#8221;, que deu o nome ao \u00f4nibus de servi\u00e7os do sindicato, e que atendeu, em 2023, mais de 5 mil usu\u00e1rios, foi pensado para levar atendimentos aos cidad\u00e3os, como a emiss\u00e3o de cart\u00e3o, que visa tamb\u00e9m facilitar o acesso ao sistema de transporte p\u00fablico, eliminando a necessidade de utilizar dinheiro em esp\u00e9cie e permitindo a utiliza\u00e7\u00e3o de \u00f4nibus em Manaus de forma mais \u00e1gil e segura, com a praticidade da recarga on-line.<\/p>\n\n\n\n<p>&#8212; &#8212; &#8212;<\/p>\n\n\n\n<p><strong>Texto \u2013 <\/strong>Naira Nascimento \/ IMMU<\/p>\n\n\n\n<p><strong>Foto \u2013 <\/strong>Divulga\u00e7\u00e3o \/ Sinetram<\/p>\n","protected":false},"excerpt":{"rendered":"","protected":false},"author":57,"featured_media":2064,"comment_status":"closed","ping_status":"closed","sticky":false,"template":"","format":"standard","meta":{"footnotes":""},"categories":[93],"tags":[1340,1047,6,125],"acf":[],"yoast_head":"<!-- This site is optimized with the Yoast SEO plugin v23.0 - https:\/\/yoast.com\/wordpress\/plugins\/seo\/ -->\n<title>Servi\u00e7os de emiss\u00e3o do PassaF\u00e1cil gratuito s\u00e3o estendidos<\/title>\n<meta name=\"description\" content=\"A Prefeitura de Manaus prorrogou a emiss\u00e3o gratuita do cart\u00e3o PassaF\u00e1cil at\u00e9 o dia 31 de mar\u00e7o.\" \/>\n<meta name=\"robots\" content=\"noindex, follow\" \/>\n<meta property=\"og:locale\" content=\"pt_BR\" \/>\n<meta property=\"og:type\" content=\"article\" \/>\n<meta property=\"og:title\" content=\"Servi\u00e7os de emiss\u00e3o do PassaF\u00e1cil gratuito s\u00e3o estendidos\" \/>\n<meta property=\"og:description\" content=\"A Prefeitura de Manaus prorrogou a emiss\u00e3o gratuita do cart\u00e3o PassaF\u00e1cil at\u00e9 o dia 31 de mar\u00e7o.\" \/>\n<meta property=\"og:url\" content=\"https:\/\/www.manaus.am.gov.br\/immu\/transporte\/cartao-passafacil\/\" \/>\n<meta property=\"og:site_name\" content=\"IMMU\" \/>\n<meta property=\"article:published_time\" content=\"2024-03-01T19:12:31+00:00\" \/>\n<meta property=\"article:modified_time\" content=\"2024-03-01T19:12:32+00:00\" \/>\n<meta property=\"og:image\" content=\"https:\/\/www.manaus.am.gov.br\/immu\/wp-content\/uploads\/sites\/14\/2024\/03\/WhatsApp-Image-2024-03-01-at-13.55.46.jpeg\" \/>\n\t<meta property=\"og:image:width\" content=\"1280\" \/>\n\t<meta property=\"og:image:height\" content=\"852\" \/>\n\t<meta property=\"og:image:type\" content=\"image\/jpeg\" \/>\n<meta name=\"author\" content=\"Thiago Fernando\" \/>\n<meta name=\"twitter:card\" content=\"summary_large_image\" \/>\n<meta name=\"twitter:label1\" content=\"Written by\" \/>\n\t<meta name=\"twitter:data1\" content=\"Thiago Fernando\" \/>\n\t<meta name=\"twitter:label2\" content=\"Est. reading time\" \/>\n\t<meta name=\"twitter:data2\" content=\"3 minutos\" \/>\n<script type=\"application\/ld+json\" class=\"yoast-schema-graph\">{\"@context\":\"https:\/\/schema.org\",\"@graph\":[{\"@type\":\"WebPage\",\"@id\":\"https:\/\/www.manaus.am.gov.br\/immu\/transporte\/cartao-passafacil\/\",\"url\":\"https:\/\/www.manaus.am.gov.br\/immu\/transporte\/cartao-passafacil\/\",\"name\":\"Servi\u00e7os de emiss\u00e3o do PassaF\u00e1cil gratuito s\u00e3o estendidos\",\"isPartOf\":{\"@id\":\"https:\/\/www.manaus.am.gov.br\/immu\/#website\"},\"primaryImageOfPage\":{\"@id\":\"https:\/\/www.manaus.am.gov.br\/immu\/transporte\/cartao-passafacil\/#primaryimage\"},\"image\":{\"@id\":\"https:\/\/www.manaus.am.gov.br\/immu\/transporte\/cartao-passafacil\/#primaryimage\"},\"thumbnailUrl\":\"https:\/\/www.manaus.am.gov.br\/immu\/wp-content\/uploads\/sites\/14\/2024\/03\/WhatsApp-Image-2024-03-01-at-13.55.46.jpeg\",\"datePublished\":\"2024-03-01T19:12:31+00:00\",\"dateModified\":\"2024-03-01T19:12:32+00:00\",\"author\":{\"@id\":\"https:\/\/www.manaus.am.gov.br\/immu\/#\/schema\/person\/a5ee5376db6e21af026374b369f30882\"},\"description\":\"A Prefeitura de Manaus prorrogou a emiss\u00e3o gratuita do cart\u00e3o PassaF\u00e1cil at\u00e9 o dia 31 de mar\u00e7o.\",\"breadcrumb\":{\"@id\":\"https:\/\/www.manaus.am.gov.br\/immu\/transporte\/cartao-passafacil\/#breadcrumb\"},\"inLanguage\":\"pt-BR\",\"potentialAction\":[{\"@type\":\"ReadAction\",\"target\":[\"https:\/\/www.manaus.am.gov.br\/immu\/transporte\/cartao-passafacil\/\"]}]},{\"@type\":\"ImageObject\",\"inLanguage\":\"pt-BR\",\"@id\":\"https:\/\/www.manaus.am.gov.br\/immu\/transporte\/cartao-passafacil\/#primaryimage\",\"url\":\"https:\/\/www.manaus.am.gov.br\/immu\/wp-content\/uploads\/sites\/14\/2024\/03\/WhatsApp-Image-2024-03-01-at-13.55.46.jpeg\",\"contentUrl\":\"https:\/\/www.manaus.am.gov.br\/immu\/wp-content\/uploads\/sites\/14\/2024\/03\/WhatsApp-Image-2024-03-01-at-13.55.46.jpeg\",\"width\":1280,\"height\":852,\"caption\":\"#paratodosverem - Servidora mostrando os novos cart\u00f5es PassaF\u00e1cil\"},{\"@type\":\"BreadcrumbList\",\"@id\":\"https:\/\/www.manaus.am.gov.br\/immu\/transporte\/cartao-passafacil\/#breadcrumb\",\"itemListElement\":[{\"@type\":\"ListItem\",\"position\":1,\"name\":\"Home\",\"item\":\"https:\/\/www.manaus.am.gov.br\/immu\/\"},{\"@type\":\"ListItem\",\"position\":2,\"name\":\"Servi\u00e7os de emiss\u00e3o do PassaF\u00e1cil gratuito e \u00f4nibus itinerante s\u00e3o estendidos\"}]},{\"@type\":\"WebSite\",\"@id\":\"https:\/\/www.manaus.am.gov.br\/immu\/#website\",\"url\":\"https:\/\/www.manaus.am.gov.br\/immu\/\",\"name\":\"IMMU\",\"description\":\"Prefeitura de Manaus\",\"potentialAction\":[{\"@type\":\"SearchAction\",\"target\":{\"@type\":\"EntryPoint\",\"urlTemplate\":\"https:\/\/www.manaus.am.gov.br\/immu\/?s={search_term_string}\"},\"query-input\":\"required name=search_term_string\"}],\"inLanguage\":\"pt-BR\"},{\"@type\":\"Person\",\"@id\":\"https:\/\/www.manaus.am.gov.br\/immu\/#\/schema\/person\/a5ee5376db6e21af026374b369f30882\",\"name\":\"Thiago Fernando\",\"image\":{\"@type\":\"ImageObject\",\"inLanguage\":\"pt-BR\",\"@id\":\"https:\/\/www.manaus.am.gov.br\/immu\/#\/schema\/person\/image\/\",\"url\":\"https:\/\/secure.gravatar.com\/avatar\/f5aab8722444041451501c077052ac07?s=96&d=mm&r=g\",\"contentUrl\":\"https:\/\/secure.gravatar.com\/avatar\/f5aab8722444041451501c077052ac07?s=96&d=mm&r=g\",\"caption\":\"Thiago Fernando\"}}]}<\/script>\n<!-- \/ Yoast SEO plugin. -->","yoast_head_json":{"title":"Servi\u00e7os de emiss\u00e3o do PassaF\u00e1cil gratuito s\u00e3o estendidos","description":"A Prefeitura de Manaus prorrogou a emiss\u00e3o gratuita do cart\u00e3o PassaF\u00e1cil at\u00e9 o dia 31 de mar\u00e7o.","robots":{"index":"noindex","follow":"follow"},"og_locale":"pt_BR","og_type":"article","og_title":"Servi\u00e7os de emiss\u00e3o do PassaF\u00e1cil gratuito s\u00e3o estendidos","og_description":"A Prefeitura de Manaus prorrogou a emiss\u00e3o gratuita do cart\u00e3o PassaF\u00e1cil at\u00e9 o dia 31 de mar\u00e7o.","og_url":"https:\/\/www.manaus.am.gov.br\/immu\/transporte\/cartao-passafacil\/","og_site_name":"IMMU","article_published_time":"2024-03-01T19:12:31+00:00","article_modified_time":"2024-03-01T19:12:32+00:00","og_image":[{"width":1280,"height":852,"url":"https:\/\/www.manaus.am.gov.br\/immu\/wp-content\/uploads\/sites\/14\/2024\/03\/WhatsApp-Image-2024-03-01-at-13.55.46.jpeg","type":"image\/jpeg"}],"author":"Thiago Fernando","twitter_card":"summary_large_image","twitter_misc":{"Written by":"Thiago Fernando","Est. reading time":"3 minutos"},"schema":{"@context":"https:\/\/schema.org","@graph":[{"@type":"WebPage","@id":"https:\/\/www.manaus.am.gov.br\/immu\/transporte\/cartao-passafacil\/","url":"https:\/\/www.manaus.am.gov.br\/immu\/transporte\/cartao-passafacil\/","name":"Servi\u00e7os de emiss\u00e3o do PassaF\u00e1cil gratuito s\u00e3o estendidos","isPartOf":{"@id":"https:\/\/www.manaus.am.gov.br\/immu\/#website"},"primaryImageOfPage":{"@id":"https:\/\/www.manaus.am.gov.br\/immu\/transporte\/cartao-passafacil\/#primaryimage"},"image":{"@id":"https:\/\/www.manaus.am.gov.br\/immu\/transporte\/cartao-passafacil\/#primaryimage"},"thumbnailUrl":"https:\/\/www.manaus.am.gov.br\/immu\/wp-content\/uploads\/sites\/14\/2024\/03\/WhatsApp-Image-2024-03-01-at-13.55.46.jpeg","datePublished":"2024-03-01T19:12:31+00:00","dateModified":"2024-03-01T19:12:32+00:00","author":{"@id":"https:\/\/www.manaus.am.gov.br\/immu\/#\/schema\/person\/a5ee5376db6e21af026374b369f30882"},"description":"A Prefeitura de Manaus prorrogou a emiss\u00e3o gratuita do cart\u00e3o PassaF\u00e1cil at\u00e9 o dia 31 de mar\u00e7o.","breadcrumb":{"@id":"https:\/\/www.manaus.am.gov.br\/immu\/transporte\/cartao-passafacil\/#breadcrumb"},"inLanguage":"pt-BR","potentialAction":[{"@type":"ReadAction","target":["https:\/\/www.manaus.am.gov.br\/immu\/transporte\/cartao-passafacil\/"]}]},{"@type":"ImageObject","inLanguage":"pt-BR","@id":"https:\/\/www.manaus.am.gov.br\/immu\/transporte\/cartao-passafacil\/#primaryimage","url":"https:\/\/www.manaus.am.gov.br\/immu\/wp-content\/uploads\/sites\/14\/2024\/03\/WhatsApp-Image-2024-03-01-at-13.55.46.jpeg","contentUrl":"https:\/\/www.manaus.am.gov.br\/immu\/wp-content\/uploads\/sites\/14\/2024\/03\/WhatsApp-Image-2024-03-01-at-13.55.46.jpeg","width":1280,"height":852,"caption":"#paratodosverem - Servidora mostrando os novos cart\u00f5es PassaF\u00e1cil"},{"@type":"BreadcrumbList","@id":"https:\/\/www.manaus.am.gov.br\/immu\/transporte\/cartao-passafacil\/#breadcrumb","itemListElement":[{"@type":"ListItem","position":1,"name":"Home","item":"https:\/\/www.manaus.am.gov.br\/immu\/"},{"@type":"ListItem","position":2,"name":"Servi\u00e7os de emiss\u00e3o do PassaF\u00e1cil gratuito e \u00f4nibus itinerante s\u00e3o estendidos"}]},{"@type":"WebSite","@id":"https:\/\/www.manaus.am.gov.br\/immu\/#website","url":"https:\/\/www.manaus.am.gov.br\/immu\/","name":"IMMU","description":"Prefeitura de Manaus","potentialAction":[{"@type":"SearchAction","target":{"@type":"EntryPoint","urlTemplate":"https:\/\/www.manaus.am.gov.br\/immu\/?s={search_term_string}"},"query-input":"required name=search_term_string"}],"inLanguage":"pt-BR"},{"@type":"Person","@id":"https:\/\/www.manaus.am.gov.br\/immu\/#\/schema\/person\/a5ee5376db6e21af026374b369f30882","name":"Thiago Fernando","image":{"@type":"ImageObject","inLanguage":"pt-BR","@id":"https:\/\/www.manaus.am.gov.br\/immu\/#\/schema\/person\/image\/","url":"https:\/\/secure.gravatar.com\/avatar\/f5aab8722444041451501c077052ac07?s=96&d=mm&r=g","contentUrl":"https:\/\/secure.gravatar.com\/avatar\/f5aab8722444041451501c077052ac07?s=96&d=mm&r=g","caption":"Thiago Fernando"}}]}},"_links":{"self":[{"href":"https:\/\/www.manaus.am.gov.br\/immu\/wp-json\/wp\/v2\/posts\/2063"}],"collection":[{"href":"https:\/\/www.manaus.am.gov.br\/immu\/wp-json\/wp\/v2\/posts"}],"about":[{"href":"https:\/\/www.manaus.am.gov.br\/immu\/wp-json\/wp\/v2\/types\/post"}],"author":[{"embeddable":true,"href":"https:\/\/www.manaus.am.gov.br\/immu\/wp-json\/wp\/v2\/users\/57"}],"replies":[{"embeddable":true,"href":"https:\/\/www.manaus.am.gov.br\/immu\/wp-json\/wp\/v2\/comments?post=2063"}],"version-history":[{"count":0,"href":"https:\/\/www.manaus.am.gov.br\/immu\/wp-json\/wp\/v2\/posts\/2063\/revisions"}],"wp:featuredmedia":[{"embeddable":true,"href":"https:\/\/www.manaus.am.gov.br\/immu\/wp-json\/wp\/v2\/media\/2064"}],"wp:attachment":[{"href":"https:\/\/www.manaus.am.gov.br\/immu\/wp-json\/wp\/v2\/media?parent=2063"}],"wp:term":[{"taxonomy":"category","embeddable":true,"href":"https:\/\/www.manaus.am.gov.br\/immu\/wp-json\/wp\/v2\/categories?post=2063"},{"taxonomy":"post_tag","embeddable":true,"href":"https:\/\/www.manaus.am.gov.br\/immu\/wp-json\/wp\/v2\/tags?post=2063"}],"curies":[{"name":"wp","href":"https:\/\/api.w.org\/{rel}","templated":true}]}}