{"id":2034,"date":"2024-02-23T10:38:45","date_gmt":"2024-02-23T14:38:45","guid":{"rendered":"https:\/\/www.manaus.am.gov.br\/immu\/sem-categoria\/emissao-gratuita-cartao-passafacil\/"},"modified":"2024-02-23T10:44:29","modified_gmt":"2024-02-23T14:44:29","slug":"emissao-gratuita-cartao-passafacil","status":"publish","type":"post","link":"https:\/\/www.manaus.am.gov.br\/immu\/transporte\/emissao-gratuita-cartao-passafacil\/","title":{"rendered":"Prefeitura de Manaus refor\u00e7a \u00faltima semana para a solicita\u00e7\u00e3o do cart\u00e3o PassaF\u00e1cil gratuitamente"},"content":{"rendered":"\n<p>A Prefeitura de Manaus, por meio do Instituto Municipal de Mobilidade Urbana (IMMU), informa que a campanha de emiss\u00e3o gratuita do cart\u00e3o PassaF\u00e1cil segue at\u00e9 o dia 29\/2. Qualquer usu\u00e1rio do sistema de transporte coletivo que precisar solicitar a emiss\u00e3o do cart\u00e3o, pode realizar o servi\u00e7o de forma digital por meio da assistente virtual do Sinetram Sindy, pelo WhatsApp (92) 999194-9292.<\/p>\n\n\n\n<p>O gerente de bilhetagem do Sindicato das Empresas de Transporte de Passageiros do Amazonas (Sinetram), F\u00e1bio Byron, explicou que, durante este per\u00edodo, quem solicitar a retirada nos terminais, incluindo a segunda via, n\u00e3o pagar\u00e1 a taxa de R$ 15 da emiss\u00e3o do cart\u00e3o.<\/p>\n\n\n\n<p>\u201cA retirada gratuita pode ser realizada nos terminais de integra\u00e7\u00e3o, T1 \u2013 Constantino Nery, T3 \u2013 Cidade Nova e T5 \u2013 S\u00e3o Jos\u00e9. Caso o usu\u00e1rio solicite a entrega em casa, al\u00e9m de n\u00e3o pagar os R$ 15 da segunda via, a taxa de entrega tamb\u00e9m estar\u00e1 com valor promocional neste per\u00edodo. De R$ 12,50 por R$ 9,90\u201d, finalizou.<\/p>\n\n\n\n<p>Se for emitir em um dos postos f\u00edsicos (sede do Sinetram ou shopping Phelippe Daou) a cobran\u00e7a dos R$ 15 permanece. Durante a campanha, mais de dois mil cart\u00f5es foram solicitados para retirada nos terminais e&nbsp;<em>delivery<\/em>, gratuitamente.<\/p>\n\n\n\n<p>&#8212; &#8212; &#8212;<\/p>\n\n\n\n<p><strong>Texto \u2013&nbsp;<\/strong>Naira Nascimento \/ IMMU<\/p>\n\n\n\n<p><strong>Foto \u2013\u00a0<\/strong>Jo\u00e3o Viana \/ Semcom<\/p>\n","protected":false},"excerpt":{"rendered":"","protected":false},"author":39,"featured_media":2035,"comment_status":"closed","ping_status":"closed","sticky":false,"template":"","format":"standard","meta":{"footnotes":""},"categories":[93],"tags":[1422,1047,1423,6,8,220,1424],"acf":[],"yoast_head":"<!-- This site is optimized with the Yoast SEO plugin v23.0 - https:\/\/yoast.com\/wordpress\/plugins\/seo\/ -->\n<title>Campanha de emiss\u00e3o gratuita do cart\u00e3o PassaF\u00e1cil<\/title>\n<meta name=\"description\" content=\"Prefeitura de Manaus, por meio do IMMU, informa que a campanha de emiss\u00e3o gratuita do cart\u00e3o PassaF\u00e1cil segue at\u00e9 o dia 29\/2.\" \/>\n<meta name=\"robots\" content=\"noindex, follow\" \/>\n<meta property=\"og:locale\" content=\"pt_BR\" \/>\n<meta property=\"og:type\" content=\"article\" \/>\n<meta property=\"og:title\" content=\"Campanha de emiss\u00e3o gratuita do cart\u00e3o PassaF\u00e1cil\" \/>\n<meta property=\"og:description\" content=\"Prefeitura de Manaus, por meio do IMMU, informa que a campanha de emiss\u00e3o gratuita do cart\u00e3o PassaF\u00e1cil segue at\u00e9 o dia 29\/2.\" \/>\n<meta property=\"og:url\" content=\"https:\/\/www.manaus.am.gov.br\/immu\/transporte\/emissao-gratuita-cartao-passafacil\/\" \/>\n<meta property=\"og:site_name\" content=\"IMMU\" \/>\n<meta property=\"article:published_time\" content=\"2024-02-23T14:38:45+00:00\" \/>\n<meta property=\"article:modified_time\" content=\"2024-02-23T14:44:29+00:00\" \/>\n<meta property=\"og:image\" content=\"https:\/\/www.manaus.am.gov.br\/immu\/wp-content\/uploads\/sites\/14\/2024\/02\/Cartao-PassaFacil-1.jpg\" \/>\n\t<meta property=\"og:image:width\" content=\"799\" \/>\n\t<meta property=\"og:image:height\" content=\"533\" \/>\n\t<meta property=\"og:image:type\" content=\"image\/jpeg\" \/>\n<meta name=\"author\" content=\"Bruna Greco\" \/>\n<meta name=\"twitter:card\" content=\"summary_large_image\" \/>\n<meta name=\"twitter:label1\" content=\"Written by\" \/>\n\t<meta name=\"twitter:data1\" content=\"Bruna Greco\" \/>\n\t<meta name=\"twitter:label2\" content=\"Est. reading time\" \/>\n\t<meta name=\"twitter:data2\" content=\"2 minutos\" \/>\n<script type=\"application\/ld+json\" class=\"yoast-schema-graph\">{\"@context\":\"https:\/\/schema.org\",\"@graph\":[{\"@type\":\"WebPage\",\"@id\":\"https:\/\/www.manaus.am.gov.br\/immu\/transporte\/emissao-gratuita-cartao-passafacil\/\",\"url\":\"https:\/\/www.manaus.am.gov.br\/immu\/transporte\/emissao-gratuita-cartao-passafacil\/\",\"name\":\"Campanha de emiss\u00e3o gratuita do cart\u00e3o PassaF\u00e1cil\",\"isPartOf\":{\"@id\":\"https:\/\/www.manaus.am.gov.br\/immu\/#website\"},\"primaryImageOfPage\":{\"@id\":\"https:\/\/www.manaus.am.gov.br\/immu\/transporte\/emissao-gratuita-cartao-passafacil\/#primaryimage\"},\"image\":{\"@id\":\"https:\/\/www.manaus.am.gov.br\/immu\/transporte\/emissao-gratuita-cartao-passafacil\/#primaryimage\"},\"thumbnailUrl\":\"https:\/\/www.manaus.am.gov.br\/immu\/wp-content\/uploads\/sites\/14\/2024\/02\/Cartao-PassaFacil-1.jpg\",\"datePublished\":\"2024-02-23T14:38:45+00:00\",\"dateModified\":\"2024-02-23T14:44:29+00:00\",\"author\":{\"@id\":\"https:\/\/www.manaus.am.gov.br\/immu\/#\/schema\/person\/05d223aea2bf115f9883a6ff3683d81b\"},\"description\":\"Prefeitura de Manaus, por meio do IMMU, informa que a campanha de emiss\u00e3o gratuita do cart\u00e3o PassaF\u00e1cil segue at\u00e9 o dia 29\/2.\",\"breadcrumb\":{\"@id\":\"https:\/\/www.manaus.am.gov.br\/immu\/transporte\/emissao-gratuita-cartao-passafacil\/#breadcrumb\"},\"inLanguage\":\"pt-BR\",\"potentialAction\":[{\"@type\":\"ReadAction\",\"target\":[\"https:\/\/www.manaus.am.gov.br\/immu\/transporte\/emissao-gratuita-cartao-passafacil\/\"]}]},{\"@type\":\"ImageObject\",\"inLanguage\":\"pt-BR\",\"@id\":\"https:\/\/www.manaus.am.gov.br\/immu\/transporte\/emissao-gratuita-cartao-passafacil\/#primaryimage\",\"url\":\"https:\/\/www.manaus.am.gov.br\/immu\/wp-content\/uploads\/sites\/14\/2024\/02\/Cartao-PassaFacil-1.jpg\",\"contentUrl\":\"https:\/\/www.manaus.am.gov.br\/immu\/wp-content\/uploads\/sites\/14\/2024\/02\/Cartao-PassaFacil-1.jpg\",\"width\":799,\"height\":533,\"caption\":\"#paratodosverem - Estudante sorridente com cart\u00e3o PassaF\u00e1cil na m\u00e3o\"},{\"@type\":\"BreadcrumbList\",\"@id\":\"https:\/\/www.manaus.am.gov.br\/immu\/transporte\/emissao-gratuita-cartao-passafacil\/#breadcrumb\",\"itemListElement\":[{\"@type\":\"ListItem\",\"position\":1,\"name\":\"Home\",\"item\":\"https:\/\/www.manaus.am.gov.br\/immu\/\"},{\"@type\":\"ListItem\",\"position\":2,\"name\":\"Prefeitura de Manaus refor\u00e7a \u00faltima semana para a solicita\u00e7\u00e3o do cart\u00e3o PassaF\u00e1cil gratuitamente\"}]},{\"@type\":\"WebSite\",\"@id\":\"https:\/\/www.manaus.am.gov.br\/immu\/#website\",\"url\":\"https:\/\/www.manaus.am.gov.br\/immu\/\",\"name\":\"IMMU\",\"description\":\"Prefeitura de Manaus\",\"potentialAction\":[{\"@type\":\"SearchAction\",\"target\":{\"@type\":\"EntryPoint\",\"urlTemplate\":\"https:\/\/www.manaus.am.gov.br\/immu\/?s={search_term_string}\"},\"query-input\":\"required name=search_term_string\"}],\"inLanguage\":\"pt-BR\"},{\"@type\":\"Person\",\"@id\":\"https:\/\/www.manaus.am.gov.br\/immu\/#\/schema\/person\/05d223aea2bf115f9883a6ff3683d81b\",\"name\":\"Bruna Greco\",\"image\":{\"@type\":\"ImageObject\",\"inLanguage\":\"pt-BR\",\"@id\":\"https:\/\/www.manaus.am.gov.br\/immu\/#\/schema\/person\/image\/\",\"url\":\"https:\/\/secure.gravatar.com\/avatar\/9c877d1a6adc2a055330e5c09a8653ce?s=96&d=mm&r=g\",\"contentUrl\":\"https:\/\/secure.gravatar.com\/avatar\/9c877d1a6adc2a055330e5c09a8653ce?s=96&d=mm&r=g\",\"caption\":\"Bruna Greco\"}}]}<\/script>\n<!-- \/ Yoast SEO plugin. -->","yoast_head_json":{"title":"Campanha de emiss\u00e3o gratuita do cart\u00e3o PassaF\u00e1cil","description":"Prefeitura de Manaus, por meio do IMMU, informa que a campanha de emiss\u00e3o gratuita do cart\u00e3o PassaF\u00e1cil segue at\u00e9 o dia 29\/2.","robots":{"index":"noindex","follow":"follow"},"og_locale":"pt_BR","og_type":"article","og_title":"Campanha de emiss\u00e3o gratuita do cart\u00e3o PassaF\u00e1cil","og_description":"Prefeitura de Manaus, por meio do IMMU, informa que a campanha de emiss\u00e3o gratuita do cart\u00e3o PassaF\u00e1cil segue at\u00e9 o dia 29\/2.","og_url":"https:\/\/www.manaus.am.gov.br\/immu\/transporte\/emissao-gratuita-cartao-passafacil\/","og_site_name":"IMMU","article_published_time":"2024-02-23T14:38:45+00:00","article_modified_time":"2024-02-23T14:44:29+00:00","og_image":[{"width":799,"height":533,"url":"https:\/\/www.manaus.am.gov.br\/immu\/wp-content\/uploads\/sites\/14\/2024\/02\/Cartao-PassaFacil-1.jpg","type":"image\/jpeg"}],"author":"Bruna Greco","twitter_card":"summary_large_image","twitter_misc":{"Written by":"Bruna Greco","Est. reading time":"2 minutos"},"schema":{"@context":"https:\/\/schema.org","@graph":[{"@type":"WebPage","@id":"https:\/\/www.manaus.am.gov.br\/immu\/transporte\/emissao-gratuita-cartao-passafacil\/","url":"https:\/\/www.manaus.am.gov.br\/immu\/transporte\/emissao-gratuita-cartao-passafacil\/","name":"Campanha de emiss\u00e3o gratuita do cart\u00e3o PassaF\u00e1cil","isPartOf":{"@id":"https:\/\/www.manaus.am.gov.br\/immu\/#website"},"primaryImageOfPage":{"@id":"https:\/\/www.manaus.am.gov.br\/immu\/transporte\/emissao-gratuita-cartao-passafacil\/#primaryimage"},"image":{"@id":"https:\/\/www.manaus.am.gov.br\/immu\/transporte\/emissao-gratuita-cartao-passafacil\/#primaryimage"},"thumbnailUrl":"https:\/\/www.manaus.am.gov.br\/immu\/wp-content\/uploads\/sites\/14\/2024\/02\/Cartao-PassaFacil-1.jpg","datePublished":"2024-02-23T14:38:45+00:00","dateModified":"2024-02-23T14:44:29+00:00","author":{"@id":"https:\/\/www.manaus.am.gov.br\/immu\/#\/schema\/person\/05d223aea2bf115f9883a6ff3683d81b"},"description":"Prefeitura de Manaus, por meio do IMMU, informa que a campanha de emiss\u00e3o gratuita do cart\u00e3o PassaF\u00e1cil segue at\u00e9 o dia 29\/2.","breadcrumb":{"@id":"https:\/\/www.manaus.am.gov.br\/immu\/transporte\/emissao-gratuita-cartao-passafacil\/#breadcrumb"},"inLanguage":"pt-BR","potentialAction":[{"@type":"ReadAction","target":["https:\/\/www.manaus.am.gov.br\/immu\/transporte\/emissao-gratuita-cartao-passafacil\/"]}]},{"@type":"ImageObject","inLanguage":"pt-BR","@id":"https:\/\/www.manaus.am.gov.br\/immu\/transporte\/emissao-gratuita-cartao-passafacil\/#primaryimage","url":"https:\/\/www.manaus.am.gov.br\/immu\/wp-content\/uploads\/sites\/14\/2024\/02\/Cartao-PassaFacil-1.jpg","contentUrl":"https:\/\/www.manaus.am.gov.br\/immu\/wp-content\/uploads\/sites\/14\/2024\/02\/Cartao-PassaFacil-1.jpg","width":799,"height":533,"caption":"#paratodosverem - Estudante sorridente com cart\u00e3o PassaF\u00e1cil na m\u00e3o"},{"@type":"BreadcrumbList","@id":"https:\/\/www.manaus.am.gov.br\/immu\/transporte\/emissao-gratuita-cartao-passafacil\/#breadcrumb","itemListElement":[{"@type":"ListItem","position":1,"name":"Home","item":"https:\/\/www.manaus.am.gov.br\/immu\/"},{"@type":"ListItem","position":2,"name":"Prefeitura de Manaus refor\u00e7a \u00faltima semana para a solicita\u00e7\u00e3o do cart\u00e3o PassaF\u00e1cil gratuitamente"}]},{"@type":"WebSite","@id":"https:\/\/www.manaus.am.gov.br\/immu\/#website","url":"https:\/\/www.manaus.am.gov.br\/immu\/","name":"IMMU","description":"Prefeitura de Manaus","potentialAction":[{"@type":"SearchAction","target":{"@type":"EntryPoint","urlTemplate":"https:\/\/www.manaus.am.gov.br\/immu\/?s={search_term_string}"},"query-input":"required name=search_term_string"}],"inLanguage":"pt-BR"},{"@type":"Person","@id":"https:\/\/www.manaus.am.gov.br\/immu\/#\/schema\/person\/05d223aea2bf115f9883a6ff3683d81b","name":"Bruna Greco","image":{"@type":"ImageObject","inLanguage":"pt-BR","@id":"https:\/\/www.manaus.am.gov.br\/immu\/#\/schema\/person\/image\/","url":"https:\/\/secure.gravatar.com\/avatar\/9c877d1a6adc2a055330e5c09a8653ce?s=96&d=mm&r=g","contentUrl":"https:\/\/secure.gravatar.com\/avatar\/9c877d1a6adc2a055330e5c09a8653ce?s=96&d=mm&r=g","caption":"Bruna Greco"}}]}},"_links":{"self":[{"href":"https:\/\/www.manaus.am.gov.br\/immu\/wp-json\/wp\/v2\/posts\/2034"}],"collection":[{"href":"https:\/\/www.manaus.am.gov.br\/immu\/wp-json\/wp\/v2\/posts"}],"about":[{"href":"https:\/\/www.manaus.am.gov.br\/immu\/wp-json\/wp\/v2\/types\/post"}],"author":[{"embeddable":true,"href":"https:\/\/www.manaus.am.gov.br\/immu\/wp-json\/wp\/v2\/users\/39"}],"replies":[{"embeddable":true,"href":"https:\/\/www.manaus.am.gov.br\/immu\/wp-json\/wp\/v2\/comments?post=2034"}],"version-history":[{"count":1,"href":"https:\/\/www.manaus.am.gov.br\/immu\/wp-json\/wp\/v2\/posts\/2034\/revisions"}],"predecessor-version":[{"id":2036,"href":"https:\/\/www.manaus.am.gov.br\/immu\/wp-json\/wp\/v2\/posts\/2034\/revisions\/2036"}],"wp:featuredmedia":[{"embeddable":true,"href":"https:\/\/www.manaus.am.gov.br\/immu\/wp-json\/wp\/v2\/media\/2035"}],"wp:attachment":[{"href":"https:\/\/www.manaus.am.gov.br\/immu\/wp-json\/wp\/v2\/media?parent=2034"}],"wp:term":[{"taxonomy":"category","embeddable":true,"href":"https:\/\/www.manaus.am.gov.br\/immu\/wp-json\/wp\/v2\/categories?post=2034"},{"taxonomy":"post_tag","embeddable":true,"href":"https:\/\/www.manaus.am.gov.br\/immu\/wp-json\/wp\/v2\/tags?post=2034"}],"curies":[{"name":"wp","href":"https:\/\/api.w.org\/{rel}","templated":true}]}}