{"id":2027,"date":"2024-02-21T14:59:47","date_gmt":"2024-02-21T18:59:47","guid":{"rendered":"https:\/\/www.manaus.am.gov.br\/immu\/sem-categoria\/prefeitura-realiza-operacao-de-fiscalizacao-em-modais-de-transportes\/"},"modified":"2024-02-21T15:00:58","modified_gmt":"2024-02-21T19:00:58","slug":"operacao-modais-transporte","status":"publish","type":"post","link":"https:\/\/www.manaus.am.gov.br\/immu\/acao\/operacao-modais-transporte\/","title":{"rendered":"Prefeitura realiza opera\u00e7\u00e3o de fiscaliza\u00e7\u00e3o em modais de transportes"},"content":{"rendered":"\n<p>A Prefeitura de Manaus, por meio do Instituto Municipal de Mobilidade Urbana (IMMU), iniciou, nesta quarta-feira, 21\/2, uma importante opera\u00e7\u00e3o de fiscaliza\u00e7\u00e3o na capital amazonense. O foco da a\u00e7\u00e3o est\u00e1 no transporte de passageiros, abrangendo os \u00f4nibus de rota do distrito, transporte alternativo, t\u00e1xis, motot\u00e1xis e transporte urbano. A iniciativa \u00e9 fundamental para a seguran\u00e7a e efici\u00eancia no servi\u00e7o de transporte de passageiros.<br><\/p>\n\n\n\n<p>&#8220;Nossa equipe est\u00e1 empenhada em garantir que todos os ve\u00edculos, \u00f4nibus de rota, t\u00e1xis, motot\u00e1xis e demais meios de transporte alternativo estejam , n\u00e3o apenas regulares em termos de documenta\u00e7\u00e3o, mas tamb\u00e9m em excelentes condi\u00e7\u00f5es f\u00edsicas. Isso \u00e9 fundamental para a seguran\u00e7a dos passageiros e para o bom funcionamento do nosso sistema de mobilidade urbana&#8221;, afirmou o diretor de opera\u00e7\u00f5es de transporte do IMMU, Ednaldo Castro.&nbsp;<\/p>\n\n\n\n<p>A opera\u00e7\u00e3o, diferenciada por seu alcance e rigor, visa garantir que todos os ve\u00edculos envolvidos no transporte de passageiros estejam em conformidade com as normas e regulamentos vigentes. O IMMU enfatiza que, al\u00e9m da documenta\u00e7\u00e3o regular, \u00e9 imprescind\u00edvel que os ve\u00edculos apresentem \u00f3timas condi\u00e7\u00f5es f\u00edsicas para operar.<br><\/p>\n\n\n\n<p>Al\u00e9m disso, os fiscais do IMMU realizam inspe\u00e7\u00f5es detalhadas nos ve\u00edculos, verificando itens como a manuten\u00e7\u00e3o, limpeza, acessibilidade, condi\u00e7\u00f5es dos pneus, freios e ilumina\u00e7\u00e3o. A opera\u00e7\u00e3o tamb\u00e9m inclui a verifica\u00e7\u00e3o dos procedimentos de higiene e sa\u00fade. Os condutores est\u00e3o sendo orientados sobre as melhores pr\u00e1ticas no transporte de passageiros, enfatizando a import\u00e2ncia do respeito \u00e0s normas de tr\u00e2nsito e seguran\u00e7a dos passageiros.<\/p>\n\n\n\n<p>A fiscaliza\u00e7\u00e3o na zona leste de Manaus \u00e9 uma resposta \u00e0s demandas da popula\u00e7\u00e3o por um transporte mais seguro e confi\u00e1vel. A Prefeitura, por meio do IMMU, demonstra seu compromisso com a melhoria cont\u00ednua do transporte p\u00fablico, atuando de maneira pr\u00f3-ativa para garantir que os cidad\u00e3os de Manaus possam se deslocar com seguran\u00e7a e conforto. O resultado esperado \u00e9 um transporte p\u00fablico mais eficiente, seguro e em sintonia com as necessidades dos passageiros.<br>&#8212;- &#8212; &#8212;-<br><strong>Texto \u2013<\/strong> Marcelo Lima \/ IMMU<br><strong>Fotos \u2013<\/strong> Divulga\u00e7\u00e3o \/ IMMU<\/p>\n","protected":false},"excerpt":{"rendered":"","protected":false},"author":68,"featured_media":2028,"comment_status":"closed","ping_status":"closed","sticky":false,"template":"","format":"standard","meta":{"footnotes":""},"categories":[10],"tags":[53,6,1419],"acf":[],"yoast_head":"<!-- This site is optimized with the Yoast SEO plugin v23.0 - https:\/\/yoast.com\/wordpress\/plugins\/seo\/ -->\n<title>Prefeitura realiza fiscaliza\u00e7\u00e3o em modais de transportes<\/title>\n<meta name=\"description\" content=\"A Prefeitura de Manaus iniciou, nesta quarta-feira, 21\/2, uma importante opera\u00e7\u00e3o de fiscaliza\u00e7\u00e3o na capital amazonense.\" \/>\n<meta name=\"robots\" content=\"noindex, follow\" \/>\n<meta property=\"og:locale\" content=\"pt_BR\" \/>\n<meta property=\"og:type\" content=\"article\" \/>\n<meta property=\"og:title\" content=\"Prefeitura realiza fiscaliza\u00e7\u00e3o em modais de transportes\" \/>\n<meta property=\"og:description\" content=\"A Prefeitura de Manaus iniciou, nesta quarta-feira, 21\/2, uma importante opera\u00e7\u00e3o de fiscaliza\u00e7\u00e3o na capital amazonense.\" \/>\n<meta property=\"og:url\" content=\"https:\/\/www.manaus.am.gov.br\/immu\/acao\/operacao-modais-transporte\/\" \/>\n<meta property=\"og:site_name\" content=\"IMMU\" \/>\n<meta property=\"article:published_time\" content=\"2024-02-21T18:59:47+00:00\" \/>\n<meta property=\"article:modified_time\" content=\"2024-02-21T19:00:58+00:00\" \/>\n<meta property=\"og:image\" content=\"https:\/\/www.manaus.am.gov.br\/immu\/wp-content\/uploads\/sites\/14\/2024\/02\/OPERACAO-2.jpg\" \/>\n\t<meta property=\"og:image:width\" content=\"800\" \/>\n\t<meta property=\"og:image:height\" content=\"450\" \/>\n\t<meta property=\"og:image:type\" content=\"image\/jpeg\" \/>\n<meta name=\"author\" content=\"bvalente\" \/>\n<meta name=\"twitter:card\" content=\"summary_large_image\" \/>\n<meta name=\"twitter:label1\" content=\"Written by\" \/>\n\t<meta name=\"twitter:data1\" content=\"bvalente\" \/>\n\t<meta name=\"twitter:label2\" content=\"Est. reading time\" \/>\n\t<meta name=\"twitter:data2\" content=\"2 minutos\" \/>\n<script type=\"application\/ld+json\" class=\"yoast-schema-graph\">{\"@context\":\"https:\/\/schema.org\",\"@graph\":[{\"@type\":\"WebPage\",\"@id\":\"https:\/\/www.manaus.am.gov.br\/immu\/acao\/operacao-modais-transporte\/\",\"url\":\"https:\/\/www.manaus.am.gov.br\/immu\/acao\/operacao-modais-transporte\/\",\"name\":\"Prefeitura realiza fiscaliza\u00e7\u00e3o em modais de transportes\",\"isPartOf\":{\"@id\":\"https:\/\/www.manaus.am.gov.br\/immu\/#website\"},\"primaryImageOfPage\":{\"@id\":\"https:\/\/www.manaus.am.gov.br\/immu\/acao\/operacao-modais-transporte\/#primaryimage\"},\"image\":{\"@id\":\"https:\/\/www.manaus.am.gov.br\/immu\/acao\/operacao-modais-transporte\/#primaryimage\"},\"thumbnailUrl\":\"https:\/\/www.manaus.am.gov.br\/immu\/wp-content\/uploads\/sites\/14\/2024\/02\/OPERACAO-2.jpg\",\"datePublished\":\"2024-02-21T18:59:47+00:00\",\"dateModified\":\"2024-02-21T19:00:58+00:00\",\"author\":{\"@id\":\"https:\/\/www.manaus.am.gov.br\/immu\/#\/schema\/person\/466a0e03ae4b6062809046bd560ac955\"},\"description\":\"A Prefeitura de Manaus iniciou, nesta quarta-feira, 21\/2, uma importante opera\u00e7\u00e3o de fiscaliza\u00e7\u00e3o na capital amazonense.\",\"breadcrumb\":{\"@id\":\"https:\/\/www.manaus.am.gov.br\/immu\/acao\/operacao-modais-transporte\/#breadcrumb\"},\"inLanguage\":\"pt-BR\",\"potentialAction\":[{\"@type\":\"ReadAction\",\"target\":[\"https:\/\/www.manaus.am.gov.br\/immu\/acao\/operacao-modais-transporte\/\"]}]},{\"@type\":\"ImageObject\",\"inLanguage\":\"pt-BR\",\"@id\":\"https:\/\/www.manaus.am.gov.br\/immu\/acao\/operacao-modais-transporte\/#primaryimage\",\"url\":\"https:\/\/www.manaus.am.gov.br\/immu\/wp-content\/uploads\/sites\/14\/2024\/02\/OPERACAO-2.jpg\",\"contentUrl\":\"https:\/\/www.manaus.am.gov.br\/immu\/wp-content\/uploads\/sites\/14\/2024\/02\/OPERACAO-2.jpg\",\"width\":800,\"height\":450,\"caption\":\"Equipes do IMMU fiscalizam modais de transportes\"},{\"@type\":\"BreadcrumbList\",\"@id\":\"https:\/\/www.manaus.am.gov.br\/immu\/acao\/operacao-modais-transporte\/#breadcrumb\",\"itemListElement\":[{\"@type\":\"ListItem\",\"position\":1,\"name\":\"Home\",\"item\":\"https:\/\/www.manaus.am.gov.br\/immu\/\"},{\"@type\":\"ListItem\",\"position\":2,\"name\":\"Prefeitura realiza opera\u00e7\u00e3o de fiscaliza\u00e7\u00e3o em modais de transportes\"}]},{\"@type\":\"WebSite\",\"@id\":\"https:\/\/www.manaus.am.gov.br\/immu\/#website\",\"url\":\"https:\/\/www.manaus.am.gov.br\/immu\/\",\"name\":\"IMMU\",\"description\":\"Prefeitura de Manaus\",\"potentialAction\":[{\"@type\":\"SearchAction\",\"target\":{\"@type\":\"EntryPoint\",\"urlTemplate\":\"https:\/\/www.manaus.am.gov.br\/immu\/?s={search_term_string}\"},\"query-input\":\"required name=search_term_string\"}],\"inLanguage\":\"pt-BR\"},{\"@type\":\"Person\",\"@id\":\"https:\/\/www.manaus.am.gov.br\/immu\/#\/schema\/person\/466a0e03ae4b6062809046bd560ac955\",\"name\":\"bvalente\",\"image\":{\"@type\":\"ImageObject\",\"inLanguage\":\"pt-BR\",\"@id\":\"https:\/\/www.manaus.am.gov.br\/immu\/#\/schema\/person\/image\/\",\"url\":\"https:\/\/secure.gravatar.com\/avatar\/3e69bc2b014bdad41adfec3a39de07d2?s=96&d=mm&r=g\",\"contentUrl\":\"https:\/\/secure.gravatar.com\/avatar\/3e69bc2b014bdad41adfec3a39de07d2?s=96&d=mm&r=g\",\"caption\":\"bvalente\"}}]}<\/script>\n<!-- \/ Yoast SEO plugin. -->","yoast_head_json":{"title":"Prefeitura realiza fiscaliza\u00e7\u00e3o em modais de transportes","description":"A Prefeitura de Manaus iniciou, nesta quarta-feira, 21\/2, uma importante opera\u00e7\u00e3o de fiscaliza\u00e7\u00e3o na capital amazonense.","robots":{"index":"noindex","follow":"follow"},"og_locale":"pt_BR","og_type":"article","og_title":"Prefeitura realiza fiscaliza\u00e7\u00e3o em modais de transportes","og_description":"A Prefeitura de Manaus iniciou, nesta quarta-feira, 21\/2, uma importante opera\u00e7\u00e3o de fiscaliza\u00e7\u00e3o na capital amazonense.","og_url":"https:\/\/www.manaus.am.gov.br\/immu\/acao\/operacao-modais-transporte\/","og_site_name":"IMMU","article_published_time":"2024-02-21T18:59:47+00:00","article_modified_time":"2024-02-21T19:00:58+00:00","og_image":[{"width":800,"height":450,"url":"https:\/\/www.manaus.am.gov.br\/immu\/wp-content\/uploads\/sites\/14\/2024\/02\/OPERACAO-2.jpg","type":"image\/jpeg"}],"author":"bvalente","twitter_card":"summary_large_image","twitter_misc":{"Written by":"bvalente","Est. reading time":"2 minutos"},"schema":{"@context":"https:\/\/schema.org","@graph":[{"@type":"WebPage","@id":"https:\/\/www.manaus.am.gov.br\/immu\/acao\/operacao-modais-transporte\/","url":"https:\/\/www.manaus.am.gov.br\/immu\/acao\/operacao-modais-transporte\/","name":"Prefeitura realiza fiscaliza\u00e7\u00e3o em modais de transportes","isPartOf":{"@id":"https:\/\/www.manaus.am.gov.br\/immu\/#website"},"primaryImageOfPage":{"@id":"https:\/\/www.manaus.am.gov.br\/immu\/acao\/operacao-modais-transporte\/#primaryimage"},"image":{"@id":"https:\/\/www.manaus.am.gov.br\/immu\/acao\/operacao-modais-transporte\/#primaryimage"},"thumbnailUrl":"https:\/\/www.manaus.am.gov.br\/immu\/wp-content\/uploads\/sites\/14\/2024\/02\/OPERACAO-2.jpg","datePublished":"2024-02-21T18:59:47+00:00","dateModified":"2024-02-21T19:00:58+00:00","author":{"@id":"https:\/\/www.manaus.am.gov.br\/immu\/#\/schema\/person\/466a0e03ae4b6062809046bd560ac955"},"description":"A Prefeitura de Manaus iniciou, nesta quarta-feira, 21\/2, uma importante opera\u00e7\u00e3o de fiscaliza\u00e7\u00e3o na capital amazonense.","breadcrumb":{"@id":"https:\/\/www.manaus.am.gov.br\/immu\/acao\/operacao-modais-transporte\/#breadcrumb"},"inLanguage":"pt-BR","potentialAction":[{"@type":"ReadAction","target":["https:\/\/www.manaus.am.gov.br\/immu\/acao\/operacao-modais-transporte\/"]}]},{"@type":"ImageObject","inLanguage":"pt-BR","@id":"https:\/\/www.manaus.am.gov.br\/immu\/acao\/operacao-modais-transporte\/#primaryimage","url":"https:\/\/www.manaus.am.gov.br\/immu\/wp-content\/uploads\/sites\/14\/2024\/02\/OPERACAO-2.jpg","contentUrl":"https:\/\/www.manaus.am.gov.br\/immu\/wp-content\/uploads\/sites\/14\/2024\/02\/OPERACAO-2.jpg","width":800,"height":450,"caption":"Equipes do IMMU fiscalizam modais de transportes"},{"@type":"BreadcrumbList","@id":"https:\/\/www.manaus.am.gov.br\/immu\/acao\/operacao-modais-transporte\/#breadcrumb","itemListElement":[{"@type":"ListItem","position":1,"name":"Home","item":"https:\/\/www.manaus.am.gov.br\/immu\/"},{"@type":"ListItem","position":2,"name":"Prefeitura realiza opera\u00e7\u00e3o de fiscaliza\u00e7\u00e3o em modais de transportes"}]},{"@type":"WebSite","@id":"https:\/\/www.manaus.am.gov.br\/immu\/#website","url":"https:\/\/www.manaus.am.gov.br\/immu\/","name":"IMMU","description":"Prefeitura de Manaus","potentialAction":[{"@type":"SearchAction","target":{"@type":"EntryPoint","urlTemplate":"https:\/\/www.manaus.am.gov.br\/immu\/?s={search_term_string}"},"query-input":"required name=search_term_string"}],"inLanguage":"pt-BR"},{"@type":"Person","@id":"https:\/\/www.manaus.am.gov.br\/immu\/#\/schema\/person\/466a0e03ae4b6062809046bd560ac955","name":"bvalente","image":{"@type":"ImageObject","inLanguage":"pt-BR","@id":"https:\/\/www.manaus.am.gov.br\/immu\/#\/schema\/person\/image\/","url":"https:\/\/secure.gravatar.com\/avatar\/3e69bc2b014bdad41adfec3a39de07d2?s=96&d=mm&r=g","contentUrl":"https:\/\/secure.gravatar.com\/avatar\/3e69bc2b014bdad41adfec3a39de07d2?s=96&d=mm&r=g","caption":"bvalente"}}]}},"_links":{"self":[{"href":"https:\/\/www.manaus.am.gov.br\/immu\/wp-json\/wp\/v2\/posts\/2027"}],"collection":[{"href":"https:\/\/www.manaus.am.gov.br\/immu\/wp-json\/wp\/v2\/posts"}],"about":[{"href":"https:\/\/www.manaus.am.gov.br\/immu\/wp-json\/wp\/v2\/types\/post"}],"author":[{"embeddable":true,"href":"https:\/\/www.manaus.am.gov.br\/immu\/wp-json\/wp\/v2\/users\/68"}],"replies":[{"embeddable":true,"href":"https:\/\/www.manaus.am.gov.br\/immu\/wp-json\/wp\/v2\/comments?post=2027"}],"version-history":[{"count":1,"href":"https:\/\/www.manaus.am.gov.br\/immu\/wp-json\/wp\/v2\/posts\/2027\/revisions"}],"predecessor-version":[{"id":2029,"href":"https:\/\/www.manaus.am.gov.br\/immu\/wp-json\/wp\/v2\/posts\/2027\/revisions\/2029"}],"wp:featuredmedia":[{"embeddable":true,"href":"https:\/\/www.manaus.am.gov.br\/immu\/wp-json\/wp\/v2\/media\/2028"}],"wp:attachment":[{"href":"https:\/\/www.manaus.am.gov.br\/immu\/wp-json\/wp\/v2\/media?parent=2027"}],"wp:term":[{"taxonomy":"category","embeddable":true,"href":"https:\/\/www.manaus.am.gov.br\/immu\/wp-json\/wp\/v2\/categories?post=2027"},{"taxonomy":"post_tag","embeddable":true,"href":"https:\/\/www.manaus.am.gov.br\/immu\/wp-json\/wp\/v2\/tags?post=2027"}],"curies":[{"name":"wp","href":"https:\/\/api.w.org\/{rel}","templated":true}]}}