{"id":2022,"date":"2024-02-20T13:53:55","date_gmt":"2024-02-20T17:53:55","guid":{"rendered":"https:\/\/www.manaus.am.gov.br\/immu\/sem-categoria\/cartao-passafacil-agora-pode-ser-recarregado-via-recargapay\/"},"modified":"2024-02-20T13:55:25","modified_gmt":"2024-02-20T17:55:25","slug":"passafacil-recarga-immu","status":"publish","type":"post","link":"https:\/\/www.manaus.am.gov.br\/immu\/transporte\/passafacil-recarga-immu\/","title":{"rendered":"Cart\u00e3o PassaF\u00e1cil agora pode ser recarregado via RecargaPay"},"content":{"rendered":"\n<p>A Prefeitura de Manaus, por meio do Instituto Municipal de Mobilidade Urbana (IMMU), em parceria com o Sindicato das Empresas de Transporte de Passageiros do Amazonas (Sinetram), passa a ofertar aos usu\u00e1rios do transporte coletivo de Manaus que utilizam o cart\u00e3o PassaF\u00e1cil mais um canal para realizar suas recargas: o app de pagamentos RecargaPay. De forma f\u00e1cil e r\u00e1pida, a novidade chega para facilitar a vida dos passageiros, que agora podem abastecer seus cart\u00f5es de qualquer lugar e em qualquer hor\u00e1rio por meio do seu smartphone, evitando filas.<br><\/p>\n\n\n\n<p>\u201cEssa novidade \u00e9 mais um avan\u00e7o que est\u00e1 dentro do programa de melhorias do transporte coletivo que o prefeito David Almeida tem implementado. Esse avan\u00e7o chega para aquelas pessoas que n\u00e3o t\u00eam como pagar em dinheiro na hora, mas tem o seu cart\u00e3o e agora um novo recurso que \u00e9 pr\u00e1tico de controlar\u201d, afirmou o diretor-presidente do IMMU, Paulo Henrique Martins.<br><\/p>\n\n\n\n<p>Como parte do lan\u00e7amento, o app ainda dar\u00e1 R$ 20 de cashback para os novos clientes que recarregarem o seu cart\u00e3o PassaF\u00e1cil. Ou seja, os passageiros que baixarem o app por meio do link <a href=\"http:\/\/recargapay.com.br\/r\/campaingsmanaus\">recargapay.com.br\/r\/campaingsmanaus<\/a> e fizerem uma recarga, ganham R$ 20 para usarem em transa\u00e7\u00f5es de Pix com cart\u00e3o de cr\u00e9dito no RecargaPay.<br><\/p>\n\n\n\n<p>O gerente comercial do RecargaPay, Rafael Lagos, explicou que o aplicativo, al\u00e9m de n\u00e3o ter custo nenhum para fazer o download, est\u00e1 dispon\u00edvel para Android e iOS. \u201cAl\u00e9m de n\u00e3o ter custo adicional no valor da tarifa, ele tamb\u00e9m traz alguns benef\u00edcios, como a comodidade de poder fazer a recarga do cart\u00e3o de transporte de dentro de casa, sem pegar fila. Tamb\u00e9m temos a possibilidade de m\u00e9todos de pagamentos adicionais por meio de cart\u00f5es de cr\u00e9dito e d\u00e9bito, com o Pix, ou at\u00e9 mesmo com dinheiro da Wallet na pr\u00f3pria carteira digital do RecargaPay\u201d.<br><\/p>\n\n\n\n<p>O RecargaPay \u00e9 gratuito. Para utilizar o servi\u00e7o de recarga, basta fazer o cadastro e acessar \u201cRecarga de Transporte\u201d na p\u00e1gina inicial. Ali, o cliente seleciona o PassaF\u00e1cil e escolhe o valor que quer colocar. O valor da passagem \u00e9 o mesmo valor da tarifa vigente, e o pagamento pode ser com o saldo da carteira digital ou via cart\u00e3o de cr\u00e9dito, inclusive, com a possibilidade de pagar em at\u00e9 12x.<br><\/p>\n\n\n\n<p>Com a maior cobertura do Brasil em servi\u00e7o de recargas, o RecargaPay j\u00e1 disponibiliza a recarga de mais de 30 cart\u00f5es de transporte pelo pa\u00eds, alcan\u00e7ando mais de 60 cidades brasileiras. Al\u00e9m da recarga de cart\u00e3o de transporte, o RecargaPay tamb\u00e9m permite o pagamento de contas com qualquer cart\u00e3o de cr\u00e9dito, transa\u00e7\u00f5es com Pix, recarga de celular, vales-presente, entre outros.<br><\/p>\n\n\n\n<p>A novidade agradou o universit\u00e1rio Ant\u00f4nio Mour\u00e3o, que parabenizou a moderniza\u00e7\u00e3o dos meios de pagamento do transporte em Manaus. \u201cVai ajudar bastante, j\u00e1 que agora voc\u00ea n\u00e3o vai ficar dependente de ter que se locomover at\u00e9 o terminal para fazer essa recarga, isso me atrapalhava muitas vezes, porque eu tinha que ir de muito longe. Agora vai ficar bastante pr\u00e1tico para mim\u201d, disse.<br><br><strong>Como adquirir o PassaF\u00e1cil?<\/strong><strong><\/strong><\/p>\n\n\n\n<p>Para adquirir o cart\u00e3o PassaF\u00e1cil, modalidade comum, \u00e9 necess\u00e1rio apenas agendar o servi\u00e7o pelo app \u2018Cad\u00ea meu \u00f4nibus\u2019 ou solicitar a emiss\u00e3o por meio do atendimento virtual da Sindy no n\u00famero (92) 99194-9292, para retirar em um dos terminais ou receber em casa solicitando o servi\u00e7o de delivery e pagando a taxa de entrega.<br><\/p>\n\n\n\n<p>Para a modalidade vale-transporte \u00e9 necess\u00e1rio uma solicita\u00e7\u00e3o da empresa empregadora diretamente com o setor de atendimento Pessoa Jur\u00eddica do Sinetram, em seguida o trabalhador pode emitir seu cart\u00e3o em um dos postos do Sinetram (sede ou posto do shopping Phelippe Daou) sem necessidade de agendamento.<br><\/p>\n\n\n\n<p>J\u00e1 o cart\u00e3o estudantil, pode ser solicitado com agendamento ou pelo mesmo servi\u00e7o on-line do comum ap\u00f3s o aluno confirmar o status de aprovado do seu benef\u00edcio no site <a href=\"http:\/\/estudantesmanaus.am.gov.br\/\">estudantesmanaus.am.gov.br<\/a>. A primeira via do cart\u00e3o para todas as modalidades \u00e9 gratuita, e para a segunda via \u00e9 cobrada uma taxa de R$ 15. Os atendimentos presenciais agendados acontecem de segunda a sexta, das 7h \u00e0s 16h45.<\/p>\n\n\n\n<p><strong>Sobre a RecargaPay<\/strong><\/p>\n\n\n\n<p>RecargaPay \u00e9 o app de pagamentos que est\u00e1 simplificando a maneira como clientes, pequenas e m\u00e9dias empresas em todo o Brasil lidam com as suas finan\u00e7as no dia a dia.<\/p>\n\n\n\n<p>Com a miss\u00e3o de democratizar pagamentos m\u00f3veis e servi\u00e7os financeiros no Brasil, a plataforma facilita os pagamentos do dia a dia para milh\u00f5es de brasileiros, bancarizados e desbancarizados. Nela, \u00e9 poss\u00edvel consolidar cart\u00f5es de cr\u00e9dito e d\u00e9bito, realizar pagamentos instant\u00e2neos como Pix e Open Finance, e utilizar servi\u00e7os projetados com conveni\u00eancia, baixo custo e flexibilidade, como pagamento de contas, recargas de celular, recargas de bilhetes de transporte p\u00fablico, parcelamentos, empr\u00e9stimos e muito mais.<\/p>\n\n\n\n<p><br>&#8212; &#8212; &#8212;<\/p>\n\n\n\n<p><strong>Texto<\/strong> &#8211; Naira Nascimento \/ IMMU<br><strong>Foto<\/strong> \u2013 Jo\u00e3o Viana \/ Semcom<br><strong>Dispon\u00edveis em &#8211; <\/strong><a href=\"https:\/\/flic.kr\/s\/aHBqjBeMLN\">https:\/\/flic.kr\/s\/aHBqjBeMLN<\/a><\/p>\n","protected":false},"excerpt":{"rendered":"","protected":false},"author":68,"featured_media":2023,"comment_status":"closed","ping_status":"closed","sticky":false,"template":"","format":"standard","meta":{"footnotes":""},"categories":[93],"tags":[1415,6,285],"acf":[],"yoast_head":"<!-- This site is optimized with the Yoast SEO plugin v23.0 - https:\/\/yoast.com\/wordpress\/plugins\/seo\/ -->\n<title>Cart\u00e3o PassaF\u00e1cil agora pode ser recarregado via RecargaPay<\/title>\n<meta name=\"description\" content=\"A Prefeitura passa a ofertar aos usu\u00e1rios do transporte coletivo que utilizam o cart\u00e3o PassaF\u00e1cil, o app de pagamentos RecargaPay.\" \/>\n<meta name=\"robots\" content=\"noindex, follow\" \/>\n<meta property=\"og:locale\" content=\"pt_BR\" \/>\n<meta property=\"og:type\" content=\"article\" \/>\n<meta property=\"og:title\" content=\"Cart\u00e3o PassaF\u00e1cil agora pode ser recarregado via RecargaPay\" \/>\n<meta property=\"og:description\" content=\"A Prefeitura passa a ofertar aos usu\u00e1rios do transporte coletivo que utilizam o cart\u00e3o PassaF\u00e1cil, o app de pagamentos RecargaPay.\" \/>\n<meta property=\"og:url\" content=\"https:\/\/www.manaus.am.gov.br\/immu\/transporte\/passafacil-recarga-immu\/\" \/>\n<meta property=\"og:site_name\" content=\"IMMU\" \/>\n<meta property=\"article:published_time\" content=\"2024-02-20T17:53:55+00:00\" \/>\n<meta property=\"article:modified_time\" content=\"2024-02-20T17:55:25+00:00\" \/>\n<meta property=\"og:image\" content=\"https:\/\/www.manaus.am.gov.br\/immu\/wp-content\/uploads\/sites\/14\/2024\/02\/PASSAFACIL-3.jpg\" \/>\n\t<meta property=\"og:image:width\" content=\"799\" \/>\n\t<meta property=\"og:image:height\" content=\"533\" \/>\n\t<meta property=\"og:image:type\" content=\"image\/jpeg\" \/>\n<meta name=\"author\" content=\"bvalente\" \/>\n<meta name=\"twitter:card\" content=\"summary_large_image\" \/>\n<meta name=\"twitter:label1\" content=\"Written by\" \/>\n\t<meta name=\"twitter:data1\" content=\"bvalente\" \/>\n\t<meta name=\"twitter:label2\" content=\"Est. reading time\" \/>\n\t<meta name=\"twitter:data2\" content=\"5 minutos\" \/>\n<script type=\"application\/ld+json\" class=\"yoast-schema-graph\">{\"@context\":\"https:\/\/schema.org\",\"@graph\":[{\"@type\":\"WebPage\",\"@id\":\"https:\/\/www.manaus.am.gov.br\/immu\/transporte\/passafacil-recarga-immu\/\",\"url\":\"https:\/\/www.manaus.am.gov.br\/immu\/transporte\/passafacil-recarga-immu\/\",\"name\":\"Cart\u00e3o PassaF\u00e1cil agora pode ser recarregado via RecargaPay\",\"isPartOf\":{\"@id\":\"https:\/\/www.manaus.am.gov.br\/immu\/#website\"},\"primaryImageOfPage\":{\"@id\":\"https:\/\/www.manaus.am.gov.br\/immu\/transporte\/passafacil-recarga-immu\/#primaryimage\"},\"image\":{\"@id\":\"https:\/\/www.manaus.am.gov.br\/immu\/transporte\/passafacil-recarga-immu\/#primaryimage\"},\"thumbnailUrl\":\"https:\/\/www.manaus.am.gov.br\/immu\/wp-content\/uploads\/sites\/14\/2024\/02\/PASSAFACIL-3.jpg\",\"datePublished\":\"2024-02-20T17:53:55+00:00\",\"dateModified\":\"2024-02-20T17:55:25+00:00\",\"author\":{\"@id\":\"https:\/\/www.manaus.am.gov.br\/immu\/#\/schema\/person\/466a0e03ae4b6062809046bd560ac955\"},\"description\":\"A Prefeitura passa a ofertar aos usu\u00e1rios do transporte coletivo que utilizam o cart\u00e3o PassaF\u00e1cil, o app de pagamentos RecargaPay.\",\"breadcrumb\":{\"@id\":\"https:\/\/www.manaus.am.gov.br\/immu\/transporte\/passafacil-recarga-immu\/#breadcrumb\"},\"inLanguage\":\"pt-BR\",\"potentialAction\":[{\"@type\":\"ReadAction\",\"target\":[\"https:\/\/www.manaus.am.gov.br\/immu\/transporte\/passafacil-recarga-immu\/\"]}]},{\"@type\":\"ImageObject\",\"inLanguage\":\"pt-BR\",\"@id\":\"https:\/\/www.manaus.am.gov.br\/immu\/transporte\/passafacil-recarga-immu\/#primaryimage\",\"url\":\"https:\/\/www.manaus.am.gov.br\/immu\/wp-content\/uploads\/sites\/14\/2024\/02\/PASSAFACIL-3.jpg\",\"contentUrl\":\"https:\/\/www.manaus.am.gov.br\/immu\/wp-content\/uploads\/sites\/14\/2024\/02\/PASSAFACIL-3.jpg\",\"width\":799,\"height\":533,\"caption\":\"Cart\u00e3o PassaF\u00e1cil agora pode ser recarregado via RecargaPay\"},{\"@type\":\"BreadcrumbList\",\"@id\":\"https:\/\/www.manaus.am.gov.br\/immu\/transporte\/passafacil-recarga-immu\/#breadcrumb\",\"itemListElement\":[{\"@type\":\"ListItem\",\"position\":1,\"name\":\"Home\",\"item\":\"https:\/\/www.manaus.am.gov.br\/immu\/\"},{\"@type\":\"ListItem\",\"position\":2,\"name\":\"Cart\u00e3o PassaF\u00e1cil agora pode ser recarregado via RecargaPay\"}]},{\"@type\":\"WebSite\",\"@id\":\"https:\/\/www.manaus.am.gov.br\/immu\/#website\",\"url\":\"https:\/\/www.manaus.am.gov.br\/immu\/\",\"name\":\"IMMU\",\"description\":\"Prefeitura de Manaus\",\"potentialAction\":[{\"@type\":\"SearchAction\",\"target\":{\"@type\":\"EntryPoint\",\"urlTemplate\":\"https:\/\/www.manaus.am.gov.br\/immu\/?s={search_term_string}\"},\"query-input\":\"required name=search_term_string\"}],\"inLanguage\":\"pt-BR\"},{\"@type\":\"Person\",\"@id\":\"https:\/\/www.manaus.am.gov.br\/immu\/#\/schema\/person\/466a0e03ae4b6062809046bd560ac955\",\"name\":\"bvalente\",\"image\":{\"@type\":\"ImageObject\",\"inLanguage\":\"pt-BR\",\"@id\":\"https:\/\/www.manaus.am.gov.br\/immu\/#\/schema\/person\/image\/\",\"url\":\"https:\/\/secure.gravatar.com\/avatar\/3e69bc2b014bdad41adfec3a39de07d2?s=96&d=mm&r=g\",\"contentUrl\":\"https:\/\/secure.gravatar.com\/avatar\/3e69bc2b014bdad41adfec3a39de07d2?s=96&d=mm&r=g\",\"caption\":\"bvalente\"}}]}<\/script>\n<!-- \/ Yoast SEO plugin. -->","yoast_head_json":{"title":"Cart\u00e3o PassaF\u00e1cil agora pode ser recarregado via RecargaPay","description":"A Prefeitura passa a ofertar aos usu\u00e1rios do transporte coletivo que utilizam o cart\u00e3o PassaF\u00e1cil, o app de pagamentos RecargaPay.","robots":{"index":"noindex","follow":"follow"},"og_locale":"pt_BR","og_type":"article","og_title":"Cart\u00e3o PassaF\u00e1cil agora pode ser recarregado via RecargaPay","og_description":"A Prefeitura passa a ofertar aos usu\u00e1rios do transporte coletivo que utilizam o cart\u00e3o PassaF\u00e1cil, o app de pagamentos RecargaPay.","og_url":"https:\/\/www.manaus.am.gov.br\/immu\/transporte\/passafacil-recarga-immu\/","og_site_name":"IMMU","article_published_time":"2024-02-20T17:53:55+00:00","article_modified_time":"2024-02-20T17:55:25+00:00","og_image":[{"width":799,"height":533,"url":"https:\/\/www.manaus.am.gov.br\/immu\/wp-content\/uploads\/sites\/14\/2024\/02\/PASSAFACIL-3.jpg","type":"image\/jpeg"}],"author":"bvalente","twitter_card":"summary_large_image","twitter_misc":{"Written by":"bvalente","Est. reading time":"5 minutos"},"schema":{"@context":"https:\/\/schema.org","@graph":[{"@type":"WebPage","@id":"https:\/\/www.manaus.am.gov.br\/immu\/transporte\/passafacil-recarga-immu\/","url":"https:\/\/www.manaus.am.gov.br\/immu\/transporte\/passafacil-recarga-immu\/","name":"Cart\u00e3o PassaF\u00e1cil agora pode ser recarregado via RecargaPay","isPartOf":{"@id":"https:\/\/www.manaus.am.gov.br\/immu\/#website"},"primaryImageOfPage":{"@id":"https:\/\/www.manaus.am.gov.br\/immu\/transporte\/passafacil-recarga-immu\/#primaryimage"},"image":{"@id":"https:\/\/www.manaus.am.gov.br\/immu\/transporte\/passafacil-recarga-immu\/#primaryimage"},"thumbnailUrl":"https:\/\/www.manaus.am.gov.br\/immu\/wp-content\/uploads\/sites\/14\/2024\/02\/PASSAFACIL-3.jpg","datePublished":"2024-02-20T17:53:55+00:00","dateModified":"2024-02-20T17:55:25+00:00","author":{"@id":"https:\/\/www.manaus.am.gov.br\/immu\/#\/schema\/person\/466a0e03ae4b6062809046bd560ac955"},"description":"A Prefeitura passa a ofertar aos usu\u00e1rios do transporte coletivo que utilizam o cart\u00e3o PassaF\u00e1cil, o app de pagamentos RecargaPay.","breadcrumb":{"@id":"https:\/\/www.manaus.am.gov.br\/immu\/transporte\/passafacil-recarga-immu\/#breadcrumb"},"inLanguage":"pt-BR","potentialAction":[{"@type":"ReadAction","target":["https:\/\/www.manaus.am.gov.br\/immu\/transporte\/passafacil-recarga-immu\/"]}]},{"@type":"ImageObject","inLanguage":"pt-BR","@id":"https:\/\/www.manaus.am.gov.br\/immu\/transporte\/passafacil-recarga-immu\/#primaryimage","url":"https:\/\/www.manaus.am.gov.br\/immu\/wp-content\/uploads\/sites\/14\/2024\/02\/PASSAFACIL-3.jpg","contentUrl":"https:\/\/www.manaus.am.gov.br\/immu\/wp-content\/uploads\/sites\/14\/2024\/02\/PASSAFACIL-3.jpg","width":799,"height":533,"caption":"Cart\u00e3o PassaF\u00e1cil agora pode ser recarregado via RecargaPay"},{"@type":"BreadcrumbList","@id":"https:\/\/www.manaus.am.gov.br\/immu\/transporte\/passafacil-recarga-immu\/#breadcrumb","itemListElement":[{"@type":"ListItem","position":1,"name":"Home","item":"https:\/\/www.manaus.am.gov.br\/immu\/"},{"@type":"ListItem","position":2,"name":"Cart\u00e3o PassaF\u00e1cil agora pode ser recarregado via RecargaPay"}]},{"@type":"WebSite","@id":"https:\/\/www.manaus.am.gov.br\/immu\/#website","url":"https:\/\/www.manaus.am.gov.br\/immu\/","name":"IMMU","description":"Prefeitura de Manaus","potentialAction":[{"@type":"SearchAction","target":{"@type":"EntryPoint","urlTemplate":"https:\/\/www.manaus.am.gov.br\/immu\/?s={search_term_string}"},"query-input":"required name=search_term_string"}],"inLanguage":"pt-BR"},{"@type":"Person","@id":"https:\/\/www.manaus.am.gov.br\/immu\/#\/schema\/person\/466a0e03ae4b6062809046bd560ac955","name":"bvalente","image":{"@type":"ImageObject","inLanguage":"pt-BR","@id":"https:\/\/www.manaus.am.gov.br\/immu\/#\/schema\/person\/image\/","url":"https:\/\/secure.gravatar.com\/avatar\/3e69bc2b014bdad41adfec3a39de07d2?s=96&d=mm&r=g","contentUrl":"https:\/\/secure.gravatar.com\/avatar\/3e69bc2b014bdad41adfec3a39de07d2?s=96&d=mm&r=g","caption":"bvalente"}}]}},"_links":{"self":[{"href":"https:\/\/www.manaus.am.gov.br\/immu\/wp-json\/wp\/v2\/posts\/2022"}],"collection":[{"href":"https:\/\/www.manaus.am.gov.br\/immu\/wp-json\/wp\/v2\/posts"}],"about":[{"href":"https:\/\/www.manaus.am.gov.br\/immu\/wp-json\/wp\/v2\/types\/post"}],"author":[{"embeddable":true,"href":"https:\/\/www.manaus.am.gov.br\/immu\/wp-json\/wp\/v2\/users\/68"}],"replies":[{"embeddable":true,"href":"https:\/\/www.manaus.am.gov.br\/immu\/wp-json\/wp\/v2\/comments?post=2022"}],"version-history":[{"count":1,"href":"https:\/\/www.manaus.am.gov.br\/immu\/wp-json\/wp\/v2\/posts\/2022\/revisions"}],"predecessor-version":[{"id":2024,"href":"https:\/\/www.manaus.am.gov.br\/immu\/wp-json\/wp\/v2\/posts\/2022\/revisions\/2024"}],"wp:featuredmedia":[{"embeddable":true,"href":"https:\/\/www.manaus.am.gov.br\/immu\/wp-json\/wp\/v2\/media\/2023"}],"wp:attachment":[{"href":"https:\/\/www.manaus.am.gov.br\/immu\/wp-json\/wp\/v2\/media?parent=2022"}],"wp:term":[{"taxonomy":"category","embeddable":true,"href":"https:\/\/www.manaus.am.gov.br\/immu\/wp-json\/wp\/v2\/categories?post=2022"},{"taxonomy":"post_tag","embeddable":true,"href":"https:\/\/www.manaus.am.gov.br\/immu\/wp-json\/wp\/v2\/tags?post=2022"}],"curies":[{"name":"wp","href":"https:\/\/api.w.org\/{rel}","templated":true}]}}