{"id":2005,"date":"2024-02-09T13:57:21","date_gmt":"2024-02-09T17:57:21","guid":{"rendered":"https:\/\/www.manaus.am.gov.br\/immu\/sem-categoria\/carnaval-bandaas-blocos-transito\/"},"modified":"2024-02-09T13:57:22","modified_gmt":"2024-02-09T17:57:22","slug":"carnaval-bandaas-blocos-transito","status":"publish","type":"post","link":"https:\/\/www.manaus.am.gov.br\/immu\/carnaval-de-rua\/carnaval-bandaas-blocos-transito\/","title":{"rendered":"Prefeitura organiza tr\u00e2nsito e transporte para seguran\u00e7a em bandas de Carnaval"},"content":{"rendered":"\n<p>Em mais um fim de semana carnavalesco, a Prefeitura de Manaus, por meio do Instituto Municipal de Mobilidade Urbana (IMMU) vai colocar o &#8220;bloco&#8221; nas ruas com agentes de Tr\u00e2nsito e fiscais de Transporte, para orientar motoristas e usu\u00e1rios do transporte sobre interdi\u00e7\u00f5es no tr\u00e2nsito e melhores caminhos para chegar aos festejos.<\/p>\n\n\n\n<p>Um dos eventos onde as equipes do IMMU estar\u00e3o presentes ser\u00e1 na Banda do Educandos, que inicia no s\u00e1bado, 10\/2, e segue at\u00e9 ter\u00e7a-feira, 13. As interdi\u00e7\u00f5es em vias pr\u00f3ximas \u00e0 avenida Rio Negro \u2013 o popular Amarelinho \u2013 iniciam \u00e0s 14h e se estendem at\u00e9 a 1h do dia seguinte e atingem as vias: avenida Rio Negro, entre avenida Leopoldo P\u00e9res e rua Am\u00e2ncio de Miranda; e rua Inoc\u00eancio de Ara\u00fajo, entre avenida Rio Negro e rua Manoel Urbano.<\/p>\n\n\n\n<p>Os ve\u00edculos que trafegam pela avenida Leopoldo P\u00e9res e rua Vista Alegre, em dire\u00e7\u00e3o ao Amarelinho ou \u00e0 ponte de Educandos devem acessar a rua Manoel Urbano, ao lado da usina Americana, converter \u00e0 esquerda e, ao lado da igreja, converter \u00e0 direita para a rua Inoc\u00eancio de Ara\u00fajo em dire\u00e7\u00e3o \u00e0 ponte de Educandos.<\/p>\n\n\n\n<p>Os condutores que trafegam pela rua Am\u00e2ncio de Miranda em dire\u00e7\u00e3o \u00e0 avenida Leopoldo P\u00e9res ou \u00e0 rua Vista Alegre, devem acessar a rua Inoc\u00eancio de Ara\u00fajo \u00e0 esquerda (sorveteria) seguir para a ponte de Educandos, converter \u00e0 direita para a rua Isabel, \u00e0 direita&nbsp; para a rua Jos\u00e9&nbsp; Paranagu\u00e1 e \u00e0 esquerda para a avenida Louren\u00e7o da Silva Braga em dire\u00e7\u00e3o ao bairro de Educandos.<\/p>\n\n\n\n<p>Quanto ao transporte p\u00fablico, linhas que atendem o bairro Educandos ter\u00e3o seus itiner\u00e1rios alterados conforme esquema abaixo:<\/p>\n\n\n\n<p>As linhas 704, 705 e 706: Ida: Normal at\u00e9 a avenida Leopoldo Peres, avenida Humait\u00e1, avenida Carvalho Leal, avenida Louren\u00e7o Braga, rua dos Andradas, rua Izabel, rua Quintino Bocai\u00fava, Normal.<\/p>\n\n\n\n<p>Linha 010: Volta: Normal at\u00e9 a avenida Pres. Kennedy, avenida Leopoldo P\u00e9res, avenida Louren\u00e7o da Silva Braga, avenida Leopoldo Neves, Normal.<\/p>\n\n\n\n<p>Linhas&nbsp; 004, 706, 711: Volta: Normal at\u00e9 a rua dos Andradas, avenida Louren\u00e7o da Silva Braga, avenida Leopoldo P\u00e9res, avenida Rio Negro ou avenida Pres. Kennedy, Normal.<\/p>\n\n\n\n<p><strong>&nbsp;Mais interdi\u00e7\u00f5es&nbsp;<\/strong><\/p>\n\n\n\n<p>O \u2018Carnaval do Pov\u00e3o\u2019, que ocorre na alameda Alphaville, no bairro Novo Aleixo, zona Norte, no s\u00e1bado, 10, e domingo, 11, tamb\u00e9m receber\u00e1 apoio das equipes de tr\u00e2nsito. As interdi\u00e7\u00f5es no local acontecem 16h e 23h30 atingindo a alameda Alphaville, rua Perimetral e rua Ivaipor\u00e3.<\/p>\n\n\n\n<p>O diretor-presidente do IMMU, Paulo Henrique Martins, afirmou que os eventos ter\u00e3o total apoio do \u00f3rg\u00e3o. \u201cTeremos agentes de tr\u00e2nsito monitorando os locais, de modo que todo mundo tenha orienta\u00e7\u00e3o de nossas equipes\u201d, destacou.<\/p>\n\n\n\n<p>Al\u00e9m dos dois eventos, o IMMU manter\u00e1 apoio \u00e0s demais bandas de grande porte, programadas para ocorrer durante o fim de semana at\u00e9 a quarta-feira. O suporte ser\u00e1 por meio de monitoramento e apoio \u00e0 travessia de pedestres. Ter\u00e3o aten\u00e7\u00e3o especial pelo volume de p\u00fablico, as bandas: Banda do Axerito; Banda do Vieiralves; Banda do Parque 10; Banda das Piranhas; e Banda do Galo.<\/p>\n\n\n\n<p>\u2014- \u2014 \u2014<\/p>\n\n\n\n<p><strong>Texto &#8211; <\/strong>\u00a0\u00c1lisson Castro \/ IMMU<\/p>\n\n\n\n<p><strong>Foto &#8211;<\/strong> Divulga\u00e7\u00e3o \/ IMMU<\/p>\n","protected":false},"excerpt":{"rendered":"","protected":false},"author":68,"featured_media":2006,"comment_status":"closed","ping_status":"closed","sticky":false,"template":"","format":"standard","meta":{"footnotes":""},"categories":[1404],"tags":[534,1405,6,212],"acf":[],"yoast_head":"<!-- This site is optimized with the Yoast SEO plugin v23.0 - https:\/\/yoast.com\/wordpress\/plugins\/seo\/ -->\n<title>Prefeitura organiza tr\u00e2nsito e transporte para bandas de Carnaval<\/title>\n<meta name=\"description\" content=\"Em mais um fim de semana carnavalesco, a Prefeitura de Manaus vai orientar motoristas sobre interdi\u00e7\u00f5es no tr\u00e2nsito\" \/>\n<meta name=\"robots\" content=\"noindex, follow\" \/>\n<meta property=\"og:locale\" content=\"pt_BR\" \/>\n<meta property=\"og:type\" content=\"article\" \/>\n<meta property=\"og:title\" content=\"Prefeitura organiza tr\u00e2nsito e transporte para bandas de Carnaval\" \/>\n<meta property=\"og:description\" content=\"Em mais um fim de semana carnavalesco, a Prefeitura de Manaus vai orientar motoristas sobre interdi\u00e7\u00f5es no tr\u00e2nsito\" \/>\n<meta property=\"og:url\" content=\"https:\/\/www.manaus.am.gov.br\/immu\/carnaval-de-rua\/carnaval-bandaas-blocos-transito\/\" \/>\n<meta property=\"og:site_name\" content=\"IMMU\" \/>\n<meta property=\"article:published_time\" content=\"2024-02-09T17:57:21+00:00\" \/>\n<meta property=\"article:modified_time\" content=\"2024-02-09T17:57:22+00:00\" \/>\n<meta property=\"og:image\" content=\"https:\/\/www.manaus.am.gov.br\/immu\/wp-content\/uploads\/sites\/14\/2024\/02\/Agentes-.jpg\" \/>\n\t<meta property=\"og:image:width\" content=\"800\" \/>\n\t<meta property=\"og:image:height\" content=\"400\" \/>\n\t<meta property=\"og:image:type\" content=\"image\/jpeg\" \/>\n<meta name=\"author\" content=\"bvalente\" \/>\n<meta name=\"twitter:card\" content=\"summary_large_image\" \/>\n<meta name=\"twitter:label1\" content=\"Written by\" \/>\n\t<meta name=\"twitter:data1\" content=\"bvalente\" \/>\n\t<meta name=\"twitter:label2\" content=\"Est. reading time\" \/>\n\t<meta name=\"twitter:data2\" content=\"3 minutos\" \/>\n<script type=\"application\/ld+json\" class=\"yoast-schema-graph\">{\"@context\":\"https:\/\/schema.org\",\"@graph\":[{\"@type\":\"WebPage\",\"@id\":\"https:\/\/www.manaus.am.gov.br\/immu\/carnaval-de-rua\/carnaval-bandaas-blocos-transito\/\",\"url\":\"https:\/\/www.manaus.am.gov.br\/immu\/carnaval-de-rua\/carnaval-bandaas-blocos-transito\/\",\"name\":\"Prefeitura organiza tr\u00e2nsito e transporte para bandas de Carnaval\",\"isPartOf\":{\"@id\":\"https:\/\/www.manaus.am.gov.br\/immu\/#website\"},\"primaryImageOfPage\":{\"@id\":\"https:\/\/www.manaus.am.gov.br\/immu\/carnaval-de-rua\/carnaval-bandaas-blocos-transito\/#primaryimage\"},\"image\":{\"@id\":\"https:\/\/www.manaus.am.gov.br\/immu\/carnaval-de-rua\/carnaval-bandaas-blocos-transito\/#primaryimage\"},\"thumbnailUrl\":\"https:\/\/www.manaus.am.gov.br\/immu\/wp-content\/uploads\/sites\/14\/2024\/02\/Agentes-.jpg\",\"datePublished\":\"2024-02-09T17:57:21+00:00\",\"dateModified\":\"2024-02-09T17:57:22+00:00\",\"author\":{\"@id\":\"https:\/\/www.manaus.am.gov.br\/immu\/#\/schema\/person\/466a0e03ae4b6062809046bd560ac955\"},\"description\":\"Em mais um fim de semana carnavalesco, a Prefeitura de Manaus vai orientar motoristas sobre interdi\u00e7\u00f5es no tr\u00e2nsito\",\"breadcrumb\":{\"@id\":\"https:\/\/www.manaus.am.gov.br\/immu\/carnaval-de-rua\/carnaval-bandaas-blocos-transito\/#breadcrumb\"},\"inLanguage\":\"pt-BR\",\"potentialAction\":[{\"@type\":\"ReadAction\",\"target\":[\"https:\/\/www.manaus.am.gov.br\/immu\/carnaval-de-rua\/carnaval-bandaas-blocos-transito\/\"]}]},{\"@type\":\"ImageObject\",\"inLanguage\":\"pt-BR\",\"@id\":\"https:\/\/www.manaus.am.gov.br\/immu\/carnaval-de-rua\/carnaval-bandaas-blocos-transito\/#primaryimage\",\"url\":\"https:\/\/www.manaus.am.gov.br\/immu\/wp-content\/uploads\/sites\/14\/2024\/02\/Agentes-.jpg\",\"contentUrl\":\"https:\/\/www.manaus.am.gov.br\/immu\/wp-content\/uploads\/sites\/14\/2024\/02\/Agentes-.jpg\",\"width\":800,\"height\":400,\"caption\":\"Agentes de tr\u00e2nsito orientam motoristas e pedestres\"},{\"@type\":\"BreadcrumbList\",\"@id\":\"https:\/\/www.manaus.am.gov.br\/immu\/carnaval-de-rua\/carnaval-bandaas-blocos-transito\/#breadcrumb\",\"itemListElement\":[{\"@type\":\"ListItem\",\"position\":1,\"name\":\"Home\",\"item\":\"https:\/\/www.manaus.am.gov.br\/immu\/\"},{\"@type\":\"ListItem\",\"position\":2,\"name\":\"Prefeitura organiza tr\u00e2nsito e transporte para seguran\u00e7a em bandas de Carnaval\"}]},{\"@type\":\"WebSite\",\"@id\":\"https:\/\/www.manaus.am.gov.br\/immu\/#website\",\"url\":\"https:\/\/www.manaus.am.gov.br\/immu\/\",\"name\":\"IMMU\",\"description\":\"Prefeitura de Manaus\",\"potentialAction\":[{\"@type\":\"SearchAction\",\"target\":{\"@type\":\"EntryPoint\",\"urlTemplate\":\"https:\/\/www.manaus.am.gov.br\/immu\/?s={search_term_string}\"},\"query-input\":\"required name=search_term_string\"}],\"inLanguage\":\"pt-BR\"},{\"@type\":\"Person\",\"@id\":\"https:\/\/www.manaus.am.gov.br\/immu\/#\/schema\/person\/466a0e03ae4b6062809046bd560ac955\",\"name\":\"bvalente\",\"image\":{\"@type\":\"ImageObject\",\"inLanguage\":\"pt-BR\",\"@id\":\"https:\/\/www.manaus.am.gov.br\/immu\/#\/schema\/person\/image\/\",\"url\":\"https:\/\/secure.gravatar.com\/avatar\/3e69bc2b014bdad41adfec3a39de07d2?s=96&d=mm&r=g\",\"contentUrl\":\"https:\/\/secure.gravatar.com\/avatar\/3e69bc2b014bdad41adfec3a39de07d2?s=96&d=mm&r=g\",\"caption\":\"bvalente\"}}]}<\/script>\n<!-- \/ Yoast SEO plugin. -->","yoast_head_json":{"title":"Prefeitura organiza tr\u00e2nsito e transporte para bandas de Carnaval","description":"Em mais um fim de semana carnavalesco, a Prefeitura de Manaus vai orientar motoristas sobre interdi\u00e7\u00f5es no tr\u00e2nsito","robots":{"index":"noindex","follow":"follow"},"og_locale":"pt_BR","og_type":"article","og_title":"Prefeitura organiza tr\u00e2nsito e transporte para bandas de Carnaval","og_description":"Em mais um fim de semana carnavalesco, a Prefeitura de Manaus vai orientar motoristas sobre interdi\u00e7\u00f5es no tr\u00e2nsito","og_url":"https:\/\/www.manaus.am.gov.br\/immu\/carnaval-de-rua\/carnaval-bandaas-blocos-transito\/","og_site_name":"IMMU","article_published_time":"2024-02-09T17:57:21+00:00","article_modified_time":"2024-02-09T17:57:22+00:00","og_image":[{"width":800,"height":400,"url":"https:\/\/www.manaus.am.gov.br\/immu\/wp-content\/uploads\/sites\/14\/2024\/02\/Agentes-.jpg","type":"image\/jpeg"}],"author":"bvalente","twitter_card":"summary_large_image","twitter_misc":{"Written by":"bvalente","Est. reading time":"3 minutos"},"schema":{"@context":"https:\/\/schema.org","@graph":[{"@type":"WebPage","@id":"https:\/\/www.manaus.am.gov.br\/immu\/carnaval-de-rua\/carnaval-bandaas-blocos-transito\/","url":"https:\/\/www.manaus.am.gov.br\/immu\/carnaval-de-rua\/carnaval-bandaas-blocos-transito\/","name":"Prefeitura organiza tr\u00e2nsito e transporte para bandas de Carnaval","isPartOf":{"@id":"https:\/\/www.manaus.am.gov.br\/immu\/#website"},"primaryImageOfPage":{"@id":"https:\/\/www.manaus.am.gov.br\/immu\/carnaval-de-rua\/carnaval-bandaas-blocos-transito\/#primaryimage"},"image":{"@id":"https:\/\/www.manaus.am.gov.br\/immu\/carnaval-de-rua\/carnaval-bandaas-blocos-transito\/#primaryimage"},"thumbnailUrl":"https:\/\/www.manaus.am.gov.br\/immu\/wp-content\/uploads\/sites\/14\/2024\/02\/Agentes-.jpg","datePublished":"2024-02-09T17:57:21+00:00","dateModified":"2024-02-09T17:57:22+00:00","author":{"@id":"https:\/\/www.manaus.am.gov.br\/immu\/#\/schema\/person\/466a0e03ae4b6062809046bd560ac955"},"description":"Em mais um fim de semana carnavalesco, a Prefeitura de Manaus vai orientar motoristas sobre interdi\u00e7\u00f5es no tr\u00e2nsito","breadcrumb":{"@id":"https:\/\/www.manaus.am.gov.br\/immu\/carnaval-de-rua\/carnaval-bandaas-blocos-transito\/#breadcrumb"},"inLanguage":"pt-BR","potentialAction":[{"@type":"ReadAction","target":["https:\/\/www.manaus.am.gov.br\/immu\/carnaval-de-rua\/carnaval-bandaas-blocos-transito\/"]}]},{"@type":"ImageObject","inLanguage":"pt-BR","@id":"https:\/\/www.manaus.am.gov.br\/immu\/carnaval-de-rua\/carnaval-bandaas-blocos-transito\/#primaryimage","url":"https:\/\/www.manaus.am.gov.br\/immu\/wp-content\/uploads\/sites\/14\/2024\/02\/Agentes-.jpg","contentUrl":"https:\/\/www.manaus.am.gov.br\/immu\/wp-content\/uploads\/sites\/14\/2024\/02\/Agentes-.jpg","width":800,"height":400,"caption":"Agentes de tr\u00e2nsito orientam motoristas e pedestres"},{"@type":"BreadcrumbList","@id":"https:\/\/www.manaus.am.gov.br\/immu\/carnaval-de-rua\/carnaval-bandaas-blocos-transito\/#breadcrumb","itemListElement":[{"@type":"ListItem","position":1,"name":"Home","item":"https:\/\/www.manaus.am.gov.br\/immu\/"},{"@type":"ListItem","position":2,"name":"Prefeitura organiza tr\u00e2nsito e transporte para seguran\u00e7a em bandas de Carnaval"}]},{"@type":"WebSite","@id":"https:\/\/www.manaus.am.gov.br\/immu\/#website","url":"https:\/\/www.manaus.am.gov.br\/immu\/","name":"IMMU","description":"Prefeitura de Manaus","potentialAction":[{"@type":"SearchAction","target":{"@type":"EntryPoint","urlTemplate":"https:\/\/www.manaus.am.gov.br\/immu\/?s={search_term_string}"},"query-input":"required name=search_term_string"}],"inLanguage":"pt-BR"},{"@type":"Person","@id":"https:\/\/www.manaus.am.gov.br\/immu\/#\/schema\/person\/466a0e03ae4b6062809046bd560ac955","name":"bvalente","image":{"@type":"ImageObject","inLanguage":"pt-BR","@id":"https:\/\/www.manaus.am.gov.br\/immu\/#\/schema\/person\/image\/","url":"https:\/\/secure.gravatar.com\/avatar\/3e69bc2b014bdad41adfec3a39de07d2?s=96&d=mm&r=g","contentUrl":"https:\/\/secure.gravatar.com\/avatar\/3e69bc2b014bdad41adfec3a39de07d2?s=96&d=mm&r=g","caption":"bvalente"}}]}},"_links":{"self":[{"href":"https:\/\/www.manaus.am.gov.br\/immu\/wp-json\/wp\/v2\/posts\/2005"}],"collection":[{"href":"https:\/\/www.manaus.am.gov.br\/immu\/wp-json\/wp\/v2\/posts"}],"about":[{"href":"https:\/\/www.manaus.am.gov.br\/immu\/wp-json\/wp\/v2\/types\/post"}],"author":[{"embeddable":true,"href":"https:\/\/www.manaus.am.gov.br\/immu\/wp-json\/wp\/v2\/users\/68"}],"replies":[{"embeddable":true,"href":"https:\/\/www.manaus.am.gov.br\/immu\/wp-json\/wp\/v2\/comments?post=2005"}],"version-history":[{"count":0,"href":"https:\/\/www.manaus.am.gov.br\/immu\/wp-json\/wp\/v2\/posts\/2005\/revisions"}],"wp:featuredmedia":[{"embeddable":true,"href":"https:\/\/www.manaus.am.gov.br\/immu\/wp-json\/wp\/v2\/media\/2006"}],"wp:attachment":[{"href":"https:\/\/www.manaus.am.gov.br\/immu\/wp-json\/wp\/v2\/media?parent=2005"}],"wp:term":[{"taxonomy":"category","embeddable":true,"href":"https:\/\/www.manaus.am.gov.br\/immu\/wp-json\/wp\/v2\/categories?post=2005"},{"taxonomy":"post_tag","embeddable":true,"href":"https:\/\/www.manaus.am.gov.br\/immu\/wp-json\/wp\/v2\/tags?post=2005"}],"curies":[{"name":"wp","href":"https:\/\/api.w.org\/{rel}","templated":true}]}}