{"id":1978,"date":"2024-02-02T13:22:03","date_gmt":"2024-02-02T17:22:03","guid":{"rendered":"https:\/\/www.manaus.am.gov.br\/immu\/sem-categoria\/prefeitura-transito-transporte-carnaval\/"},"modified":"2024-02-02T13:22:04","modified_gmt":"2024-02-02T17:22:04","slug":"prefeitura-transito-transporte-carnaval","status":"publish","type":"post","link":"https:\/\/www.manaus.am.gov.br\/immu\/carnaval\/prefeitura-transito-transporte-carnaval\/","title":{"rendered":"Prefeitura de Manaus apresenta esquema de tr\u00e2nsito e transporte para desfiles das escolas de samba do Grupo Especial"},"content":{"rendered":"\n<p>A Prefeitura de Manaus, por meio do Instituto Municipal de Mobilidade Urbana (IMMU), ir\u00e1 atuar, neste s\u00e1bado, 3\/2, para garantir a seguran\u00e7a de pedestres e motoristas e assegurar servi\u00e7o de transporte p\u00fablico aos brincantes que se deslocam ao centro de conven\u00e7\u00f5es de Manaus, o samb\u00f3dromo, para acompanhar o desfile das escolas de samba do Grupo Especial.<\/p>\n\n\n\n<p>Agentes de tr\u00e2nsito e fiscais de transporte do IMMU estar\u00e3o nas imedia\u00e7\u00f5es do local do desfile para orientar condutores de ve\u00edculos e tirar d\u00favidas de usu\u00e1rios do transporte coletivo da cidade.&nbsp; Todas as vias interditadas estar\u00e3o devidamente sinalizadas e com placas indicativas para facilitar o deslocamento dos ve\u00edculos e evitar congestionamentos.<\/p>\n\n\n\n<p>O vice-presidente de Tr\u00e2nsito do IMMU, Edson Leda, explicou que, por conta da movimenta\u00e7\u00e3o dos carros aleg\u00f3ricos no s\u00e1bado, algumas interdi\u00e7\u00f5es ser\u00e3o necess\u00e1rias para garantir o translado dos ve\u00edculos para dentro do samb\u00f3dromo. \u201cUma das principais interdi\u00e7\u00f5es ser\u00e1 realizada na avenida do Samba e na avenida Pedro Teixeira, as interdi\u00e7\u00f5es come\u00e7aram parcialmente a partir das 7h e, no decorrer do dia, as vias ser\u00e3o completamente interditadas. Vale ressaltar que, em todo o entorno do samb\u00f3dromo, ser\u00e1 refor\u00e7ado o n\u00famero de agentes, para instruir os motoristas e pedestres que participaram do evento\u201d.<\/p>\n\n\n\n<p>As a\u00e7\u00f5es do IMMU incluem o per\u00edmetro de interdi\u00e7\u00f5es vi\u00e1rias, atua\u00e7\u00e3o efetiva de servidores e fiscaliza\u00e7\u00e3o das linhas de \u00f4nibus que atendem as imedia\u00e7\u00f5es do samb\u00f3dromo.<\/p>\n\n\n\n<p>No s\u00e1bado, as interdi\u00e7\u00f5es iniciam \u00e0s 7h com fechamento da avenida do Samba, entre as avenidas Pedro Teixeira e L\u00f3ris Cordovil.&nbsp; Outras vias interditadas ser\u00e3o: avenida Pedro Teixeira, no trecho entre a rua Francisco Orellana at\u00e9 a avenida Constantino Nery; avenida L\u00f3ris Cordovil, no trecho entre a alameda do Samba e rua Vivaldo Lima (SPA Alvorada); avenida Belmiro Vianez, entre as avenidas Pedro Teixeira e L\u00f3ris Cordovil; e ainda a rua Flaviano Limongi, entre as avenidas Pedro Teixeira e L\u00f3ris Cordovil.<\/p>\n\n\n\n<p>O instituto estima a atua\u00e7\u00e3o de mais de 140 servidores para atuar na fiscaliza\u00e7\u00e3o, controle e ordenamento de ve\u00edculos e pedestres para garantir a seguran\u00e7a e fluidez nas vias.<\/p>\n\n\n\n<p>Equipes da Educa\u00e7\u00e3o de Tr\u00e2nsito tamb\u00e9m estar\u00e3o no samb\u00f3dromo das 18h \u00e0 1h, com blitz educativa com o objetivo de conscientizar os motoristas e a popula\u00e7\u00e3o sobre a sua responsabilidade na constru\u00e7\u00e3o de um tr\u00e2nsito seguro, sobre o respeito \u00e0 legisla\u00e7\u00e3o e, principalmente, sobre os riscos do consumo de \u00e1lcool ao volante.<\/p>\n\n\n\n<p><strong>&nbsp;Transporte<\/strong><\/p>\n\n\n\n<p>Em rela\u00e7\u00e3o ao transporte coletivo, as linhas de \u00f4nibus ir\u00e3o operar com frota refor\u00e7ada dos coletivos que atendem as imedia\u00e7\u00f5es do samb\u00f3dromo no pr\u00f3ximo s\u00e1bado, 3\/2.<\/p>\n\n\n\n<p>As linhas, A222, A225 \u2013 No sentido bairro\/Centro, seguem normalmente at\u00e9 avenida L\u00f3ris Cordovil, rua Vivaldo Lima, travessa dos Franceses, avenida Desembargador Jo\u00e3o Machado, avenida Djalma Batista, avenida Pedro Teixeira, avenida Constantino Nery, normal.<\/p>\n\n\n\n<p>A linha 219 \u2013 Sentido Centro, segue normalmente at\u00e9 a avenida L\u00f3ris Cordovil, rua Vivaldo Lima, travessa dos Franceses, Desembargador Jo\u00e3o Machado, avenida Constantino Nery, segue itiner\u00e1rio.<\/p>\n\n\n\n<p>Linhas A222, A225, 219 \u2013 Sentido bairro: seguem normal at\u00e9 avenida Constantino Nery, avenida Desembargador Jo\u00e3o Machado, avenida D, rua Crici\u00fama (R.8), seguem para o bairro.<\/p>\n\n\n\n<p>Linha 678 \u2013 Sentido Centro, segue at\u00e9 a avenida Darcy Vargas, avenida Dr. Theom\u00e1rio Pinto da Costa, avenida Jacira Reis, avenida Rita Gama Barros, avenida Pedro Teixeira e retorna para o bairro.<\/p>\n\n\n\n<p>Linhas 207, 214, 223 \u2013 Sentido Centro, seguem normal at\u00e9 a avenida Dom Pedro, avenida Dr. Theom\u00e1rio Pinto, avenida Djalma Batista, seguem para o bairro.<\/p>\n\n\n\n<p>No sentido bairro, as linhas 207, 214, 223, v\u00e3o seguir pela avenida Djalma Batista, acesso \u00e0 Al\u00e7a da UEA, avenida Dr. Theom\u00e1rio Pinto, avenida Dom Pedro e seguem itiner\u00e1rio normal.<\/p>\n\n\n\n<p>As linhas 213,227 no sentido Centro, v\u00e3o seguir at\u00e9 a avenida L\u00f3ris Cordovil, R. Vivaldo Lima travessa dos Franceses, Desdor. Jo\u00e3o Machado, avenida Mario Ypiranga, e seguem para o bairro.<\/p>\n\n\n\n<p>As linhas 213, 227 no sentido bairro, v\u00e3o seguir at\u00e9 a avenida M\u00e1rio Ypiranga Monteiro, avenida Desembargador Jo\u00e3o Machado, avenida D, rua Crici\u00fama (R.<a href=\"https:\/\/www.google.com\/maps\/search\/8),+rua+Professora+Rosa+Gomes,+rua+Professor+Ab%C3%ADlio+Alencar?entry=gmail&amp;source=g\" target=\"_blank\" rel=\"noreferrer noopener\">8), rua Professora Rosa Gomes, rua Professor Ab\u00edlio Alencar<\/a>, e seguem o itiner\u00e1rio normalmente.<\/p>\n\n\n\n<p>Leda tamb\u00e9m refor\u00e7ou que o transporte p\u00fablico ter\u00e1 o hor\u00e1rio estendido neste s\u00e1bado. \u201cO transporte p\u00fablico ser\u00e1 estendido at\u00e9 a 1h de domingo, com a frota refor\u00e7ada, retornando \u00e0s 4h\u201d.<\/p>\n\n\n\n<p><strong>Refor\u00e7o de frota<\/strong><\/p>\n\n\n\n<p>Para facilitar o acesso dos brincantes ao samb\u00f3dromo, o IMMU ir\u00e1 estender as linhas que trafegam nas imedia\u00e7\u00f5es do local at\u00e9 as 24h de s\u00e1bado, 3. O \u00f3rg\u00e3o identificou que os brincantes optam por deixar o local por meio de t\u00e1xis ou ve\u00edculos de aplicativos de transporte.<\/p>\n\n\n\n<p><strong>Ter\u00e3o refor\u00e7o at\u00e9 as 24h as linhas:<\/strong><\/p>\n\n\n\n<p>010&nbsp;&nbsp; NORTE \/ SUL \/ ESTA\u00c7\u00c3O 2\/ TERMINAL 2<\/p>\n\n\n\n<p>207&nbsp;&nbsp; REDEN\u00c7\u00c3O \/ CENTRO<\/p>\n\n\n\n<p><a href=\"https:\/\/www.google.com\/maps\/search\/213%C2%A0%C2%A0+AUGUSTO+MONTENEGRO?entry=gmail&amp;source=g\" target=\"_blank\" rel=\"noreferrer noopener\">213&nbsp;&nbsp; AUGUSTO MONTENEGRO<\/a>&nbsp;\/ CEASA<\/p>\n\n\n\n<p>214&nbsp;&nbsp; CONJUNTO HIL\u00c9IA \/ CENTRO<\/p>\n\n\n\n<p>215&nbsp;&nbsp; BAIRRO DA PAZ \/ ESTA\u00c7\u00c3O&nbsp;<a href=\"https:\/\/www.google.com\/maps\/search\/2%2F+M%C3%81RIO+YPIRANGA?entry=gmail&amp;source=g\" target=\"_blank\" rel=\"noreferrer noopener\">2\/ M\u00c1RIO YPIRANGA<\/a>&nbsp;\/ CEASA<\/p>\n\n\n\n<p><a href=\"https:\/\/www.google.com\/maps\/search\/219%C2%A0%C2%A0+AUGUSTO+MONTENEGRO?entry=gmail&amp;source=g\" target=\"_blank\" rel=\"noreferrer noopener\">219&nbsp;&nbsp; AUGUSTO MONTENEGRO<\/a>&nbsp;\/ ESTA\u00c7\u00c3O 1 \/ TERMINAL 1 \/ CENTRO<\/p>\n\n\n\n<p><a href=\"https:\/\/www.google.com\/maps\/search\/223%C2%A0%C2%A0+AUGUSTO+MONTENEGRO?entry=gmail&amp;source=g\" target=\"_blank\" rel=\"noreferrer noopener\">223&nbsp;&nbsp; AUGUSTO MONTENEGRO<\/a>\/ NOVA ESPERAN\u00c7A \/ CENTRO<\/p>\n\n\n\n<p>306&nbsp;&nbsp; AEROPORTO \/ ESTA\u00c7\u00c3O 3-2 \/ TERMINAL 1 \/ CENTRO<\/p>\n\n\n\n<p>321&nbsp;&nbsp; COMUNIDADE S\u00c3O JO\u00c3O \/ ESTA\u00c7\u00c3O 3-2-1 \/ TERMINAL 1 \/ CENTRO<\/p>\n\n\n\n<p>324&nbsp;&nbsp; COM. S\u00c3O PEDRO \/ ESTA\u00c7\u00c3O 3-2-1 \/ TERMINAL 1 \/ CENTRO<\/p>\n\n\n\n<p>330&nbsp;&nbsp; LAGO AZUL \/ ESTA\u00c7\u00c3O 3-2-1 \/ TERMINAL 1 \/ CENTRO<\/p>\n\n\n\n<p>356&nbsp;&nbsp; VIVER MELHOR \/ ESTA\u00c7\u00c3O 3-2-1 \/ TERMINAL 1 \/ CENTRO<\/p>\n\n\n\n<p>448&nbsp;&nbsp; CIDADE DEUS\/ ESTA\u00c7\u00c3O 4-3-2-1 \/ TERMINAL 1 \/ CENTRO<\/p>\n\n\n\n<p>500&nbsp;&nbsp; NOVO ISRAEL \/ ESTA\u00c7\u00c3O 3-2-1 \/ TERMINAL 1 \/ CENTRO<\/p>\n\n\n\n<p>654&nbsp;&nbsp; TERMINAL&nbsp;<a href=\"https:\/\/www.google.com\/maps\/search\/4+%2F+NATHAN+XAVIER?entry=gmail&amp;source=g\" target=\"_blank\" rel=\"noreferrer noopener\">4 \/ NATHAN XAVIER<\/a>&nbsp;\/ NILTON LINS \/ PARQUE 10 \/ ESTA\u00c7\u00c3O 2-ARENA<\/p>\n\n\n\n<p>A222 PROMORAR\/ ALVORADA \/ ESTA\u00c7\u00c3O.2-ARENA<\/p>\n\n\n\n<p>A225 NOVA ESPERAN\u00c7A \/ ESTA\u00c7\u00c3O 2 &#8211; ARENA<\/p>\n\n\n\n<p>A206 REDEN\u00c7\u00c3O \/ ESTA\u00c7\u00c3O 2 &#8211; ARENA<\/p>\n\n\n\n<p>A407 JARDIM PRIMAVERA \/ PARQUE 10 \/ ESTA\u00c7\u00c3O 2-ARENA<\/p>\n\n\n\n<p>640&nbsp;&nbsp; TERMINAL 4-TERMINAL 3 \/ CIDADE NOVA \/ CENTRO<\/p>\n\n\n\n<p>540&nbsp;&nbsp; OURO VERDE \/ TERMINAL 1 \/ CENTRO<\/p>\n\n\n\n<p>560&nbsp;&nbsp; TERMINAL 4 \/ CIDADE DE DEUS \/ CENTRO<\/p>\n\n\n\n<p>652&nbsp;&nbsp; TERMINAL 4 \u2013 TERMINAL 5 \u2013 EPHIG\u00caNIO SALLES \/ SAMB\u00d3DROMO<\/p>\n\n\n\n<p>&#8212; &#8212; &#8212;<\/p>\n\n\n\n<p><strong>Texto<\/strong>&nbsp;&#8211; \u00c1lisson Castro\/IMMU<\/p>\n\n\n\n<p><strong>Fotos<\/strong>&nbsp;\u2013 Jo\u00e3o Viana\/Semcom<\/p>\n\n\n\n<p><strong>Dispon\u00edveis em<\/strong>&nbsp;&#8211;&nbsp;<a href=\"https:\/\/flic.kr\/s\/aHBqjBcKhn\" target=\"_blank\" rel=\"noreferrer noopener\">https:\/\/flic.kr\/s\/aHBqjBcKhn<\/a><\/p>\n","protected":false},"excerpt":{"rendered":"","protected":false},"author":23,"featured_media":1979,"comment_status":"closed","ping_status":"closed","sticky":false,"template":"","format":"standard","meta":{"footnotes":""},"categories":[1369],"tags":[1386,6,8,130,50,111],"acf":[],"yoast_head":"<!-- This site is optimized with the Yoast SEO plugin v23.0 - https:\/\/yoast.com\/wordpress\/plugins\/seo\/ -->\n<title>Prefeitura de Manaus apresenta esquema de tr\u00e2nsito e transporte para desfiles das escolas de samba do Grupo Especial<\/title>\n<meta name=\"description\" content=\"A Prefeitura de Manaus, por meio do Instituto Municipal de Mobilidade Urbana (IMMU), ir\u00e1 atuar, neste s\u00e1bado, 3\/2, para garantir a seguran\u00e7a de pedestres e motoristas e assegurar servi\u00e7o de transporte p\u00fablico aos brincantes que se deslocam ao centro de conven\u00e7\u00f5es de Manaus, o samb\u00f3dromo, para acompanhar o desfile das escolas de samba do Grupo Especial.\" \/>\n<meta name=\"robots\" content=\"noindex, follow\" \/>\n<meta property=\"og:locale\" content=\"pt_BR\" \/>\n<meta property=\"og:type\" content=\"article\" \/>\n<meta property=\"og:title\" content=\"Prefeitura de Manaus apresenta esquema de tr\u00e2nsito e transporte para desfiles das escolas de samba do Grupo Especial\" \/>\n<meta property=\"og:description\" content=\"A Prefeitura de Manaus, por meio do Instituto Municipal de Mobilidade Urbana (IMMU), ir\u00e1 atuar, neste s\u00e1bado, 3\/2, para garantir a seguran\u00e7a de pedestres e motoristas e assegurar servi\u00e7o de transporte p\u00fablico aos brincantes que se deslocam ao centro de conven\u00e7\u00f5es de Manaus, o samb\u00f3dromo, para acompanhar o desfile das escolas de samba do Grupo Especial.\" \/>\n<meta property=\"og:url\" content=\"https:\/\/www.manaus.am.gov.br\/immu\/carnaval\/prefeitura-transito-transporte-carnaval\/\" \/>\n<meta property=\"og:site_name\" content=\"IMMU\" \/>\n<meta property=\"article:published_time\" content=\"2024-02-02T17:22:03+00:00\" \/>\n<meta property=\"article:modified_time\" content=\"2024-02-02T17:22:04+00:00\" \/>\n<meta property=\"og:image\" content=\"https:\/\/www.manaus.am.gov.br\/immu\/wp-content\/uploads\/sites\/14\/2024\/02\/53504452671_77d8c40a21_c.jpg\" \/>\n\t<meta property=\"og:image:width\" content=\"799\" \/>\n\t<meta property=\"og:image:height\" content=\"533\" \/>\n\t<meta property=\"og:image:type\" content=\"image\/jpeg\" \/>\n<meta name=\"author\" content=\"Adriana Costa\" \/>\n<meta name=\"twitter:card\" content=\"summary_large_image\" \/>\n<meta name=\"twitter:label1\" content=\"Written by\" \/>\n\t<meta name=\"twitter:data1\" content=\"Adriana Costa\" \/>\n\t<meta name=\"twitter:label2\" content=\"Est. reading time\" \/>\n\t<meta name=\"twitter:data2\" content=\"6 minutos\" \/>\n<script type=\"application\/ld+json\" class=\"yoast-schema-graph\">{\"@context\":\"https:\/\/schema.org\",\"@graph\":[{\"@type\":\"WebPage\",\"@id\":\"https:\/\/www.manaus.am.gov.br\/immu\/carnaval\/prefeitura-transito-transporte-carnaval\/\",\"url\":\"https:\/\/www.manaus.am.gov.br\/immu\/carnaval\/prefeitura-transito-transporte-carnaval\/\",\"name\":\"Prefeitura de Manaus apresenta esquema de tr\u00e2nsito e transporte para desfiles das escolas de samba do Grupo Especial\",\"isPartOf\":{\"@id\":\"https:\/\/www.manaus.am.gov.br\/immu\/#website\"},\"primaryImageOfPage\":{\"@id\":\"https:\/\/www.manaus.am.gov.br\/immu\/carnaval\/prefeitura-transito-transporte-carnaval\/#primaryimage\"},\"image\":{\"@id\":\"https:\/\/www.manaus.am.gov.br\/immu\/carnaval\/prefeitura-transito-transporte-carnaval\/#primaryimage\"},\"thumbnailUrl\":\"https:\/\/www.manaus.am.gov.br\/immu\/wp-content\/uploads\/sites\/14\/2024\/02\/53504452671_77d8c40a21_c.jpg\",\"datePublished\":\"2024-02-02T17:22:03+00:00\",\"dateModified\":\"2024-02-02T17:22:04+00:00\",\"author\":{\"@id\":\"https:\/\/www.manaus.am.gov.br\/immu\/#\/schema\/person\/4e49f4e267757a06ca072ec61b2b9968\"},\"description\":\"A Prefeitura de Manaus, por meio do Instituto Municipal de Mobilidade Urbana (IMMU), ir\u00e1 atuar, neste s\u00e1bado, 3\/2, para garantir a seguran\u00e7a de pedestres e motoristas e assegurar servi\u00e7o de transporte p\u00fablico aos brincantes que se deslocam ao centro de conven\u00e7\u00f5es de Manaus, o samb\u00f3dromo, para acompanhar o desfile das escolas de samba do Grupo Especial.\",\"breadcrumb\":{\"@id\":\"https:\/\/www.manaus.am.gov.br\/immu\/carnaval\/prefeitura-transito-transporte-carnaval\/#breadcrumb\"},\"inLanguage\":\"pt-BR\",\"potentialAction\":[{\"@type\":\"ReadAction\",\"target\":[\"https:\/\/www.manaus.am.gov.br\/immu\/carnaval\/prefeitura-transito-transporte-carnaval\/\"]}]},{\"@type\":\"ImageObject\",\"inLanguage\":\"pt-BR\",\"@id\":\"https:\/\/www.manaus.am.gov.br\/immu\/carnaval\/prefeitura-transito-transporte-carnaval\/#primaryimage\",\"url\":\"https:\/\/www.manaus.am.gov.br\/immu\/wp-content\/uploads\/sites\/14\/2024\/02\/53504452671_77d8c40a21_c.jpg\",\"contentUrl\":\"https:\/\/www.manaus.am.gov.br\/immu\/wp-content\/uploads\/sites\/14\/2024\/02\/53504452671_77d8c40a21_c.jpg\",\"width\":799,\"height\":533},{\"@type\":\"BreadcrumbList\",\"@id\":\"https:\/\/www.manaus.am.gov.br\/immu\/carnaval\/prefeitura-transito-transporte-carnaval\/#breadcrumb\",\"itemListElement\":[{\"@type\":\"ListItem\",\"position\":1,\"name\":\"Home\",\"item\":\"https:\/\/www.manaus.am.gov.br\/immu\/\"},{\"@type\":\"ListItem\",\"position\":2,\"name\":\"Prefeitura de Manaus apresenta esquema de tr\u00e2nsito e transporte para desfiles das escolas de samba do Grupo Especial\"}]},{\"@type\":\"WebSite\",\"@id\":\"https:\/\/www.manaus.am.gov.br\/immu\/#website\",\"url\":\"https:\/\/www.manaus.am.gov.br\/immu\/\",\"name\":\"IMMU\",\"description\":\"Prefeitura de Manaus\",\"potentialAction\":[{\"@type\":\"SearchAction\",\"target\":{\"@type\":\"EntryPoint\",\"urlTemplate\":\"https:\/\/www.manaus.am.gov.br\/immu\/?s={search_term_string}\"},\"query-input\":\"required name=search_term_string\"}],\"inLanguage\":\"pt-BR\"},{\"@type\":\"Person\",\"@id\":\"https:\/\/www.manaus.am.gov.br\/immu\/#\/schema\/person\/4e49f4e267757a06ca072ec61b2b9968\",\"name\":\"Adriana Costa\",\"image\":{\"@type\":\"ImageObject\",\"inLanguage\":\"pt-BR\",\"@id\":\"https:\/\/www.manaus.am.gov.br\/immu\/#\/schema\/person\/image\/\",\"url\":\"https:\/\/secure.gravatar.com\/avatar\/576258617ef7194f718179e766d57bd4?s=96&d=mm&r=g\",\"contentUrl\":\"https:\/\/secure.gravatar.com\/avatar\/576258617ef7194f718179e766d57bd4?s=96&d=mm&r=g\",\"caption\":\"Adriana Costa\"}}]}<\/script>\n<!-- \/ Yoast SEO plugin. -->","yoast_head_json":{"title":"Prefeitura de Manaus apresenta esquema de tr\u00e2nsito e transporte para desfiles das escolas de samba do Grupo Especial","description":"A Prefeitura de Manaus, por meio do Instituto Municipal de Mobilidade Urbana (IMMU), ir\u00e1 atuar, neste s\u00e1bado, 3\/2, para garantir a seguran\u00e7a de pedestres e motoristas e assegurar servi\u00e7o de transporte p\u00fablico aos brincantes que se deslocam ao centro de conven\u00e7\u00f5es de Manaus, o samb\u00f3dromo, para acompanhar o desfile das escolas de samba do Grupo Especial.","robots":{"index":"noindex","follow":"follow"},"og_locale":"pt_BR","og_type":"article","og_title":"Prefeitura de Manaus apresenta esquema de tr\u00e2nsito e transporte para desfiles das escolas de samba do Grupo Especial","og_description":"A Prefeitura de Manaus, por meio do Instituto Municipal de Mobilidade Urbana (IMMU), ir\u00e1 atuar, neste s\u00e1bado, 3\/2, para garantir a seguran\u00e7a de pedestres e motoristas e assegurar servi\u00e7o de transporte p\u00fablico aos brincantes que se deslocam ao centro de conven\u00e7\u00f5es de Manaus, o samb\u00f3dromo, para acompanhar o desfile das escolas de samba do Grupo Especial.","og_url":"https:\/\/www.manaus.am.gov.br\/immu\/carnaval\/prefeitura-transito-transporte-carnaval\/","og_site_name":"IMMU","article_published_time":"2024-02-02T17:22:03+00:00","article_modified_time":"2024-02-02T17:22:04+00:00","og_image":[{"width":799,"height":533,"url":"https:\/\/www.manaus.am.gov.br\/immu\/wp-content\/uploads\/sites\/14\/2024\/02\/53504452671_77d8c40a21_c.jpg","type":"image\/jpeg"}],"author":"Adriana Costa","twitter_card":"summary_large_image","twitter_misc":{"Written by":"Adriana Costa","Est. reading time":"6 minutos"},"schema":{"@context":"https:\/\/schema.org","@graph":[{"@type":"WebPage","@id":"https:\/\/www.manaus.am.gov.br\/immu\/carnaval\/prefeitura-transito-transporte-carnaval\/","url":"https:\/\/www.manaus.am.gov.br\/immu\/carnaval\/prefeitura-transito-transporte-carnaval\/","name":"Prefeitura de Manaus apresenta esquema de tr\u00e2nsito e transporte para desfiles das escolas de samba do Grupo Especial","isPartOf":{"@id":"https:\/\/www.manaus.am.gov.br\/immu\/#website"},"primaryImageOfPage":{"@id":"https:\/\/www.manaus.am.gov.br\/immu\/carnaval\/prefeitura-transito-transporte-carnaval\/#primaryimage"},"image":{"@id":"https:\/\/www.manaus.am.gov.br\/immu\/carnaval\/prefeitura-transito-transporte-carnaval\/#primaryimage"},"thumbnailUrl":"https:\/\/www.manaus.am.gov.br\/immu\/wp-content\/uploads\/sites\/14\/2024\/02\/53504452671_77d8c40a21_c.jpg","datePublished":"2024-02-02T17:22:03+00:00","dateModified":"2024-02-02T17:22:04+00:00","author":{"@id":"https:\/\/www.manaus.am.gov.br\/immu\/#\/schema\/person\/4e49f4e267757a06ca072ec61b2b9968"},"description":"A Prefeitura de Manaus, por meio do Instituto Municipal de Mobilidade Urbana (IMMU), ir\u00e1 atuar, neste s\u00e1bado, 3\/2, para garantir a seguran\u00e7a de pedestres e motoristas e assegurar servi\u00e7o de transporte p\u00fablico aos brincantes que se deslocam ao centro de conven\u00e7\u00f5es de Manaus, o samb\u00f3dromo, para acompanhar o desfile das escolas de samba do Grupo Especial.","breadcrumb":{"@id":"https:\/\/www.manaus.am.gov.br\/immu\/carnaval\/prefeitura-transito-transporte-carnaval\/#breadcrumb"},"inLanguage":"pt-BR","potentialAction":[{"@type":"ReadAction","target":["https:\/\/www.manaus.am.gov.br\/immu\/carnaval\/prefeitura-transito-transporte-carnaval\/"]}]},{"@type":"ImageObject","inLanguage":"pt-BR","@id":"https:\/\/www.manaus.am.gov.br\/immu\/carnaval\/prefeitura-transito-transporte-carnaval\/#primaryimage","url":"https:\/\/www.manaus.am.gov.br\/immu\/wp-content\/uploads\/sites\/14\/2024\/02\/53504452671_77d8c40a21_c.jpg","contentUrl":"https:\/\/www.manaus.am.gov.br\/immu\/wp-content\/uploads\/sites\/14\/2024\/02\/53504452671_77d8c40a21_c.jpg","width":799,"height":533},{"@type":"BreadcrumbList","@id":"https:\/\/www.manaus.am.gov.br\/immu\/carnaval\/prefeitura-transito-transporte-carnaval\/#breadcrumb","itemListElement":[{"@type":"ListItem","position":1,"name":"Home","item":"https:\/\/www.manaus.am.gov.br\/immu\/"},{"@type":"ListItem","position":2,"name":"Prefeitura de Manaus apresenta esquema de tr\u00e2nsito e transporte para desfiles das escolas de samba do Grupo Especial"}]},{"@type":"WebSite","@id":"https:\/\/www.manaus.am.gov.br\/immu\/#website","url":"https:\/\/www.manaus.am.gov.br\/immu\/","name":"IMMU","description":"Prefeitura de Manaus","potentialAction":[{"@type":"SearchAction","target":{"@type":"EntryPoint","urlTemplate":"https:\/\/www.manaus.am.gov.br\/immu\/?s={search_term_string}"},"query-input":"required name=search_term_string"}],"inLanguage":"pt-BR"},{"@type":"Person","@id":"https:\/\/www.manaus.am.gov.br\/immu\/#\/schema\/person\/4e49f4e267757a06ca072ec61b2b9968","name":"Adriana Costa","image":{"@type":"ImageObject","inLanguage":"pt-BR","@id":"https:\/\/www.manaus.am.gov.br\/immu\/#\/schema\/person\/image\/","url":"https:\/\/secure.gravatar.com\/avatar\/576258617ef7194f718179e766d57bd4?s=96&d=mm&r=g","contentUrl":"https:\/\/secure.gravatar.com\/avatar\/576258617ef7194f718179e766d57bd4?s=96&d=mm&r=g","caption":"Adriana Costa"}}]}},"_links":{"self":[{"href":"https:\/\/www.manaus.am.gov.br\/immu\/wp-json\/wp\/v2\/posts\/1978"}],"collection":[{"href":"https:\/\/www.manaus.am.gov.br\/immu\/wp-json\/wp\/v2\/posts"}],"about":[{"href":"https:\/\/www.manaus.am.gov.br\/immu\/wp-json\/wp\/v2\/types\/post"}],"author":[{"embeddable":true,"href":"https:\/\/www.manaus.am.gov.br\/immu\/wp-json\/wp\/v2\/users\/23"}],"replies":[{"embeddable":true,"href":"https:\/\/www.manaus.am.gov.br\/immu\/wp-json\/wp\/v2\/comments?post=1978"}],"version-history":[{"count":0,"href":"https:\/\/www.manaus.am.gov.br\/immu\/wp-json\/wp\/v2\/posts\/1978\/revisions"}],"wp:featuredmedia":[{"embeddable":true,"href":"https:\/\/www.manaus.am.gov.br\/immu\/wp-json\/wp\/v2\/media\/1979"}],"wp:attachment":[{"href":"https:\/\/www.manaus.am.gov.br\/immu\/wp-json\/wp\/v2\/media?parent=1978"}],"wp:term":[{"taxonomy":"category","embeddable":true,"href":"https:\/\/www.manaus.am.gov.br\/immu\/wp-json\/wp\/v2\/categories?post=1978"},{"taxonomy":"post_tag","embeddable":true,"href":"https:\/\/www.manaus.am.gov.br\/immu\/wp-json\/wp\/v2\/tags?post=1978"}],"curies":[{"name":"wp","href":"https:\/\/api.w.org\/{rel}","templated":true}]}}