{"id":1964,"date":"2024-01-30T12:46:50","date_gmt":"2024-01-30T16:46:50","guid":{"rendered":"https:\/\/www.manaus.am.gov.br\/immu\/sem-categoria\/transito-transporte-carnaval-2024\/"},"modified":"2024-01-30T14:08:07","modified_gmt":"2024-01-30T18:08:07","slug":"transito-transporte-carnaval-2024","status":"publish","type":"post","link":"https:\/\/www.manaus.am.gov.br\/immu\/carnaval\/transito-transporte-carnaval-2024\/","title":{"rendered":"Prefeitura apresenta esquema de tr\u00e2nsito e transporte para desfiles das escolas de samba e bandas da Bica e Difusora"},"content":{"rendered":"\n<p>A <a href=\"https:\/\/www.manaus.am.gov.br\/noticias\/carnaval\/transito-transporte-carnaval-2024\/\">Prefeitura de Manaus<\/a>, por meio do Instituto Municipal de Mobilidade Urbana (IMMU), informa, nesta ter\u00e7a-feira, 30\/1, o planejamento das a\u00e7\u00f5es de tr\u00e2nsito e transporte que v\u00e3o monitorar as \u00e1reas pr\u00f3ximas ao Centro de Conven\u00e7\u00f5es de Manaus, o samb\u00f3dromo, para os desfiles das escolas de samba neste Carnaval 2024. As a\u00e7\u00f5es incluem o per\u00edmetro de interdi\u00e7\u00e3o vi\u00e1ria, efetivo de servidores e linhas de \u00f4nibus do transporte coletivo que estar\u00e3o dispon\u00edveis at\u00e9 o t\u00e9rmino do evento.<\/p>\n\n\n\n<p>Para o desfile das escolas dos grupos de acesso, especial e bandas e blocos de Carnaval deste ano, aproximadamente 260 agentes de tr\u00e2nsito v\u00e3o atuar na fiscaliza\u00e7\u00e3o, controle e ordenamento de ve\u00edculos e pedestres para garantir a seguran\u00e7a e fluidez nas vias.<\/p>\n\n\n\n<p><strong>Desfiles das escolas de samba no samb\u00f3dromo, 1\u00ba\/2 e 2\/2<\/strong><\/p>\n\n\n\n<p>Nos dias 1\u00ba e 2\/2 \u2013 Quinta e Sexta-Feira, das 16h \u00e0s 5h (grupos de acesso) \u2013 Haver\u00e1 interdi\u00e7\u00e3o total da avenida Flaviano Limongi (ao lado do samb\u00f3dromo). O fechamento da via seguir\u00e1 at\u00e9 o final dos desfiles do grupo especial.<\/p>\n\n\n\n<p>-A avenida Pedro Teixeira ter\u00e1 duas faixas interditadas em frente ao samb\u00f3dromo para a seguran\u00e7a dos pedestres.<\/p>\n\n\n\n<p>-A rua L\u00f3ris Cordovil, atr\u00e1s do samb\u00f3dromo, ter\u00e1 duas faixas da esquerda interditada, ficando as demais faixas para a circula\u00e7\u00e3o de ve\u00edculos.<\/p>\n\n\n\n<p><strong>Desfile Grupo Especial &#8211; 3\/2, S\u00e1bado<\/strong><\/p>\n\n\n\n<p>&nbsp;\u2013 A partir das 7h, interdi\u00e7\u00e3o da avenida do Samba, entre as avenidas Pedro Teixeira e L\u00f3ris Cordovil.<\/p>\n\n\n\n<p>&nbsp;&#8211; Avenida Pedro Teixeira \u2013 Trecho da rua Francisco Orellana at\u00e9 a Constantino Nery.<\/p>\n\n\n\n<p>&#8211; Interdi\u00e7\u00e3o da avenida L\u00f3ris Cordovil, no trecho entre a alameda do Samba e rua Vivaldo Lima (SPA Alvorada).<\/p>\n\n\n\n<p>&#8211; Avenida Belmiro Vianez, entre as avenidas Pedro Teixeira e L\u00f3ris Cordovil.<\/p>\n\n\n\n<p>&#8211; Rua Flaviano Limongi, entre as avenidas Pedro Teixeira e L\u00f3ris Cordovil.<\/p>\n\n\n\n<p><strong>BANDA DA DIFUSORA E BANDA DA BICA \u2013 3\/2, S\u00e1bado<\/strong><\/p>\n\n\n\n<p>Interdi\u00e7\u00f5es: Avenida Eduardo Ribeiro, no trecho entre a rua Saldanha Marinho e Monsenhor Coutinho.<\/p>\n\n\n\n<p>&#8211; Rua 10 de Julho \u2013 entre a rua Ferreira Pena e a avenida Get\u00falio Vargas.<\/p>\n\n\n\n<p>&#8211; Rua Tapaj\u00f3s \u2013 entre as ruas 10 de Julho e Monsenhor Coutinho.<\/p>\n\n\n\n<p>&#8211; Rua Jos\u00e9 Clemente \u2013 entre a avenida Eduardo Ribeiro e a rua Joaquim Sarmento.<\/p>\n\n\n\n<p>&#8211; Rua Barroso \u2013 entre a rua 24 de Maio e a pra\u00e7a S\u00e3o Sebasti\u00e3o.<\/p>\n\n\n\n<p><strong>BANDA DO BOULEVARD \u2013 4\/2, Domingo<\/strong><\/p>\n\n\n\n<p>Veja abaixo as interdi\u00e7\u00f5es que ir\u00e3o afetar a avenida \u00c1lvaro Maia, na zona Centro-Sul, entre 7h e 24h:<\/p>\n\n\n\n<p>&#8211; Subida do viaduto &#8211; pr\u00f3ximo \u00e0 Pemaza: Divis\u00e3o Centro-Sul: 3 Agentes;<\/p>\n\n\n\n<p>&#8211; Avenida Constantino Nery x Avenida \u00c1lvaro Maia (sob o viaduto): Centro-Sul: 3 Agentes;<\/p>\n\n\n\n<p>&#8211; Avenida Ayr\u00e3o x Rua Tapaj\u00f3s x Rua Silva Ramos: Divis\u00e3o Centro-Sul: 4 Agentes.<\/p>\n\n\n\n<p>Entre 12h e 24h<\/p>\n\n\n\n<p>&#8211; Avenida \u00c1lvaro Maia x Rua Joaquim G. Pinheiro: Divis\u00e3o Centro-Sul: 4 Agentes;<\/p>\n\n\n\n<p>&#8211; Avenida \u00c1lvaro Maia x Avenida Djalma Batista: Divis\u00e3o Centro-Sul: 2 Agentes;<\/p>\n\n\n\n<p>&#8211; Avenida \u00c1lvaro Maia com rua Jo\u00e3o Alfredo: Divis\u00e3o Centro-Sul: 2 Agentes;<\/p>\n\n\n\n<p>&#8211; Agentes Motociclistas para apoio ao Chefe de Divis\u00e3o no per\u00edmetro: 2 Agentes &#8211; Centro-Sul.<\/p>\n\n\n\n<p>H\u00e1 op\u00e7\u00f5es de circula\u00e7\u00e3o aos condutores nas imedia\u00e7\u00f5es da avenida \u00c1lvaro Maia:<\/p>\n\n\n\n<p>&#8211; Os ve\u00edculos que trafegam na avenida \u00c1lvaro Maia, sentido pra\u00e7a 14\/Compensa podem fazer a convers\u00e3o \u00e0 direita ou \u00e0 esquerda na avenida Joaquim Gonzaga Pinheiro<\/p>\n\n\n\n<p>&#8211; Os ve\u00edculos que trafegam na avenida \u00c1lvaro Maia, sentido Compensa \/Pra\u00e7a 14 n\u00e3o podem acessar o viaduto. Devem seguir em frente e fazer a convers\u00e3o \u00e0 direita na avenida Constantino Nery, em dire\u00e7\u00e3o ao Centro, podendo retornar para o sentido Centro\/Bairro, pr\u00f3ximo \u00e0 avenida Ayr\u00e3o.<\/p>\n\n\n\n<p>&#8211; Os ve\u00edculos que trafegam na rua Ferreira Pena podem fazer a convers\u00e3o \u00e0 esquerda na avenida Ayr\u00e3o para acessar a avenida Constantino Nery ou \u00e0 direita para acessar a rua Comendador Clementino.<\/p>\n\n\n\n<p><strong>BANDA LGBT \u2013 4\/2, Domingo<\/strong><\/p>\n\n\n\n<p>Para a banda LGBT, no domingo, 4\/2, a avenida Eduardo Ribeiro ser\u00e1 interditada no trecho entre a rua 24 de Maio e 10 de Julho. Outro trecho interditado ser\u00e1 a rua Jos\u00e9 Clemente entre a Joaquim Sarmento e a Eduardo Ribeiro. Os ve\u00edculos que seguem pela Eduardo Ribeiro podem entrar \u00e0 direita na rua 24 de Maio. As interdi\u00e7\u00f5es iniciam \u00e0s 8h e seguem at\u00e9 as 24h do domingo.<\/p>\n\n\n\n<p><strong>CARNAVAL DA BAIXA DA H\u00c9GUA &#8211; 4\/2, Domingo<\/strong><\/p>\n\n\n\n<p>Ainda no pr\u00f3ximo domingo, 4\/2, no bairro Educandos, ocorre o Carnaval da Baixa da H\u00e9gua entre 14h at\u00e9 1h de segunda-feira, 5. Durante o evento, a avenida Rio Negro (conhecida como Amarelinho) ser\u00e1 interditada entre a rua Am\u00e2ncio de Miranda at\u00e9 entroncamento com rua Vista Alegre. Outra via interditada ser\u00e1 a rua Inoc\u00eancio de Ara\u00fajo, entre rua Manoel Urbano e avenida Rio Negro.<\/p>\n\n\n\n<p>Os condutores ter\u00e3o como op\u00e7\u00e3o de circula\u00e7\u00e3o:<\/p>\n\n\n\n<p>&#8211; Os ve\u00edculos que trafegam da avenida Leopoldo Peres e da rua Vista Alegre em dire\u00e7\u00e3o ao Amarelinho ou \u00e0 ponte de Educandos devem acessar a rua Manoel Urbano, ao lado da Usina Americana, converter \u00e0 esquerda e, ao lado da igreja, converter \u00e0 direita para a rua Inoc\u00eancio de Ara\u00fajo em dire\u00e7\u00e3o \u00e0 ponte de Educandos.<\/p>\n\n\n\n<p>&#8211; Os ve\u00edculos que trafegam da rua Am\u00e2ncio de Miranda em dire\u00e7\u00e3o \u00e0 avenida Leopoldo Peres ou \u00e0 rua Vista Alegre, devem acessar a rua Inoc\u00eancio de Ara\u00fajo \u00e0 esquerda (Sorveteria), seguir para a ponte de Educandos, converter \u00e0 direita para a rua Isabel, \u00e0 direita para a rua Jos\u00e9 Paranagu\u00e1 e \u00e0 esquerda para a avenida Louren\u00e7o da Silva Braga em dire\u00e7\u00e3o ao bairro Educandos.<\/p>\n\n\n\n<p>Os agentes estar\u00e3o realizando fiscaliza\u00e7\u00e3o e monitorando as vias ao redor do local do evento para coibir estacionamentos irregulares e auxiliando na travessia de pedestres.<\/p>\n\n\n\n<p><strong>Transporte<\/strong><\/p>\n\n\n\n<p>Em rela\u00e7\u00e3o ao transporte coletivo, as linhas de \u00f4nibus ir\u00e3o operar com frota refor\u00e7ada dos coletivos que atendem as imedia\u00e7\u00f5es do samb\u00f3dromo no pr\u00f3ximo s\u00e1bado, 3\/2.<\/p>\n\n\n\n<p>As linhas, A222, A225 \u2013 No sentido bairro\/Centro, segue\u200bm normalmente at\u00e9 avenida L\u00f3ris Cordovil, rua Vivaldo Lima, travessa dos Franceses, avenida Desembargador Jo\u00e3o Machado, avenida Djalma Batista, avenida Pedro Teixeira, avenida Constantino Nery, normal.<\/p>\n\n\n\n<p>A linha 219 \u2013 Sentido Centro, segue normalmente at\u00e9 a avenida L\u00f3ris Cordovil, rua Vivaldo Lima, travessa dos Franceses, Desembargador Jo\u00e3o Machado, avenida Constantino Nery, segue itiner\u00e1rio.<\/p>\n\n\n\n<p>Linhas A222, A225, 219 \u2013 Sentido bairro: segue\u200bm normal at\u00e9 avenida Constantino Nery, avenida Desembargador Jo\u00e3o Machado, avenida D, rua Crici\u00fama (R.8), segue\u200bm para o bairro.<\/p>\n\n\n\n<p>Linha 678 \u2013 Sentido Centro, segue at\u00e9 a avenida Darcy Vargas, avenida Dr. Theom\u00e1rio Pinto da Costa, avenida Jacira Reis, avenida Rita Gama Barros, avenida Pedro Teixeira e retorna para o bairro.<\/p>\n\n\n\n<p>Linhas 207, 214, 223 \u2013 Sentido Centro, seguem normal at\u00e9 a avenida Dom Pedro, avenida Dr. Theom\u00e1rio Pinto, avenida Djalma Batista, seguem para o bairro.<\/p>\n\n\n\n<p>No sentido bairro, as linhas 207, 214, 223, v\u00e3o seguir pela avenida Djalma Batista, acesso \u00e0 Al\u00e7a da UEA, avenida Dr. Theom\u00e1rio Pinto, avenida Dom Pedro e segue\u200bm itiner\u00e1rio normal.<\/p>\n\n\n\n<p>As linhas 213,227 no sentido Centro, v\u00e3o seguir at\u00e9 a&nbsp;\u200bavenida L\u200b\u00f3ris Cordovil, R. Vivaldo Lima&nbsp;\u200btravessa&nbsp;\u200bdos Franceses, Desdor. Jo\u00e3o Machado,&nbsp;\u200bavenida&nbsp;Mario Ypiranga, e segue\u200bm para o bairro.<\/p>\n\n\n\n<p>As linhas 213, 227 no sentido bairro, v\u00e3o seguir at\u00e9 a avenida M\u00e1rio Ypiranga Monteiro, avenida Desembargador Jo\u00e3o Machado, avenida D, rua Crici\u00fama (R.8), \u200brua Professora Rosa Gomes, rua Professor Ab\u00edlio Alencar, e segue\u200bm o itiner\u00e1rio normalmente.<\/p>\n\n\n\n<p><strong>Refor\u00e7o de \u00f4nibus \u2013 3\/2, S\u00e1bado<\/strong><\/p>\n\n\n\n<p>Para facilitar o acesso dos brincantes ao Samb\u00f3dromo, o IMMU ir\u00e1 estender as linhas que trafegam nas imedia\u00e7\u00f5es do local at\u00e9 \u00e0s 24h de s\u00e1bado, 3. O \u00f3rg\u00e3o identificou que os brincantes optam por deixar o local por meio de t\u00e1xis ou ve\u00edculos de aplicativos de transporte.<\/p>\n\n\n\n<p>Ter\u00e3o refor\u00e7o at\u00e9 as 24h as linhas:<\/p>\n\n\n\n<p>010&nbsp;&nbsp; NORTE \/ SUL \/ ESTA\u00c7\u00c3O 2\/ TERMINAL 2<\/p>\n\n\n\n<p>207&nbsp;&nbsp; REDEN\u00c7\u00c3O \/ CENTRO<\/p>\n\n\n\n<p>213&nbsp;&nbsp; AUGUSTO MONTENEGRO \/ CEASA<\/p>\n\n\n\n<p>214&nbsp;&nbsp; CONJUNTO HIL\u00c9IA \/ CENTRO<\/p>\n\n\n\n<p>215&nbsp;&nbsp; BAIRRO DA PAZ \/ ESTA\u00c7\u00c3O 2\/ M\u00c1RIO YPIRANGA \/ CEASA<\/p>\n\n\n\n<p>219&nbsp;&nbsp; AUGUSTO MONTENEGRO \/ ESTA\u00c7\u00c3O 1 \/ TERMINAL 1 \/ CENTRO&nbsp;<\/p>\n\n\n\n<p>223&nbsp;&nbsp; AUGUSTO MONTENEGRO\/ NOVA ESPERAN\u00c7A \/ CENTRO<\/p>\n\n\n\n<p>306&nbsp;&nbsp; AEROPORTO \/ ESTA\u00c7\u00c3O 3-2 \/ TERMINAL 1 \/ CENTRO<\/p>\n\n\n\n<p>321&nbsp;&nbsp; COMUNIDADE S\u00c3O JO\u00c3O \/ ESTA\u00c7\u00c3O 3-2-1 \/ TERMINAL 1 \/ CENTRO<\/p>\n\n\n\n<p>324&nbsp;&nbsp; COM. S\u00c3O PEDRO \/ ESTA\u00c7\u00c3O 3-2-1 \/ TERMINAL 1 \/ CENTRO<\/p>\n\n\n\n<p>330&nbsp;&nbsp; LAGO AZUL \/ ESTA\u00c7\u00c3O 3-2-1 \/ TERMINAL 1 \/ CENTRO<\/p>\n\n\n\n<p>356&nbsp;&nbsp; VIVER MELHOR \/ ESTA\u00c7\u00c3O 3-2-1 \/ TERMINAL 1 \/ CENTRO<\/p>\n\n\n\n<p>448&nbsp;&nbsp; CIDADE DEUS\/ ESTA\u00c7\u00c3O 4-3-2-1 \/ TERMINAL 1 \/ CENTRO<\/p>\n\n\n\n<p>500&nbsp;&nbsp; NOVO ISRAEL \/ ESTA\u00c7\u00c3O 3-2-1 \/ TERMINAL 1 \/ CENTRO<\/p>\n\n\n\n<p>654&nbsp;&nbsp; TERMINAL 4 \/ NATHAN XAVIER \/ NILTON LINS \/ PARQUE 10 \/ ESTA\u00c7\u00c3O 2-ARENA<\/p>\n\n\n\n<p>A222 PROMORAR\/ ALVORADA \/ ESTA\u00c7\u00c3O.2-ARENA<\/p>\n\n\n\n<p>A225 NOVA ESPERAN\u00c7A \/ ESTA\u00c7\u00c3O 2 &#8211; ARENA<\/p>\n\n\n\n<p>A206 REDEN\u00c7\u00c3O \/ ESTA\u00c7\u00c3O 2 &#8211; ARENA<\/p>\n\n\n\n<p>A407 JARDIM PRIMAVERA \/ PARQUE 10 \/ ESTA\u00c7\u00c3O 2-ARENA<\/p>\n\n\n\n<p>640&nbsp;&nbsp; TERMINAL 4-TERMINAL 3 \/ CIDADE NOVA \/ CENTRO<\/p>\n\n\n\n<p>540&nbsp;&nbsp; OURO VERDE \/ TERMINAL 1 \/ CENTRO<\/p>\n\n\n\n<p>560&nbsp;&nbsp; TERMINAL 4 \/ CIDADE DE DEUS \/ CENTRO<\/p>\n\n\n\n<p>652&nbsp;&nbsp; TERMINAL 4 \u2013 TERMINAL 5 \u2013 EPHIG\u00caNIO SALLES \/ SAMB\u00d3DROMO<\/p>\n\n\n\n<p>&#8212; &#8212; &#8212;<\/p>\n\n\n\n<p><strong>Texto e fotos<\/strong>&nbsp;\u2013 Divulga\u00e7\u00e3o\/IMMU<\/p>\n\n\n\n<p><\/p>\n","protected":false},"excerpt":{"rendered":"","protected":false},"author":23,"featured_media":1965,"comment_status":"closed","ping_status":"closed","sticky":false,"template":"","format":"standard","meta":{"footnotes":""},"categories":[1369],"tags":[1370,1371,1323,1372,6,1373,94,8,130,50,111],"acf":[],"yoast_head":"<!-- This site is optimized with the Yoast SEO plugin v23.0 - https:\/\/yoast.com\/wordpress\/plugins\/seo\/ -->\n<title>Prefeitura apresenta esquema de tr\u00e2nsito e transporte para desfiles das escolas de samba e bandas da Bica e Difusora<\/title>\n<meta name=\"description\" content=\"A Prefeitura de Manaus, por meio do Instituto Municipal de Mobilidade Urbana (IMMU), informa, nesta ter\u00e7a-feira, 30\/1, o planejamento das a\u00e7\u00f5es de tr\u00e2nsito e transporte que v\u00e3o monitorar as \u00e1reas pr\u00f3ximas ao Centro de Conven\u00e7\u00f5es de Manaus, o samb\u00f3dromo, para os desfiles das escolas de samba neste Carnaval 2024. As a\u00e7\u00f5es incluem o per\u00edmetro de interdi\u00e7\u00e3o vi\u00e1ria, efetivo de servidores e linhas de \u00f4nibus do transporte coletivo que estar\u00e3o dispon\u00edveis at\u00e9 o t\u00e9rmino do evento.\" \/>\n<meta name=\"robots\" content=\"noindex, follow\" \/>\n<meta property=\"og:locale\" content=\"pt_BR\" \/>\n<meta property=\"og:type\" content=\"article\" \/>\n<meta property=\"og:title\" content=\"Prefeitura apresenta esquema de tr\u00e2nsito e transporte para desfiles das escolas de samba e bandas da Bica e Difusora\" \/>\n<meta property=\"og:description\" content=\"A Prefeitura de Manaus, por meio do Instituto Municipal de Mobilidade Urbana (IMMU), informa, nesta ter\u00e7a-feira, 30\/1, o planejamento das a\u00e7\u00f5es de tr\u00e2nsito e transporte que v\u00e3o monitorar as \u00e1reas pr\u00f3ximas ao Centro de Conven\u00e7\u00f5es de Manaus, o samb\u00f3dromo, para os desfiles das escolas de samba neste Carnaval 2024. As a\u00e7\u00f5es incluem o per\u00edmetro de interdi\u00e7\u00e3o vi\u00e1ria, efetivo de servidores e linhas de \u00f4nibus do transporte coletivo que estar\u00e3o dispon\u00edveis at\u00e9 o t\u00e9rmino do evento.\" \/>\n<meta property=\"og:url\" content=\"https:\/\/www.manaus.am.gov.br\/immu\/carnaval\/transito-transporte-carnaval-2024\/\" \/>\n<meta property=\"og:site_name\" content=\"IMMU\" \/>\n<meta property=\"article:published_time\" content=\"2024-01-30T16:46:50+00:00\" \/>\n<meta property=\"article:modified_time\" content=\"2024-01-30T18:08:07+00:00\" \/>\n<meta property=\"og:image\" content=\"https:\/\/www.manaus.am.gov.br\/immu\/wp-content\/uploads\/sites\/14\/2024\/01\/WhatsApp-Image-2024-01-30-at-11.40.13.jpeg\" \/>\n\t<meta property=\"og:image:width\" content=\"1280\" \/>\n\t<meta property=\"og:image:height\" content=\"853\" \/>\n\t<meta property=\"og:image:type\" content=\"image\/jpeg\" \/>\n<meta name=\"author\" content=\"Adriana Costa\" \/>\n<meta name=\"twitter:card\" content=\"summary_large_image\" \/>\n<meta name=\"twitter:label1\" content=\"Written by\" \/>\n\t<meta name=\"twitter:data1\" content=\"Adriana Costa\" \/>\n\t<meta name=\"twitter:label2\" content=\"Est. reading time\" \/>\n\t<meta name=\"twitter:data2\" content=\"8 minutos\" \/>\n<script type=\"application\/ld+json\" class=\"yoast-schema-graph\">{\"@context\":\"https:\/\/schema.org\",\"@graph\":[{\"@type\":\"WebPage\",\"@id\":\"https:\/\/www.manaus.am.gov.br\/immu\/carnaval\/transito-transporte-carnaval-2024\/\",\"url\":\"https:\/\/www.manaus.am.gov.br\/immu\/carnaval\/transito-transporte-carnaval-2024\/\",\"name\":\"Prefeitura apresenta esquema de tr\u00e2nsito e transporte para desfiles das escolas de samba e bandas da Bica e Difusora\",\"isPartOf\":{\"@id\":\"https:\/\/www.manaus.am.gov.br\/immu\/#website\"},\"primaryImageOfPage\":{\"@id\":\"https:\/\/www.manaus.am.gov.br\/immu\/carnaval\/transito-transporte-carnaval-2024\/#primaryimage\"},\"image\":{\"@id\":\"https:\/\/www.manaus.am.gov.br\/immu\/carnaval\/transito-transporte-carnaval-2024\/#primaryimage\"},\"thumbnailUrl\":\"https:\/\/www.manaus.am.gov.br\/immu\/wp-content\/uploads\/sites\/14\/2024\/01\/WhatsApp-Image-2024-01-30-at-11.40.13.jpeg\",\"datePublished\":\"2024-01-30T16:46:50+00:00\",\"dateModified\":\"2024-01-30T18:08:07+00:00\",\"author\":{\"@id\":\"https:\/\/www.manaus.am.gov.br\/immu\/#\/schema\/person\/4e49f4e267757a06ca072ec61b2b9968\"},\"description\":\"A Prefeitura de Manaus, por meio do Instituto Municipal de Mobilidade Urbana (IMMU), informa, nesta ter\u00e7a-feira, 30\/1, o planejamento das a\u00e7\u00f5es de tr\u00e2nsito e transporte que v\u00e3o monitorar as \u00e1reas pr\u00f3ximas ao Centro de Conven\u00e7\u00f5es de Manaus, o samb\u00f3dromo, para os desfiles das escolas de samba neste Carnaval 2024. As a\u00e7\u00f5es incluem o per\u00edmetro de interdi\u00e7\u00e3o vi\u00e1ria, efetivo de servidores e linhas de \u00f4nibus do transporte coletivo que estar\u00e3o dispon\u00edveis at\u00e9 o t\u00e9rmino do evento.\",\"breadcrumb\":{\"@id\":\"https:\/\/www.manaus.am.gov.br\/immu\/carnaval\/transito-transporte-carnaval-2024\/#breadcrumb\"},\"inLanguage\":\"pt-BR\",\"potentialAction\":[{\"@type\":\"ReadAction\",\"target\":[\"https:\/\/www.manaus.am.gov.br\/immu\/carnaval\/transito-transporte-carnaval-2024\/\"]}]},{\"@type\":\"ImageObject\",\"inLanguage\":\"pt-BR\",\"@id\":\"https:\/\/www.manaus.am.gov.br\/immu\/carnaval\/transito-transporte-carnaval-2024\/#primaryimage\",\"url\":\"https:\/\/www.manaus.am.gov.br\/immu\/wp-content\/uploads\/sites\/14\/2024\/01\/WhatsApp-Image-2024-01-30-at-11.40.13.jpeg\",\"contentUrl\":\"https:\/\/www.manaus.am.gov.br\/immu\/wp-content\/uploads\/sites\/14\/2024\/01\/WhatsApp-Image-2024-01-30-at-11.40.13.jpeg\",\"width\":1280,\"height\":853},{\"@type\":\"BreadcrumbList\",\"@id\":\"https:\/\/www.manaus.am.gov.br\/immu\/carnaval\/transito-transporte-carnaval-2024\/#breadcrumb\",\"itemListElement\":[{\"@type\":\"ListItem\",\"position\":1,\"name\":\"Home\",\"item\":\"https:\/\/www.manaus.am.gov.br\/immu\/\"},{\"@type\":\"ListItem\",\"position\":2,\"name\":\"Prefeitura apresenta esquema de tr\u00e2nsito e transporte para desfiles das escolas de samba e bandas da Bica e Difusora\"}]},{\"@type\":\"WebSite\",\"@id\":\"https:\/\/www.manaus.am.gov.br\/immu\/#website\",\"url\":\"https:\/\/www.manaus.am.gov.br\/immu\/\",\"name\":\"IMMU\",\"description\":\"Prefeitura de Manaus\",\"potentialAction\":[{\"@type\":\"SearchAction\",\"target\":{\"@type\":\"EntryPoint\",\"urlTemplate\":\"https:\/\/www.manaus.am.gov.br\/immu\/?s={search_term_string}\"},\"query-input\":\"required name=search_term_string\"}],\"inLanguage\":\"pt-BR\"},{\"@type\":\"Person\",\"@id\":\"https:\/\/www.manaus.am.gov.br\/immu\/#\/schema\/person\/4e49f4e267757a06ca072ec61b2b9968\",\"name\":\"Adriana Costa\",\"image\":{\"@type\":\"ImageObject\",\"inLanguage\":\"pt-BR\",\"@id\":\"https:\/\/www.manaus.am.gov.br\/immu\/#\/schema\/person\/image\/\",\"url\":\"https:\/\/secure.gravatar.com\/avatar\/576258617ef7194f718179e766d57bd4?s=96&d=mm&r=g\",\"contentUrl\":\"https:\/\/secure.gravatar.com\/avatar\/576258617ef7194f718179e766d57bd4?s=96&d=mm&r=g\",\"caption\":\"Adriana Costa\"}}]}<\/script>\n<!-- \/ Yoast SEO plugin. -->","yoast_head_json":{"title":"Prefeitura apresenta esquema de tr\u00e2nsito e transporte para desfiles das escolas de samba e bandas da Bica e Difusora","description":"A Prefeitura de Manaus, por meio do Instituto Municipal de Mobilidade Urbana (IMMU), informa, nesta ter\u00e7a-feira, 30\/1, o planejamento das a\u00e7\u00f5es de tr\u00e2nsito e transporte que v\u00e3o monitorar as \u00e1reas pr\u00f3ximas ao Centro de Conven\u00e7\u00f5es de Manaus, o samb\u00f3dromo, para os desfiles das escolas de samba neste Carnaval 2024. As a\u00e7\u00f5es incluem o per\u00edmetro de interdi\u00e7\u00e3o vi\u00e1ria, efetivo de servidores e linhas de \u00f4nibus do transporte coletivo que estar\u00e3o dispon\u00edveis at\u00e9 o t\u00e9rmino do evento.","robots":{"index":"noindex","follow":"follow"},"og_locale":"pt_BR","og_type":"article","og_title":"Prefeitura apresenta esquema de tr\u00e2nsito e transporte para desfiles das escolas de samba e bandas da Bica e Difusora","og_description":"A Prefeitura de Manaus, por meio do Instituto Municipal de Mobilidade Urbana (IMMU), informa, nesta ter\u00e7a-feira, 30\/1, o planejamento das a\u00e7\u00f5es de tr\u00e2nsito e transporte que v\u00e3o monitorar as \u00e1reas pr\u00f3ximas ao Centro de Conven\u00e7\u00f5es de Manaus, o samb\u00f3dromo, para os desfiles das escolas de samba neste Carnaval 2024. As a\u00e7\u00f5es incluem o per\u00edmetro de interdi\u00e7\u00e3o vi\u00e1ria, efetivo de servidores e linhas de \u00f4nibus do transporte coletivo que estar\u00e3o dispon\u00edveis at\u00e9 o t\u00e9rmino do evento.","og_url":"https:\/\/www.manaus.am.gov.br\/immu\/carnaval\/transito-transporte-carnaval-2024\/","og_site_name":"IMMU","article_published_time":"2024-01-30T16:46:50+00:00","article_modified_time":"2024-01-30T18:08:07+00:00","og_image":[{"width":1280,"height":853,"url":"https:\/\/www.manaus.am.gov.br\/immu\/wp-content\/uploads\/sites\/14\/2024\/01\/WhatsApp-Image-2024-01-30-at-11.40.13.jpeg","type":"image\/jpeg"}],"author":"Adriana Costa","twitter_card":"summary_large_image","twitter_misc":{"Written by":"Adriana Costa","Est. reading time":"8 minutos"},"schema":{"@context":"https:\/\/schema.org","@graph":[{"@type":"WebPage","@id":"https:\/\/www.manaus.am.gov.br\/immu\/carnaval\/transito-transporte-carnaval-2024\/","url":"https:\/\/www.manaus.am.gov.br\/immu\/carnaval\/transito-transporte-carnaval-2024\/","name":"Prefeitura apresenta esquema de tr\u00e2nsito e transporte para desfiles das escolas de samba e bandas da Bica e Difusora","isPartOf":{"@id":"https:\/\/www.manaus.am.gov.br\/immu\/#website"},"primaryImageOfPage":{"@id":"https:\/\/www.manaus.am.gov.br\/immu\/carnaval\/transito-transporte-carnaval-2024\/#primaryimage"},"image":{"@id":"https:\/\/www.manaus.am.gov.br\/immu\/carnaval\/transito-transporte-carnaval-2024\/#primaryimage"},"thumbnailUrl":"https:\/\/www.manaus.am.gov.br\/immu\/wp-content\/uploads\/sites\/14\/2024\/01\/WhatsApp-Image-2024-01-30-at-11.40.13.jpeg","datePublished":"2024-01-30T16:46:50+00:00","dateModified":"2024-01-30T18:08:07+00:00","author":{"@id":"https:\/\/www.manaus.am.gov.br\/immu\/#\/schema\/person\/4e49f4e267757a06ca072ec61b2b9968"},"description":"A Prefeitura de Manaus, por meio do Instituto Municipal de Mobilidade Urbana (IMMU), informa, nesta ter\u00e7a-feira, 30\/1, o planejamento das a\u00e7\u00f5es de tr\u00e2nsito e transporte que v\u00e3o monitorar as \u00e1reas pr\u00f3ximas ao Centro de Conven\u00e7\u00f5es de Manaus, o samb\u00f3dromo, para os desfiles das escolas de samba neste Carnaval 2024. As a\u00e7\u00f5es incluem o per\u00edmetro de interdi\u00e7\u00e3o vi\u00e1ria, efetivo de servidores e linhas de \u00f4nibus do transporte coletivo que estar\u00e3o dispon\u00edveis at\u00e9 o t\u00e9rmino do evento.","breadcrumb":{"@id":"https:\/\/www.manaus.am.gov.br\/immu\/carnaval\/transito-transporte-carnaval-2024\/#breadcrumb"},"inLanguage":"pt-BR","potentialAction":[{"@type":"ReadAction","target":["https:\/\/www.manaus.am.gov.br\/immu\/carnaval\/transito-transporte-carnaval-2024\/"]}]},{"@type":"ImageObject","inLanguage":"pt-BR","@id":"https:\/\/www.manaus.am.gov.br\/immu\/carnaval\/transito-transporte-carnaval-2024\/#primaryimage","url":"https:\/\/www.manaus.am.gov.br\/immu\/wp-content\/uploads\/sites\/14\/2024\/01\/WhatsApp-Image-2024-01-30-at-11.40.13.jpeg","contentUrl":"https:\/\/www.manaus.am.gov.br\/immu\/wp-content\/uploads\/sites\/14\/2024\/01\/WhatsApp-Image-2024-01-30-at-11.40.13.jpeg","width":1280,"height":853},{"@type":"BreadcrumbList","@id":"https:\/\/www.manaus.am.gov.br\/immu\/carnaval\/transito-transporte-carnaval-2024\/#breadcrumb","itemListElement":[{"@type":"ListItem","position":1,"name":"Home","item":"https:\/\/www.manaus.am.gov.br\/immu\/"},{"@type":"ListItem","position":2,"name":"Prefeitura apresenta esquema de tr\u00e2nsito e transporte para desfiles das escolas de samba e bandas da Bica e Difusora"}]},{"@type":"WebSite","@id":"https:\/\/www.manaus.am.gov.br\/immu\/#website","url":"https:\/\/www.manaus.am.gov.br\/immu\/","name":"IMMU","description":"Prefeitura de Manaus","potentialAction":[{"@type":"SearchAction","target":{"@type":"EntryPoint","urlTemplate":"https:\/\/www.manaus.am.gov.br\/immu\/?s={search_term_string}"},"query-input":"required name=search_term_string"}],"inLanguage":"pt-BR"},{"@type":"Person","@id":"https:\/\/www.manaus.am.gov.br\/immu\/#\/schema\/person\/4e49f4e267757a06ca072ec61b2b9968","name":"Adriana Costa","image":{"@type":"ImageObject","inLanguage":"pt-BR","@id":"https:\/\/www.manaus.am.gov.br\/immu\/#\/schema\/person\/image\/","url":"https:\/\/secure.gravatar.com\/avatar\/576258617ef7194f718179e766d57bd4?s=96&d=mm&r=g","contentUrl":"https:\/\/secure.gravatar.com\/avatar\/576258617ef7194f718179e766d57bd4?s=96&d=mm&r=g","caption":"Adriana Costa"}}]}},"_links":{"self":[{"href":"https:\/\/www.manaus.am.gov.br\/immu\/wp-json\/wp\/v2\/posts\/1964"}],"collection":[{"href":"https:\/\/www.manaus.am.gov.br\/immu\/wp-json\/wp\/v2\/posts"}],"about":[{"href":"https:\/\/www.manaus.am.gov.br\/immu\/wp-json\/wp\/v2\/types\/post"}],"author":[{"embeddable":true,"href":"https:\/\/www.manaus.am.gov.br\/immu\/wp-json\/wp\/v2\/users\/23"}],"replies":[{"embeddable":true,"href":"https:\/\/www.manaus.am.gov.br\/immu\/wp-json\/wp\/v2\/comments?post=1964"}],"version-history":[{"count":3,"href":"https:\/\/www.manaus.am.gov.br\/immu\/wp-json\/wp\/v2\/posts\/1964\/revisions"}],"predecessor-version":[{"id":1968,"href":"https:\/\/www.manaus.am.gov.br\/immu\/wp-json\/wp\/v2\/posts\/1964\/revisions\/1968"}],"wp:featuredmedia":[{"embeddable":true,"href":"https:\/\/www.manaus.am.gov.br\/immu\/wp-json\/wp\/v2\/media\/1965"}],"wp:attachment":[{"href":"https:\/\/www.manaus.am.gov.br\/immu\/wp-json\/wp\/v2\/media?parent=1964"}],"wp:term":[{"taxonomy":"category","embeddable":true,"href":"https:\/\/www.manaus.am.gov.br\/immu\/wp-json\/wp\/v2\/categories?post=1964"},{"taxonomy":"post_tag","embeddable":true,"href":"https:\/\/www.manaus.am.gov.br\/immu\/wp-json\/wp\/v2\/tags?post=1964"}],"curies":[{"name":"wp","href":"https:\/\/api.w.org\/{rel}","templated":true}]}}