{"id":1955,"date":"2024-01-25T14:48:15","date_gmt":"2024-01-25T18:48:15","guid":{"rendered":"https:\/\/www.manaus.am.gov.br\/immu\/sem-categoria\/prefeitura-autua-30-motoristas-por-irregularidades-de-circulacao-na-avenida-ephigenio-salles\/"},"modified":"2024-01-25T14:48:17","modified_gmt":"2024-01-25T18:48:17","slug":"prefeitura-autua-30-motoristas-por-irregularidades-de-circulacao-na-avenida-ephigenio-salles","status":"publish","type":"post","link":"https:\/\/www.manaus.am.gov.br\/immu\/transito\/prefeitura-autua-30-motoristas-por-irregularidades-de-circulacao-na-avenida-ephigenio-salles\/","title":{"rendered":"Prefeitura autua 30 motoristas por irregularidades de circula\u00e7\u00e3o na avenida Ephig\u00eanio Salles"},"content":{"rendered":"\n<p>A Prefeitura de Manaus, por meio do Instituto Municipal de Mobilidade Urbana (IMMU), realizou uma opera\u00e7\u00e3o de fiscaliza\u00e7\u00e3o intensa na avenida Ephig\u00eanio Salles, zona Centro-Sul. O foco principal da a\u00e7\u00e3o foi monitorar e coibir a circula\u00e7\u00e3o de caminh\u00f5es que desobedecem a regulamenta\u00e7\u00e3o de tr\u00e2nsito na \u00e1rea, que determina que ve\u00edculos pesados s\u00f3 podem transitar pelo lado direito da via. A a\u00e7\u00e3o aconteceu nesta quinta-feira, 25\/1, e 30 motoristas foram autuados.<\/p>\n\n\n\n<p>O diretor de Opera\u00e7\u00f5es do IMMU, Stanley Ventilari, destacou a import\u00e2ncia da iniciativa. &#8220;A seguran\u00e7a no tr\u00e2nsito \u00e9 uma prioridade para n\u00f3s, e a\u00e7\u00f5es como essa s\u00e3o fundamentais para garantir que as normas sejam respeitadas, mantendo a ordem e a fluidez no tr\u00e2nsito. \u00c9 essencial que os motoristas de ve\u00edculos pesados compreendam e sigam a sinaliza\u00e7\u00e3o espec\u00edfica, que est\u00e1 claramente indicada para a circula\u00e7\u00e3o na avenida Ephig\u00eanio Salles.&#8221;<\/p>\n\n\n\n<p>Durante a opera\u00e7\u00e3o, que contou com a presen\u00e7a de agentes de tr\u00e2nsito do IMMU, foram aplicadas 30 autua\u00e7\u00f5es aos motoristas que infringiram a regulamenta\u00e7\u00e3o. A maioria das infra\u00e7\u00f5es estava relacionada \u00e0 circula\u00e7\u00e3o pelo lado esquerdo da via, contrariando a sinaliza\u00e7\u00e3o que orienta os ve\u00edculos pesados a se manterem no lado direito.<\/p>\n\n\n\n<p>&#8220;A a\u00e7\u00e3o de hoje \u00e9 um refor\u00e7o de que estamos atuantes. O IMMU continuar\u00e1 realizando opera\u00e7\u00f5es para assegurar que as leis de tr\u00e2nsito sejam cumpridas, contribuindo para um tr\u00e2nsito mais seguro para todos&#8221;, concluiu Ventilari.<\/p>\n\n\n\n<p>A prefeitura enfatiza o compromisso com a seguran\u00e7a vi\u00e1ria e alerta que novas opera\u00e7\u00f5es ser\u00e3o programadas para garantir o cumprimento das normas de tr\u00e2nsito, visando a prote\u00e7\u00e3o e a circula\u00e7\u00e3o de todos os usu\u00e1rios das vias urbanas.<\/p>\n\n\n\n<p>&#8212; &#8212; &#8212;<\/p>\n\n\n\n<p><strong>Texto<\/strong> \u2013 Marcelo Lima \/ IMMU<\/p>\n\n\n\n<p><strong>Fotos<\/strong> \u2013 Divulga\u00e7\u00e3o \/ IMMU<\/p>\n","protected":false},"excerpt":{"rendered":"","protected":false},"author":23,"featured_media":1956,"comment_status":"closed","ping_status":"closed","sticky":false,"template":"","format":"standard","meta":{"footnotes":""},"categories":[46],"tags":[1364,53,6,173,8],"acf":[],"yoast_head":"<!-- This site is optimized with the Yoast SEO plugin v23.0 - https:\/\/yoast.com\/wordpress\/plugins\/seo\/ -->\n<title>Prefeitura autua 30 motoristas por irregularidades de circula\u00e7\u00e3o na avenida Ephig\u00eanio Salles<\/title>\n<meta name=\"description\" content=\"A Prefeitura de Manaus, por meio do Instituto Municipal de Mobilidade Urbana (IMMU), realizou uma opera\u00e7\u00e3o de fiscaliza\u00e7\u00e3o intensa na avenida Ephig\u00eanio Salles, zona Centro-Sul. O foco principal da a\u00e7\u00e3o foi monitorar e coibir a circula\u00e7\u00e3o de caminh\u00f5es que desobedecem a regulamenta\u00e7\u00e3o de tr\u00e2nsito na \u00e1rea, que determina que ve\u00edculos pesados s\u00f3 podem transitar pelo lado direito da via. A a\u00e7\u00e3o aconteceu nesta quinta-feira, 25\/1, e 30 motoristas foram autuados.\" \/>\n<meta name=\"robots\" content=\"noindex, follow\" \/>\n<meta property=\"og:locale\" content=\"pt_BR\" \/>\n<meta property=\"og:type\" content=\"article\" \/>\n<meta property=\"og:title\" content=\"Prefeitura autua 30 motoristas por irregularidades de circula\u00e7\u00e3o na avenida Ephig\u00eanio Salles\" \/>\n<meta property=\"og:description\" content=\"A Prefeitura de Manaus, por meio do Instituto Municipal de Mobilidade Urbana (IMMU), realizou uma opera\u00e7\u00e3o de fiscaliza\u00e7\u00e3o intensa na avenida Ephig\u00eanio Salles, zona Centro-Sul. O foco principal da a\u00e7\u00e3o foi monitorar e coibir a circula\u00e7\u00e3o de caminh\u00f5es que desobedecem a regulamenta\u00e7\u00e3o de tr\u00e2nsito na \u00e1rea, que determina que ve\u00edculos pesados s\u00f3 podem transitar pelo lado direito da via. A a\u00e7\u00e3o aconteceu nesta quinta-feira, 25\/1, e 30 motoristas foram autuados.\" \/>\n<meta property=\"og:url\" content=\"https:\/\/www.manaus.am.gov.br\/immu\/transito\/prefeitura-autua-30-motoristas-por-irregularidades-de-circulacao-na-avenida-ephigenio-salles\/\" \/>\n<meta property=\"og:site_name\" content=\"IMMU\" \/>\n<meta property=\"article:published_time\" content=\"2024-01-25T18:48:15+00:00\" \/>\n<meta property=\"article:modified_time\" content=\"2024-01-25T18:48:17+00:00\" \/>\n<meta property=\"og:image\" content=\"https:\/\/www.manaus.am.gov.br\/immu\/wp-content\/uploads\/sites\/14\/2024\/01\/WhatsApp-Image-2024-01-25-at-14.31.17.jpeg\" \/>\n\t<meta property=\"og:image:width\" content=\"900\" \/>\n\t<meta property=\"og:image:height\" content=\"645\" \/>\n\t<meta property=\"og:image:type\" content=\"image\/jpeg\" \/>\n<meta name=\"author\" content=\"Adriana Costa\" \/>\n<meta name=\"twitter:card\" content=\"summary_large_image\" \/>\n<meta name=\"twitter:label1\" content=\"Written by\" \/>\n\t<meta name=\"twitter:data1\" content=\"Adriana Costa\" \/>\n\t<meta name=\"twitter:label2\" content=\"Est. reading time\" \/>\n\t<meta name=\"twitter:data2\" content=\"2 minutos\" \/>\n<script type=\"application\/ld+json\" class=\"yoast-schema-graph\">{\"@context\":\"https:\/\/schema.org\",\"@graph\":[{\"@type\":\"WebPage\",\"@id\":\"https:\/\/www.manaus.am.gov.br\/immu\/transito\/prefeitura-autua-30-motoristas-por-irregularidades-de-circulacao-na-avenida-ephigenio-salles\/\",\"url\":\"https:\/\/www.manaus.am.gov.br\/immu\/transito\/prefeitura-autua-30-motoristas-por-irregularidades-de-circulacao-na-avenida-ephigenio-salles\/\",\"name\":\"Prefeitura autua 30 motoristas por irregularidades de circula\u00e7\u00e3o na avenida Ephig\u00eanio Salles\",\"isPartOf\":{\"@id\":\"https:\/\/www.manaus.am.gov.br\/immu\/#website\"},\"primaryImageOfPage\":{\"@id\":\"https:\/\/www.manaus.am.gov.br\/immu\/transito\/prefeitura-autua-30-motoristas-por-irregularidades-de-circulacao-na-avenida-ephigenio-salles\/#primaryimage\"},\"image\":{\"@id\":\"https:\/\/www.manaus.am.gov.br\/immu\/transito\/prefeitura-autua-30-motoristas-por-irregularidades-de-circulacao-na-avenida-ephigenio-salles\/#primaryimage\"},\"thumbnailUrl\":\"https:\/\/www.manaus.am.gov.br\/immu\/wp-content\/uploads\/sites\/14\/2024\/01\/WhatsApp-Image-2024-01-25-at-14.31.17.jpeg\",\"datePublished\":\"2024-01-25T18:48:15+00:00\",\"dateModified\":\"2024-01-25T18:48:17+00:00\",\"author\":{\"@id\":\"https:\/\/www.manaus.am.gov.br\/immu\/#\/schema\/person\/4e49f4e267757a06ca072ec61b2b9968\"},\"description\":\"A Prefeitura de Manaus, por meio do Instituto Municipal de Mobilidade Urbana (IMMU), realizou uma opera\u00e7\u00e3o de fiscaliza\u00e7\u00e3o intensa na avenida Ephig\u00eanio Salles, zona Centro-Sul. O foco principal da a\u00e7\u00e3o foi monitorar e coibir a circula\u00e7\u00e3o de caminh\u00f5es que desobedecem a regulamenta\u00e7\u00e3o de tr\u00e2nsito na \u00e1rea, que determina que ve\u00edculos pesados s\u00f3 podem transitar pelo lado direito da via. A a\u00e7\u00e3o aconteceu nesta quinta-feira, 25\/1, e 30 motoristas foram autuados.\",\"breadcrumb\":{\"@id\":\"https:\/\/www.manaus.am.gov.br\/immu\/transito\/prefeitura-autua-30-motoristas-por-irregularidades-de-circulacao-na-avenida-ephigenio-salles\/#breadcrumb\"},\"inLanguage\":\"pt-BR\",\"potentialAction\":[{\"@type\":\"ReadAction\",\"target\":[\"https:\/\/www.manaus.am.gov.br\/immu\/transito\/prefeitura-autua-30-motoristas-por-irregularidades-de-circulacao-na-avenida-ephigenio-salles\/\"]}]},{\"@type\":\"ImageObject\",\"inLanguage\":\"pt-BR\",\"@id\":\"https:\/\/www.manaus.am.gov.br\/immu\/transito\/prefeitura-autua-30-motoristas-por-irregularidades-de-circulacao-na-avenida-ephigenio-salles\/#primaryimage\",\"url\":\"https:\/\/www.manaus.am.gov.br\/immu\/wp-content\/uploads\/sites\/14\/2024\/01\/WhatsApp-Image-2024-01-25-at-14.31.17.jpeg\",\"contentUrl\":\"https:\/\/www.manaus.am.gov.br\/immu\/wp-content\/uploads\/sites\/14\/2024\/01\/WhatsApp-Image-2024-01-25-at-14.31.17.jpeg\",\"width\":900,\"height\":645},{\"@type\":\"BreadcrumbList\",\"@id\":\"https:\/\/www.manaus.am.gov.br\/immu\/transito\/prefeitura-autua-30-motoristas-por-irregularidades-de-circulacao-na-avenida-ephigenio-salles\/#breadcrumb\",\"itemListElement\":[{\"@type\":\"ListItem\",\"position\":1,\"name\":\"Home\",\"item\":\"https:\/\/www.manaus.am.gov.br\/immu\/\"},{\"@type\":\"ListItem\",\"position\":2,\"name\":\"Prefeitura autua 30 motoristas por irregularidades de circula\u00e7\u00e3o na avenida Ephig\u00eanio Salles\"}]},{\"@type\":\"WebSite\",\"@id\":\"https:\/\/www.manaus.am.gov.br\/immu\/#website\",\"url\":\"https:\/\/www.manaus.am.gov.br\/immu\/\",\"name\":\"IMMU\",\"description\":\"Prefeitura de Manaus\",\"potentialAction\":[{\"@type\":\"SearchAction\",\"target\":{\"@type\":\"EntryPoint\",\"urlTemplate\":\"https:\/\/www.manaus.am.gov.br\/immu\/?s={search_term_string}\"},\"query-input\":\"required name=search_term_string\"}],\"inLanguage\":\"pt-BR\"},{\"@type\":\"Person\",\"@id\":\"https:\/\/www.manaus.am.gov.br\/immu\/#\/schema\/person\/4e49f4e267757a06ca072ec61b2b9968\",\"name\":\"Adriana Costa\",\"image\":{\"@type\":\"ImageObject\",\"inLanguage\":\"pt-BR\",\"@id\":\"https:\/\/www.manaus.am.gov.br\/immu\/#\/schema\/person\/image\/\",\"url\":\"https:\/\/secure.gravatar.com\/avatar\/576258617ef7194f718179e766d57bd4?s=96&d=mm&r=g\",\"contentUrl\":\"https:\/\/secure.gravatar.com\/avatar\/576258617ef7194f718179e766d57bd4?s=96&d=mm&r=g\",\"caption\":\"Adriana Costa\"}}]}<\/script>\n<!-- \/ Yoast SEO plugin. -->","yoast_head_json":{"title":"Prefeitura autua 30 motoristas por irregularidades de circula\u00e7\u00e3o na avenida Ephig\u00eanio Salles","description":"A Prefeitura de Manaus, por meio do Instituto Municipal de Mobilidade Urbana (IMMU), realizou uma opera\u00e7\u00e3o de fiscaliza\u00e7\u00e3o intensa na avenida Ephig\u00eanio Salles, zona Centro-Sul. O foco principal da a\u00e7\u00e3o foi monitorar e coibir a circula\u00e7\u00e3o de caminh\u00f5es que desobedecem a regulamenta\u00e7\u00e3o de tr\u00e2nsito na \u00e1rea, que determina que ve\u00edculos pesados s\u00f3 podem transitar pelo lado direito da via. A a\u00e7\u00e3o aconteceu nesta quinta-feira, 25\/1, e 30 motoristas foram autuados.","robots":{"index":"noindex","follow":"follow"},"og_locale":"pt_BR","og_type":"article","og_title":"Prefeitura autua 30 motoristas por irregularidades de circula\u00e7\u00e3o na avenida Ephig\u00eanio Salles","og_description":"A Prefeitura de Manaus, por meio do Instituto Municipal de Mobilidade Urbana (IMMU), realizou uma opera\u00e7\u00e3o de fiscaliza\u00e7\u00e3o intensa na avenida Ephig\u00eanio Salles, zona Centro-Sul. O foco principal da a\u00e7\u00e3o foi monitorar e coibir a circula\u00e7\u00e3o de caminh\u00f5es que desobedecem a regulamenta\u00e7\u00e3o de tr\u00e2nsito na \u00e1rea, que determina que ve\u00edculos pesados s\u00f3 podem transitar pelo lado direito da via. A a\u00e7\u00e3o aconteceu nesta quinta-feira, 25\/1, e 30 motoristas foram autuados.","og_url":"https:\/\/www.manaus.am.gov.br\/immu\/transito\/prefeitura-autua-30-motoristas-por-irregularidades-de-circulacao-na-avenida-ephigenio-salles\/","og_site_name":"IMMU","article_published_time":"2024-01-25T18:48:15+00:00","article_modified_time":"2024-01-25T18:48:17+00:00","og_image":[{"width":900,"height":645,"url":"https:\/\/www.manaus.am.gov.br\/immu\/wp-content\/uploads\/sites\/14\/2024\/01\/WhatsApp-Image-2024-01-25-at-14.31.17.jpeg","type":"image\/jpeg"}],"author":"Adriana Costa","twitter_card":"summary_large_image","twitter_misc":{"Written by":"Adriana Costa","Est. reading time":"2 minutos"},"schema":{"@context":"https:\/\/schema.org","@graph":[{"@type":"WebPage","@id":"https:\/\/www.manaus.am.gov.br\/immu\/transito\/prefeitura-autua-30-motoristas-por-irregularidades-de-circulacao-na-avenida-ephigenio-salles\/","url":"https:\/\/www.manaus.am.gov.br\/immu\/transito\/prefeitura-autua-30-motoristas-por-irregularidades-de-circulacao-na-avenida-ephigenio-salles\/","name":"Prefeitura autua 30 motoristas por irregularidades de circula\u00e7\u00e3o na avenida Ephig\u00eanio Salles","isPartOf":{"@id":"https:\/\/www.manaus.am.gov.br\/immu\/#website"},"primaryImageOfPage":{"@id":"https:\/\/www.manaus.am.gov.br\/immu\/transito\/prefeitura-autua-30-motoristas-por-irregularidades-de-circulacao-na-avenida-ephigenio-salles\/#primaryimage"},"image":{"@id":"https:\/\/www.manaus.am.gov.br\/immu\/transito\/prefeitura-autua-30-motoristas-por-irregularidades-de-circulacao-na-avenida-ephigenio-salles\/#primaryimage"},"thumbnailUrl":"https:\/\/www.manaus.am.gov.br\/immu\/wp-content\/uploads\/sites\/14\/2024\/01\/WhatsApp-Image-2024-01-25-at-14.31.17.jpeg","datePublished":"2024-01-25T18:48:15+00:00","dateModified":"2024-01-25T18:48:17+00:00","author":{"@id":"https:\/\/www.manaus.am.gov.br\/immu\/#\/schema\/person\/4e49f4e267757a06ca072ec61b2b9968"},"description":"A Prefeitura de Manaus, por meio do Instituto Municipal de Mobilidade Urbana (IMMU), realizou uma opera\u00e7\u00e3o de fiscaliza\u00e7\u00e3o intensa na avenida Ephig\u00eanio Salles, zona Centro-Sul. O foco principal da a\u00e7\u00e3o foi monitorar e coibir a circula\u00e7\u00e3o de caminh\u00f5es que desobedecem a regulamenta\u00e7\u00e3o de tr\u00e2nsito na \u00e1rea, que determina que ve\u00edculos pesados s\u00f3 podem transitar pelo lado direito da via. A a\u00e7\u00e3o aconteceu nesta quinta-feira, 25\/1, e 30 motoristas foram autuados.","breadcrumb":{"@id":"https:\/\/www.manaus.am.gov.br\/immu\/transito\/prefeitura-autua-30-motoristas-por-irregularidades-de-circulacao-na-avenida-ephigenio-salles\/#breadcrumb"},"inLanguage":"pt-BR","potentialAction":[{"@type":"ReadAction","target":["https:\/\/www.manaus.am.gov.br\/immu\/transito\/prefeitura-autua-30-motoristas-por-irregularidades-de-circulacao-na-avenida-ephigenio-salles\/"]}]},{"@type":"ImageObject","inLanguage":"pt-BR","@id":"https:\/\/www.manaus.am.gov.br\/immu\/transito\/prefeitura-autua-30-motoristas-por-irregularidades-de-circulacao-na-avenida-ephigenio-salles\/#primaryimage","url":"https:\/\/www.manaus.am.gov.br\/immu\/wp-content\/uploads\/sites\/14\/2024\/01\/WhatsApp-Image-2024-01-25-at-14.31.17.jpeg","contentUrl":"https:\/\/www.manaus.am.gov.br\/immu\/wp-content\/uploads\/sites\/14\/2024\/01\/WhatsApp-Image-2024-01-25-at-14.31.17.jpeg","width":900,"height":645},{"@type":"BreadcrumbList","@id":"https:\/\/www.manaus.am.gov.br\/immu\/transito\/prefeitura-autua-30-motoristas-por-irregularidades-de-circulacao-na-avenida-ephigenio-salles\/#breadcrumb","itemListElement":[{"@type":"ListItem","position":1,"name":"Home","item":"https:\/\/www.manaus.am.gov.br\/immu\/"},{"@type":"ListItem","position":2,"name":"Prefeitura autua 30 motoristas por irregularidades de circula\u00e7\u00e3o na avenida Ephig\u00eanio Salles"}]},{"@type":"WebSite","@id":"https:\/\/www.manaus.am.gov.br\/immu\/#website","url":"https:\/\/www.manaus.am.gov.br\/immu\/","name":"IMMU","description":"Prefeitura de Manaus","potentialAction":[{"@type":"SearchAction","target":{"@type":"EntryPoint","urlTemplate":"https:\/\/www.manaus.am.gov.br\/immu\/?s={search_term_string}"},"query-input":"required name=search_term_string"}],"inLanguage":"pt-BR"},{"@type":"Person","@id":"https:\/\/www.manaus.am.gov.br\/immu\/#\/schema\/person\/4e49f4e267757a06ca072ec61b2b9968","name":"Adriana Costa","image":{"@type":"ImageObject","inLanguage":"pt-BR","@id":"https:\/\/www.manaus.am.gov.br\/immu\/#\/schema\/person\/image\/","url":"https:\/\/secure.gravatar.com\/avatar\/576258617ef7194f718179e766d57bd4?s=96&d=mm&r=g","contentUrl":"https:\/\/secure.gravatar.com\/avatar\/576258617ef7194f718179e766d57bd4?s=96&d=mm&r=g","caption":"Adriana Costa"}}]}},"_links":{"self":[{"href":"https:\/\/www.manaus.am.gov.br\/immu\/wp-json\/wp\/v2\/posts\/1955"}],"collection":[{"href":"https:\/\/www.manaus.am.gov.br\/immu\/wp-json\/wp\/v2\/posts"}],"about":[{"href":"https:\/\/www.manaus.am.gov.br\/immu\/wp-json\/wp\/v2\/types\/post"}],"author":[{"embeddable":true,"href":"https:\/\/www.manaus.am.gov.br\/immu\/wp-json\/wp\/v2\/users\/23"}],"replies":[{"embeddable":true,"href":"https:\/\/www.manaus.am.gov.br\/immu\/wp-json\/wp\/v2\/comments?post=1955"}],"version-history":[{"count":0,"href":"https:\/\/www.manaus.am.gov.br\/immu\/wp-json\/wp\/v2\/posts\/1955\/revisions"}],"wp:featuredmedia":[{"embeddable":true,"href":"https:\/\/www.manaus.am.gov.br\/immu\/wp-json\/wp\/v2\/media\/1956"}],"wp:attachment":[{"href":"https:\/\/www.manaus.am.gov.br\/immu\/wp-json\/wp\/v2\/media?parent=1955"}],"wp:term":[{"taxonomy":"category","embeddable":true,"href":"https:\/\/www.manaus.am.gov.br\/immu\/wp-json\/wp\/v2\/categories?post=1955"},{"taxonomy":"post_tag","embeddable":true,"href":"https:\/\/www.manaus.am.gov.br\/immu\/wp-json\/wp\/v2\/tags?post=1955"}],"curies":[{"name":"wp","href":"https:\/\/api.w.org\/{rel}","templated":true}]}}