{"id":1916,"date":"2024-01-16T15:56:51","date_gmt":"2024-01-16T19:56:51","guid":{"rendered":"https:\/\/www.manaus.am.gov.br\/immu\/sem-categoria\/prefeitura-prepara-desvios-no-transito-e-transportes-para-o-jogo-na-arena-da-amazonia-nesta-quarta-feira\/"},"modified":"2024-01-16T15:56:52","modified_gmt":"2024-01-16T19:56:52","slug":"prefeitura-prepara-desvios-no-transito-e-transportes-para-o-jogo-na-arena-da-amazonia-nesta-quarta-feira","status":"publish","type":"post","link":"https:\/\/www.manaus.am.gov.br\/immu\/transito\/prefeitura-prepara-desvios-no-transito-e-transportes-para-o-jogo-na-arena-da-amazonia-nesta-quarta-feira\/","title":{"rendered":"Prefeitura prepara desvios no tr\u00e2nsito e transportes para o jogo na Arena da Amaz\u00f4nia nesta quarta-feira"},"content":{"rendered":"\n<p>A Prefeitura de Manaus, por meio do Instituto Municipal de Mobilidade Urbana (IMMU), ir\u00e1 realizar desvios no tr\u00e2nsito e transportes nas vias que d\u00e3o acesso \u00e0 Arena da Amaz\u00f4nia, nesta quarta-feira, 17\/1, na zona Oeste da cidade. A medida \u00e9 para permitir que os torcedores acessem o est\u00e1dio com seguran\u00e7a.<\/p>\n\n\n\n<p>O IMMU estar\u00e1 com 60 agentes de tr\u00e2nsito posicionados em todos os cruzamentos que d\u00e3o acesso \u00e0 Arena da Amaz\u00f4nia para auxiliar na travessia de pedestres e orientar os motoristas sobre os itiner\u00e1rios. As interven\u00e7\u00f5es ter\u00e3o in\u00edcio a partir das 8h desta quarta-feira.<\/p>\n\n\n\n<p><strong>Interdi\u00e7\u00f5es no Tr\u00e2nsito<\/strong><\/p>\n\n\n\n<p>A rua Flaviano Limongi ser\u00e1 interditada para acesso dos ve\u00edculos a partir das 8h.<\/p>\n\n\n\n<p>A avenida Constantino Nery, no sentido bairro\/Centro, ter\u00e1 interdi\u00e7\u00e3o entre as avenidas L\u00f3ris Cordovil e Pedro Teixeira a partir das 18h.<\/p>\n\n\n\n<p>Ao final do jogo, as avenidas Constantino Nery e Pedro Teixeira ter\u00e3o interdi\u00e7\u00e3o total at\u00e9 a dispers\u00e3o do p\u00fablico.<\/p>\n\n\n\n<p>O IMMU permitir\u00e1 estacionamento na avenida Belmiro Vianez e alameda do Samba.<\/p>\n\n\n\n<p><strong>Desvio Transporte<\/strong><\/p>\n\n\n\n<p>A linha 455 ter\u00e1 o itiner\u00e1rio alterado no sentido bairro\/centro. Os \u00f4nibus seguir\u00e3o pela avenida M\u00e1rio Ypiranga, avenida Djalma Batista, avenida Pedro Teixeira, avenida Constantino Nery, avenida M\u00e1rio Ypiranga, avenida Djalma Batista.<\/p>\n\n\n\n<p>As Linhas 302, 305, 306, 444, 454, 430, 319, 320, 321, 324, 330,448, 316 e 011, seguir\u00e3o no sentido bairro\/centro pela avenida Constantino Nery, avenida M\u00e1rio Ypiranga, avenida Djalma Batista, avenida Jo\u00e3o Val\u00e9rio, avenida Constantino Nery, retornando ao itiner\u00e1rio normal.<\/p>\n\n\n\n<p>Os desvios das linhas 356, 448, 500, 560 e 640 seguir\u00e3o pela avenida Constantino Nery, avenida M\u00e1rio Ypiranga, avenida Djalma Batista, avenida \u00c1lvaro Maia, (retorno no Centro de Conviv\u00eancia), avenida Brasil, seguindo o curso normal.<\/p>\n\n\n\n<p>Para atendimento ao T1\/Centro, os passageiros da Esta\u00e7\u00e3o Arena ter\u00e3o como op\u00e7\u00e3o a linha 455.<\/p>\n\n\n\n<p>&#8212; &#8212; &#8212;<\/p>\n\n\n\n<p><strong>Texto<\/strong> \u2013 Marcelo Lima \/ IMMU<\/p>\n\n\n\n<p><strong>Fotos<\/strong> \u2013 Divulga\u00e7\u00e3o \/ IMMU<\/p>\n","protected":false},"excerpt":{"rendered":"","protected":false},"author":61,"featured_media":1917,"comment_status":"closed","ping_status":"closed","sticky":false,"template":"","format":"standard","meta":{"footnotes":""},"categories":[46],"tags":[874,1338,6,1339,8],"acf":[],"yoast_head":"<!-- This site is optimized with the Yoast SEO plugin v23.0 - https:\/\/yoast.com\/wordpress\/plugins\/seo\/ -->\n<title>Prefeitura prepara desvios no tr\u00e2nsito e transportes para jogo<\/title>\n<meta name=\"description\" content=\"A Prefeitura de Manaus ir\u00e1 realizar desvios no tr\u00e2nsito e transportes nas vias que d\u00e3o acesso \u00e0 Arena da Amaz\u00f4nia, nesta quarta-feira\" \/>\n<meta name=\"robots\" content=\"noindex, follow\" \/>\n<meta property=\"og:locale\" content=\"pt_BR\" \/>\n<meta property=\"og:type\" content=\"article\" \/>\n<meta property=\"og:title\" content=\"Prefeitura prepara desvios no tr\u00e2nsito e transportes para jogo\" \/>\n<meta property=\"og:description\" content=\"A Prefeitura de Manaus ir\u00e1 realizar desvios no tr\u00e2nsito e transportes nas vias que d\u00e3o acesso \u00e0 Arena da Amaz\u00f4nia, nesta quarta-feira\" \/>\n<meta property=\"og:url\" content=\"https:\/\/www.manaus.am.gov.br\/immu\/transito\/prefeitura-prepara-desvios-no-transito-e-transportes-para-o-jogo-na-arena-da-amazonia-nesta-quarta-feira\/\" \/>\n<meta property=\"og:site_name\" content=\"IMMU\" \/>\n<meta property=\"article:published_time\" content=\"2024-01-16T19:56:51+00:00\" \/>\n<meta property=\"article:modified_time\" content=\"2024-01-16T19:56:52+00:00\" \/>\n<meta property=\"og:image\" content=\"https:\/\/www.manaus.am.gov.br\/immu\/wp-content\/uploads\/sites\/14\/2024\/01\/IMMU-Jogo-2.jpg\" \/>\n\t<meta property=\"og:image:width\" content=\"799\" \/>\n\t<meta property=\"og:image:height\" content=\"533\" \/>\n\t<meta property=\"og:image:type\" content=\"image\/jpeg\" \/>\n<meta name=\"author\" content=\"smonteiro\" \/>\n<meta name=\"twitter:card\" content=\"summary_large_image\" \/>\n<meta name=\"twitter:label1\" content=\"Written by\" \/>\n\t<meta name=\"twitter:data1\" content=\"smonteiro\" \/>\n\t<meta name=\"twitter:label2\" content=\"Est. reading time\" \/>\n\t<meta name=\"twitter:data2\" content=\"2 minutos\" \/>\n<script type=\"application\/ld+json\" class=\"yoast-schema-graph\">{\"@context\":\"https:\/\/schema.org\",\"@graph\":[{\"@type\":\"WebPage\",\"@id\":\"https:\/\/www.manaus.am.gov.br\/immu\/transito\/prefeitura-prepara-desvios-no-transito-e-transportes-para-o-jogo-na-arena-da-amazonia-nesta-quarta-feira\/\",\"url\":\"https:\/\/www.manaus.am.gov.br\/immu\/transito\/prefeitura-prepara-desvios-no-transito-e-transportes-para-o-jogo-na-arena-da-amazonia-nesta-quarta-feira\/\",\"name\":\"Prefeitura prepara desvios no tr\u00e2nsito e transportes para jogo\",\"isPartOf\":{\"@id\":\"https:\/\/www.manaus.am.gov.br\/immu\/#website\"},\"primaryImageOfPage\":{\"@id\":\"https:\/\/www.manaus.am.gov.br\/immu\/transito\/prefeitura-prepara-desvios-no-transito-e-transportes-para-o-jogo-na-arena-da-amazonia-nesta-quarta-feira\/#primaryimage\"},\"image\":{\"@id\":\"https:\/\/www.manaus.am.gov.br\/immu\/transito\/prefeitura-prepara-desvios-no-transito-e-transportes-para-o-jogo-na-arena-da-amazonia-nesta-quarta-feira\/#primaryimage\"},\"thumbnailUrl\":\"https:\/\/www.manaus.am.gov.br\/immu\/wp-content\/uploads\/sites\/14\/2024\/01\/IMMU-Jogo-2.jpg\",\"datePublished\":\"2024-01-16T19:56:51+00:00\",\"dateModified\":\"2024-01-16T19:56:52+00:00\",\"author\":{\"@id\":\"https:\/\/www.manaus.am.gov.br\/immu\/#\/schema\/person\/ab4dcf766a54dff74e8d267f5c591961\"},\"description\":\"A Prefeitura de Manaus ir\u00e1 realizar desvios no tr\u00e2nsito e transportes nas vias que d\u00e3o acesso \u00e0 Arena da Amaz\u00f4nia, nesta quarta-feira\",\"breadcrumb\":{\"@id\":\"https:\/\/www.manaus.am.gov.br\/immu\/transito\/prefeitura-prepara-desvios-no-transito-e-transportes-para-o-jogo-na-arena-da-amazonia-nesta-quarta-feira\/#breadcrumb\"},\"inLanguage\":\"pt-BR\",\"potentialAction\":[{\"@type\":\"ReadAction\",\"target\":[\"https:\/\/www.manaus.am.gov.br\/immu\/transito\/prefeitura-prepara-desvios-no-transito-e-transportes-para-o-jogo-na-arena-da-amazonia-nesta-quarta-feira\/\"]}]},{\"@type\":\"ImageObject\",\"inLanguage\":\"pt-BR\",\"@id\":\"https:\/\/www.manaus.am.gov.br\/immu\/transito\/prefeitura-prepara-desvios-no-transito-e-transportes-para-o-jogo-na-arena-da-amazonia-nesta-quarta-feira\/#primaryimage\",\"url\":\"https:\/\/www.manaus.am.gov.br\/immu\/wp-content\/uploads\/sites\/14\/2024\/01\/IMMU-Jogo-2.jpg\",\"contentUrl\":\"https:\/\/www.manaus.am.gov.br\/immu\/wp-content\/uploads\/sites\/14\/2024\/01\/IMMU-Jogo-2.jpg\",\"width\":799,\"height\":533,\"caption\":\"#paratodosverem - dois agentes de tr\u00e2nsito posicionados em avenida\"},{\"@type\":\"BreadcrumbList\",\"@id\":\"https:\/\/www.manaus.am.gov.br\/immu\/transito\/prefeitura-prepara-desvios-no-transito-e-transportes-para-o-jogo-na-arena-da-amazonia-nesta-quarta-feira\/#breadcrumb\",\"itemListElement\":[{\"@type\":\"ListItem\",\"position\":1,\"name\":\"Home\",\"item\":\"https:\/\/www.manaus.am.gov.br\/immu\/\"},{\"@type\":\"ListItem\",\"position\":2,\"name\":\"Prefeitura prepara desvios no tr\u00e2nsito e transportes para o jogo na Arena da Amaz\u00f4nia nesta quarta-feira\"}]},{\"@type\":\"WebSite\",\"@id\":\"https:\/\/www.manaus.am.gov.br\/immu\/#website\",\"url\":\"https:\/\/www.manaus.am.gov.br\/immu\/\",\"name\":\"IMMU\",\"description\":\"Prefeitura de Manaus\",\"potentialAction\":[{\"@type\":\"SearchAction\",\"target\":{\"@type\":\"EntryPoint\",\"urlTemplate\":\"https:\/\/www.manaus.am.gov.br\/immu\/?s={search_term_string}\"},\"query-input\":\"required name=search_term_string\"}],\"inLanguage\":\"pt-BR\"},{\"@type\":\"Person\",\"@id\":\"https:\/\/www.manaus.am.gov.br\/immu\/#\/schema\/person\/ab4dcf766a54dff74e8d267f5c591961\",\"name\":\"smonteiro\",\"image\":{\"@type\":\"ImageObject\",\"inLanguage\":\"pt-BR\",\"@id\":\"https:\/\/www.manaus.am.gov.br\/immu\/#\/schema\/person\/image\/\",\"url\":\"https:\/\/secure.gravatar.com\/avatar\/21c8776ef61d9272c73322052e042d77?s=96&d=mm&r=g\",\"contentUrl\":\"https:\/\/secure.gravatar.com\/avatar\/21c8776ef61d9272c73322052e042d77?s=96&d=mm&r=g\",\"caption\":\"smonteiro\"}}]}<\/script>\n<!-- \/ Yoast SEO plugin. -->","yoast_head_json":{"title":"Prefeitura prepara desvios no tr\u00e2nsito e transportes para jogo","description":"A Prefeitura de Manaus ir\u00e1 realizar desvios no tr\u00e2nsito e transportes nas vias que d\u00e3o acesso \u00e0 Arena da Amaz\u00f4nia, nesta quarta-feira","robots":{"index":"noindex","follow":"follow"},"og_locale":"pt_BR","og_type":"article","og_title":"Prefeitura prepara desvios no tr\u00e2nsito e transportes para jogo","og_description":"A Prefeitura de Manaus ir\u00e1 realizar desvios no tr\u00e2nsito e transportes nas vias que d\u00e3o acesso \u00e0 Arena da Amaz\u00f4nia, nesta quarta-feira","og_url":"https:\/\/www.manaus.am.gov.br\/immu\/transito\/prefeitura-prepara-desvios-no-transito-e-transportes-para-o-jogo-na-arena-da-amazonia-nesta-quarta-feira\/","og_site_name":"IMMU","article_published_time":"2024-01-16T19:56:51+00:00","article_modified_time":"2024-01-16T19:56:52+00:00","og_image":[{"width":799,"height":533,"url":"https:\/\/www.manaus.am.gov.br\/immu\/wp-content\/uploads\/sites\/14\/2024\/01\/IMMU-Jogo-2.jpg","type":"image\/jpeg"}],"author":"smonteiro","twitter_card":"summary_large_image","twitter_misc":{"Written by":"smonteiro","Est. reading time":"2 minutos"},"schema":{"@context":"https:\/\/schema.org","@graph":[{"@type":"WebPage","@id":"https:\/\/www.manaus.am.gov.br\/immu\/transito\/prefeitura-prepara-desvios-no-transito-e-transportes-para-o-jogo-na-arena-da-amazonia-nesta-quarta-feira\/","url":"https:\/\/www.manaus.am.gov.br\/immu\/transito\/prefeitura-prepara-desvios-no-transito-e-transportes-para-o-jogo-na-arena-da-amazonia-nesta-quarta-feira\/","name":"Prefeitura prepara desvios no tr\u00e2nsito e transportes para jogo","isPartOf":{"@id":"https:\/\/www.manaus.am.gov.br\/immu\/#website"},"primaryImageOfPage":{"@id":"https:\/\/www.manaus.am.gov.br\/immu\/transito\/prefeitura-prepara-desvios-no-transito-e-transportes-para-o-jogo-na-arena-da-amazonia-nesta-quarta-feira\/#primaryimage"},"image":{"@id":"https:\/\/www.manaus.am.gov.br\/immu\/transito\/prefeitura-prepara-desvios-no-transito-e-transportes-para-o-jogo-na-arena-da-amazonia-nesta-quarta-feira\/#primaryimage"},"thumbnailUrl":"https:\/\/www.manaus.am.gov.br\/immu\/wp-content\/uploads\/sites\/14\/2024\/01\/IMMU-Jogo-2.jpg","datePublished":"2024-01-16T19:56:51+00:00","dateModified":"2024-01-16T19:56:52+00:00","author":{"@id":"https:\/\/www.manaus.am.gov.br\/immu\/#\/schema\/person\/ab4dcf766a54dff74e8d267f5c591961"},"description":"A Prefeitura de Manaus ir\u00e1 realizar desvios no tr\u00e2nsito e transportes nas vias que d\u00e3o acesso \u00e0 Arena da Amaz\u00f4nia, nesta quarta-feira","breadcrumb":{"@id":"https:\/\/www.manaus.am.gov.br\/immu\/transito\/prefeitura-prepara-desvios-no-transito-e-transportes-para-o-jogo-na-arena-da-amazonia-nesta-quarta-feira\/#breadcrumb"},"inLanguage":"pt-BR","potentialAction":[{"@type":"ReadAction","target":["https:\/\/www.manaus.am.gov.br\/immu\/transito\/prefeitura-prepara-desvios-no-transito-e-transportes-para-o-jogo-na-arena-da-amazonia-nesta-quarta-feira\/"]}]},{"@type":"ImageObject","inLanguage":"pt-BR","@id":"https:\/\/www.manaus.am.gov.br\/immu\/transito\/prefeitura-prepara-desvios-no-transito-e-transportes-para-o-jogo-na-arena-da-amazonia-nesta-quarta-feira\/#primaryimage","url":"https:\/\/www.manaus.am.gov.br\/immu\/wp-content\/uploads\/sites\/14\/2024\/01\/IMMU-Jogo-2.jpg","contentUrl":"https:\/\/www.manaus.am.gov.br\/immu\/wp-content\/uploads\/sites\/14\/2024\/01\/IMMU-Jogo-2.jpg","width":799,"height":533,"caption":"#paratodosverem - dois agentes de tr\u00e2nsito posicionados em avenida"},{"@type":"BreadcrumbList","@id":"https:\/\/www.manaus.am.gov.br\/immu\/transito\/prefeitura-prepara-desvios-no-transito-e-transportes-para-o-jogo-na-arena-da-amazonia-nesta-quarta-feira\/#breadcrumb","itemListElement":[{"@type":"ListItem","position":1,"name":"Home","item":"https:\/\/www.manaus.am.gov.br\/immu\/"},{"@type":"ListItem","position":2,"name":"Prefeitura prepara desvios no tr\u00e2nsito e transportes para o jogo na Arena da Amaz\u00f4nia nesta quarta-feira"}]},{"@type":"WebSite","@id":"https:\/\/www.manaus.am.gov.br\/immu\/#website","url":"https:\/\/www.manaus.am.gov.br\/immu\/","name":"IMMU","description":"Prefeitura de Manaus","potentialAction":[{"@type":"SearchAction","target":{"@type":"EntryPoint","urlTemplate":"https:\/\/www.manaus.am.gov.br\/immu\/?s={search_term_string}"},"query-input":"required name=search_term_string"}],"inLanguage":"pt-BR"},{"@type":"Person","@id":"https:\/\/www.manaus.am.gov.br\/immu\/#\/schema\/person\/ab4dcf766a54dff74e8d267f5c591961","name":"smonteiro","image":{"@type":"ImageObject","inLanguage":"pt-BR","@id":"https:\/\/www.manaus.am.gov.br\/immu\/#\/schema\/person\/image\/","url":"https:\/\/secure.gravatar.com\/avatar\/21c8776ef61d9272c73322052e042d77?s=96&d=mm&r=g","contentUrl":"https:\/\/secure.gravatar.com\/avatar\/21c8776ef61d9272c73322052e042d77?s=96&d=mm&r=g","caption":"smonteiro"}}]}},"_links":{"self":[{"href":"https:\/\/www.manaus.am.gov.br\/immu\/wp-json\/wp\/v2\/posts\/1916"}],"collection":[{"href":"https:\/\/www.manaus.am.gov.br\/immu\/wp-json\/wp\/v2\/posts"}],"about":[{"href":"https:\/\/www.manaus.am.gov.br\/immu\/wp-json\/wp\/v2\/types\/post"}],"author":[{"embeddable":true,"href":"https:\/\/www.manaus.am.gov.br\/immu\/wp-json\/wp\/v2\/users\/61"}],"replies":[{"embeddable":true,"href":"https:\/\/www.manaus.am.gov.br\/immu\/wp-json\/wp\/v2\/comments?post=1916"}],"version-history":[{"count":0,"href":"https:\/\/www.manaus.am.gov.br\/immu\/wp-json\/wp\/v2\/posts\/1916\/revisions"}],"wp:featuredmedia":[{"embeddable":true,"href":"https:\/\/www.manaus.am.gov.br\/immu\/wp-json\/wp\/v2\/media\/1917"}],"wp:attachment":[{"href":"https:\/\/www.manaus.am.gov.br\/immu\/wp-json\/wp\/v2\/media?parent=1916"}],"wp:term":[{"taxonomy":"category","embeddable":true,"href":"https:\/\/www.manaus.am.gov.br\/immu\/wp-json\/wp\/v2\/categories?post=1916"},{"taxonomy":"post_tag","embeddable":true,"href":"https:\/\/www.manaus.am.gov.br\/immu\/wp-json\/wp\/v2\/tags?post=1916"}],"curies":[{"name":"wp","href":"https:\/\/api.w.org\/{rel}","templated":true}]}}