{"id":1898,"date":"2024-01-12T16:44:06","date_gmt":"2024-01-12T20:44:06","guid":{"rendered":"https:\/\/www.manaus.am.gov.br\/immu\/sem-categoria\/prefeitura-orienta-sobre-cuidados-na-contratacao-de-transporte-escolar\/"},"modified":"2024-01-12T16:44:08","modified_gmt":"2024-01-12T20:44:08","slug":"prefeitura-orienta-sobre-cuidados-na-contratacao-de-transporte-escolar","status":"publish","type":"post","link":"https:\/\/www.manaus.am.gov.br\/immu\/transporte\/prefeitura-orienta-sobre-cuidados-na-contratacao-de-transporte-escolar\/","title":{"rendered":"Prefeitura orienta sobre cuidados na contrata\u00e7\u00e3o de \u00a0transporte escolar"},"content":{"rendered":"\n<p>A Prefeitura de Manaus, por meio do Instituto Municipal de Mobilidade Urbana (IMMU), orienta pais e respons\u00e1veis sobre os cuidados na contrata\u00e7\u00e3o de ve\u00edculos de transporte escolar na volta \u00e0s aulas. Neste per\u00edodo, quando a demanda por este tipo de servi\u00e7o aumenta, \u00e9 necess\u00e1rio verificar que o transporte escolhido esteja devidamente regularizado junto ao IMMU. Esta \u00e9 uma medida essencial para a seguran\u00e7a dos estudantes.<\/p>\n\n\n\n<p>\u201c\u00c9 muito importante que os pais ou respons\u00e1veis pelos alunos verifiquem a regulariza\u00e7\u00e3o das empresas de transporte escolar. Isso garante que os ve\u00edculos passem por vistorias rigorosas, proporcionando seguran\u00e7a e tranquilidade no transporte dos estudantes. Os estudantes devem sempre ser a prioridade\u201d, enfatizou Alexandre Frederico, vice-presidente de Transportes do IMMU.<\/p>\n\n\n\n<p>Os pais ou respons\u00e1veis devem verificar a regulariza\u00e7\u00e3o das empresas ou dos permission\u00e1rios individuais junto ao IMMU. A regulariza\u00e7\u00e3o assegura que os ve\u00edculos passaram por vistorias e inspe\u00e7\u00f5es, cumprindo os padr\u00f5es de seguran\u00e7a exigidos. Existem duas categorias de operadores no sistema, os permission\u00e1rios individuais, que s\u00e3o pessoas f\u00edsicas, e permission\u00e1rios jur\u00eddicos, representados por empresas que prestam este tipo de servi\u00e7o.<\/p>\n\n\n\n<p>Os ve\u00edculos destinados ao transporte escolar devem estar em conformidade com a padroniza\u00e7\u00e3o estabelecida pelo IMMU. Isso inclui a identifica\u00e7\u00e3o visual espec\u00edfica e adapta\u00e7\u00f5es de seguran\u00e7a, sendo equipados com tac\u00f3grafo, cinto de seguran\u00e7a em todos os bancos, pintura de faixa lateral amarela com a descri\u00e7\u00e3o \u2018ESCOLAR\u2019 em preto no tamanho 40 x 30 cm. Deve exibir, ainda, o n\u00famero de autoriza\u00e7\u00e3o do IMMU no rodap\u00e9 da porta e na traseira do carro.<\/p>\n\n\n\n<p>O IMMU informa que o motorista que for flagrado fazendo transporte escolar sem autoriza\u00e7\u00e3o ter\u00e1 o ve\u00edculo apreendido e s\u00f3 ser\u00e1 liberado ap\u00f3s o pagamento de multa de 31 Unidades Fiscais do Munic\u00edpio (UFM), o equivalente a R$ 4.334,42 e descaracteriza\u00e7\u00e3o completa do carro.<\/p>\n\n\n\n<p>Para os interessados em se tornar operadores de transporte escolar, o IMMU disponibiliza um portal com todas as informa\u00e7\u00f5es necess\u00e1rias para o processo de credenciamento. \u00c9 fundamental acessar o site https:\/\/bit.ly\/3HdBk2d para obter as orienta\u00e7\u00f5es detalhadas e iniciar o processo de obten\u00e7\u00e3o da permiss\u00e3o da prefeitura.<\/p>\n\n\n\n<p>A Prefeitura de Manaus refor\u00e7a a import\u00e2ncia de seguir estas orienta\u00e7\u00f5es para garantir a seguran\u00e7a dos alunos que utilizam o transporte escolar.<\/p>\n\n\n\n<p>&#8212; &#8212; &#8212;<\/p>\n\n\n\n<p><strong>Texto<\/strong> \u2013 Marcelo Lima \/ IMMU<\/p>\n\n\n\n<p><strong>Fotos<\/strong> \u2013 Arquivo \/ Semcom<\/p>\n","protected":false},"excerpt":{"rendered":"","protected":false},"author":61,"featured_media":1899,"comment_status":"closed","ping_status":"closed","sticky":false,"template":"","format":"standard","meta":{"footnotes":""},"categories":[93],"tags":[743,6,8,1327],"acf":[],"yoast_head":"<!-- This site is optimized with the Yoast SEO plugin v23.0 - https:\/\/yoast.com\/wordpress\/plugins\/seo\/ -->\n<title>Prefeitura alerta para cuidados ao contratar transporte escolar<\/title>\n<meta name=\"description\" content=\"A Prefeitura de Manaus orienta pais e respons\u00e1veis sobre os cuidados na contrata\u00e7\u00e3o de ve\u00edculos de transporte escolar.\" \/>\n<meta name=\"robots\" content=\"noindex, follow\" \/>\n<meta property=\"og:locale\" content=\"pt_BR\" \/>\n<meta property=\"og:type\" content=\"article\" \/>\n<meta property=\"og:title\" content=\"Prefeitura alerta para cuidados ao contratar transporte escolar\" \/>\n<meta property=\"og:description\" content=\"A Prefeitura de Manaus orienta pais e respons\u00e1veis sobre os cuidados na contrata\u00e7\u00e3o de ve\u00edculos de transporte escolar.\" \/>\n<meta property=\"og:url\" content=\"https:\/\/www.manaus.am.gov.br\/immu\/transporte\/prefeitura-orienta-sobre-cuidados-na-contratacao-de-transporte-escolar\/\" \/>\n<meta property=\"og:site_name\" content=\"IMMU\" \/>\n<meta property=\"article:published_time\" content=\"2024-01-12T20:44:06+00:00\" \/>\n<meta property=\"article:modified_time\" content=\"2024-01-12T20:44:08+00:00\" \/>\n<meta property=\"og:image\" content=\"https:\/\/www.manaus.am.gov.br\/immu\/wp-content\/uploads\/sites\/14\/2024\/01\/Transporte-Escolar.jpeg\" \/>\n\t<meta property=\"og:image:width\" content=\"2560\" \/>\n\t<meta property=\"og:image:height\" content=\"1706\" \/>\n\t<meta property=\"og:image:type\" content=\"image\/jpeg\" \/>\n<meta name=\"author\" content=\"smonteiro\" \/>\n<meta name=\"twitter:card\" content=\"summary_large_image\" \/>\n<meta name=\"twitter:label1\" content=\"Written by\" \/>\n\t<meta name=\"twitter:data1\" content=\"smonteiro\" \/>\n\t<meta name=\"twitter:label2\" content=\"Est. reading time\" \/>\n\t<meta name=\"twitter:data2\" content=\"3 minutos\" \/>\n<script type=\"application\/ld+json\" class=\"yoast-schema-graph\">{\"@context\":\"https:\/\/schema.org\",\"@graph\":[{\"@type\":\"WebPage\",\"@id\":\"https:\/\/www.manaus.am.gov.br\/immu\/transporte\/prefeitura-orienta-sobre-cuidados-na-contratacao-de-transporte-escolar\/\",\"url\":\"https:\/\/www.manaus.am.gov.br\/immu\/transporte\/prefeitura-orienta-sobre-cuidados-na-contratacao-de-transporte-escolar\/\",\"name\":\"Prefeitura alerta para cuidados ao contratar transporte escolar\",\"isPartOf\":{\"@id\":\"https:\/\/www.manaus.am.gov.br\/immu\/#website\"},\"primaryImageOfPage\":{\"@id\":\"https:\/\/www.manaus.am.gov.br\/immu\/transporte\/prefeitura-orienta-sobre-cuidados-na-contratacao-de-transporte-escolar\/#primaryimage\"},\"image\":{\"@id\":\"https:\/\/www.manaus.am.gov.br\/immu\/transporte\/prefeitura-orienta-sobre-cuidados-na-contratacao-de-transporte-escolar\/#primaryimage\"},\"thumbnailUrl\":\"https:\/\/www.manaus.am.gov.br\/immu\/wp-content\/uploads\/sites\/14\/2024\/01\/Transporte-Escolar.jpeg\",\"datePublished\":\"2024-01-12T20:44:06+00:00\",\"dateModified\":\"2024-01-12T20:44:08+00:00\",\"author\":{\"@id\":\"https:\/\/www.manaus.am.gov.br\/immu\/#\/schema\/person\/ab4dcf766a54dff74e8d267f5c591961\"},\"description\":\"A Prefeitura de Manaus orienta pais e respons\u00e1veis sobre os cuidados na contrata\u00e7\u00e3o de ve\u00edculos de transporte escolar.\",\"breadcrumb\":{\"@id\":\"https:\/\/www.manaus.am.gov.br\/immu\/transporte\/prefeitura-orienta-sobre-cuidados-na-contratacao-de-transporte-escolar\/#breadcrumb\"},\"inLanguage\":\"pt-BR\",\"potentialAction\":[{\"@type\":\"ReadAction\",\"target\":[\"https:\/\/www.manaus.am.gov.br\/immu\/transporte\/prefeitura-orienta-sobre-cuidados-na-contratacao-de-transporte-escolar\/\"]}]},{\"@type\":\"ImageObject\",\"inLanguage\":\"pt-BR\",\"@id\":\"https:\/\/www.manaus.am.gov.br\/immu\/transporte\/prefeitura-orienta-sobre-cuidados-na-contratacao-de-transporte-escolar\/#primaryimage\",\"url\":\"https:\/\/www.manaus.am.gov.br\/immu\/wp-content\/uploads\/sites\/14\/2024\/01\/Transporte-Escolar.jpeg\",\"contentUrl\":\"https:\/\/www.manaus.am.gov.br\/immu\/wp-content\/uploads\/sites\/14\/2024\/01\/Transporte-Escolar.jpeg\",\"width\":2560,\"height\":1706,\"caption\":\"#paratodosverem - crian\u00e7as desembarcam de ve\u00edculo que faz transporte escolar\"},{\"@type\":\"BreadcrumbList\",\"@id\":\"https:\/\/www.manaus.am.gov.br\/immu\/transporte\/prefeitura-orienta-sobre-cuidados-na-contratacao-de-transporte-escolar\/#breadcrumb\",\"itemListElement\":[{\"@type\":\"ListItem\",\"position\":1,\"name\":\"Home\",\"item\":\"https:\/\/www.manaus.am.gov.br\/immu\/\"},{\"@type\":\"ListItem\",\"position\":2,\"name\":\"Prefeitura orienta sobre cuidados na contrata\u00e7\u00e3o de \u00a0transporte escolar\"}]},{\"@type\":\"WebSite\",\"@id\":\"https:\/\/www.manaus.am.gov.br\/immu\/#website\",\"url\":\"https:\/\/www.manaus.am.gov.br\/immu\/\",\"name\":\"IMMU\",\"description\":\"Prefeitura de Manaus\",\"potentialAction\":[{\"@type\":\"SearchAction\",\"target\":{\"@type\":\"EntryPoint\",\"urlTemplate\":\"https:\/\/www.manaus.am.gov.br\/immu\/?s={search_term_string}\"},\"query-input\":\"required name=search_term_string\"}],\"inLanguage\":\"pt-BR\"},{\"@type\":\"Person\",\"@id\":\"https:\/\/www.manaus.am.gov.br\/immu\/#\/schema\/person\/ab4dcf766a54dff74e8d267f5c591961\",\"name\":\"smonteiro\",\"image\":{\"@type\":\"ImageObject\",\"inLanguage\":\"pt-BR\",\"@id\":\"https:\/\/www.manaus.am.gov.br\/immu\/#\/schema\/person\/image\/\",\"url\":\"https:\/\/secure.gravatar.com\/avatar\/21c8776ef61d9272c73322052e042d77?s=96&d=mm&r=g\",\"contentUrl\":\"https:\/\/secure.gravatar.com\/avatar\/21c8776ef61d9272c73322052e042d77?s=96&d=mm&r=g\",\"caption\":\"smonteiro\"}}]}<\/script>\n<!-- \/ Yoast SEO plugin. -->","yoast_head_json":{"title":"Prefeitura alerta para cuidados ao contratar transporte escolar","description":"A Prefeitura de Manaus orienta pais e respons\u00e1veis sobre os cuidados na contrata\u00e7\u00e3o de ve\u00edculos de transporte escolar.","robots":{"index":"noindex","follow":"follow"},"og_locale":"pt_BR","og_type":"article","og_title":"Prefeitura alerta para cuidados ao contratar transporte escolar","og_description":"A Prefeitura de Manaus orienta pais e respons\u00e1veis sobre os cuidados na contrata\u00e7\u00e3o de ve\u00edculos de transporte escolar.","og_url":"https:\/\/www.manaus.am.gov.br\/immu\/transporte\/prefeitura-orienta-sobre-cuidados-na-contratacao-de-transporte-escolar\/","og_site_name":"IMMU","article_published_time":"2024-01-12T20:44:06+00:00","article_modified_time":"2024-01-12T20:44:08+00:00","og_image":[{"width":2560,"height":1706,"url":"https:\/\/www.manaus.am.gov.br\/immu\/wp-content\/uploads\/sites\/14\/2024\/01\/Transporte-Escolar.jpeg","type":"image\/jpeg"}],"author":"smonteiro","twitter_card":"summary_large_image","twitter_misc":{"Written by":"smonteiro","Est. reading time":"3 minutos"},"schema":{"@context":"https:\/\/schema.org","@graph":[{"@type":"WebPage","@id":"https:\/\/www.manaus.am.gov.br\/immu\/transporte\/prefeitura-orienta-sobre-cuidados-na-contratacao-de-transporte-escolar\/","url":"https:\/\/www.manaus.am.gov.br\/immu\/transporte\/prefeitura-orienta-sobre-cuidados-na-contratacao-de-transporte-escolar\/","name":"Prefeitura alerta para cuidados ao contratar transporte escolar","isPartOf":{"@id":"https:\/\/www.manaus.am.gov.br\/immu\/#website"},"primaryImageOfPage":{"@id":"https:\/\/www.manaus.am.gov.br\/immu\/transporte\/prefeitura-orienta-sobre-cuidados-na-contratacao-de-transporte-escolar\/#primaryimage"},"image":{"@id":"https:\/\/www.manaus.am.gov.br\/immu\/transporte\/prefeitura-orienta-sobre-cuidados-na-contratacao-de-transporte-escolar\/#primaryimage"},"thumbnailUrl":"https:\/\/www.manaus.am.gov.br\/immu\/wp-content\/uploads\/sites\/14\/2024\/01\/Transporte-Escolar.jpeg","datePublished":"2024-01-12T20:44:06+00:00","dateModified":"2024-01-12T20:44:08+00:00","author":{"@id":"https:\/\/www.manaus.am.gov.br\/immu\/#\/schema\/person\/ab4dcf766a54dff74e8d267f5c591961"},"description":"A Prefeitura de Manaus orienta pais e respons\u00e1veis sobre os cuidados na contrata\u00e7\u00e3o de ve\u00edculos de transporte escolar.","breadcrumb":{"@id":"https:\/\/www.manaus.am.gov.br\/immu\/transporte\/prefeitura-orienta-sobre-cuidados-na-contratacao-de-transporte-escolar\/#breadcrumb"},"inLanguage":"pt-BR","potentialAction":[{"@type":"ReadAction","target":["https:\/\/www.manaus.am.gov.br\/immu\/transporte\/prefeitura-orienta-sobre-cuidados-na-contratacao-de-transporte-escolar\/"]}]},{"@type":"ImageObject","inLanguage":"pt-BR","@id":"https:\/\/www.manaus.am.gov.br\/immu\/transporte\/prefeitura-orienta-sobre-cuidados-na-contratacao-de-transporte-escolar\/#primaryimage","url":"https:\/\/www.manaus.am.gov.br\/immu\/wp-content\/uploads\/sites\/14\/2024\/01\/Transporte-Escolar.jpeg","contentUrl":"https:\/\/www.manaus.am.gov.br\/immu\/wp-content\/uploads\/sites\/14\/2024\/01\/Transporte-Escolar.jpeg","width":2560,"height":1706,"caption":"#paratodosverem - crian\u00e7as desembarcam de ve\u00edculo que faz transporte escolar"},{"@type":"BreadcrumbList","@id":"https:\/\/www.manaus.am.gov.br\/immu\/transporte\/prefeitura-orienta-sobre-cuidados-na-contratacao-de-transporte-escolar\/#breadcrumb","itemListElement":[{"@type":"ListItem","position":1,"name":"Home","item":"https:\/\/www.manaus.am.gov.br\/immu\/"},{"@type":"ListItem","position":2,"name":"Prefeitura orienta sobre cuidados na contrata\u00e7\u00e3o de \u00a0transporte escolar"}]},{"@type":"WebSite","@id":"https:\/\/www.manaus.am.gov.br\/immu\/#website","url":"https:\/\/www.manaus.am.gov.br\/immu\/","name":"IMMU","description":"Prefeitura de Manaus","potentialAction":[{"@type":"SearchAction","target":{"@type":"EntryPoint","urlTemplate":"https:\/\/www.manaus.am.gov.br\/immu\/?s={search_term_string}"},"query-input":"required name=search_term_string"}],"inLanguage":"pt-BR"},{"@type":"Person","@id":"https:\/\/www.manaus.am.gov.br\/immu\/#\/schema\/person\/ab4dcf766a54dff74e8d267f5c591961","name":"smonteiro","image":{"@type":"ImageObject","inLanguage":"pt-BR","@id":"https:\/\/www.manaus.am.gov.br\/immu\/#\/schema\/person\/image\/","url":"https:\/\/secure.gravatar.com\/avatar\/21c8776ef61d9272c73322052e042d77?s=96&d=mm&r=g","contentUrl":"https:\/\/secure.gravatar.com\/avatar\/21c8776ef61d9272c73322052e042d77?s=96&d=mm&r=g","caption":"smonteiro"}}]}},"_links":{"self":[{"href":"https:\/\/www.manaus.am.gov.br\/immu\/wp-json\/wp\/v2\/posts\/1898"}],"collection":[{"href":"https:\/\/www.manaus.am.gov.br\/immu\/wp-json\/wp\/v2\/posts"}],"about":[{"href":"https:\/\/www.manaus.am.gov.br\/immu\/wp-json\/wp\/v2\/types\/post"}],"author":[{"embeddable":true,"href":"https:\/\/www.manaus.am.gov.br\/immu\/wp-json\/wp\/v2\/users\/61"}],"replies":[{"embeddable":true,"href":"https:\/\/www.manaus.am.gov.br\/immu\/wp-json\/wp\/v2\/comments?post=1898"}],"version-history":[{"count":0,"href":"https:\/\/www.manaus.am.gov.br\/immu\/wp-json\/wp\/v2\/posts\/1898\/revisions"}],"wp:featuredmedia":[{"embeddable":true,"href":"https:\/\/www.manaus.am.gov.br\/immu\/wp-json\/wp\/v2\/media\/1899"}],"wp:attachment":[{"href":"https:\/\/www.manaus.am.gov.br\/immu\/wp-json\/wp\/v2\/media?parent=1898"}],"wp:term":[{"taxonomy":"category","embeddable":true,"href":"https:\/\/www.manaus.am.gov.br\/immu\/wp-json\/wp\/v2\/categories?post=1898"},{"taxonomy":"post_tag","embeddable":true,"href":"https:\/\/www.manaus.am.gov.br\/immu\/wp-json\/wp\/v2\/tags?post=1898"}],"curies":[{"name":"wp","href":"https:\/\/api.w.org\/{rel}","templated":true}]}}