{"id":1896,"date":"2024-01-12T12:29:36","date_gmt":"2024-01-12T16:29:36","guid":{"rendered":"https:\/\/www.manaus.am.gov.br\/immu\/sem-categoria\/prefeitura-de-manaus-estabelece-regras-para-fechamento-de-ruas-durante-o-carnaval\/"},"modified":"2024-01-12T12:29:37","modified_gmt":"2024-01-12T16:29:37","slug":"prefeitura-de-manaus-estabelece-regras-para-fechamento-de-ruas-durante-o-carnaval","status":"publish","type":"post","link":"https:\/\/www.manaus.am.gov.br\/immu\/nota\/prefeitura-de-manaus-estabelece-regras-para-fechamento-de-ruas-durante-o-carnaval\/","title":{"rendered":"Prefeitura de Manaus estabelece regras para fechamento de ruas durante o Carnaval"},"content":{"rendered":"\n<p>De acordo com a \u201cPortaria Conjunta n\u00ba 002\/2024-GS\/SSP\u201d, a Prefeitura de Manaus, por meio do Instituto Municipal de Mobilidade Urbana (IMMU), estabelece normas para a realiza\u00e7\u00e3o de eventos de Carnaval em vias e locais p\u00fablicos. Esta portaria delineia procedimentos para o fechamento para eventos de ruas, com o objetivo de assegurar a seguran\u00e7a e a fluidez v\u00e1ria.<\/p>\n\n\n\n<p>O IMMU desempenha um papel fundamental nesse processo, sendo o \u00f3rg\u00e3o respons\u00e1vel por autorizar a interdi\u00e7\u00e3o das vias. Contudo, \u00e9 importante ressaltar que tal autoriza\u00e7\u00e3o tamb\u00e9m requer a aprova\u00e7\u00e3o da Pol\u00edcia Militar do Amazonas (PM-AM), garantindo assim uma gest\u00e3o eficiente e segura dos eventos.<\/p>\n\n\n\n<p>Para a realiza\u00e7\u00e3o de um evento, os organizadores dever\u00e3o iniciar os preparativos com anteced\u00eancia m\u00ednima de 10 dias, encaminhando a documenta\u00e7\u00e3o necess\u00e1ria ao IMMU, localizado na rua Urucar\u00e1, n\u00ba 1.180, no bairro Cachoeirinha, zona Sul de Manaus. Os documentos devem incluir informa\u00e7\u00f5es previstas sobre o evento, como identifica\u00e7\u00e3o do respons\u00e1vel, local, trecho da via a ser fechado, hor\u00e1rios, al\u00e9m de um croqui da \u00e1rea. Tamb\u00e9m s\u00e3o exigidos documentos pessoais do organizador e um abaixo-assinado de pelo menos 60% dos moradores da regi\u00e3o afetada, demonstrando apoio ao evento.<\/p>\n\n\n\n<p>A prefeitura enfatiza a import\u00e2ncia do cumprimento das normativas estabelecidas pela Portaria Conjunta n\u00ba 002\/2024-GS\/SSP. \u00c9 imprescind\u00edvel que todos os eventos sejam previamente autorizados pelo \u00f3rg\u00e3o de tr\u00e2nsito. A realiza\u00e7\u00e3o de qualquer evento sem esta autoriza\u00e7\u00e3o pr\u00e9via n\u00e3o ser\u00e1 permitida, assegurando que os respons\u00e1veis observem e sigam todas as orienta\u00e7\u00f5es necess\u00e1rias para a libera\u00e7\u00e3o do evento.<\/p>\n\n\n\n<p>O IMMU destaca a import\u00e2ncia de encerrar os eventos at\u00e9 meia-noite, liberando as vias para o tr\u00e1fego normal. A realiza\u00e7\u00e3o de eventos em corredores principais e vias de transporte coletivo n\u00e3o ser\u00e1 autorizada. Al\u00e9m disso, \u00e9 vetada a cobran\u00e7a de entrada para eventos realizados em vias p\u00fablicas.<\/p>\n\n\n\n<p>Essas medidas visam garantir que as celebra\u00e7\u00f5es do Carnaval em Manaus ocorram de forma organizada e segura, respeitando a mobilidade urbana e mantendo o esp\u00edrito festivo tradicional da cidade.<\/p>\n\n\n\n<p>&#8212; &#8212; &#8212;&nbsp;<\/p>\n\n\n\n<p><strong>Texto <\/strong>\u2013 Marcelo Lima \/ IMMU<\/p>\n\n\n\n<p><strong>Foto<\/strong> \u2013 Divulga\u00e7\u00e3o \/ IMMU<\/p>\n","protected":false},"excerpt":{"rendered":"","protected":false},"author":39,"featured_media":1897,"comment_status":"closed","ping_status":"closed","sticky":false,"template":"","format":"standard","meta":{"footnotes":""},"categories":[5],"tags":[1323,1324,1325,6,1326,8],"acf":[],"yoast_head":"<!-- This site is optimized with the Yoast SEO plugin v23.0 - https:\/\/yoast.com\/wordpress\/plugins\/seo\/ -->\n<title>Regras para fechamento de ruas durante o Carnaval<\/title>\n<meta name=\"description\" content=\"Prefeitura de Manaus estabelece regras para fechamento de ruas durante o Carnaval 2024 e eventos em vias p\u00fablicas.\" \/>\n<meta name=\"robots\" content=\"noindex, follow\" \/>\n<meta property=\"og:locale\" content=\"pt_BR\" \/>\n<meta property=\"og:type\" content=\"article\" \/>\n<meta property=\"og:title\" content=\"Regras para fechamento de ruas durante o Carnaval\" \/>\n<meta property=\"og:description\" content=\"Prefeitura de Manaus estabelece regras para fechamento de ruas durante o Carnaval 2024 e eventos em vias p\u00fablicas.\" \/>\n<meta property=\"og:url\" content=\"https:\/\/www.manaus.am.gov.br\/immu\/nota\/prefeitura-de-manaus-estabelece-regras-para-fechamento-de-ruas-durante-o-carnaval\/\" \/>\n<meta property=\"og:site_name\" content=\"IMMU\" \/>\n<meta property=\"article:published_time\" content=\"2024-01-12T16:29:36+00:00\" \/>\n<meta property=\"article:modified_time\" content=\"2024-01-12T16:29:37+00:00\" \/>\n<meta property=\"og:image\" content=\"https:\/\/www.manaus.am.gov.br\/immu\/wp-content\/uploads\/sites\/14\/2024\/01\/Monitoramento-1.png\" \/>\n\t<meta property=\"og:image:width\" content=\"713\" \/>\n\t<meta property=\"og:image:height\" content=\"404\" \/>\n\t<meta property=\"og:image:type\" content=\"image\/png\" \/>\n<meta name=\"author\" content=\"Bruna Greco\" \/>\n<meta name=\"twitter:card\" content=\"summary_large_image\" \/>\n<meta name=\"twitter:label1\" content=\"Written by\" \/>\n\t<meta name=\"twitter:data1\" content=\"Bruna Greco\" \/>\n\t<meta name=\"twitter:label2\" content=\"Est. reading time\" \/>\n\t<meta name=\"twitter:data2\" content=\"2 minutos\" \/>\n<script type=\"application\/ld+json\" class=\"yoast-schema-graph\">{\"@context\":\"https:\/\/schema.org\",\"@graph\":[{\"@type\":\"WebPage\",\"@id\":\"https:\/\/www.manaus.am.gov.br\/immu\/nota\/prefeitura-de-manaus-estabelece-regras-para-fechamento-de-ruas-durante-o-carnaval\/\",\"url\":\"https:\/\/www.manaus.am.gov.br\/immu\/nota\/prefeitura-de-manaus-estabelece-regras-para-fechamento-de-ruas-durante-o-carnaval\/\",\"name\":\"Regras para fechamento de ruas durante o Carnaval\",\"isPartOf\":{\"@id\":\"https:\/\/www.manaus.am.gov.br\/immu\/#website\"},\"primaryImageOfPage\":{\"@id\":\"https:\/\/www.manaus.am.gov.br\/immu\/nota\/prefeitura-de-manaus-estabelece-regras-para-fechamento-de-ruas-durante-o-carnaval\/#primaryimage\"},\"image\":{\"@id\":\"https:\/\/www.manaus.am.gov.br\/immu\/nota\/prefeitura-de-manaus-estabelece-regras-para-fechamento-de-ruas-durante-o-carnaval\/#primaryimage\"},\"thumbnailUrl\":\"https:\/\/www.manaus.am.gov.br\/immu\/wp-content\/uploads\/sites\/14\/2024\/01\/Monitoramento-1.png\",\"datePublished\":\"2024-01-12T16:29:36+00:00\",\"dateModified\":\"2024-01-12T16:29:37+00:00\",\"author\":{\"@id\":\"https:\/\/www.manaus.am.gov.br\/immu\/#\/schema\/person\/05d223aea2bf115f9883a6ff3683d81b\"},\"description\":\"Prefeitura de Manaus estabelece regras para fechamento de ruas durante o Carnaval 2024 e eventos em vias p\u00fablicas.\",\"breadcrumb\":{\"@id\":\"https:\/\/www.manaus.am.gov.br\/immu\/nota\/prefeitura-de-manaus-estabelece-regras-para-fechamento-de-ruas-durante-o-carnaval\/#breadcrumb\"},\"inLanguage\":\"pt-BR\",\"potentialAction\":[{\"@type\":\"ReadAction\",\"target\":[\"https:\/\/www.manaus.am.gov.br\/immu\/nota\/prefeitura-de-manaus-estabelece-regras-para-fechamento-de-ruas-durante-o-carnaval\/\"]}]},{\"@type\":\"ImageObject\",\"inLanguage\":\"pt-BR\",\"@id\":\"https:\/\/www.manaus.am.gov.br\/immu\/nota\/prefeitura-de-manaus-estabelece-regras-para-fechamento-de-ruas-durante-o-carnaval\/#primaryimage\",\"url\":\"https:\/\/www.manaus.am.gov.br\/immu\/wp-content\/uploads\/sites\/14\/2024\/01\/Monitoramento-1.png\",\"contentUrl\":\"https:\/\/www.manaus.am.gov.br\/immu\/wp-content\/uploads\/sites\/14\/2024\/01\/Monitoramento-1.png\",\"width\":713,\"height\":404,\"caption\":\"#paratodosverem - Agentes de tr\u00e2nsito realizando o monitoramento de via p\u00fablica em Manaus\"},{\"@type\":\"BreadcrumbList\",\"@id\":\"https:\/\/www.manaus.am.gov.br\/immu\/nota\/prefeitura-de-manaus-estabelece-regras-para-fechamento-de-ruas-durante-o-carnaval\/#breadcrumb\",\"itemListElement\":[{\"@type\":\"ListItem\",\"position\":1,\"name\":\"Home\",\"item\":\"https:\/\/www.manaus.am.gov.br\/immu\/\"},{\"@type\":\"ListItem\",\"position\":2,\"name\":\"Prefeitura de Manaus estabelece regras para fechamento de ruas durante o Carnaval\"}]},{\"@type\":\"WebSite\",\"@id\":\"https:\/\/www.manaus.am.gov.br\/immu\/#website\",\"url\":\"https:\/\/www.manaus.am.gov.br\/immu\/\",\"name\":\"IMMU\",\"description\":\"Prefeitura de Manaus\",\"potentialAction\":[{\"@type\":\"SearchAction\",\"target\":{\"@type\":\"EntryPoint\",\"urlTemplate\":\"https:\/\/www.manaus.am.gov.br\/immu\/?s={search_term_string}\"},\"query-input\":\"required name=search_term_string\"}],\"inLanguage\":\"pt-BR\"},{\"@type\":\"Person\",\"@id\":\"https:\/\/www.manaus.am.gov.br\/immu\/#\/schema\/person\/05d223aea2bf115f9883a6ff3683d81b\",\"name\":\"Bruna Greco\",\"image\":{\"@type\":\"ImageObject\",\"inLanguage\":\"pt-BR\",\"@id\":\"https:\/\/www.manaus.am.gov.br\/immu\/#\/schema\/person\/image\/\",\"url\":\"https:\/\/secure.gravatar.com\/avatar\/9c877d1a6adc2a055330e5c09a8653ce?s=96&d=mm&r=g\",\"contentUrl\":\"https:\/\/secure.gravatar.com\/avatar\/9c877d1a6adc2a055330e5c09a8653ce?s=96&d=mm&r=g\",\"caption\":\"Bruna Greco\"}}]}<\/script>\n<!-- \/ Yoast SEO plugin. -->","yoast_head_json":{"title":"Regras para fechamento de ruas durante o Carnaval","description":"Prefeitura de Manaus estabelece regras para fechamento de ruas durante o Carnaval 2024 e eventos em vias p\u00fablicas.","robots":{"index":"noindex","follow":"follow"},"og_locale":"pt_BR","og_type":"article","og_title":"Regras para fechamento de ruas durante o Carnaval","og_description":"Prefeitura de Manaus estabelece regras para fechamento de ruas durante o Carnaval 2024 e eventos em vias p\u00fablicas.","og_url":"https:\/\/www.manaus.am.gov.br\/immu\/nota\/prefeitura-de-manaus-estabelece-regras-para-fechamento-de-ruas-durante-o-carnaval\/","og_site_name":"IMMU","article_published_time":"2024-01-12T16:29:36+00:00","article_modified_time":"2024-01-12T16:29:37+00:00","og_image":[{"width":713,"height":404,"url":"https:\/\/www.manaus.am.gov.br\/immu\/wp-content\/uploads\/sites\/14\/2024\/01\/Monitoramento-1.png","type":"image\/png"}],"author":"Bruna Greco","twitter_card":"summary_large_image","twitter_misc":{"Written by":"Bruna Greco","Est. reading time":"2 minutos"},"schema":{"@context":"https:\/\/schema.org","@graph":[{"@type":"WebPage","@id":"https:\/\/www.manaus.am.gov.br\/immu\/nota\/prefeitura-de-manaus-estabelece-regras-para-fechamento-de-ruas-durante-o-carnaval\/","url":"https:\/\/www.manaus.am.gov.br\/immu\/nota\/prefeitura-de-manaus-estabelece-regras-para-fechamento-de-ruas-durante-o-carnaval\/","name":"Regras para fechamento de ruas durante o Carnaval","isPartOf":{"@id":"https:\/\/www.manaus.am.gov.br\/immu\/#website"},"primaryImageOfPage":{"@id":"https:\/\/www.manaus.am.gov.br\/immu\/nota\/prefeitura-de-manaus-estabelece-regras-para-fechamento-de-ruas-durante-o-carnaval\/#primaryimage"},"image":{"@id":"https:\/\/www.manaus.am.gov.br\/immu\/nota\/prefeitura-de-manaus-estabelece-regras-para-fechamento-de-ruas-durante-o-carnaval\/#primaryimage"},"thumbnailUrl":"https:\/\/www.manaus.am.gov.br\/immu\/wp-content\/uploads\/sites\/14\/2024\/01\/Monitoramento-1.png","datePublished":"2024-01-12T16:29:36+00:00","dateModified":"2024-01-12T16:29:37+00:00","author":{"@id":"https:\/\/www.manaus.am.gov.br\/immu\/#\/schema\/person\/05d223aea2bf115f9883a6ff3683d81b"},"description":"Prefeitura de Manaus estabelece regras para fechamento de ruas durante o Carnaval 2024 e eventos em vias p\u00fablicas.","breadcrumb":{"@id":"https:\/\/www.manaus.am.gov.br\/immu\/nota\/prefeitura-de-manaus-estabelece-regras-para-fechamento-de-ruas-durante-o-carnaval\/#breadcrumb"},"inLanguage":"pt-BR","potentialAction":[{"@type":"ReadAction","target":["https:\/\/www.manaus.am.gov.br\/immu\/nota\/prefeitura-de-manaus-estabelece-regras-para-fechamento-de-ruas-durante-o-carnaval\/"]}]},{"@type":"ImageObject","inLanguage":"pt-BR","@id":"https:\/\/www.manaus.am.gov.br\/immu\/nota\/prefeitura-de-manaus-estabelece-regras-para-fechamento-de-ruas-durante-o-carnaval\/#primaryimage","url":"https:\/\/www.manaus.am.gov.br\/immu\/wp-content\/uploads\/sites\/14\/2024\/01\/Monitoramento-1.png","contentUrl":"https:\/\/www.manaus.am.gov.br\/immu\/wp-content\/uploads\/sites\/14\/2024\/01\/Monitoramento-1.png","width":713,"height":404,"caption":"#paratodosverem - Agentes de tr\u00e2nsito realizando o monitoramento de via p\u00fablica em Manaus"},{"@type":"BreadcrumbList","@id":"https:\/\/www.manaus.am.gov.br\/immu\/nota\/prefeitura-de-manaus-estabelece-regras-para-fechamento-de-ruas-durante-o-carnaval\/#breadcrumb","itemListElement":[{"@type":"ListItem","position":1,"name":"Home","item":"https:\/\/www.manaus.am.gov.br\/immu\/"},{"@type":"ListItem","position":2,"name":"Prefeitura de Manaus estabelece regras para fechamento de ruas durante o Carnaval"}]},{"@type":"WebSite","@id":"https:\/\/www.manaus.am.gov.br\/immu\/#website","url":"https:\/\/www.manaus.am.gov.br\/immu\/","name":"IMMU","description":"Prefeitura de Manaus","potentialAction":[{"@type":"SearchAction","target":{"@type":"EntryPoint","urlTemplate":"https:\/\/www.manaus.am.gov.br\/immu\/?s={search_term_string}"},"query-input":"required name=search_term_string"}],"inLanguage":"pt-BR"},{"@type":"Person","@id":"https:\/\/www.manaus.am.gov.br\/immu\/#\/schema\/person\/05d223aea2bf115f9883a6ff3683d81b","name":"Bruna Greco","image":{"@type":"ImageObject","inLanguage":"pt-BR","@id":"https:\/\/www.manaus.am.gov.br\/immu\/#\/schema\/person\/image\/","url":"https:\/\/secure.gravatar.com\/avatar\/9c877d1a6adc2a055330e5c09a8653ce?s=96&d=mm&r=g","contentUrl":"https:\/\/secure.gravatar.com\/avatar\/9c877d1a6adc2a055330e5c09a8653ce?s=96&d=mm&r=g","caption":"Bruna Greco"}}]}},"_links":{"self":[{"href":"https:\/\/www.manaus.am.gov.br\/immu\/wp-json\/wp\/v2\/posts\/1896"}],"collection":[{"href":"https:\/\/www.manaus.am.gov.br\/immu\/wp-json\/wp\/v2\/posts"}],"about":[{"href":"https:\/\/www.manaus.am.gov.br\/immu\/wp-json\/wp\/v2\/types\/post"}],"author":[{"embeddable":true,"href":"https:\/\/www.manaus.am.gov.br\/immu\/wp-json\/wp\/v2\/users\/39"}],"replies":[{"embeddable":true,"href":"https:\/\/www.manaus.am.gov.br\/immu\/wp-json\/wp\/v2\/comments?post=1896"}],"version-history":[{"count":0,"href":"https:\/\/www.manaus.am.gov.br\/immu\/wp-json\/wp\/v2\/posts\/1896\/revisions"}],"wp:featuredmedia":[{"embeddable":true,"href":"https:\/\/www.manaus.am.gov.br\/immu\/wp-json\/wp\/v2\/media\/1897"}],"wp:attachment":[{"href":"https:\/\/www.manaus.am.gov.br\/immu\/wp-json\/wp\/v2\/media?parent=1896"}],"wp:term":[{"taxonomy":"category","embeddable":true,"href":"https:\/\/www.manaus.am.gov.br\/immu\/wp-json\/wp\/v2\/categories?post=1896"},{"taxonomy":"post_tag","embeddable":true,"href":"https:\/\/www.manaus.am.gov.br\/immu\/wp-json\/wp\/v2\/tags?post=1896"}],"curies":[{"name":"wp","href":"https:\/\/api.w.org\/{rel}","templated":true}]}}