{"id":1888,"date":"2024-01-10T13:59:30","date_gmt":"2024-01-10T17:59:30","guid":{"rendered":"https:\/\/www.manaus.am.gov.br\/immu\/sem-categoria\/prefeitura-fiscaliza-estacionamento-irregular-no-centro-comercial-de-manaus\/"},"modified":"2024-01-10T14:05:52","modified_gmt":"2024-01-10T18:05:52","slug":"prefeitura-fiscaliza-estacionamento-irregular-no-centro-comercial-de-manaus","status":"publish","type":"post","link":"https:\/\/www.manaus.am.gov.br\/immu\/ordenamento-urbano\/prefeitura-fiscaliza-estacionamento-irregular-no-centro-comercial-de-manaus\/","title":{"rendered":"Prefeitura fiscaliza estacionamento irregular no centro comercial de Manaus"},"content":{"rendered":"\n<p>Buscando ordenar o fluxo de ve\u00edculos na cidade, a Prefeitura de Manaus, por meio do Instituto Municipal de Mobilidade Urbana (IMMU), tem intensificado a fiscaliza\u00e7\u00e3o de estacionamento irregular na \u00e1rea do centro comercial da capital. Nesta quarta-feira, 10\/1, as a\u00e7\u00f5es ocorreram nas imedia\u00e7\u00f5es das avenidas Get\u00falio Vargas e Leonardo Malcher e do mercado municipal Adolpho Lisboa, resultando na apreens\u00e3o de dois ve\u00edculos em estacionamento irregular na regi\u00e3o.<\/p>\n\n\n\n<p>Em 2023, o IMMU aplicou 35.969 autua\u00e7\u00f5es por estacionamento irregular, sendo este o segundo maior motivo de autua\u00e7\u00f5es no ano passado.<\/p>\n\n\n\n<p>&#8220;\u00c9 fundamental que haja respeito \u00e0s normas de tr\u00e2nsito, para garantir a seguran\u00e7a de todos os usu\u00e1rios da via. A\u00e7\u00f5es como esta s\u00e3o uma lembran\u00e7a de que a fiscaliza\u00e7\u00e3o est\u00e1 ativa e que as leis devem ser respeitadas, para que exista ordenamento na circula\u00e7\u00e3o dos ve\u00edculos na via&#8221;, afirmou o diretor de Fiscaliza\u00e7\u00e3o do IMMU, Stanley Ventilari.<\/p>\n\n\n\n<p>A iniciativa vem em resposta \u00e0s crescentes demandas de estacionamento irregular, que frequentemente ocasiona congestionamentos e riscos de acidentes. A a\u00e7\u00e3o do IMMU inclui a verifica\u00e7\u00e3o de estacionamentos em locais proibidos, uso indevido de vagas reservadas, al\u00e9m de garantir o respeito \u00e0s regras de rotatividade em \u00e1reas de grande movimento.<\/p>\n\n\n\n<p>Al\u00e9m da fiscaliza\u00e7\u00e3o, a Prefeitura de Manaus est\u00e1 trabalhando em outras frentes para melhorar a mobilidade urbana, incluindo a reestrutura\u00e7\u00e3o de vias, sinaliza\u00e7\u00e3o e campanhas educativas.<\/p>\n\n\n\n<p>Paralelo \u00e0 presen\u00e7a f\u00edsica dos agentes do IMMU, tamb\u00e9m haver\u00e1 o monitoramento do tr\u00e2nsito, por meio de c\u00e2meras do Centro de Coopera\u00e7\u00e3o da Cidade (CCC). A popula\u00e7\u00e3o pode colaborar com informa\u00e7\u00f5es e tirar d\u00favidas pelo Disque Tr\u00e2nsito 0800 092 1188.<\/p>\n\n\n\n<p>&#8212; &#8212; &#8212;<\/p>\n\n\n\n<p><strong>Texto e fotos \u2013<\/strong> Divulga\u00e7\u00e3o \/ IMMU<\/p>\n","protected":false},"excerpt":{"rendered":"","protected":false},"author":39,"featured_media":1889,"comment_status":"closed","ping_status":"closed","sticky":false,"template":"","format":"standard","meta":{"footnotes":""},"categories":[455],"tags":[1318,1319,238,53,6,594,8],"acf":[],"yoast_head":"<!-- This site is optimized with the Yoast SEO plugin v23.0 - https:\/\/yoast.com\/wordpress\/plugins\/seo\/ -->\n<title>Prefeitura intensifica fiscaliza\u00e7\u00e3o de estacionamento irregular<\/title>\n<meta name=\"description\" content=\"Prefeitura de Manaus, por meio do IMMU, t\u00eam intensificado a fiscaliza\u00e7\u00e3o de estacionamento irregular na \u00e1rea do centro comercial da capital.\" \/>\n<meta name=\"robots\" content=\"noindex, follow\" \/>\n<meta property=\"og:locale\" content=\"pt_BR\" \/>\n<meta property=\"og:type\" content=\"article\" \/>\n<meta property=\"og:title\" content=\"Prefeitura intensifica fiscaliza\u00e7\u00e3o de estacionamento irregular\" \/>\n<meta property=\"og:description\" content=\"Prefeitura de Manaus, por meio do IMMU, t\u00eam intensificado a fiscaliza\u00e7\u00e3o de estacionamento irregular na \u00e1rea do centro comercial da capital.\" \/>\n<meta property=\"og:url\" content=\"https:\/\/www.manaus.am.gov.br\/immu\/ordenamento-urbano\/prefeitura-fiscaliza-estacionamento-irregular-no-centro-comercial-de-manaus\/\" \/>\n<meta property=\"og:site_name\" content=\"IMMU\" \/>\n<meta property=\"article:published_time\" content=\"2024-01-10T17:59:30+00:00\" \/>\n<meta property=\"article:modified_time\" content=\"2024-01-10T18:05:52+00:00\" \/>\n<meta property=\"og:image\" content=\"https:\/\/www.manaus.am.gov.br\/immu\/wp-content\/uploads\/sites\/14\/2024\/01\/Imagem-do-WhatsApp-de-2024-01-10-as-10.46.02_2e25d1db-e1704909487156.jpg\" \/>\n\t<meta property=\"og:image:width\" content=\"780\" \/>\n\t<meta property=\"og:image:height\" content=\"793\" \/>\n\t<meta property=\"og:image:type\" content=\"image\/jpeg\" \/>\n<meta name=\"author\" content=\"Bruna Greco\" \/>\n<meta name=\"twitter:card\" content=\"summary_large_image\" \/>\n<meta name=\"twitter:label1\" content=\"Written by\" \/>\n\t<meta name=\"twitter:data1\" content=\"Bruna Greco\" \/>\n\t<meta name=\"twitter:label2\" content=\"Est. reading time\" \/>\n\t<meta name=\"twitter:data2\" content=\"2 minutos\" \/>\n<script type=\"application\/ld+json\" class=\"yoast-schema-graph\">{\"@context\":\"https:\/\/schema.org\",\"@graph\":[{\"@type\":\"WebPage\",\"@id\":\"https:\/\/www.manaus.am.gov.br\/immu\/ordenamento-urbano\/prefeitura-fiscaliza-estacionamento-irregular-no-centro-comercial-de-manaus\/\",\"url\":\"https:\/\/www.manaus.am.gov.br\/immu\/ordenamento-urbano\/prefeitura-fiscaliza-estacionamento-irregular-no-centro-comercial-de-manaus\/\",\"name\":\"Prefeitura intensifica fiscaliza\u00e7\u00e3o de estacionamento irregular\",\"isPartOf\":{\"@id\":\"https:\/\/www.manaus.am.gov.br\/immu\/#website\"},\"primaryImageOfPage\":{\"@id\":\"https:\/\/www.manaus.am.gov.br\/immu\/ordenamento-urbano\/prefeitura-fiscaliza-estacionamento-irregular-no-centro-comercial-de-manaus\/#primaryimage\"},\"image\":{\"@id\":\"https:\/\/www.manaus.am.gov.br\/immu\/ordenamento-urbano\/prefeitura-fiscaliza-estacionamento-irregular-no-centro-comercial-de-manaus\/#primaryimage\"},\"thumbnailUrl\":\"https:\/\/www.manaus.am.gov.br\/immu\/wp-content\/uploads\/sites\/14\/2024\/01\/Imagem-do-WhatsApp-de-2024-01-10-as-10.46.02_2e25d1db-e1704909487156.jpg\",\"datePublished\":\"2024-01-10T17:59:30+00:00\",\"dateModified\":\"2024-01-10T18:05:52+00:00\",\"author\":{\"@id\":\"https:\/\/www.manaus.am.gov.br\/immu\/#\/schema\/person\/05d223aea2bf115f9883a6ff3683d81b\"},\"description\":\"Prefeitura de Manaus, por meio do IMMU, t\u00eam intensificado a fiscaliza\u00e7\u00e3o de estacionamento irregular na \u00e1rea do centro comercial da capital.\",\"breadcrumb\":{\"@id\":\"https:\/\/www.manaus.am.gov.br\/immu\/ordenamento-urbano\/prefeitura-fiscaliza-estacionamento-irregular-no-centro-comercial-de-manaus\/#breadcrumb\"},\"inLanguage\":\"pt-BR\",\"potentialAction\":[{\"@type\":\"ReadAction\",\"target\":[\"https:\/\/www.manaus.am.gov.br\/immu\/ordenamento-urbano\/prefeitura-fiscaliza-estacionamento-irregular-no-centro-comercial-de-manaus\/\"]}]},{\"@type\":\"ImageObject\",\"inLanguage\":\"pt-BR\",\"@id\":\"https:\/\/www.manaus.am.gov.br\/immu\/ordenamento-urbano\/prefeitura-fiscaliza-estacionamento-irregular-no-centro-comercial-de-manaus\/#primaryimage\",\"url\":\"https:\/\/www.manaus.am.gov.br\/immu\/wp-content\/uploads\/sites\/14\/2024\/01\/Imagem-do-WhatsApp-de-2024-01-10-as-10.46.02_2e25d1db-e1704909487156.jpg\",\"contentUrl\":\"https:\/\/www.manaus.am.gov.br\/immu\/wp-content\/uploads\/sites\/14\/2024\/01\/Imagem-do-WhatsApp-de-2024-01-10-as-10.46.02_2e25d1db-e1704909487156.jpg\",\"width\":780,\"height\":793,\"caption\":\"#paratodosverem - Agente de tr\u00e2nsito fiscalizando uso de vaga de estacionamento irregular no centro comercial de Manaus\"},{\"@type\":\"BreadcrumbList\",\"@id\":\"https:\/\/www.manaus.am.gov.br\/immu\/ordenamento-urbano\/prefeitura-fiscaliza-estacionamento-irregular-no-centro-comercial-de-manaus\/#breadcrumb\",\"itemListElement\":[{\"@type\":\"ListItem\",\"position\":1,\"name\":\"Home\",\"item\":\"https:\/\/www.manaus.am.gov.br\/immu\/\"},{\"@type\":\"ListItem\",\"position\":2,\"name\":\"Prefeitura fiscaliza estacionamento irregular no centro comercial de Manaus\"}]},{\"@type\":\"WebSite\",\"@id\":\"https:\/\/www.manaus.am.gov.br\/immu\/#website\",\"url\":\"https:\/\/www.manaus.am.gov.br\/immu\/\",\"name\":\"IMMU\",\"description\":\"Prefeitura de Manaus\",\"potentialAction\":[{\"@type\":\"SearchAction\",\"target\":{\"@type\":\"EntryPoint\",\"urlTemplate\":\"https:\/\/www.manaus.am.gov.br\/immu\/?s={search_term_string}\"},\"query-input\":\"required name=search_term_string\"}],\"inLanguage\":\"pt-BR\"},{\"@type\":\"Person\",\"@id\":\"https:\/\/www.manaus.am.gov.br\/immu\/#\/schema\/person\/05d223aea2bf115f9883a6ff3683d81b\",\"name\":\"Bruna Greco\",\"image\":{\"@type\":\"ImageObject\",\"inLanguage\":\"pt-BR\",\"@id\":\"https:\/\/www.manaus.am.gov.br\/immu\/#\/schema\/person\/image\/\",\"url\":\"https:\/\/secure.gravatar.com\/avatar\/9c877d1a6adc2a055330e5c09a8653ce?s=96&d=mm&r=g\",\"contentUrl\":\"https:\/\/secure.gravatar.com\/avatar\/9c877d1a6adc2a055330e5c09a8653ce?s=96&d=mm&r=g\",\"caption\":\"Bruna Greco\"}}]}<\/script>\n<!-- \/ Yoast SEO plugin. -->","yoast_head_json":{"title":"Prefeitura intensifica fiscaliza\u00e7\u00e3o de estacionamento irregular","description":"Prefeitura de Manaus, por meio do IMMU, t\u00eam intensificado a fiscaliza\u00e7\u00e3o de estacionamento irregular na \u00e1rea do centro comercial da capital.","robots":{"index":"noindex","follow":"follow"},"og_locale":"pt_BR","og_type":"article","og_title":"Prefeitura intensifica fiscaliza\u00e7\u00e3o de estacionamento irregular","og_description":"Prefeitura de Manaus, por meio do IMMU, t\u00eam intensificado a fiscaliza\u00e7\u00e3o de estacionamento irregular na \u00e1rea do centro comercial da capital.","og_url":"https:\/\/www.manaus.am.gov.br\/immu\/ordenamento-urbano\/prefeitura-fiscaliza-estacionamento-irregular-no-centro-comercial-de-manaus\/","og_site_name":"IMMU","article_published_time":"2024-01-10T17:59:30+00:00","article_modified_time":"2024-01-10T18:05:52+00:00","og_image":[{"width":780,"height":793,"url":"https:\/\/www.manaus.am.gov.br\/immu\/wp-content\/uploads\/sites\/14\/2024\/01\/Imagem-do-WhatsApp-de-2024-01-10-as-10.46.02_2e25d1db-e1704909487156.jpg","type":"image\/jpeg"}],"author":"Bruna Greco","twitter_card":"summary_large_image","twitter_misc":{"Written by":"Bruna Greco","Est. reading time":"2 minutos"},"schema":{"@context":"https:\/\/schema.org","@graph":[{"@type":"WebPage","@id":"https:\/\/www.manaus.am.gov.br\/immu\/ordenamento-urbano\/prefeitura-fiscaliza-estacionamento-irregular-no-centro-comercial-de-manaus\/","url":"https:\/\/www.manaus.am.gov.br\/immu\/ordenamento-urbano\/prefeitura-fiscaliza-estacionamento-irregular-no-centro-comercial-de-manaus\/","name":"Prefeitura intensifica fiscaliza\u00e7\u00e3o de estacionamento irregular","isPartOf":{"@id":"https:\/\/www.manaus.am.gov.br\/immu\/#website"},"primaryImageOfPage":{"@id":"https:\/\/www.manaus.am.gov.br\/immu\/ordenamento-urbano\/prefeitura-fiscaliza-estacionamento-irregular-no-centro-comercial-de-manaus\/#primaryimage"},"image":{"@id":"https:\/\/www.manaus.am.gov.br\/immu\/ordenamento-urbano\/prefeitura-fiscaliza-estacionamento-irregular-no-centro-comercial-de-manaus\/#primaryimage"},"thumbnailUrl":"https:\/\/www.manaus.am.gov.br\/immu\/wp-content\/uploads\/sites\/14\/2024\/01\/Imagem-do-WhatsApp-de-2024-01-10-as-10.46.02_2e25d1db-e1704909487156.jpg","datePublished":"2024-01-10T17:59:30+00:00","dateModified":"2024-01-10T18:05:52+00:00","author":{"@id":"https:\/\/www.manaus.am.gov.br\/immu\/#\/schema\/person\/05d223aea2bf115f9883a6ff3683d81b"},"description":"Prefeitura de Manaus, por meio do IMMU, t\u00eam intensificado a fiscaliza\u00e7\u00e3o de estacionamento irregular na \u00e1rea do centro comercial da capital.","breadcrumb":{"@id":"https:\/\/www.manaus.am.gov.br\/immu\/ordenamento-urbano\/prefeitura-fiscaliza-estacionamento-irregular-no-centro-comercial-de-manaus\/#breadcrumb"},"inLanguage":"pt-BR","potentialAction":[{"@type":"ReadAction","target":["https:\/\/www.manaus.am.gov.br\/immu\/ordenamento-urbano\/prefeitura-fiscaliza-estacionamento-irregular-no-centro-comercial-de-manaus\/"]}]},{"@type":"ImageObject","inLanguage":"pt-BR","@id":"https:\/\/www.manaus.am.gov.br\/immu\/ordenamento-urbano\/prefeitura-fiscaliza-estacionamento-irregular-no-centro-comercial-de-manaus\/#primaryimage","url":"https:\/\/www.manaus.am.gov.br\/immu\/wp-content\/uploads\/sites\/14\/2024\/01\/Imagem-do-WhatsApp-de-2024-01-10-as-10.46.02_2e25d1db-e1704909487156.jpg","contentUrl":"https:\/\/www.manaus.am.gov.br\/immu\/wp-content\/uploads\/sites\/14\/2024\/01\/Imagem-do-WhatsApp-de-2024-01-10-as-10.46.02_2e25d1db-e1704909487156.jpg","width":780,"height":793,"caption":"#paratodosverem - Agente de tr\u00e2nsito fiscalizando uso de vaga de estacionamento irregular no centro comercial de Manaus"},{"@type":"BreadcrumbList","@id":"https:\/\/www.manaus.am.gov.br\/immu\/ordenamento-urbano\/prefeitura-fiscaliza-estacionamento-irregular-no-centro-comercial-de-manaus\/#breadcrumb","itemListElement":[{"@type":"ListItem","position":1,"name":"Home","item":"https:\/\/www.manaus.am.gov.br\/immu\/"},{"@type":"ListItem","position":2,"name":"Prefeitura fiscaliza estacionamento irregular no centro comercial de Manaus"}]},{"@type":"WebSite","@id":"https:\/\/www.manaus.am.gov.br\/immu\/#website","url":"https:\/\/www.manaus.am.gov.br\/immu\/","name":"IMMU","description":"Prefeitura de Manaus","potentialAction":[{"@type":"SearchAction","target":{"@type":"EntryPoint","urlTemplate":"https:\/\/www.manaus.am.gov.br\/immu\/?s={search_term_string}"},"query-input":"required name=search_term_string"}],"inLanguage":"pt-BR"},{"@type":"Person","@id":"https:\/\/www.manaus.am.gov.br\/immu\/#\/schema\/person\/05d223aea2bf115f9883a6ff3683d81b","name":"Bruna Greco","image":{"@type":"ImageObject","inLanguage":"pt-BR","@id":"https:\/\/www.manaus.am.gov.br\/immu\/#\/schema\/person\/image\/","url":"https:\/\/secure.gravatar.com\/avatar\/9c877d1a6adc2a055330e5c09a8653ce?s=96&d=mm&r=g","contentUrl":"https:\/\/secure.gravatar.com\/avatar\/9c877d1a6adc2a055330e5c09a8653ce?s=96&d=mm&r=g","caption":"Bruna Greco"}}]}},"_links":{"self":[{"href":"https:\/\/www.manaus.am.gov.br\/immu\/wp-json\/wp\/v2\/posts\/1888"}],"collection":[{"href":"https:\/\/www.manaus.am.gov.br\/immu\/wp-json\/wp\/v2\/posts"}],"about":[{"href":"https:\/\/www.manaus.am.gov.br\/immu\/wp-json\/wp\/v2\/types\/post"}],"author":[{"embeddable":true,"href":"https:\/\/www.manaus.am.gov.br\/immu\/wp-json\/wp\/v2\/users\/39"}],"replies":[{"embeddable":true,"href":"https:\/\/www.manaus.am.gov.br\/immu\/wp-json\/wp\/v2\/comments?post=1888"}],"version-history":[{"count":1,"href":"https:\/\/www.manaus.am.gov.br\/immu\/wp-json\/wp\/v2\/posts\/1888\/revisions"}],"predecessor-version":[{"id":1890,"href":"https:\/\/www.manaus.am.gov.br\/immu\/wp-json\/wp\/v2\/posts\/1888\/revisions\/1890"}],"wp:featuredmedia":[{"embeddable":true,"href":"https:\/\/www.manaus.am.gov.br\/immu\/wp-json\/wp\/v2\/media\/1889"}],"wp:attachment":[{"href":"https:\/\/www.manaus.am.gov.br\/immu\/wp-json\/wp\/v2\/media?parent=1888"}],"wp:term":[{"taxonomy":"category","embeddable":true,"href":"https:\/\/www.manaus.am.gov.br\/immu\/wp-json\/wp\/v2\/categories?post=1888"},{"taxonomy":"post_tag","embeddable":true,"href":"https:\/\/www.manaus.am.gov.br\/immu\/wp-json\/wp\/v2\/tags?post=1888"}],"curies":[{"name":"wp","href":"https:\/\/api.w.org\/{rel}","templated":true}]}}