{"id":1880,"date":"2024-01-08T14:55:30","date_gmt":"2024-01-08T18:55:30","guid":{"rendered":"https:\/\/www.manaus.am.gov.br\/immu\/sem-categoria\/prefeitura-de-manaus-intensifica-fiscalizacoes-para-coibir-estacionamento-irregular-em-vagas-de-idosos-e-pessoas-com-deficiencia\/"},"modified":"2024-01-08T14:56:19","modified_gmt":"2024-01-08T18:56:19","slug":"prefeitura-de-manaus-intensifica-fiscalizacoes-para-coibir-estacionamento-irregular-em-vagas-de-idosos-e-pessoas-com-deficiencia","status":"publish","type":"post","link":"https:\/\/www.manaus.am.gov.br\/immu\/transito\/prefeitura-de-manaus-intensifica-fiscalizacoes-para-coibir-estacionamento-irregular-em-vagas-de-idosos-e-pessoas-com-deficiencia\/","title":{"rendered":"Prefeitura de Manaus intensifica fiscaliza\u00e7\u00f5es para coibir estacionamento irregular em vagas priorit\u00e1rias"},"content":{"rendered":"\n<p>A Prefeitura de Manaus, por meio do Instituto Municipal de Mobilidade Urbana (IMMU), intensificou, nesta segunda-feira, 8\/1, as fiscaliza\u00e7\u00f5es em estabelecimentos comerciais da cidade com um olhar atento \u00e0s vagas reservadas para idosos e pessoas com defici\u00eancia. A a\u00e7\u00e3o visa garantir o direito da popula\u00e7\u00e3o com mobilidade reduzida.&nbsp;<\/p>\n\n\n\n<p>Agentes de tr\u00e2nsito realizaram monitoramento nos estacionamentos do supermercado Assa\u00ed, Manauara Shopping e Amazonas Shopping, todos localizados na zona Centro-Sul. De acordo com o vice-presidente de tr\u00e2nsito do IMMU, Edson Leda, o cumprimento da lei \u00e9 uma responsabilidade de toda sociedade.&nbsp;<\/p>\n\n\n\n<p>&#8220;O respeito \u00e0s vagas destinadas a idosos e pessoas com defici\u00eancia \u00e9 mais do que uma quest\u00e3o de legisla\u00e7\u00e3o, \u00e9 uma quest\u00e3o de empatia e responsabilidade social\u201d, afirmou Leda.&nbsp;&nbsp;<\/p>\n\n\n\n<p>Durante a opera\u00e7\u00e3o, 55 motoristas foram autuados por estacionar irregularmente nas vagas. Todos n\u00e3o portavam a credencial de estacionamento, que \u00e9 obrigat\u00f3ria e deve ser visivelmente afixada na parte interna do painel do ve\u00edculo. Este documento \u00e9 uma garantia de que a vaga est\u00e1 sendo utilizada por quem realmente tem esse direito.&nbsp;<\/p>\n\n\n\n<p>Essa a\u00e7\u00e3o faz parte de um esfor\u00e7o cont\u00ednuo para garantir que as normas de tr\u00e2nsito sejam respeitadas, e que o direito dos grupos vulner\u00e1veis seja assegurado.&nbsp;&nbsp;<\/p>\n\n\n\n<p>A Prefeitura de Manaus espera que essas fiscaliza\u00e7\u00f5es sirvam de alerta e eduquem os motoristas sobre a import\u00e2ncia de seguir as normas de tr\u00e2nsito, especialmente as que protegem os mais vulner\u00e1veis.&nbsp;<\/p>\n\n\n\n<p>As opera\u00e7\u00f5es continuar\u00e3o regularmente, refor\u00e7ando o compromisso da cidade com uma mobilidade urbana mais inclusiva e respeitosa.&nbsp;<\/p>\n\n\n\n<p>&#8212; &#8212; &#8212;&nbsp;<\/p>\n\n\n\n<p><strong>Texto \u2013<\/strong>&nbsp;Marcelo Lima \/ IMMU&nbsp;<\/p>\n\n\n\n<p><strong>Fotos \u2013<\/strong>&nbsp;Divulga\u00e7\u00e3o \/ IMMU&nbsp;<\/p>\n","protected":false},"excerpt":{"rendered":"","protected":false},"author":57,"featured_media":1881,"comment_status":"closed","ping_status":"closed","sticky":false,"template":"","format":"standard","meta":{"footnotes":""},"categories":[46],"tags":[317,1311,6,50,1312],"acf":[],"yoast_head":"<!-- This site is optimized with the Yoast SEO plugin v23.0 - https:\/\/yoast.com\/wordpress\/plugins\/seo\/ -->\n<title>Prefeitura intensifica fiscaliza\u00e7\u00f5es em vagas priorit\u00e1rias<\/title>\n<meta name=\"description\" content=\"A Prefeitura de Manaus intensificou as fiscaliza\u00e7\u00f5es em estabelecimentos para \u00e0s vagas reservadas para idosos e pessoas com defici\u00eancia.\" \/>\n<meta name=\"robots\" content=\"noindex, follow\" \/>\n<meta property=\"og:locale\" content=\"pt_BR\" \/>\n<meta property=\"og:type\" content=\"article\" \/>\n<meta property=\"og:title\" content=\"Prefeitura intensifica fiscaliza\u00e7\u00f5es em vagas priorit\u00e1rias\" \/>\n<meta property=\"og:description\" content=\"A Prefeitura de Manaus intensificou as fiscaliza\u00e7\u00f5es em estabelecimentos para \u00e0s vagas reservadas para idosos e pessoas com defici\u00eancia.\" \/>\n<meta property=\"og:url\" content=\"https:\/\/www.manaus.am.gov.br\/immu\/transito\/prefeitura-de-manaus-intensifica-fiscalizacoes-para-coibir-estacionamento-irregular-em-vagas-de-idosos-e-pessoas-com-deficiencia\/\" \/>\n<meta property=\"og:site_name\" content=\"IMMU\" \/>\n<meta property=\"article:published_time\" content=\"2024-01-08T18:55:30+00:00\" \/>\n<meta property=\"article:modified_time\" content=\"2024-01-08T18:56:19+00:00\" \/>\n<meta property=\"og:image\" content=\"https:\/\/www.manaus.am.gov.br\/immu\/wp-content\/uploads\/sites\/14\/2024\/01\/WhatsApp-Image-2024-01-08-at-07.19.49.jpeg\" \/>\n\t<meta property=\"og:image:width\" content=\"1599\" \/>\n\t<meta property=\"og:image:height\" content=\"899\" \/>\n\t<meta property=\"og:image:type\" content=\"image\/jpeg\" \/>\n<meta name=\"author\" content=\"Thiago Fernando\" \/>\n<meta name=\"twitter:card\" content=\"summary_large_image\" \/>\n<meta name=\"twitter:label1\" content=\"Written by\" \/>\n\t<meta name=\"twitter:data1\" content=\"Thiago Fernando\" \/>\n\t<meta name=\"twitter:label2\" content=\"Est. reading time\" \/>\n\t<meta name=\"twitter:data2\" content=\"2 minutos\" \/>\n<script type=\"application\/ld+json\" class=\"yoast-schema-graph\">{\"@context\":\"https:\/\/schema.org\",\"@graph\":[{\"@type\":\"WebPage\",\"@id\":\"https:\/\/www.manaus.am.gov.br\/immu\/transito\/prefeitura-de-manaus-intensifica-fiscalizacoes-para-coibir-estacionamento-irregular-em-vagas-de-idosos-e-pessoas-com-deficiencia\/\",\"url\":\"https:\/\/www.manaus.am.gov.br\/immu\/transito\/prefeitura-de-manaus-intensifica-fiscalizacoes-para-coibir-estacionamento-irregular-em-vagas-de-idosos-e-pessoas-com-deficiencia\/\",\"name\":\"Prefeitura intensifica fiscaliza\u00e7\u00f5es em vagas priorit\u00e1rias\",\"isPartOf\":{\"@id\":\"https:\/\/www.manaus.am.gov.br\/immu\/#website\"},\"primaryImageOfPage\":{\"@id\":\"https:\/\/www.manaus.am.gov.br\/immu\/transito\/prefeitura-de-manaus-intensifica-fiscalizacoes-para-coibir-estacionamento-irregular-em-vagas-de-idosos-e-pessoas-com-deficiencia\/#primaryimage\"},\"image\":{\"@id\":\"https:\/\/www.manaus.am.gov.br\/immu\/transito\/prefeitura-de-manaus-intensifica-fiscalizacoes-para-coibir-estacionamento-irregular-em-vagas-de-idosos-e-pessoas-com-deficiencia\/#primaryimage\"},\"thumbnailUrl\":\"https:\/\/www.manaus.am.gov.br\/immu\/wp-content\/uploads\/sites\/14\/2024\/01\/WhatsApp-Image-2024-01-08-at-07.19.49.jpeg\",\"datePublished\":\"2024-01-08T18:55:30+00:00\",\"dateModified\":\"2024-01-08T18:56:19+00:00\",\"author\":{\"@id\":\"https:\/\/www.manaus.am.gov.br\/immu\/#\/schema\/person\/a5ee5376db6e21af026374b369f30882\"},\"description\":\"A Prefeitura de Manaus intensificou as fiscaliza\u00e7\u00f5es em estabelecimentos para \u00e0s vagas reservadas para idosos e pessoas com defici\u00eancia.\",\"breadcrumb\":{\"@id\":\"https:\/\/www.manaus.am.gov.br\/immu\/transito\/prefeitura-de-manaus-intensifica-fiscalizacoes-para-coibir-estacionamento-irregular-em-vagas-de-idosos-e-pessoas-com-deficiencia\/#breadcrumb\"},\"inLanguage\":\"pt-BR\",\"potentialAction\":[{\"@type\":\"ReadAction\",\"target\":[\"https:\/\/www.manaus.am.gov.br\/immu\/transito\/prefeitura-de-manaus-intensifica-fiscalizacoes-para-coibir-estacionamento-irregular-em-vagas-de-idosos-e-pessoas-com-deficiencia\/\"]}]},{\"@type\":\"ImageObject\",\"inLanguage\":\"pt-BR\",\"@id\":\"https:\/\/www.manaus.am.gov.br\/immu\/transito\/prefeitura-de-manaus-intensifica-fiscalizacoes-para-coibir-estacionamento-irregular-em-vagas-de-idosos-e-pessoas-com-deficiencia\/#primaryimage\",\"url\":\"https:\/\/www.manaus.am.gov.br\/immu\/wp-content\/uploads\/sites\/14\/2024\/01\/WhatsApp-Image-2024-01-08-at-07.19.49.jpeg\",\"contentUrl\":\"https:\/\/www.manaus.am.gov.br\/immu\/wp-content\/uploads\/sites\/14\/2024\/01\/WhatsApp-Image-2024-01-08-at-07.19.49.jpeg\",\"width\":1599,\"height\":899,\"caption\":\"#paratodosverem - Servidores do IMMU realizam fiscaliza\u00e7\u00e3o em estacionamento de supermercado da zona Centro-Sul de Manaus\"},{\"@type\":\"BreadcrumbList\",\"@id\":\"https:\/\/www.manaus.am.gov.br\/immu\/transito\/prefeitura-de-manaus-intensifica-fiscalizacoes-para-coibir-estacionamento-irregular-em-vagas-de-idosos-e-pessoas-com-deficiencia\/#breadcrumb\",\"itemListElement\":[{\"@type\":\"ListItem\",\"position\":1,\"name\":\"Home\",\"item\":\"https:\/\/www.manaus.am.gov.br\/immu\/\"},{\"@type\":\"ListItem\",\"position\":2,\"name\":\"Prefeitura de Manaus intensifica fiscaliza\u00e7\u00f5es para coibir estacionamento irregular em vagas priorit\u00e1rias\"}]},{\"@type\":\"WebSite\",\"@id\":\"https:\/\/www.manaus.am.gov.br\/immu\/#website\",\"url\":\"https:\/\/www.manaus.am.gov.br\/immu\/\",\"name\":\"IMMU\",\"description\":\"Prefeitura de Manaus\",\"potentialAction\":[{\"@type\":\"SearchAction\",\"target\":{\"@type\":\"EntryPoint\",\"urlTemplate\":\"https:\/\/www.manaus.am.gov.br\/immu\/?s={search_term_string}\"},\"query-input\":\"required name=search_term_string\"}],\"inLanguage\":\"pt-BR\"},{\"@type\":\"Person\",\"@id\":\"https:\/\/www.manaus.am.gov.br\/immu\/#\/schema\/person\/a5ee5376db6e21af026374b369f30882\",\"name\":\"Thiago Fernando\",\"image\":{\"@type\":\"ImageObject\",\"inLanguage\":\"pt-BR\",\"@id\":\"https:\/\/www.manaus.am.gov.br\/immu\/#\/schema\/person\/image\/\",\"url\":\"https:\/\/secure.gravatar.com\/avatar\/f5aab8722444041451501c077052ac07?s=96&d=mm&r=g\",\"contentUrl\":\"https:\/\/secure.gravatar.com\/avatar\/f5aab8722444041451501c077052ac07?s=96&d=mm&r=g\",\"caption\":\"Thiago Fernando\"}}]}<\/script>\n<!-- \/ Yoast SEO plugin. -->","yoast_head_json":{"title":"Prefeitura intensifica fiscaliza\u00e7\u00f5es em vagas priorit\u00e1rias","description":"A Prefeitura de Manaus intensificou as fiscaliza\u00e7\u00f5es em estabelecimentos para \u00e0s vagas reservadas para idosos e pessoas com defici\u00eancia.","robots":{"index":"noindex","follow":"follow"},"og_locale":"pt_BR","og_type":"article","og_title":"Prefeitura intensifica fiscaliza\u00e7\u00f5es em vagas priorit\u00e1rias","og_description":"A Prefeitura de Manaus intensificou as fiscaliza\u00e7\u00f5es em estabelecimentos para \u00e0s vagas reservadas para idosos e pessoas com defici\u00eancia.","og_url":"https:\/\/www.manaus.am.gov.br\/immu\/transito\/prefeitura-de-manaus-intensifica-fiscalizacoes-para-coibir-estacionamento-irregular-em-vagas-de-idosos-e-pessoas-com-deficiencia\/","og_site_name":"IMMU","article_published_time":"2024-01-08T18:55:30+00:00","article_modified_time":"2024-01-08T18:56:19+00:00","og_image":[{"width":1599,"height":899,"url":"https:\/\/www.manaus.am.gov.br\/immu\/wp-content\/uploads\/sites\/14\/2024\/01\/WhatsApp-Image-2024-01-08-at-07.19.49.jpeg","type":"image\/jpeg"}],"author":"Thiago Fernando","twitter_card":"summary_large_image","twitter_misc":{"Written by":"Thiago Fernando","Est. reading time":"2 minutos"},"schema":{"@context":"https:\/\/schema.org","@graph":[{"@type":"WebPage","@id":"https:\/\/www.manaus.am.gov.br\/immu\/transito\/prefeitura-de-manaus-intensifica-fiscalizacoes-para-coibir-estacionamento-irregular-em-vagas-de-idosos-e-pessoas-com-deficiencia\/","url":"https:\/\/www.manaus.am.gov.br\/immu\/transito\/prefeitura-de-manaus-intensifica-fiscalizacoes-para-coibir-estacionamento-irregular-em-vagas-de-idosos-e-pessoas-com-deficiencia\/","name":"Prefeitura intensifica fiscaliza\u00e7\u00f5es em vagas priorit\u00e1rias","isPartOf":{"@id":"https:\/\/www.manaus.am.gov.br\/immu\/#website"},"primaryImageOfPage":{"@id":"https:\/\/www.manaus.am.gov.br\/immu\/transito\/prefeitura-de-manaus-intensifica-fiscalizacoes-para-coibir-estacionamento-irregular-em-vagas-de-idosos-e-pessoas-com-deficiencia\/#primaryimage"},"image":{"@id":"https:\/\/www.manaus.am.gov.br\/immu\/transito\/prefeitura-de-manaus-intensifica-fiscalizacoes-para-coibir-estacionamento-irregular-em-vagas-de-idosos-e-pessoas-com-deficiencia\/#primaryimage"},"thumbnailUrl":"https:\/\/www.manaus.am.gov.br\/immu\/wp-content\/uploads\/sites\/14\/2024\/01\/WhatsApp-Image-2024-01-08-at-07.19.49.jpeg","datePublished":"2024-01-08T18:55:30+00:00","dateModified":"2024-01-08T18:56:19+00:00","author":{"@id":"https:\/\/www.manaus.am.gov.br\/immu\/#\/schema\/person\/a5ee5376db6e21af026374b369f30882"},"description":"A Prefeitura de Manaus intensificou as fiscaliza\u00e7\u00f5es em estabelecimentos para \u00e0s vagas reservadas para idosos e pessoas com defici\u00eancia.","breadcrumb":{"@id":"https:\/\/www.manaus.am.gov.br\/immu\/transito\/prefeitura-de-manaus-intensifica-fiscalizacoes-para-coibir-estacionamento-irregular-em-vagas-de-idosos-e-pessoas-com-deficiencia\/#breadcrumb"},"inLanguage":"pt-BR","potentialAction":[{"@type":"ReadAction","target":["https:\/\/www.manaus.am.gov.br\/immu\/transito\/prefeitura-de-manaus-intensifica-fiscalizacoes-para-coibir-estacionamento-irregular-em-vagas-de-idosos-e-pessoas-com-deficiencia\/"]}]},{"@type":"ImageObject","inLanguage":"pt-BR","@id":"https:\/\/www.manaus.am.gov.br\/immu\/transito\/prefeitura-de-manaus-intensifica-fiscalizacoes-para-coibir-estacionamento-irregular-em-vagas-de-idosos-e-pessoas-com-deficiencia\/#primaryimage","url":"https:\/\/www.manaus.am.gov.br\/immu\/wp-content\/uploads\/sites\/14\/2024\/01\/WhatsApp-Image-2024-01-08-at-07.19.49.jpeg","contentUrl":"https:\/\/www.manaus.am.gov.br\/immu\/wp-content\/uploads\/sites\/14\/2024\/01\/WhatsApp-Image-2024-01-08-at-07.19.49.jpeg","width":1599,"height":899,"caption":"#paratodosverem - Servidores do IMMU realizam fiscaliza\u00e7\u00e3o em estacionamento de supermercado da zona Centro-Sul de Manaus"},{"@type":"BreadcrumbList","@id":"https:\/\/www.manaus.am.gov.br\/immu\/transito\/prefeitura-de-manaus-intensifica-fiscalizacoes-para-coibir-estacionamento-irregular-em-vagas-de-idosos-e-pessoas-com-deficiencia\/#breadcrumb","itemListElement":[{"@type":"ListItem","position":1,"name":"Home","item":"https:\/\/www.manaus.am.gov.br\/immu\/"},{"@type":"ListItem","position":2,"name":"Prefeitura de Manaus intensifica fiscaliza\u00e7\u00f5es para coibir estacionamento irregular em vagas priorit\u00e1rias"}]},{"@type":"WebSite","@id":"https:\/\/www.manaus.am.gov.br\/immu\/#website","url":"https:\/\/www.manaus.am.gov.br\/immu\/","name":"IMMU","description":"Prefeitura de Manaus","potentialAction":[{"@type":"SearchAction","target":{"@type":"EntryPoint","urlTemplate":"https:\/\/www.manaus.am.gov.br\/immu\/?s={search_term_string}"},"query-input":"required name=search_term_string"}],"inLanguage":"pt-BR"},{"@type":"Person","@id":"https:\/\/www.manaus.am.gov.br\/immu\/#\/schema\/person\/a5ee5376db6e21af026374b369f30882","name":"Thiago Fernando","image":{"@type":"ImageObject","inLanguage":"pt-BR","@id":"https:\/\/www.manaus.am.gov.br\/immu\/#\/schema\/person\/image\/","url":"https:\/\/secure.gravatar.com\/avatar\/f5aab8722444041451501c077052ac07?s=96&d=mm&r=g","contentUrl":"https:\/\/secure.gravatar.com\/avatar\/f5aab8722444041451501c077052ac07?s=96&d=mm&r=g","caption":"Thiago Fernando"}}]}},"_links":{"self":[{"href":"https:\/\/www.manaus.am.gov.br\/immu\/wp-json\/wp\/v2\/posts\/1880"}],"collection":[{"href":"https:\/\/www.manaus.am.gov.br\/immu\/wp-json\/wp\/v2\/posts"}],"about":[{"href":"https:\/\/www.manaus.am.gov.br\/immu\/wp-json\/wp\/v2\/types\/post"}],"author":[{"embeddable":true,"href":"https:\/\/www.manaus.am.gov.br\/immu\/wp-json\/wp\/v2\/users\/57"}],"replies":[{"embeddable":true,"href":"https:\/\/www.manaus.am.gov.br\/immu\/wp-json\/wp\/v2\/comments?post=1880"}],"version-history":[{"count":1,"href":"https:\/\/www.manaus.am.gov.br\/immu\/wp-json\/wp\/v2\/posts\/1880\/revisions"}],"predecessor-version":[{"id":1882,"href":"https:\/\/www.manaus.am.gov.br\/immu\/wp-json\/wp\/v2\/posts\/1880\/revisions\/1882"}],"wp:featuredmedia":[{"embeddable":true,"href":"https:\/\/www.manaus.am.gov.br\/immu\/wp-json\/wp\/v2\/media\/1881"}],"wp:attachment":[{"href":"https:\/\/www.manaus.am.gov.br\/immu\/wp-json\/wp\/v2\/media?parent=1880"}],"wp:term":[{"taxonomy":"category","embeddable":true,"href":"https:\/\/www.manaus.am.gov.br\/immu\/wp-json\/wp\/v2\/categories?post=1880"},{"taxonomy":"post_tag","embeddable":true,"href":"https:\/\/www.manaus.am.gov.br\/immu\/wp-json\/wp\/v2\/tags?post=1880"}],"curies":[{"name":"wp","href":"https:\/\/api.w.org\/{rel}","templated":true}]}}