{"id":1878,"date":"2024-01-05T17:35:52","date_gmt":"2024-01-05T21:35:52","guid":{"rendered":"https:\/\/www.manaus.am.gov.br\/immu\/sem-categoria\/prefeitura-alerta-para-a-ocorrencia-de-vandalismo-em-espacos-publicos\/"},"modified":"2024-01-05T17:35:54","modified_gmt":"2024-01-05T21:35:54","slug":"prefeitura-alerta-para-a-ocorrencia-de-vandalismo-em-espacos-publicos","status":"publish","type":"post","link":"https:\/\/www.manaus.am.gov.br\/immu\/transporte\/prefeitura-alerta-para-a-ocorrencia-de-vandalismo-em-espacos-publicos\/","title":{"rendered":"Prefeitura alerta para a ocorr\u00eancia de vandalismo em espa\u00e7os p\u00fablicos"},"content":{"rendered":"\n<p>A Prefeitura de Manaus, por meio do Instituto Municipal de Mobilidade Urbana (IMMU), pede apoio aos cidad\u00e3os para que denunciem a\u00e7\u00f5es de depreda\u00e7\u00e3o dos espa\u00e7os p\u00fablicos, especialmente as plataformas de \u00f4nibus, que s\u00e3o essenciais aos passageiros e s\u00e3o de uso coletivo.<\/p>\n\n\n\n<p>Recentemente, foi observado um aumento no uso indevido desses locais para a colagem de adesivos publicit\u00e1rios. Essa pr\u00e1tica, al\u00e9m de ilegal, prejudica a est\u00e9tica e a manuten\u00e7\u00e3o dos espa\u00e7os. Adesivos colados nas plataformas de \u00f4nibus danificam a estrutura, dificultam a limpeza e colaboram para uma imagem negativa do local, comprometendo a harmonia urbana do espa\u00e7o p\u00fablico.<\/p>\n\n\n\n<p>\u201cEssas plataformas, especialmente na avenida Cosme Ferreira, na zona Leste da cidade, foram revitalizadas recentemente para disponibilizar aos usu\u00e1rios do transporte coletivo um espa\u00e7o seguro, limpo e harm\u00f4nico para que possam se sentir bem, enquanto esperam o seu coletivo\u201d, disse Alexandre Frederico, vice-presidente de transportes do IMMU.<\/p>\n\n\n\n<p>O IMMU refor\u00e7a que a Procuradoria Jur\u00eddica do \u00f3rg\u00e3o adotar\u00e1 medidas legais, abrangendo esferas civis e criminais, contra os respons\u00e1veis por empresas que praticarem esse vandalismo nas plataformas da avenida Cosme Ferreira e em outras a\u00e7\u00f5es de colar adesivos publicit\u00e1rios em locais n\u00e3o autorizados, como \u00e9 o caso das plataformas de \u00f4nibus. A medida visa coibir tais atos, protegendo a integridade e a est\u00e9tica dos espa\u00e7os p\u00fablicos.<\/p>\n\n\n\n<p>\u00c9 fundamental lembrar que a depreda\u00e7\u00e3o de espa\u00e7o p\u00fablico \u00e9 uma infra\u00e7\u00e3o grave. A Prefeitura de Manaus enfatiza que a\u00e7\u00f5es como essa s\u00e3o consideradas vandalismo e est\u00e3o sujeitas a penalidades conforme as leis municipais.<\/p>\n\n\n\n<p>\u201cA cidade \u00e9 de todos e cuidar do nosso ambiente urbano \u00e9 um dever compartilhado, nos ajude a proteger os nossos espa\u00e7os p\u00fablicos. Denuncie para a pol\u00edcia esses v\u00e2ndalos\u201d, finalizou Alexandre.<\/p>\n\n\n\n<p>&#8212; &#8212; &#8212;<\/p>\n\n\n\n<p><strong>Texto<\/strong> \u2013 Marcelo Lima \/ IMMU<\/p>\n\n\n\n<p><strong>Fotos<\/strong> \u2013 Divulga\u00e7\u00e3o \/ IMMU<\/p>\n","protected":false},"excerpt":{"rendered":"","protected":false},"author":61,"featured_media":1879,"comment_status":"closed","ping_status":"closed","sticky":false,"template":"","format":"standard","meta":{"footnotes":""},"categories":[93],"tags":[6,1310,8,799],"acf":[],"yoast_head":"<!-- This site is optimized with the Yoast SEO plugin v23.0 - https:\/\/yoast.com\/wordpress\/plugins\/seo\/ -->\n<title>Prefeitura alerta para casos de vandalismo em espa\u00e7os p\u00fablicos<\/title>\n<meta name=\"description\" content=\"A Prefeitura de Manaus pede apoio aos cidad\u00e3os para que denunciem vandalismo em espa\u00e7os p\u00fablicos como as plataformas de \u00f4nibus.\" \/>\n<meta name=\"robots\" content=\"noindex, follow\" \/>\n<meta property=\"og:locale\" content=\"pt_BR\" \/>\n<meta property=\"og:type\" content=\"article\" \/>\n<meta property=\"og:title\" content=\"Prefeitura alerta para casos de vandalismo em espa\u00e7os p\u00fablicos\" \/>\n<meta property=\"og:description\" content=\"A Prefeitura de Manaus pede apoio aos cidad\u00e3os para que denunciem vandalismo em espa\u00e7os p\u00fablicos como as plataformas de \u00f4nibus.\" \/>\n<meta property=\"og:url\" content=\"https:\/\/www.manaus.am.gov.br\/immu\/transporte\/prefeitura-alerta-para-a-ocorrencia-de-vandalismo-em-espacos-publicos\/\" \/>\n<meta property=\"og:site_name\" content=\"IMMU\" \/>\n<meta property=\"article:published_time\" content=\"2024-01-05T21:35:52+00:00\" \/>\n<meta property=\"article:modified_time\" content=\"2024-01-05T21:35:54+00:00\" \/>\n<meta property=\"og:image\" content=\"https:\/\/www.manaus.am.gov.br\/immu\/wp-content\/uploads\/sites\/14\/2024\/01\/Vandalismo-Plataforma-3.jpeg\" \/>\n\t<meta property=\"og:image:width\" content=\"1280\" \/>\n\t<meta property=\"og:image:height\" content=\"963\" \/>\n\t<meta property=\"og:image:type\" content=\"image\/jpeg\" \/>\n<meta name=\"author\" content=\"smonteiro\" \/>\n<meta name=\"twitter:card\" content=\"summary_large_image\" \/>\n<meta name=\"twitter:label1\" content=\"Written by\" \/>\n\t<meta name=\"twitter:data1\" content=\"smonteiro\" \/>\n\t<meta name=\"twitter:label2\" content=\"Est. reading time\" \/>\n\t<meta name=\"twitter:data2\" content=\"2 minutos\" \/>\n<script type=\"application\/ld+json\" class=\"yoast-schema-graph\">{\"@context\":\"https:\/\/schema.org\",\"@graph\":[{\"@type\":\"WebPage\",\"@id\":\"https:\/\/www.manaus.am.gov.br\/immu\/transporte\/prefeitura-alerta-para-a-ocorrencia-de-vandalismo-em-espacos-publicos\/\",\"url\":\"https:\/\/www.manaus.am.gov.br\/immu\/transporte\/prefeitura-alerta-para-a-ocorrencia-de-vandalismo-em-espacos-publicos\/\",\"name\":\"Prefeitura alerta para casos de vandalismo em espa\u00e7os p\u00fablicos\",\"isPartOf\":{\"@id\":\"https:\/\/www.manaus.am.gov.br\/immu\/#website\"},\"primaryImageOfPage\":{\"@id\":\"https:\/\/www.manaus.am.gov.br\/immu\/transporte\/prefeitura-alerta-para-a-ocorrencia-de-vandalismo-em-espacos-publicos\/#primaryimage\"},\"image\":{\"@id\":\"https:\/\/www.manaus.am.gov.br\/immu\/transporte\/prefeitura-alerta-para-a-ocorrencia-de-vandalismo-em-espacos-publicos\/#primaryimage\"},\"thumbnailUrl\":\"https:\/\/www.manaus.am.gov.br\/immu\/wp-content\/uploads\/sites\/14\/2024\/01\/Vandalismo-Plataforma-3.jpeg\",\"datePublished\":\"2024-01-05T21:35:52+00:00\",\"dateModified\":\"2024-01-05T21:35:54+00:00\",\"author\":{\"@id\":\"https:\/\/www.manaus.am.gov.br\/immu\/#\/schema\/person\/ab4dcf766a54dff74e8d267f5c591961\"},\"description\":\"A Prefeitura de Manaus pede apoio aos cidad\u00e3os para que denunciem vandalismo em espa\u00e7os p\u00fablicos como as plataformas de \u00f4nibus.\",\"breadcrumb\":{\"@id\":\"https:\/\/www.manaus.am.gov.br\/immu\/transporte\/prefeitura-alerta-para-a-ocorrencia-de-vandalismo-em-espacos-publicos\/#breadcrumb\"},\"inLanguage\":\"pt-BR\",\"potentialAction\":[{\"@type\":\"ReadAction\",\"target\":[\"https:\/\/www.manaus.am.gov.br\/immu\/transporte\/prefeitura-alerta-para-a-ocorrencia-de-vandalismo-em-espacos-publicos\/\"]}]},{\"@type\":\"ImageObject\",\"inLanguage\":\"pt-BR\",\"@id\":\"https:\/\/www.manaus.am.gov.br\/immu\/transporte\/prefeitura-alerta-para-a-ocorrencia-de-vandalismo-em-espacos-publicos\/#primaryimage\",\"url\":\"https:\/\/www.manaus.am.gov.br\/immu\/wp-content\/uploads\/sites\/14\/2024\/01\/Vandalismo-Plataforma-3.jpeg\",\"contentUrl\":\"https:\/\/www.manaus.am.gov.br\/immu\/wp-content\/uploads\/sites\/14\/2024\/01\/Vandalismo-Plataforma-3.jpeg\",\"width\":1280,\"height\":963,\"caption\":\"#paratodosverem - plataforma de \u00f4nibus com adesivos de propaganda\"},{\"@type\":\"BreadcrumbList\",\"@id\":\"https:\/\/www.manaus.am.gov.br\/immu\/transporte\/prefeitura-alerta-para-a-ocorrencia-de-vandalismo-em-espacos-publicos\/#breadcrumb\",\"itemListElement\":[{\"@type\":\"ListItem\",\"position\":1,\"name\":\"Home\",\"item\":\"https:\/\/www.manaus.am.gov.br\/immu\/\"},{\"@type\":\"ListItem\",\"position\":2,\"name\":\"Prefeitura alerta para a ocorr\u00eancia de vandalismo em espa\u00e7os p\u00fablicos\"}]},{\"@type\":\"WebSite\",\"@id\":\"https:\/\/www.manaus.am.gov.br\/immu\/#website\",\"url\":\"https:\/\/www.manaus.am.gov.br\/immu\/\",\"name\":\"IMMU\",\"description\":\"Prefeitura de Manaus\",\"potentialAction\":[{\"@type\":\"SearchAction\",\"target\":{\"@type\":\"EntryPoint\",\"urlTemplate\":\"https:\/\/www.manaus.am.gov.br\/immu\/?s={search_term_string}\"},\"query-input\":\"required name=search_term_string\"}],\"inLanguage\":\"pt-BR\"},{\"@type\":\"Person\",\"@id\":\"https:\/\/www.manaus.am.gov.br\/immu\/#\/schema\/person\/ab4dcf766a54dff74e8d267f5c591961\",\"name\":\"smonteiro\",\"image\":{\"@type\":\"ImageObject\",\"inLanguage\":\"pt-BR\",\"@id\":\"https:\/\/www.manaus.am.gov.br\/immu\/#\/schema\/person\/image\/\",\"url\":\"https:\/\/secure.gravatar.com\/avatar\/21c8776ef61d9272c73322052e042d77?s=96&d=mm&r=g\",\"contentUrl\":\"https:\/\/secure.gravatar.com\/avatar\/21c8776ef61d9272c73322052e042d77?s=96&d=mm&r=g\",\"caption\":\"smonteiro\"}}]}<\/script>\n<!-- \/ Yoast SEO plugin. -->","yoast_head_json":{"title":"Prefeitura alerta para casos de vandalismo em espa\u00e7os p\u00fablicos","description":"A Prefeitura de Manaus pede apoio aos cidad\u00e3os para que denunciem vandalismo em espa\u00e7os p\u00fablicos como as plataformas de \u00f4nibus.","robots":{"index":"noindex","follow":"follow"},"og_locale":"pt_BR","og_type":"article","og_title":"Prefeitura alerta para casos de vandalismo em espa\u00e7os p\u00fablicos","og_description":"A Prefeitura de Manaus pede apoio aos cidad\u00e3os para que denunciem vandalismo em espa\u00e7os p\u00fablicos como as plataformas de \u00f4nibus.","og_url":"https:\/\/www.manaus.am.gov.br\/immu\/transporte\/prefeitura-alerta-para-a-ocorrencia-de-vandalismo-em-espacos-publicos\/","og_site_name":"IMMU","article_published_time":"2024-01-05T21:35:52+00:00","article_modified_time":"2024-01-05T21:35:54+00:00","og_image":[{"width":1280,"height":963,"url":"https:\/\/www.manaus.am.gov.br\/immu\/wp-content\/uploads\/sites\/14\/2024\/01\/Vandalismo-Plataforma-3.jpeg","type":"image\/jpeg"}],"author":"smonteiro","twitter_card":"summary_large_image","twitter_misc":{"Written by":"smonteiro","Est. reading time":"2 minutos"},"schema":{"@context":"https:\/\/schema.org","@graph":[{"@type":"WebPage","@id":"https:\/\/www.manaus.am.gov.br\/immu\/transporte\/prefeitura-alerta-para-a-ocorrencia-de-vandalismo-em-espacos-publicos\/","url":"https:\/\/www.manaus.am.gov.br\/immu\/transporte\/prefeitura-alerta-para-a-ocorrencia-de-vandalismo-em-espacos-publicos\/","name":"Prefeitura alerta para casos de vandalismo em espa\u00e7os p\u00fablicos","isPartOf":{"@id":"https:\/\/www.manaus.am.gov.br\/immu\/#website"},"primaryImageOfPage":{"@id":"https:\/\/www.manaus.am.gov.br\/immu\/transporte\/prefeitura-alerta-para-a-ocorrencia-de-vandalismo-em-espacos-publicos\/#primaryimage"},"image":{"@id":"https:\/\/www.manaus.am.gov.br\/immu\/transporte\/prefeitura-alerta-para-a-ocorrencia-de-vandalismo-em-espacos-publicos\/#primaryimage"},"thumbnailUrl":"https:\/\/www.manaus.am.gov.br\/immu\/wp-content\/uploads\/sites\/14\/2024\/01\/Vandalismo-Plataforma-3.jpeg","datePublished":"2024-01-05T21:35:52+00:00","dateModified":"2024-01-05T21:35:54+00:00","author":{"@id":"https:\/\/www.manaus.am.gov.br\/immu\/#\/schema\/person\/ab4dcf766a54dff74e8d267f5c591961"},"description":"A Prefeitura de Manaus pede apoio aos cidad\u00e3os para que denunciem vandalismo em espa\u00e7os p\u00fablicos como as plataformas de \u00f4nibus.","breadcrumb":{"@id":"https:\/\/www.manaus.am.gov.br\/immu\/transporte\/prefeitura-alerta-para-a-ocorrencia-de-vandalismo-em-espacos-publicos\/#breadcrumb"},"inLanguage":"pt-BR","potentialAction":[{"@type":"ReadAction","target":["https:\/\/www.manaus.am.gov.br\/immu\/transporte\/prefeitura-alerta-para-a-ocorrencia-de-vandalismo-em-espacos-publicos\/"]}]},{"@type":"ImageObject","inLanguage":"pt-BR","@id":"https:\/\/www.manaus.am.gov.br\/immu\/transporte\/prefeitura-alerta-para-a-ocorrencia-de-vandalismo-em-espacos-publicos\/#primaryimage","url":"https:\/\/www.manaus.am.gov.br\/immu\/wp-content\/uploads\/sites\/14\/2024\/01\/Vandalismo-Plataforma-3.jpeg","contentUrl":"https:\/\/www.manaus.am.gov.br\/immu\/wp-content\/uploads\/sites\/14\/2024\/01\/Vandalismo-Plataforma-3.jpeg","width":1280,"height":963,"caption":"#paratodosverem - plataforma de \u00f4nibus com adesivos de propaganda"},{"@type":"BreadcrumbList","@id":"https:\/\/www.manaus.am.gov.br\/immu\/transporte\/prefeitura-alerta-para-a-ocorrencia-de-vandalismo-em-espacos-publicos\/#breadcrumb","itemListElement":[{"@type":"ListItem","position":1,"name":"Home","item":"https:\/\/www.manaus.am.gov.br\/immu\/"},{"@type":"ListItem","position":2,"name":"Prefeitura alerta para a ocorr\u00eancia de vandalismo em espa\u00e7os p\u00fablicos"}]},{"@type":"WebSite","@id":"https:\/\/www.manaus.am.gov.br\/immu\/#website","url":"https:\/\/www.manaus.am.gov.br\/immu\/","name":"IMMU","description":"Prefeitura de Manaus","potentialAction":[{"@type":"SearchAction","target":{"@type":"EntryPoint","urlTemplate":"https:\/\/www.manaus.am.gov.br\/immu\/?s={search_term_string}"},"query-input":"required name=search_term_string"}],"inLanguage":"pt-BR"},{"@type":"Person","@id":"https:\/\/www.manaus.am.gov.br\/immu\/#\/schema\/person\/ab4dcf766a54dff74e8d267f5c591961","name":"smonteiro","image":{"@type":"ImageObject","inLanguage":"pt-BR","@id":"https:\/\/www.manaus.am.gov.br\/immu\/#\/schema\/person\/image\/","url":"https:\/\/secure.gravatar.com\/avatar\/21c8776ef61d9272c73322052e042d77?s=96&d=mm&r=g","contentUrl":"https:\/\/secure.gravatar.com\/avatar\/21c8776ef61d9272c73322052e042d77?s=96&d=mm&r=g","caption":"smonteiro"}}]}},"_links":{"self":[{"href":"https:\/\/www.manaus.am.gov.br\/immu\/wp-json\/wp\/v2\/posts\/1878"}],"collection":[{"href":"https:\/\/www.manaus.am.gov.br\/immu\/wp-json\/wp\/v2\/posts"}],"about":[{"href":"https:\/\/www.manaus.am.gov.br\/immu\/wp-json\/wp\/v2\/types\/post"}],"author":[{"embeddable":true,"href":"https:\/\/www.manaus.am.gov.br\/immu\/wp-json\/wp\/v2\/users\/61"}],"replies":[{"embeddable":true,"href":"https:\/\/www.manaus.am.gov.br\/immu\/wp-json\/wp\/v2\/comments?post=1878"}],"version-history":[{"count":0,"href":"https:\/\/www.manaus.am.gov.br\/immu\/wp-json\/wp\/v2\/posts\/1878\/revisions"}],"wp:featuredmedia":[{"embeddable":true,"href":"https:\/\/www.manaus.am.gov.br\/immu\/wp-json\/wp\/v2\/media\/1879"}],"wp:attachment":[{"href":"https:\/\/www.manaus.am.gov.br\/immu\/wp-json\/wp\/v2\/media?parent=1878"}],"wp:term":[{"taxonomy":"category","embeddable":true,"href":"https:\/\/www.manaus.am.gov.br\/immu\/wp-json\/wp\/v2\/categories?post=1878"},{"taxonomy":"post_tag","embeddable":true,"href":"https:\/\/www.manaus.am.gov.br\/immu\/wp-json\/wp\/v2\/tags?post=1878"}],"curies":[{"name":"wp","href":"https:\/\/api.w.org\/{rel}","templated":true}]}}