{"id":1872,"date":"2024-01-05T14:41:30","date_gmt":"2024-01-05T18:41:30","guid":{"rendered":"https:\/\/www.manaus.am.gov.br\/immu\/sem-categoria\/prefeitura-autua-micro-onibus-alternativo-por-irregularidade-no-distrito-industrial\/"},"modified":"2024-01-05T14:47:24","modified_gmt":"2024-01-05T18:47:24","slug":"prefeitura-autua-micro-onibus-alternativo-por-irregularidade-no-distrito-industrial","status":"publish","type":"post","link":"https:\/\/www.manaus.am.gov.br\/immu\/fiscalizacao\/prefeitura-autua-micro-onibus-alternativo-por-irregularidade-no-distrito-industrial\/","title":{"rendered":"Prefeitura autua micro-\u00f4nibus alternativo por irregularidade no Distrito Industrial"},"content":{"rendered":"\n<p>Organizar, regularizar e oferecer o melhor servi\u00e7o de transporte na capital \u00e9 uma das metas a ser alcan\u00e7ada pela Prefeitura de Manaus, por meio do Instituto Municipal de Mobilidade Urbana (IMMU). Foi com esse objetivo que o \u00f3rg\u00e3o municipal realizou, nesta sexta-feira, 5\/1, uma opera\u00e7\u00e3o de fiscaliza\u00e7\u00e3o na avenida Buriti nas imedia\u00e7\u00f5es da rotat\u00f3ria da Suframa, no bairro Distrito Industrial, zona Sul, para coibir eventuais irregularidades no transporte p\u00fablico naquela regi\u00e3o.<\/p>\n\n\n\n<p>Com foco no sistema de transporte alternativo, os chamados \u201cAmarelinhos\u201d, a medida visou oferecer mais seguran\u00e7a aos usu\u00e1rios desse modal. Os fiscais e agentes de Tr\u00e2nsito do IMMU abordaram mais de 30 micro-\u00f4nibus.<\/p>\n\n\n\n<p>Segundo o diretor de Transporte do IMMU, Edinaldo Castro, as fiscaliza\u00e7\u00f5es s\u00e3o cotidianas e atingem todos os modais de transporte. \u201cTemos feito, todos os dias, a fiscaliza\u00e7\u00e3o dos diversos modais e, hoje, o foco foi o alternativo, devido a den\u00fancias que o IMMU tem recebido. O nosso objetivo \u00e9 evitar que pessoas n\u00e3o habilitadas conduzam esses ve\u00edculos, por uma quest\u00e3o de seguran\u00e7a\u201d, explicou.<\/p>\n\n\n\n<p>A opera\u00e7\u00e3o constatou, entre outras irregularidades, aplica\u00e7\u00e3o de insulfilm na lateral da poltrona do motorista, fato que dificulta a identifica\u00e7\u00e3o de quem conduz os ve\u00edculos, por isto, determinou a retirada desse material de 18 micro-\u00f4nibus alternativos, que estavam operando em linhas da zona Leste de Manaus.<\/p>\n\n\n\n<p>No total, tr\u00eas micro-\u00f4nibus foram autuados: dois porque os motoristas n\u00e3o estavam portando a Carteira Nacional de Habilita\u00e7\u00e3o (CNH) no momento da abordagem; e mais um foi autuado por desvio de itiner\u00e1rio.<\/p>\n\n\n\n<p>&#8212; &#8212; &#8212;&nbsp;<\/p>\n\n\n\n<p><strong>Texto&nbsp;<\/strong>&#8211; \u00c1lisson Castro \/ IMMU<\/p>\n\n\n\n<p><strong>Foto <\/strong>\u2013 Divulga\u00e7\u00e3o \/ IMMU<\/p>\n","protected":false},"excerpt":{"rendered":"","protected":false},"author":39,"featured_media":1873,"comment_status":"closed","ping_status":"closed","sticky":false,"template":"","format":"standard","meta":{"footnotes":""},"categories":[323],"tags":[225,6,1305,399,8,125],"acf":[],"yoast_head":"<!-- This site is optimized with the Yoast SEO plugin v23.0 - https:\/\/yoast.com\/wordpress\/plugins\/seo\/ -->\n<title>Prefeitura autua micro-\u00f4nibus alternativo por irregularidade<\/title>\n<meta name=\"description\" content=\"Prefeitura de Manaus autua micro-\u00f4nibus alternativo por irregularidade no bairro Distrito Industrial, zona Sul da cidade.\" \/>\n<meta name=\"robots\" content=\"noindex, follow\" \/>\n<meta property=\"og:locale\" content=\"pt_BR\" \/>\n<meta property=\"og:type\" content=\"article\" \/>\n<meta property=\"og:title\" content=\"Prefeitura autua micro-\u00f4nibus alternativo por irregularidade\" \/>\n<meta property=\"og:description\" content=\"Prefeitura de Manaus autua micro-\u00f4nibus alternativo por irregularidade no bairro Distrito Industrial, zona Sul da cidade.\" \/>\n<meta property=\"og:url\" content=\"https:\/\/www.manaus.am.gov.br\/immu\/fiscalizacao\/prefeitura-autua-micro-onibus-alternativo-por-irregularidade-no-distrito-industrial\/\" \/>\n<meta property=\"og:site_name\" content=\"IMMU\" \/>\n<meta property=\"article:published_time\" content=\"2024-01-05T18:41:30+00:00\" \/>\n<meta property=\"article:modified_time\" content=\"2024-01-05T18:47:24+00:00\" \/>\n<meta property=\"og:image\" content=\"https:\/\/www.manaus.am.gov.br\/immu\/wp-content\/uploads\/sites\/14\/2024\/01\/Fiscalzizacao-de-micro-onibus-Alternativo-1.jpeg\" \/>\n\t<meta property=\"og:image:width\" content=\"1280\" \/>\n\t<meta property=\"og:image:height\" content=\"960\" \/>\n\t<meta property=\"og:image:type\" content=\"image\/jpeg\" \/>\n<meta name=\"author\" content=\"Bruna Greco\" \/>\n<meta name=\"twitter:card\" content=\"summary_large_image\" \/>\n<meta name=\"twitter:label1\" content=\"Written by\" \/>\n\t<meta name=\"twitter:data1\" content=\"Bruna Greco\" \/>\n\t<meta name=\"twitter:label2\" content=\"Est. reading time\" \/>\n\t<meta name=\"twitter:data2\" content=\"2 minutos\" \/>\n<script type=\"application\/ld+json\" class=\"yoast-schema-graph\">{\"@context\":\"https:\/\/schema.org\",\"@graph\":[{\"@type\":\"WebPage\",\"@id\":\"https:\/\/www.manaus.am.gov.br\/immu\/fiscalizacao\/prefeitura-autua-micro-onibus-alternativo-por-irregularidade-no-distrito-industrial\/\",\"url\":\"https:\/\/www.manaus.am.gov.br\/immu\/fiscalizacao\/prefeitura-autua-micro-onibus-alternativo-por-irregularidade-no-distrito-industrial\/\",\"name\":\"Prefeitura autua micro-\u00f4nibus alternativo por irregularidade\",\"isPartOf\":{\"@id\":\"https:\/\/www.manaus.am.gov.br\/immu\/#website\"},\"primaryImageOfPage\":{\"@id\":\"https:\/\/www.manaus.am.gov.br\/immu\/fiscalizacao\/prefeitura-autua-micro-onibus-alternativo-por-irregularidade-no-distrito-industrial\/#primaryimage\"},\"image\":{\"@id\":\"https:\/\/www.manaus.am.gov.br\/immu\/fiscalizacao\/prefeitura-autua-micro-onibus-alternativo-por-irregularidade-no-distrito-industrial\/#primaryimage\"},\"thumbnailUrl\":\"https:\/\/www.manaus.am.gov.br\/immu\/wp-content\/uploads\/sites\/14\/2024\/01\/Fiscalzizacao-de-micro-onibus-Alternativo-1.jpeg\",\"datePublished\":\"2024-01-05T18:41:30+00:00\",\"dateModified\":\"2024-01-05T18:47:24+00:00\",\"author\":{\"@id\":\"https:\/\/www.manaus.am.gov.br\/immu\/#\/schema\/person\/05d223aea2bf115f9883a6ff3683d81b\"},\"description\":\"Prefeitura de Manaus autua micro-\u00f4nibus alternativo por irregularidade no bairro Distrito Industrial, zona Sul da cidade.\",\"breadcrumb\":{\"@id\":\"https:\/\/www.manaus.am.gov.br\/immu\/fiscalizacao\/prefeitura-autua-micro-onibus-alternativo-por-irregularidade-no-distrito-industrial\/#breadcrumb\"},\"inLanguage\":\"pt-BR\",\"potentialAction\":[{\"@type\":\"ReadAction\",\"target\":[\"https:\/\/www.manaus.am.gov.br\/immu\/fiscalizacao\/prefeitura-autua-micro-onibus-alternativo-por-irregularidade-no-distrito-industrial\/\"]}]},{\"@type\":\"ImageObject\",\"inLanguage\":\"pt-BR\",\"@id\":\"https:\/\/www.manaus.am.gov.br\/immu\/fiscalizacao\/prefeitura-autua-micro-onibus-alternativo-por-irregularidade-no-distrito-industrial\/#primaryimage\",\"url\":\"https:\/\/www.manaus.am.gov.br\/immu\/wp-content\/uploads\/sites\/14\/2024\/01\/Fiscalzizacao-de-micro-onibus-Alternativo-1.jpeg\",\"contentUrl\":\"https:\/\/www.manaus.am.gov.br\/immu\/wp-content\/uploads\/sites\/14\/2024\/01\/Fiscalzizacao-de-micro-onibus-Alternativo-1.jpeg\",\"width\":1280,\"height\":960,\"caption\":\"#paratodosverem - Agentes de Tr\u00e2nsito do IMMU realizando opera\u00e7\u00e3o de fiscaliza\u00e7\u00e3o de micro-\u00f4nibus alternativo no bairro Distrito Industrial\"},{\"@type\":\"BreadcrumbList\",\"@id\":\"https:\/\/www.manaus.am.gov.br\/immu\/fiscalizacao\/prefeitura-autua-micro-onibus-alternativo-por-irregularidade-no-distrito-industrial\/#breadcrumb\",\"itemListElement\":[{\"@type\":\"ListItem\",\"position\":1,\"name\":\"Home\",\"item\":\"https:\/\/www.manaus.am.gov.br\/immu\/\"},{\"@type\":\"ListItem\",\"position\":2,\"name\":\"Prefeitura autua micro-\u00f4nibus alternativo por irregularidade no Distrito Industrial\"}]},{\"@type\":\"WebSite\",\"@id\":\"https:\/\/www.manaus.am.gov.br\/immu\/#website\",\"url\":\"https:\/\/www.manaus.am.gov.br\/immu\/\",\"name\":\"IMMU\",\"description\":\"Prefeitura de Manaus\",\"potentialAction\":[{\"@type\":\"SearchAction\",\"target\":{\"@type\":\"EntryPoint\",\"urlTemplate\":\"https:\/\/www.manaus.am.gov.br\/immu\/?s={search_term_string}\"},\"query-input\":\"required name=search_term_string\"}],\"inLanguage\":\"pt-BR\"},{\"@type\":\"Person\",\"@id\":\"https:\/\/www.manaus.am.gov.br\/immu\/#\/schema\/person\/05d223aea2bf115f9883a6ff3683d81b\",\"name\":\"Bruna Greco\",\"image\":{\"@type\":\"ImageObject\",\"inLanguage\":\"pt-BR\",\"@id\":\"https:\/\/www.manaus.am.gov.br\/immu\/#\/schema\/person\/image\/\",\"url\":\"https:\/\/secure.gravatar.com\/avatar\/9c877d1a6adc2a055330e5c09a8653ce?s=96&d=mm&r=g\",\"contentUrl\":\"https:\/\/secure.gravatar.com\/avatar\/9c877d1a6adc2a055330e5c09a8653ce?s=96&d=mm&r=g\",\"caption\":\"Bruna Greco\"}}]}<\/script>\n<!-- \/ Yoast SEO plugin. -->","yoast_head_json":{"title":"Prefeitura autua micro-\u00f4nibus alternativo por irregularidade","description":"Prefeitura de Manaus autua micro-\u00f4nibus alternativo por irregularidade no bairro Distrito Industrial, zona Sul da cidade.","robots":{"index":"noindex","follow":"follow"},"og_locale":"pt_BR","og_type":"article","og_title":"Prefeitura autua micro-\u00f4nibus alternativo por irregularidade","og_description":"Prefeitura de Manaus autua micro-\u00f4nibus alternativo por irregularidade no bairro Distrito Industrial, zona Sul da cidade.","og_url":"https:\/\/www.manaus.am.gov.br\/immu\/fiscalizacao\/prefeitura-autua-micro-onibus-alternativo-por-irregularidade-no-distrito-industrial\/","og_site_name":"IMMU","article_published_time":"2024-01-05T18:41:30+00:00","article_modified_time":"2024-01-05T18:47:24+00:00","og_image":[{"width":1280,"height":960,"url":"https:\/\/www.manaus.am.gov.br\/immu\/wp-content\/uploads\/sites\/14\/2024\/01\/Fiscalzizacao-de-micro-onibus-Alternativo-1.jpeg","type":"image\/jpeg"}],"author":"Bruna Greco","twitter_card":"summary_large_image","twitter_misc":{"Written by":"Bruna Greco","Est. reading time":"2 minutos"},"schema":{"@context":"https:\/\/schema.org","@graph":[{"@type":"WebPage","@id":"https:\/\/www.manaus.am.gov.br\/immu\/fiscalizacao\/prefeitura-autua-micro-onibus-alternativo-por-irregularidade-no-distrito-industrial\/","url":"https:\/\/www.manaus.am.gov.br\/immu\/fiscalizacao\/prefeitura-autua-micro-onibus-alternativo-por-irregularidade-no-distrito-industrial\/","name":"Prefeitura autua micro-\u00f4nibus alternativo por irregularidade","isPartOf":{"@id":"https:\/\/www.manaus.am.gov.br\/immu\/#website"},"primaryImageOfPage":{"@id":"https:\/\/www.manaus.am.gov.br\/immu\/fiscalizacao\/prefeitura-autua-micro-onibus-alternativo-por-irregularidade-no-distrito-industrial\/#primaryimage"},"image":{"@id":"https:\/\/www.manaus.am.gov.br\/immu\/fiscalizacao\/prefeitura-autua-micro-onibus-alternativo-por-irregularidade-no-distrito-industrial\/#primaryimage"},"thumbnailUrl":"https:\/\/www.manaus.am.gov.br\/immu\/wp-content\/uploads\/sites\/14\/2024\/01\/Fiscalzizacao-de-micro-onibus-Alternativo-1.jpeg","datePublished":"2024-01-05T18:41:30+00:00","dateModified":"2024-01-05T18:47:24+00:00","author":{"@id":"https:\/\/www.manaus.am.gov.br\/immu\/#\/schema\/person\/05d223aea2bf115f9883a6ff3683d81b"},"description":"Prefeitura de Manaus autua micro-\u00f4nibus alternativo por irregularidade no bairro Distrito Industrial, zona Sul da cidade.","breadcrumb":{"@id":"https:\/\/www.manaus.am.gov.br\/immu\/fiscalizacao\/prefeitura-autua-micro-onibus-alternativo-por-irregularidade-no-distrito-industrial\/#breadcrumb"},"inLanguage":"pt-BR","potentialAction":[{"@type":"ReadAction","target":["https:\/\/www.manaus.am.gov.br\/immu\/fiscalizacao\/prefeitura-autua-micro-onibus-alternativo-por-irregularidade-no-distrito-industrial\/"]}]},{"@type":"ImageObject","inLanguage":"pt-BR","@id":"https:\/\/www.manaus.am.gov.br\/immu\/fiscalizacao\/prefeitura-autua-micro-onibus-alternativo-por-irregularidade-no-distrito-industrial\/#primaryimage","url":"https:\/\/www.manaus.am.gov.br\/immu\/wp-content\/uploads\/sites\/14\/2024\/01\/Fiscalzizacao-de-micro-onibus-Alternativo-1.jpeg","contentUrl":"https:\/\/www.manaus.am.gov.br\/immu\/wp-content\/uploads\/sites\/14\/2024\/01\/Fiscalzizacao-de-micro-onibus-Alternativo-1.jpeg","width":1280,"height":960,"caption":"#paratodosverem - Agentes de Tr\u00e2nsito do IMMU realizando opera\u00e7\u00e3o de fiscaliza\u00e7\u00e3o de micro-\u00f4nibus alternativo no bairro Distrito Industrial"},{"@type":"BreadcrumbList","@id":"https:\/\/www.manaus.am.gov.br\/immu\/fiscalizacao\/prefeitura-autua-micro-onibus-alternativo-por-irregularidade-no-distrito-industrial\/#breadcrumb","itemListElement":[{"@type":"ListItem","position":1,"name":"Home","item":"https:\/\/www.manaus.am.gov.br\/immu\/"},{"@type":"ListItem","position":2,"name":"Prefeitura autua micro-\u00f4nibus alternativo por irregularidade no Distrito Industrial"}]},{"@type":"WebSite","@id":"https:\/\/www.manaus.am.gov.br\/immu\/#website","url":"https:\/\/www.manaus.am.gov.br\/immu\/","name":"IMMU","description":"Prefeitura de Manaus","potentialAction":[{"@type":"SearchAction","target":{"@type":"EntryPoint","urlTemplate":"https:\/\/www.manaus.am.gov.br\/immu\/?s={search_term_string}"},"query-input":"required name=search_term_string"}],"inLanguage":"pt-BR"},{"@type":"Person","@id":"https:\/\/www.manaus.am.gov.br\/immu\/#\/schema\/person\/05d223aea2bf115f9883a6ff3683d81b","name":"Bruna Greco","image":{"@type":"ImageObject","inLanguage":"pt-BR","@id":"https:\/\/www.manaus.am.gov.br\/immu\/#\/schema\/person\/image\/","url":"https:\/\/secure.gravatar.com\/avatar\/9c877d1a6adc2a055330e5c09a8653ce?s=96&d=mm&r=g","contentUrl":"https:\/\/secure.gravatar.com\/avatar\/9c877d1a6adc2a055330e5c09a8653ce?s=96&d=mm&r=g","caption":"Bruna Greco"}}]}},"_links":{"self":[{"href":"https:\/\/www.manaus.am.gov.br\/immu\/wp-json\/wp\/v2\/posts\/1872"}],"collection":[{"href":"https:\/\/www.manaus.am.gov.br\/immu\/wp-json\/wp\/v2\/posts"}],"about":[{"href":"https:\/\/www.manaus.am.gov.br\/immu\/wp-json\/wp\/v2\/types\/post"}],"author":[{"embeddable":true,"href":"https:\/\/www.manaus.am.gov.br\/immu\/wp-json\/wp\/v2\/users\/39"}],"replies":[{"embeddable":true,"href":"https:\/\/www.manaus.am.gov.br\/immu\/wp-json\/wp\/v2\/comments?post=1872"}],"version-history":[{"count":1,"href":"https:\/\/www.manaus.am.gov.br\/immu\/wp-json\/wp\/v2\/posts\/1872\/revisions"}],"predecessor-version":[{"id":1874,"href":"https:\/\/www.manaus.am.gov.br\/immu\/wp-json\/wp\/v2\/posts\/1872\/revisions\/1874"}],"wp:featuredmedia":[{"embeddable":true,"href":"https:\/\/www.manaus.am.gov.br\/immu\/wp-json\/wp\/v2\/media\/1873"}],"wp:attachment":[{"href":"https:\/\/www.manaus.am.gov.br\/immu\/wp-json\/wp\/v2\/media?parent=1872"}],"wp:term":[{"taxonomy":"category","embeddable":true,"href":"https:\/\/www.manaus.am.gov.br\/immu\/wp-json\/wp\/v2\/categories?post=1872"},{"taxonomy":"post_tag","embeddable":true,"href":"https:\/\/www.manaus.am.gov.br\/immu\/wp-json\/wp\/v2\/tags?post=1872"}],"curies":[{"name":"wp","href":"https:\/\/api.w.org\/{rel}","templated":true}]}}