{"id":1636,"date":"2023-10-25T13:56:55","date_gmt":"2023-10-25T17:56:55","guid":{"rendered":"https:\/\/www.manaus.am.gov.br\/immu\/sem-categoria\/unidades-de-ensino-devem-fazer-atualizacao-de-cadastro-para-garantir-meia-passagem\/"},"modified":"2023-12-05T14:37:34","modified_gmt":"2023-12-05T18:37:34","slug":"unidades-de-ensino-devem-fazer-atualizacao-de-cadastro-para-garantir-meia-passagem","status":"publish","type":"post","link":"https:\/\/www.manaus.am.gov.br\/immu\/transporte\/unidades-de-ensino-devem-fazer-atualizacao-de-cadastro-para-garantir-meia-passagem\/","title":{"rendered":"Unidades de ensino devem fazer atualiza\u00e7\u00e3o de cadastro para garantir meia-passagem"},"content":{"rendered":"\n<p>Escolas particulares, faculdades e cursos em geral devem ficar atentos \u00e0 atualiza\u00e7\u00e3o de cadastro para garantir o benef\u00edcio da meia-passagem a seus estudantes. O processo inicia no dia 1\u00ba de novembro e se estender\u00e1 por todo o m\u00eas. A renova\u00e7\u00e3o do cadastro deve ser feita no site&nbsp;<a href=\"http:\/\/escolas.sinetram.com.br\/\" target=\"_blank\" rel=\"noreferrer noopener\">escolas.sinetram.com.br<\/a>, em uma a\u00e7\u00e3o promovida pela Prefeitura de Manaus, por meio do Instituto Municipal de Mobilidade Urbana (IMMU).<\/p>\n\n\n\n<p>Para ter acesso ao sistema, os respons\u00e1veis pelas escolas devem entrar no site e clicar no item \u201cAcesso administrativo\u201d e, depois, no item \u201cEsqueci a senha\u201d e informar o e-mail cadastrado para receber nova senha de acesso. A partir da\u00ed, devem preencher as informa\u00e7\u00f5es solicitadas.<\/p>\n\n\n\n<p>Para garantir o benef\u00edcio, os respons\u00e1veis pelas institui\u00e7\u00f5es de ensino devem preencher formul\u00e1rio com informa\u00e7\u00f5es, como nome da unidade de ensino\/raz\u00e3o social; nome fantasia para sociedades empresariais; CNPJ; n\u00famero de Alvar\u00e1 (estabelecimento privado); Sistema Integrado de Gest\u00e3o Educacional do Amazonas (Sigeam), entre outros dados.<\/p>\n\n\n\n<p>Essa \u00e9 a primeira fase do novo formato de cadastro, que ser\u00e1 totalmente automatizado a partir do pr\u00f3ximo ano.<\/p>\n\n\n\n<p>Ap\u00f3s a atualiza\u00e7\u00e3o cadastral, a prefeitura, via IMMU, ir\u00e1 promover um treinamento com os respons\u00e1veis pelas escolas para orient\u00e1-los sobre como fazer o cadastro dos estudantes.<\/p>\n\n\n\n<p>&#8212; &#8212; &#8212;<\/p>\n\n\n\n<p><strong>Texto e fotos<\/strong>&nbsp;\u2013 Divulga\u00e7\u00e3o\/IMMU<\/p>\n\n\n\n<p><\/p>\n","protected":false},"excerpt":{"rendered":"","protected":false},"author":23,"featured_media":1637,"comment_status":"closed","ping_status":"closed","sticky":false,"template":"","format":"standard","meta":{"footnotes":""},"categories":[93],"tags":[1122,1123,958,6,959,8],"acf":[],"yoast_head":"<!-- This site is optimized with the Yoast SEO plugin v23.0 - https:\/\/yoast.com\/wordpress\/plugins\/seo\/ -->\n<title>Unidades de ensino devem fazer atualiza\u00e7\u00e3o de cadastro para garantir meia-passagem<\/title>\n<meta name=\"description\" content=\"Escolas particulares, faculdades e cursos em geral devem ficar atentos \u00e0 atualiza\u00e7\u00e3o de cadastro para garantir o benef\u00edcio da meia-passagem a seus estudantes. O processo inicia no dia 1\u00ba de novembro e se estender\u00e1 por todo o m\u00eas. A renova\u00e7\u00e3o do cadastro deve ser feita no site\u00a0escolas.sinetram.com.br, em uma a\u00e7\u00e3o promovida pela Prefeitura de Manaus, por meio do Instituto Municipal de Mobilidade Urbana (IMMU).\" \/>\n<meta name=\"robots\" content=\"noindex, follow\" \/>\n<meta property=\"og:locale\" content=\"pt_BR\" \/>\n<meta property=\"og:type\" content=\"article\" \/>\n<meta property=\"og:title\" content=\"Unidades de ensino devem fazer atualiza\u00e7\u00e3o de cadastro para garantir meia-passagem\" \/>\n<meta property=\"og:description\" content=\"Escolas particulares, faculdades e cursos em geral devem ficar atentos \u00e0 atualiza\u00e7\u00e3o de cadastro para garantir o benef\u00edcio da meia-passagem a seus estudantes. O processo inicia no dia 1\u00ba de novembro e se estender\u00e1 por todo o m\u00eas. A renova\u00e7\u00e3o do cadastro deve ser feita no site\u00a0escolas.sinetram.com.br, em uma a\u00e7\u00e3o promovida pela Prefeitura de Manaus, por meio do Instituto Municipal de Mobilidade Urbana (IMMU).\" \/>\n<meta property=\"og:url\" content=\"https:\/\/www.manaus.am.gov.br\/immu\/transporte\/unidades-de-ensino-devem-fazer-atualizacao-de-cadastro-para-garantir-meia-passagem\/\" \/>\n<meta property=\"og:site_name\" content=\"IMMU\" \/>\n<meta property=\"article:published_time\" content=\"2023-10-25T17:56:55+00:00\" \/>\n<meta property=\"article:modified_time\" content=\"2023-12-05T18:37:34+00:00\" \/>\n<meta property=\"og:image\" content=\"https:\/\/www.manaus.am.gov.br\/immu\/wp-content\/uploads\/sites\/14\/2023\/12\/WhatsApp-Image-2023-10-25-at-12.26.45.jpeg\" \/>\n\t<meta property=\"og:image:width\" content=\"800\" \/>\n\t<meta property=\"og:image:height\" content=\"534\" \/>\n\t<meta property=\"og:image:type\" content=\"image\/jpeg\" \/>\n<meta name=\"author\" content=\"Adriana Costa\" \/>\n<meta name=\"twitter:card\" content=\"summary_large_image\" \/>\n<meta name=\"twitter:label1\" content=\"Written by\" \/>\n\t<meta name=\"twitter:data1\" content=\"Adriana Costa\" \/>\n\t<meta name=\"twitter:label2\" content=\"Est. reading time\" \/>\n\t<meta name=\"twitter:data2\" content=\"2 minutos\" \/>\n<script type=\"application\/ld+json\" class=\"yoast-schema-graph\">{\"@context\":\"https:\/\/schema.org\",\"@graph\":[{\"@type\":\"WebPage\",\"@id\":\"https:\/\/www.manaus.am.gov.br\/immu\/transporte\/unidades-de-ensino-devem-fazer-atualizacao-de-cadastro-para-garantir-meia-passagem\/\",\"url\":\"https:\/\/www.manaus.am.gov.br\/immu\/transporte\/unidades-de-ensino-devem-fazer-atualizacao-de-cadastro-para-garantir-meia-passagem\/\",\"name\":\"Unidades de ensino devem fazer atualiza\u00e7\u00e3o de cadastro para garantir meia-passagem\",\"isPartOf\":{\"@id\":\"https:\/\/www.manaus.am.gov.br\/immu\/#website\"},\"primaryImageOfPage\":{\"@id\":\"https:\/\/www.manaus.am.gov.br\/immu\/transporte\/unidades-de-ensino-devem-fazer-atualizacao-de-cadastro-para-garantir-meia-passagem\/#primaryimage\"},\"image\":{\"@id\":\"https:\/\/www.manaus.am.gov.br\/immu\/transporte\/unidades-de-ensino-devem-fazer-atualizacao-de-cadastro-para-garantir-meia-passagem\/#primaryimage\"},\"thumbnailUrl\":\"https:\/\/www.manaus.am.gov.br\/immu\/wp-content\/uploads\/sites\/14\/2023\/12\/WhatsApp-Image-2023-10-25-at-12.26.45.jpeg\",\"datePublished\":\"2023-10-25T17:56:55+00:00\",\"dateModified\":\"2023-12-05T18:37:34+00:00\",\"author\":{\"@id\":\"https:\/\/www.manaus.am.gov.br\/immu\/#\/schema\/person\/4e49f4e267757a06ca072ec61b2b9968\"},\"description\":\"Escolas particulares, faculdades e cursos em geral devem ficar atentos \u00e0 atualiza\u00e7\u00e3o de cadastro para garantir o benef\u00edcio da meia-passagem a seus estudantes. O processo inicia no dia 1\u00ba de novembro e se estender\u00e1 por todo o m\u00eas. A renova\u00e7\u00e3o do cadastro deve ser feita no site\u00a0escolas.sinetram.com.br, em uma a\u00e7\u00e3o promovida pela Prefeitura de Manaus, por meio do Instituto Municipal de Mobilidade Urbana (IMMU).\",\"breadcrumb\":{\"@id\":\"https:\/\/www.manaus.am.gov.br\/immu\/transporte\/unidades-de-ensino-devem-fazer-atualizacao-de-cadastro-para-garantir-meia-passagem\/#breadcrumb\"},\"inLanguage\":\"pt-BR\",\"potentialAction\":[{\"@type\":\"ReadAction\",\"target\":[\"https:\/\/www.manaus.am.gov.br\/immu\/transporte\/unidades-de-ensino-devem-fazer-atualizacao-de-cadastro-para-garantir-meia-passagem\/\"]}]},{\"@type\":\"ImageObject\",\"inLanguage\":\"pt-BR\",\"@id\":\"https:\/\/www.manaus.am.gov.br\/immu\/transporte\/unidades-de-ensino-devem-fazer-atualizacao-de-cadastro-para-garantir-meia-passagem\/#primaryimage\",\"url\":\"https:\/\/www.manaus.am.gov.br\/immu\/wp-content\/uploads\/sites\/14\/2023\/12\/WhatsApp-Image-2023-10-25-at-12.26.45.jpeg\",\"contentUrl\":\"https:\/\/www.manaus.am.gov.br\/immu\/wp-content\/uploads\/sites\/14\/2023\/12\/WhatsApp-Image-2023-10-25-at-12.26.45.jpeg\",\"width\":800,\"height\":534,\"caption\":\"#ParaTodosVerem usu\u00e1rio do transporte coletivo utilizando o cart\u00e3o Passa F\u00e1cil\"},{\"@type\":\"BreadcrumbList\",\"@id\":\"https:\/\/www.manaus.am.gov.br\/immu\/transporte\/unidades-de-ensino-devem-fazer-atualizacao-de-cadastro-para-garantir-meia-passagem\/#breadcrumb\",\"itemListElement\":[{\"@type\":\"ListItem\",\"position\":1,\"name\":\"Home\",\"item\":\"https:\/\/www.manaus.am.gov.br\/immu\/\"},{\"@type\":\"ListItem\",\"position\":2,\"name\":\"Unidades de ensino devem fazer atualiza\u00e7\u00e3o de cadastro para garantir meia-passagem\"}]},{\"@type\":\"WebSite\",\"@id\":\"https:\/\/www.manaus.am.gov.br\/immu\/#website\",\"url\":\"https:\/\/www.manaus.am.gov.br\/immu\/\",\"name\":\"IMMU\",\"description\":\"Prefeitura de Manaus\",\"potentialAction\":[{\"@type\":\"SearchAction\",\"target\":{\"@type\":\"EntryPoint\",\"urlTemplate\":\"https:\/\/www.manaus.am.gov.br\/immu\/?s={search_term_string}\"},\"query-input\":\"required name=search_term_string\"}],\"inLanguage\":\"pt-BR\"},{\"@type\":\"Person\",\"@id\":\"https:\/\/www.manaus.am.gov.br\/immu\/#\/schema\/person\/4e49f4e267757a06ca072ec61b2b9968\",\"name\":\"Adriana Costa\",\"image\":{\"@type\":\"ImageObject\",\"inLanguage\":\"pt-BR\",\"@id\":\"https:\/\/www.manaus.am.gov.br\/immu\/#\/schema\/person\/image\/\",\"url\":\"https:\/\/secure.gravatar.com\/avatar\/576258617ef7194f718179e766d57bd4?s=96&d=mm&r=g\",\"contentUrl\":\"https:\/\/secure.gravatar.com\/avatar\/576258617ef7194f718179e766d57bd4?s=96&d=mm&r=g\",\"caption\":\"Adriana Costa\"}}]}<\/script>\n<!-- \/ Yoast SEO plugin. -->","yoast_head_json":{"title":"Unidades de ensino devem fazer atualiza\u00e7\u00e3o de cadastro para garantir meia-passagem","description":"Escolas particulares, faculdades e cursos em geral devem ficar atentos \u00e0 atualiza\u00e7\u00e3o de cadastro para garantir o benef\u00edcio da meia-passagem a seus estudantes. O processo inicia no dia 1\u00ba de novembro e se estender\u00e1 por todo o m\u00eas. A renova\u00e7\u00e3o do cadastro deve ser feita no site\u00a0escolas.sinetram.com.br, em uma a\u00e7\u00e3o promovida pela Prefeitura de Manaus, por meio do Instituto Municipal de Mobilidade Urbana (IMMU).","robots":{"index":"noindex","follow":"follow"},"og_locale":"pt_BR","og_type":"article","og_title":"Unidades de ensino devem fazer atualiza\u00e7\u00e3o de cadastro para garantir meia-passagem","og_description":"Escolas particulares, faculdades e cursos em geral devem ficar atentos \u00e0 atualiza\u00e7\u00e3o de cadastro para garantir o benef\u00edcio da meia-passagem a seus estudantes. O processo inicia no dia 1\u00ba de novembro e se estender\u00e1 por todo o m\u00eas. A renova\u00e7\u00e3o do cadastro deve ser feita no site\u00a0escolas.sinetram.com.br, em uma a\u00e7\u00e3o promovida pela Prefeitura de Manaus, por meio do Instituto Municipal de Mobilidade Urbana (IMMU).","og_url":"https:\/\/www.manaus.am.gov.br\/immu\/transporte\/unidades-de-ensino-devem-fazer-atualizacao-de-cadastro-para-garantir-meia-passagem\/","og_site_name":"IMMU","article_published_time":"2023-10-25T17:56:55+00:00","article_modified_time":"2023-12-05T18:37:34+00:00","og_image":[{"width":800,"height":534,"url":"https:\/\/www.manaus.am.gov.br\/immu\/wp-content\/uploads\/sites\/14\/2023\/12\/WhatsApp-Image-2023-10-25-at-12.26.45.jpeg","type":"image\/jpeg"}],"author":"Adriana Costa","twitter_card":"summary_large_image","twitter_misc":{"Written by":"Adriana Costa","Est. reading time":"2 minutos"},"schema":{"@context":"https:\/\/schema.org","@graph":[{"@type":"WebPage","@id":"https:\/\/www.manaus.am.gov.br\/immu\/transporte\/unidades-de-ensino-devem-fazer-atualizacao-de-cadastro-para-garantir-meia-passagem\/","url":"https:\/\/www.manaus.am.gov.br\/immu\/transporte\/unidades-de-ensino-devem-fazer-atualizacao-de-cadastro-para-garantir-meia-passagem\/","name":"Unidades de ensino devem fazer atualiza\u00e7\u00e3o de cadastro para garantir meia-passagem","isPartOf":{"@id":"https:\/\/www.manaus.am.gov.br\/immu\/#website"},"primaryImageOfPage":{"@id":"https:\/\/www.manaus.am.gov.br\/immu\/transporte\/unidades-de-ensino-devem-fazer-atualizacao-de-cadastro-para-garantir-meia-passagem\/#primaryimage"},"image":{"@id":"https:\/\/www.manaus.am.gov.br\/immu\/transporte\/unidades-de-ensino-devem-fazer-atualizacao-de-cadastro-para-garantir-meia-passagem\/#primaryimage"},"thumbnailUrl":"https:\/\/www.manaus.am.gov.br\/immu\/wp-content\/uploads\/sites\/14\/2023\/12\/WhatsApp-Image-2023-10-25-at-12.26.45.jpeg","datePublished":"2023-10-25T17:56:55+00:00","dateModified":"2023-12-05T18:37:34+00:00","author":{"@id":"https:\/\/www.manaus.am.gov.br\/immu\/#\/schema\/person\/4e49f4e267757a06ca072ec61b2b9968"},"description":"Escolas particulares, faculdades e cursos em geral devem ficar atentos \u00e0 atualiza\u00e7\u00e3o de cadastro para garantir o benef\u00edcio da meia-passagem a seus estudantes. O processo inicia no dia 1\u00ba de novembro e se estender\u00e1 por todo o m\u00eas. A renova\u00e7\u00e3o do cadastro deve ser feita no site\u00a0escolas.sinetram.com.br, em uma a\u00e7\u00e3o promovida pela Prefeitura de Manaus, por meio do Instituto Municipal de Mobilidade Urbana (IMMU).","breadcrumb":{"@id":"https:\/\/www.manaus.am.gov.br\/immu\/transporte\/unidades-de-ensino-devem-fazer-atualizacao-de-cadastro-para-garantir-meia-passagem\/#breadcrumb"},"inLanguage":"pt-BR","potentialAction":[{"@type":"ReadAction","target":["https:\/\/www.manaus.am.gov.br\/immu\/transporte\/unidades-de-ensino-devem-fazer-atualizacao-de-cadastro-para-garantir-meia-passagem\/"]}]},{"@type":"ImageObject","inLanguage":"pt-BR","@id":"https:\/\/www.manaus.am.gov.br\/immu\/transporte\/unidades-de-ensino-devem-fazer-atualizacao-de-cadastro-para-garantir-meia-passagem\/#primaryimage","url":"https:\/\/www.manaus.am.gov.br\/immu\/wp-content\/uploads\/sites\/14\/2023\/12\/WhatsApp-Image-2023-10-25-at-12.26.45.jpeg","contentUrl":"https:\/\/www.manaus.am.gov.br\/immu\/wp-content\/uploads\/sites\/14\/2023\/12\/WhatsApp-Image-2023-10-25-at-12.26.45.jpeg","width":800,"height":534,"caption":"#ParaTodosVerem usu\u00e1rio do transporte coletivo utilizando o cart\u00e3o Passa F\u00e1cil"},{"@type":"BreadcrumbList","@id":"https:\/\/www.manaus.am.gov.br\/immu\/transporte\/unidades-de-ensino-devem-fazer-atualizacao-de-cadastro-para-garantir-meia-passagem\/#breadcrumb","itemListElement":[{"@type":"ListItem","position":1,"name":"Home","item":"https:\/\/www.manaus.am.gov.br\/immu\/"},{"@type":"ListItem","position":2,"name":"Unidades de ensino devem fazer atualiza\u00e7\u00e3o de cadastro para garantir meia-passagem"}]},{"@type":"WebSite","@id":"https:\/\/www.manaus.am.gov.br\/immu\/#website","url":"https:\/\/www.manaus.am.gov.br\/immu\/","name":"IMMU","description":"Prefeitura de Manaus","potentialAction":[{"@type":"SearchAction","target":{"@type":"EntryPoint","urlTemplate":"https:\/\/www.manaus.am.gov.br\/immu\/?s={search_term_string}"},"query-input":"required name=search_term_string"}],"inLanguage":"pt-BR"},{"@type":"Person","@id":"https:\/\/www.manaus.am.gov.br\/immu\/#\/schema\/person\/4e49f4e267757a06ca072ec61b2b9968","name":"Adriana Costa","image":{"@type":"ImageObject","inLanguage":"pt-BR","@id":"https:\/\/www.manaus.am.gov.br\/immu\/#\/schema\/person\/image\/","url":"https:\/\/secure.gravatar.com\/avatar\/576258617ef7194f718179e766d57bd4?s=96&d=mm&r=g","contentUrl":"https:\/\/secure.gravatar.com\/avatar\/576258617ef7194f718179e766d57bd4?s=96&d=mm&r=g","caption":"Adriana Costa"}}]}},"_links":{"self":[{"href":"https:\/\/www.manaus.am.gov.br\/immu\/wp-json\/wp\/v2\/posts\/1636"}],"collection":[{"href":"https:\/\/www.manaus.am.gov.br\/immu\/wp-json\/wp\/v2\/posts"}],"about":[{"href":"https:\/\/www.manaus.am.gov.br\/immu\/wp-json\/wp\/v2\/types\/post"}],"author":[{"embeddable":true,"href":"https:\/\/www.manaus.am.gov.br\/immu\/wp-json\/wp\/v2\/users\/23"}],"replies":[{"embeddable":true,"href":"https:\/\/www.manaus.am.gov.br\/immu\/wp-json\/wp\/v2\/comments?post=1636"}],"version-history":[{"count":0,"href":"https:\/\/www.manaus.am.gov.br\/immu\/wp-json\/wp\/v2\/posts\/1636\/revisions"}],"wp:featuredmedia":[{"embeddable":true,"href":"https:\/\/www.manaus.am.gov.br\/immu\/wp-json\/wp\/v2\/media\/1637"}],"wp:attachment":[{"href":"https:\/\/www.manaus.am.gov.br\/immu\/wp-json\/wp\/v2\/media?parent=1636"}],"wp:term":[{"taxonomy":"category","embeddable":true,"href":"https:\/\/www.manaus.am.gov.br\/immu\/wp-json\/wp\/v2\/categories?post=1636"},{"taxonomy":"post_tag","embeddable":true,"href":"https:\/\/www.manaus.am.gov.br\/immu\/wp-json\/wp\/v2\/tags?post=1636"}],"curies":[{"name":"wp","href":"https:\/\/api.w.org\/{rel}","templated":true}]}}