{"id":1627,"date":"2023-12-04T15:02:13","date_gmt":"2023-12-04T19:02:13","guid":{"rendered":"https:\/\/www.manaus.am.gov.br\/immu\/sem-categoria\/prefeitura-cria-linha-de-onibus-para-atender-moradores-da-zona-rural-de-manaus\/"},"modified":"2023-12-05T11:18:17","modified_gmt":"2023-12-05T15:18:17","slug":"prefeitura-cria-linha-de-onibus-para-atender-moradores-da-zona-rural-de-manaus","status":"publish","type":"post","link":"https:\/\/www.manaus.am.gov.br\/immu\/transporte\/prefeitura-cria-linha-de-onibus-para-atender-moradores-da-zona-rural-de-manaus\/","title":{"rendered":"Prefeitura cria linha de \u00f4nibus para atender moradores da zona rural de Manaus"},"content":{"rendered":"\n<p>A partir desta quarta-feira, 6\/12, a\u00a0Prefeitura de Manaus, por meio do Instituto Municipal de Mobilidade Urbana (IMMU), vai criar a linha 012 &#8211; Jorge Teixeira \/ Comunidade Uber\u00ea-Pa para atender os usu\u00e1rios de transporte do ramal Uber\u00ea, localizado pr\u00f3ximo Reserva Adolpho Ducke, na zona Leste da cidade.<\/p>\n\n\n\n<p>A linha vai operar em dois hor\u00e1rios distintos: \u00e0s 7h vai sair do ramal Uber\u00ea em dire\u00e7\u00e3o ao bairro Jorge Teixeira; \u00e0s 16h, a linha far\u00e1 a rota saindo do Jorge Teixeira para o ramal Uber\u00ea. O desembarque, pela manh\u00e3, e o embarque, no final da tarde, ocorrer\u00e1 no terminal de bairro do Jorge Teixeira, na rua Nova Esperan\u00e7a, em frente ao 30\u00ba Distrito Integrado de Pol\u00edcia (DIP).<\/p>\n\n\n\n<p>Pela manh\u00e3, a linha sair\u00e1 do ramal e cumprir\u00e1 o seguinte itiner\u00e1rio: estrada do Adolpho Ducke, avenida Jardim Versalhes, avenida Alamanda, rua Recanto da Rainha, estrada do Brasileirinho, rua Gergelim e terminal da rua Nova Esperan\u00e7a. O itiner\u00e1rio da tarde ser\u00e1: terminal da rua Nova Esperan\u00e7a, rua Gergelim, estrada do Brasileirinho, rua Recanto da Rainha, avenida Alamanda, avenida Jardim Versalhes e estrada do Adolpho Ducke.<\/p>\n\n\n\n<p>A linha 012 ir\u00e1 operar de segunda-feira a s\u00e1bado. Os hor\u00e1rios da linha tamb\u00e9m estar\u00e3o dispon\u00edveis no aplicativo \u201cCad\u00ea Meu \u00d4nibus\u201d, que pode ser baixado gratuitamente nas plataformas Android e IOs.<\/p>\n\n\n\n<p>&#8212; &#8212; &#8212;&nbsp;<\/p>\n\n\n\n<p><strong>Texto &#8211;<\/strong>&nbsp;\u00c1lisson Castro \/ IMMU<\/p>\n\n\n\n<p><strong>Ilustra\u00e7\u00e3o &#8211;<\/strong>&nbsp;Divulga\u00e7\u00e3o \/ IMMU<\/p>\n\n\n\n<p><\/p>\n","protected":false},"excerpt":{"rendered":"","protected":false},"author":39,"featured_media":1628,"comment_status":"closed","ping_status":"closed","sticky":false,"template":"","format":"standard","meta":{"footnotes":""},"categories":[93],"tags":[1110,1111,6,953,1112,1113,8],"acf":[],"yoast_head":"<!-- This site is optimized with the Yoast SEO plugin v23.0 - https:\/\/yoast.com\/wordpress\/plugins\/seo\/ -->\n<title>Prefeitura de Manaus vai criar a linha 012<\/title>\n<meta name=\"description\" content=\"A Prefeitura de Manaus vai criar a linha 012-Jorge Teixeira \/ Comunidade Uber\u00ea-Pa para atender os usu\u00e1rios de transporte do ramal Uber\u00ea.\" \/>\n<meta name=\"robots\" content=\"noindex, follow\" \/>\n<meta property=\"og:locale\" content=\"pt_BR\" \/>\n<meta property=\"og:type\" content=\"article\" \/>\n<meta property=\"og:title\" content=\"Prefeitura de Manaus vai criar a linha 012\" \/>\n<meta property=\"og:description\" content=\"A Prefeitura de Manaus vai criar a linha 012-Jorge Teixeira \/ Comunidade Uber\u00ea-Pa para atender os usu\u00e1rios de transporte do ramal Uber\u00ea.\" \/>\n<meta property=\"og:url\" content=\"https:\/\/www.manaus.am.gov.br\/immu\/transporte\/prefeitura-cria-linha-de-onibus-para-atender-moradores-da-zona-rural-de-manaus\/\" \/>\n<meta property=\"og:site_name\" content=\"IMMU\" \/>\n<meta property=\"article:published_time\" content=\"2023-12-04T19:02:13+00:00\" \/>\n<meta property=\"article:modified_time\" content=\"2023-12-05T15:18:17+00:00\" \/>\n<meta property=\"og:image\" content=\"https:\/\/www.manaus.am.gov.br\/immu\/wp-content\/uploads\/sites\/14\/2023\/12\/Imagem-do-WhatsApp-de-2023-12-04-as-12.55.19_75acff68.jpg\" \/>\n\t<meta property=\"og:image:width\" content=\"1600\" \/>\n\t<meta property=\"og:image:height\" content=\"1159\" \/>\n\t<meta property=\"og:image:type\" content=\"image\/jpeg\" \/>\n<meta name=\"author\" content=\"Bruna Greco\" \/>\n<meta name=\"twitter:card\" content=\"summary_large_image\" \/>\n<meta name=\"twitter:label1\" content=\"Written by\" \/>\n\t<meta name=\"twitter:data1\" content=\"Bruna Greco\" \/>\n\t<meta name=\"twitter:label2\" content=\"Est. reading time\" \/>\n\t<meta name=\"twitter:data2\" content=\"2 minutos\" \/>\n<script type=\"application\/ld+json\" class=\"yoast-schema-graph\">{\"@context\":\"https:\/\/schema.org\",\"@graph\":[{\"@type\":\"WebPage\",\"@id\":\"https:\/\/www.manaus.am.gov.br\/immu\/transporte\/prefeitura-cria-linha-de-onibus-para-atender-moradores-da-zona-rural-de-manaus\/\",\"url\":\"https:\/\/www.manaus.am.gov.br\/immu\/transporte\/prefeitura-cria-linha-de-onibus-para-atender-moradores-da-zona-rural-de-manaus\/\",\"name\":\"Prefeitura de Manaus vai criar a linha 012\",\"isPartOf\":{\"@id\":\"https:\/\/www.manaus.am.gov.br\/immu\/#website\"},\"primaryImageOfPage\":{\"@id\":\"https:\/\/www.manaus.am.gov.br\/immu\/transporte\/prefeitura-cria-linha-de-onibus-para-atender-moradores-da-zona-rural-de-manaus\/#primaryimage\"},\"image\":{\"@id\":\"https:\/\/www.manaus.am.gov.br\/immu\/transporte\/prefeitura-cria-linha-de-onibus-para-atender-moradores-da-zona-rural-de-manaus\/#primaryimage\"},\"thumbnailUrl\":\"https:\/\/www.manaus.am.gov.br\/immu\/wp-content\/uploads\/sites\/14\/2023\/12\/Imagem-do-WhatsApp-de-2023-12-04-as-12.55.19_75acff68.jpg\",\"datePublished\":\"2023-12-04T19:02:13+00:00\",\"dateModified\":\"2023-12-05T15:18:17+00:00\",\"author\":{\"@id\":\"https:\/\/www.manaus.am.gov.br\/immu\/#\/schema\/person\/05d223aea2bf115f9883a6ff3683d81b\"},\"description\":\"A Prefeitura de Manaus vai criar a linha 012-Jorge Teixeira \/ Comunidade Uber\u00ea-Pa para atender os usu\u00e1rios de transporte do ramal Uber\u00ea.\",\"breadcrumb\":{\"@id\":\"https:\/\/www.manaus.am.gov.br\/immu\/transporte\/prefeitura-cria-linha-de-onibus-para-atender-moradores-da-zona-rural-de-manaus\/#breadcrumb\"},\"inLanguage\":\"pt-BR\",\"potentialAction\":[{\"@type\":\"ReadAction\",\"target\":[\"https:\/\/www.manaus.am.gov.br\/immu\/transporte\/prefeitura-cria-linha-de-onibus-para-atender-moradores-da-zona-rural-de-manaus\/\"]}]},{\"@type\":\"ImageObject\",\"inLanguage\":\"pt-BR\",\"@id\":\"https:\/\/www.manaus.am.gov.br\/immu\/transporte\/prefeitura-cria-linha-de-onibus-para-atender-moradores-da-zona-rural-de-manaus\/#primaryimage\",\"url\":\"https:\/\/www.manaus.am.gov.br\/immu\/wp-content\/uploads\/sites\/14\/2023\/12\/Imagem-do-WhatsApp-de-2023-12-04-as-12.55.19_75acff68.jpg\",\"contentUrl\":\"https:\/\/www.manaus.am.gov.br\/immu\/wp-content\/uploads\/sites\/14\/2023\/12\/Imagem-do-WhatsApp-de-2023-12-04-as-12.55.19_75acff68.jpg\",\"width\":1600,\"height\":1159,\"caption\":\"#paratodosverem Imagem ilustrativa do mapa do itiner\u00e1rio da nova linha 012\"},{\"@type\":\"BreadcrumbList\",\"@id\":\"https:\/\/www.manaus.am.gov.br\/immu\/transporte\/prefeitura-cria-linha-de-onibus-para-atender-moradores-da-zona-rural-de-manaus\/#breadcrumb\",\"itemListElement\":[{\"@type\":\"ListItem\",\"position\":1,\"name\":\"Home\",\"item\":\"https:\/\/www.manaus.am.gov.br\/immu\/\"},{\"@type\":\"ListItem\",\"position\":2,\"name\":\"Prefeitura cria linha de \u00f4nibus para atender moradores da zona rural de Manaus\"}]},{\"@type\":\"WebSite\",\"@id\":\"https:\/\/www.manaus.am.gov.br\/immu\/#website\",\"url\":\"https:\/\/www.manaus.am.gov.br\/immu\/\",\"name\":\"IMMU\",\"description\":\"Prefeitura de Manaus\",\"potentialAction\":[{\"@type\":\"SearchAction\",\"target\":{\"@type\":\"EntryPoint\",\"urlTemplate\":\"https:\/\/www.manaus.am.gov.br\/immu\/?s={search_term_string}\"},\"query-input\":\"required name=search_term_string\"}],\"inLanguage\":\"pt-BR\"},{\"@type\":\"Person\",\"@id\":\"https:\/\/www.manaus.am.gov.br\/immu\/#\/schema\/person\/05d223aea2bf115f9883a6ff3683d81b\",\"name\":\"Bruna Greco\",\"image\":{\"@type\":\"ImageObject\",\"inLanguage\":\"pt-BR\",\"@id\":\"https:\/\/www.manaus.am.gov.br\/immu\/#\/schema\/person\/image\/\",\"url\":\"https:\/\/secure.gravatar.com\/avatar\/9c877d1a6adc2a055330e5c09a8653ce?s=96&d=mm&r=g\",\"contentUrl\":\"https:\/\/secure.gravatar.com\/avatar\/9c877d1a6adc2a055330e5c09a8653ce?s=96&d=mm&r=g\",\"caption\":\"Bruna Greco\"}}]}<\/script>\n<!-- \/ Yoast SEO plugin. -->","yoast_head_json":{"title":"Prefeitura de Manaus vai criar a linha 012","description":"A Prefeitura de Manaus vai criar a linha 012-Jorge Teixeira \/ Comunidade Uber\u00ea-Pa para atender os usu\u00e1rios de transporte do ramal Uber\u00ea.","robots":{"index":"noindex","follow":"follow"},"og_locale":"pt_BR","og_type":"article","og_title":"Prefeitura de Manaus vai criar a linha 012","og_description":"A Prefeitura de Manaus vai criar a linha 012-Jorge Teixeira \/ Comunidade Uber\u00ea-Pa para atender os usu\u00e1rios de transporte do ramal Uber\u00ea.","og_url":"https:\/\/www.manaus.am.gov.br\/immu\/transporte\/prefeitura-cria-linha-de-onibus-para-atender-moradores-da-zona-rural-de-manaus\/","og_site_name":"IMMU","article_published_time":"2023-12-04T19:02:13+00:00","article_modified_time":"2023-12-05T15:18:17+00:00","og_image":[{"width":1600,"height":1159,"url":"https:\/\/www.manaus.am.gov.br\/immu\/wp-content\/uploads\/sites\/14\/2023\/12\/Imagem-do-WhatsApp-de-2023-12-04-as-12.55.19_75acff68.jpg","type":"image\/jpeg"}],"author":"Bruna Greco","twitter_card":"summary_large_image","twitter_misc":{"Written by":"Bruna Greco","Est. reading time":"2 minutos"},"schema":{"@context":"https:\/\/schema.org","@graph":[{"@type":"WebPage","@id":"https:\/\/www.manaus.am.gov.br\/immu\/transporte\/prefeitura-cria-linha-de-onibus-para-atender-moradores-da-zona-rural-de-manaus\/","url":"https:\/\/www.manaus.am.gov.br\/immu\/transporte\/prefeitura-cria-linha-de-onibus-para-atender-moradores-da-zona-rural-de-manaus\/","name":"Prefeitura de Manaus vai criar a linha 012","isPartOf":{"@id":"https:\/\/www.manaus.am.gov.br\/immu\/#website"},"primaryImageOfPage":{"@id":"https:\/\/www.manaus.am.gov.br\/immu\/transporte\/prefeitura-cria-linha-de-onibus-para-atender-moradores-da-zona-rural-de-manaus\/#primaryimage"},"image":{"@id":"https:\/\/www.manaus.am.gov.br\/immu\/transporte\/prefeitura-cria-linha-de-onibus-para-atender-moradores-da-zona-rural-de-manaus\/#primaryimage"},"thumbnailUrl":"https:\/\/www.manaus.am.gov.br\/immu\/wp-content\/uploads\/sites\/14\/2023\/12\/Imagem-do-WhatsApp-de-2023-12-04-as-12.55.19_75acff68.jpg","datePublished":"2023-12-04T19:02:13+00:00","dateModified":"2023-12-05T15:18:17+00:00","author":{"@id":"https:\/\/www.manaus.am.gov.br\/immu\/#\/schema\/person\/05d223aea2bf115f9883a6ff3683d81b"},"description":"A Prefeitura de Manaus vai criar a linha 012-Jorge Teixeira \/ Comunidade Uber\u00ea-Pa para atender os usu\u00e1rios de transporte do ramal Uber\u00ea.","breadcrumb":{"@id":"https:\/\/www.manaus.am.gov.br\/immu\/transporte\/prefeitura-cria-linha-de-onibus-para-atender-moradores-da-zona-rural-de-manaus\/#breadcrumb"},"inLanguage":"pt-BR","potentialAction":[{"@type":"ReadAction","target":["https:\/\/www.manaus.am.gov.br\/immu\/transporte\/prefeitura-cria-linha-de-onibus-para-atender-moradores-da-zona-rural-de-manaus\/"]}]},{"@type":"ImageObject","inLanguage":"pt-BR","@id":"https:\/\/www.manaus.am.gov.br\/immu\/transporte\/prefeitura-cria-linha-de-onibus-para-atender-moradores-da-zona-rural-de-manaus\/#primaryimage","url":"https:\/\/www.manaus.am.gov.br\/immu\/wp-content\/uploads\/sites\/14\/2023\/12\/Imagem-do-WhatsApp-de-2023-12-04-as-12.55.19_75acff68.jpg","contentUrl":"https:\/\/www.manaus.am.gov.br\/immu\/wp-content\/uploads\/sites\/14\/2023\/12\/Imagem-do-WhatsApp-de-2023-12-04-as-12.55.19_75acff68.jpg","width":1600,"height":1159,"caption":"#paratodosverem Imagem ilustrativa do mapa do itiner\u00e1rio da nova linha 012"},{"@type":"BreadcrumbList","@id":"https:\/\/www.manaus.am.gov.br\/immu\/transporte\/prefeitura-cria-linha-de-onibus-para-atender-moradores-da-zona-rural-de-manaus\/#breadcrumb","itemListElement":[{"@type":"ListItem","position":1,"name":"Home","item":"https:\/\/www.manaus.am.gov.br\/immu\/"},{"@type":"ListItem","position":2,"name":"Prefeitura cria linha de \u00f4nibus para atender moradores da zona rural de Manaus"}]},{"@type":"WebSite","@id":"https:\/\/www.manaus.am.gov.br\/immu\/#website","url":"https:\/\/www.manaus.am.gov.br\/immu\/","name":"IMMU","description":"Prefeitura de Manaus","potentialAction":[{"@type":"SearchAction","target":{"@type":"EntryPoint","urlTemplate":"https:\/\/www.manaus.am.gov.br\/immu\/?s={search_term_string}"},"query-input":"required name=search_term_string"}],"inLanguage":"pt-BR"},{"@type":"Person","@id":"https:\/\/www.manaus.am.gov.br\/immu\/#\/schema\/person\/05d223aea2bf115f9883a6ff3683d81b","name":"Bruna Greco","image":{"@type":"ImageObject","inLanguage":"pt-BR","@id":"https:\/\/www.manaus.am.gov.br\/immu\/#\/schema\/person\/image\/","url":"https:\/\/secure.gravatar.com\/avatar\/9c877d1a6adc2a055330e5c09a8653ce?s=96&d=mm&r=g","contentUrl":"https:\/\/secure.gravatar.com\/avatar\/9c877d1a6adc2a055330e5c09a8653ce?s=96&d=mm&r=g","caption":"Bruna Greco"}}]}},"_links":{"self":[{"href":"https:\/\/www.manaus.am.gov.br\/immu\/wp-json\/wp\/v2\/posts\/1627"}],"collection":[{"href":"https:\/\/www.manaus.am.gov.br\/immu\/wp-json\/wp\/v2\/posts"}],"about":[{"href":"https:\/\/www.manaus.am.gov.br\/immu\/wp-json\/wp\/v2\/types\/post"}],"author":[{"embeddable":true,"href":"https:\/\/www.manaus.am.gov.br\/immu\/wp-json\/wp\/v2\/users\/39"}],"replies":[{"embeddable":true,"href":"https:\/\/www.manaus.am.gov.br\/immu\/wp-json\/wp\/v2\/comments?post=1627"}],"version-history":[{"count":1,"href":"https:\/\/www.manaus.am.gov.br\/immu\/wp-json\/wp\/v2\/posts\/1627\/revisions"}],"predecessor-version":[{"id":1633,"href":"https:\/\/www.manaus.am.gov.br\/immu\/wp-json\/wp\/v2\/posts\/1627\/revisions\/1633"}],"wp:featuredmedia":[{"embeddable":true,"href":"https:\/\/www.manaus.am.gov.br\/immu\/wp-json\/wp\/v2\/media\/1628"}],"wp:attachment":[{"href":"https:\/\/www.manaus.am.gov.br\/immu\/wp-json\/wp\/v2\/media?parent=1627"}],"wp:term":[{"taxonomy":"category","embeddable":true,"href":"https:\/\/www.manaus.am.gov.br\/immu\/wp-json\/wp\/v2\/categories?post=1627"},{"taxonomy":"post_tag","embeddable":true,"href":"https:\/\/www.manaus.am.gov.br\/immu\/wp-json\/wp\/v2\/tags?post=1627"}],"curies":[{"name":"wp","href":"https:\/\/api.w.org\/{rel}","templated":true}]}}