{"id":1620,"date":"2023-12-01T14:21:34","date_gmt":"2023-12-01T18:21:34","guid":{"rendered":"https:\/\/www.manaus.am.gov.br\/immu\/sem-categoria\/prefeitura-prorroga-atualizacao-de-cadastros-da-meia-passagem-estudantil-das-instituicoes-de-ensino-ate-o-dia-31-12\/"},"modified":"2023-12-01T14:28:17","modified_gmt":"2023-12-01T18:28:17","slug":"prefeitura-prorroga-atualizacao-de-cadastros-da-meia-passagem-estudantil-das-instituicoes-de-ensino-ate-o-dia-31-12","status":"publish","type":"post","link":"https:\/\/www.manaus.am.gov.br\/immu\/prazo\/prefeitura-prorroga-atualizacao-de-cadastros-da-meia-passagem-estudantil-das-instituicoes-de-ensino-ate-o-dia-31-12\/","title":{"rendered":"Prefeitura prorroga atualiza\u00e7\u00e3o de cadastros da meia-passagem estudantil das institui\u00e7\u00f5es de ensino at\u00e9 o dia 31\/12"},"content":{"rendered":"\n<p>A Prefeitura de Manaus, por meio do Instituto Municipal de Mobilidade Urbana (IMMU), prorrogou o prazo para atualiza\u00e7\u00e3o do cadastro de institui\u00e7\u00f5es de ensino que t\u00eam direito \u00e0 meia-passagem estudantil, com exce\u00e7\u00e3o das escolas das redes p\u00fablicas estadual e municipal. As institui\u00e7\u00f5es t\u00eam at\u00e9 31\/12 para fazer a atualiza\u00e7\u00e3o no site&nbsp;<a href=\"http:\/\/escolas.sinetram.com.br\/\" target=\"_blank\" rel=\"noreferrer noopener\">escolas.sinetram.com.br<\/a>. A prorroga\u00e7\u00e3o \u00e9 necess\u00e1ria para manter o benef\u00edcio aos estudantes.<\/p>\n\n\n\n<p><br>Dentre as institui\u00e7\u00f5es que precisam atualizar o cadastro junto ao IMMU, est\u00e3o escolas particulares, cursos livres, t\u00e9cnicos de l\u00ednguas estrangeiras, pr\u00e9-vestibulares, supletivos, al\u00e9m de faculdades e universidades p\u00fablicas e privadas.<\/p>\n\n\n\n<p><br>Os respons\u00e1veis pelas institui\u00e7\u00f5es de ensino podem entrar no sistema clicando em \u201cEsqueci minha senha\u201d, informando o CNPJ da institui\u00e7\u00e3o de ensino para ter acesso \u00e0 senha atualizada. A partir da\u00ed, devem preencher as informa\u00e7\u00f5es solicitadas.<\/p>\n\n\n\n<p><br>Para garantir o benef\u00edcio, os respons\u00e1veis pelas institui\u00e7\u00f5es de ensino devem preencher formul\u00e1rio com informa\u00e7\u00f5es como nome da unidade de ensino\/raz\u00e3o social; nome de fantasia para sociedades empresariais; CNPJ; n\u00famero de Alvar\u00e1 (estabelecimento privado); entre outros dados obrigat\u00f3rios.<\/p>\n\n\n\n<p><br>A mudan\u00e7a trar\u00e1 mais agilidade e mais comodidade aos estudantes, que n\u00e3o ter\u00e3o mais que atualizar seu cadastro, assim como n\u00e3o ter\u00e3o mais que se deslocar at\u00e9 a sede do Sinetram para resolver qualquer pend\u00eancia.<br><br>Os respons\u00e1veis pelas unidades de ensino que n\u00e3o conseguirem recuperar a senha, podem entrar em contato com o SAC do Sinetram pelo n\u00famero 0800 2123 270. Quaisquer d\u00favidas ou informa\u00e7\u00f5es, o IMMU disponibiliza os contatos pelos e-mails&nbsp;<a href=\"mailto:cadastroestudantil.pmm@gmail.com\" target=\"_blank\" rel=\"noreferrer noopener\">cadastroestudantil.pmm@gmail.com<\/a>&nbsp;e&nbsp;<a href=\"mailto:maria.miguez@pmm.am.gov.br\" target=\"_blank\" rel=\"noreferrer noopener\">maria.miguez@pmm.am.gov.br<\/a>&nbsp;e ainda pelo contato de WhatsApp 98842-1443.<\/p>\n\n\n\n<p>&#8212; &#8212; &#8212;<\/p>\n\n\n\n<p><strong>Texto e foto \u2013<\/strong>&nbsp;Divulga\u00e7\u00e3o \/ IMMU<\/p>\n","protected":false},"excerpt":{"rendered":"","protected":false},"author":39,"featured_media":1621,"comment_status":"closed","ping_status":"closed","sticky":false,"template":"","format":"standard","meta":{"footnotes":""},"categories":[1101],"tags":[1102,1103,1104,6,1105,8,1106,1107],"acf":[],"yoast_head":"<!-- This site is optimized with the Yoast SEO plugin v23.0 - https:\/\/yoast.com\/wordpress\/plugins\/seo\/ -->\n<title>Prefeitura prorrogou a atualiza\u00e7\u00e3o do cadastro de institui\u00e7\u00f5es<\/title>\n<meta name=\"description\" content=\"A Prefeitura de Manaus prorrogou o prazo para atualiza\u00e7\u00e3o do cadastro de institui\u00e7\u00f5es de ensino que t\u00eam direito \u00e0 meia-passagem estudantil.\" \/>\n<meta name=\"robots\" content=\"noindex, follow\" \/>\n<meta property=\"og:locale\" content=\"pt_BR\" \/>\n<meta property=\"og:type\" content=\"article\" \/>\n<meta property=\"og:title\" content=\"Prefeitura prorrogou a atualiza\u00e7\u00e3o do cadastro de institui\u00e7\u00f5es\" \/>\n<meta property=\"og:description\" content=\"A Prefeitura de Manaus prorrogou o prazo para atualiza\u00e7\u00e3o do cadastro de institui\u00e7\u00f5es de ensino que t\u00eam direito \u00e0 meia-passagem estudantil.\" \/>\n<meta property=\"og:url\" content=\"https:\/\/www.manaus.am.gov.br\/immu\/prazo\/prefeitura-prorroga-atualizacao-de-cadastros-da-meia-passagem-estudantil-das-instituicoes-de-ensino-ate-o-dia-31-12\/\" \/>\n<meta property=\"og:site_name\" content=\"IMMU\" \/>\n<meta property=\"article:published_time\" content=\"2023-12-01T18:21:34+00:00\" \/>\n<meta property=\"article:modified_time\" content=\"2023-12-01T18:28:17+00:00\" \/>\n<meta property=\"og:image\" content=\"https:\/\/www.manaus.am.gov.br\/immu\/wp-content\/uploads\/sites\/14\/2023\/12\/WhatsApp-Image-2023-10-25-at-12.26.45-1.jpeg\" \/>\n\t<meta property=\"og:image:width\" content=\"800\" \/>\n\t<meta property=\"og:image:height\" content=\"534\" \/>\n\t<meta property=\"og:image:type\" content=\"image\/jpeg\" \/>\n<meta name=\"author\" content=\"Bruna Greco\" \/>\n<meta name=\"twitter:card\" content=\"summary_large_image\" \/>\n<meta name=\"twitter:label1\" content=\"Written by\" \/>\n\t<meta name=\"twitter:data1\" content=\"Bruna Greco\" \/>\n\t<meta name=\"twitter:label2\" content=\"Est. reading time\" \/>\n\t<meta name=\"twitter:data2\" content=\"2 minutos\" \/>\n<script type=\"application\/ld+json\" class=\"yoast-schema-graph\">{\"@context\":\"https:\/\/schema.org\",\"@graph\":[{\"@type\":\"WebPage\",\"@id\":\"https:\/\/www.manaus.am.gov.br\/immu\/prazo\/prefeitura-prorroga-atualizacao-de-cadastros-da-meia-passagem-estudantil-das-instituicoes-de-ensino-ate-o-dia-31-12\/\",\"url\":\"https:\/\/www.manaus.am.gov.br\/immu\/prazo\/prefeitura-prorroga-atualizacao-de-cadastros-da-meia-passagem-estudantil-das-instituicoes-de-ensino-ate-o-dia-31-12\/\",\"name\":\"Prefeitura prorrogou a atualiza\u00e7\u00e3o do cadastro de institui\u00e7\u00f5es\",\"isPartOf\":{\"@id\":\"https:\/\/www.manaus.am.gov.br\/immu\/#website\"},\"primaryImageOfPage\":{\"@id\":\"https:\/\/www.manaus.am.gov.br\/immu\/prazo\/prefeitura-prorroga-atualizacao-de-cadastros-da-meia-passagem-estudantil-das-instituicoes-de-ensino-ate-o-dia-31-12\/#primaryimage\"},\"image\":{\"@id\":\"https:\/\/www.manaus.am.gov.br\/immu\/prazo\/prefeitura-prorroga-atualizacao-de-cadastros-da-meia-passagem-estudantil-das-instituicoes-de-ensino-ate-o-dia-31-12\/#primaryimage\"},\"thumbnailUrl\":\"https:\/\/www.manaus.am.gov.br\/immu\/wp-content\/uploads\/sites\/14\/2023\/12\/WhatsApp-Image-2023-10-25-at-12.26.45-1.jpeg\",\"datePublished\":\"2023-12-01T18:21:34+00:00\",\"dateModified\":\"2023-12-01T18:28:17+00:00\",\"author\":{\"@id\":\"https:\/\/www.manaus.am.gov.br\/immu\/#\/schema\/person\/05d223aea2bf115f9883a6ff3683d81b\"},\"description\":\"A Prefeitura de Manaus prorrogou o prazo para atualiza\u00e7\u00e3o do cadastro de institui\u00e7\u00f5es de ensino que t\u00eam direito \u00e0 meia-passagem estudantil.\",\"breadcrumb\":{\"@id\":\"https:\/\/www.manaus.am.gov.br\/immu\/prazo\/prefeitura-prorroga-atualizacao-de-cadastros-da-meia-passagem-estudantil-das-instituicoes-de-ensino-ate-o-dia-31-12\/#breadcrumb\"},\"inLanguage\":\"pt-BR\",\"potentialAction\":[{\"@type\":\"ReadAction\",\"target\":[\"https:\/\/www.manaus.am.gov.br\/immu\/prazo\/prefeitura-prorroga-atualizacao-de-cadastros-da-meia-passagem-estudantil-das-instituicoes-de-ensino-ate-o-dia-31-12\/\"]}]},{\"@type\":\"ImageObject\",\"inLanguage\":\"pt-BR\",\"@id\":\"https:\/\/www.manaus.am.gov.br\/immu\/prazo\/prefeitura-prorroga-atualizacao-de-cadastros-da-meia-passagem-estudantil-das-instituicoes-de-ensino-ate-o-dia-31-12\/#primaryimage\",\"url\":\"https:\/\/www.manaus.am.gov.br\/immu\/wp-content\/uploads\/sites\/14\/2023\/12\/WhatsApp-Image-2023-10-25-at-12.26.45-1.jpeg\",\"contentUrl\":\"https:\/\/www.manaus.am.gov.br\/immu\/wp-content\/uploads\/sites\/14\/2023\/12\/WhatsApp-Image-2023-10-25-at-12.26.45-1.jpeg\",\"width\":800,\"height\":534,\"caption\":\"#paratodosverem Mulher utilizando equipamento de sistema de bilhetagem em terminal de integra\u00e7\u00e3o\"},{\"@type\":\"BreadcrumbList\",\"@id\":\"https:\/\/www.manaus.am.gov.br\/immu\/prazo\/prefeitura-prorroga-atualizacao-de-cadastros-da-meia-passagem-estudantil-das-instituicoes-de-ensino-ate-o-dia-31-12\/#breadcrumb\",\"itemListElement\":[{\"@type\":\"ListItem\",\"position\":1,\"name\":\"Home\",\"item\":\"https:\/\/www.manaus.am.gov.br\/immu\/\"},{\"@type\":\"ListItem\",\"position\":2,\"name\":\"Prefeitura prorroga atualiza\u00e7\u00e3o de cadastros da meia-passagem estudantil das institui\u00e7\u00f5es de ensino at\u00e9 o dia 31\/12\"}]},{\"@type\":\"WebSite\",\"@id\":\"https:\/\/www.manaus.am.gov.br\/immu\/#website\",\"url\":\"https:\/\/www.manaus.am.gov.br\/immu\/\",\"name\":\"IMMU\",\"description\":\"Prefeitura de Manaus\",\"potentialAction\":[{\"@type\":\"SearchAction\",\"target\":{\"@type\":\"EntryPoint\",\"urlTemplate\":\"https:\/\/www.manaus.am.gov.br\/immu\/?s={search_term_string}\"},\"query-input\":\"required name=search_term_string\"}],\"inLanguage\":\"pt-BR\"},{\"@type\":\"Person\",\"@id\":\"https:\/\/www.manaus.am.gov.br\/immu\/#\/schema\/person\/05d223aea2bf115f9883a6ff3683d81b\",\"name\":\"Bruna Greco\",\"image\":{\"@type\":\"ImageObject\",\"inLanguage\":\"pt-BR\",\"@id\":\"https:\/\/www.manaus.am.gov.br\/immu\/#\/schema\/person\/image\/\",\"url\":\"https:\/\/secure.gravatar.com\/avatar\/9c877d1a6adc2a055330e5c09a8653ce?s=96&d=mm&r=g\",\"contentUrl\":\"https:\/\/secure.gravatar.com\/avatar\/9c877d1a6adc2a055330e5c09a8653ce?s=96&d=mm&r=g\",\"caption\":\"Bruna Greco\"}}]}<\/script>\n<!-- \/ Yoast SEO plugin. -->","yoast_head_json":{"title":"Prefeitura prorrogou a atualiza\u00e7\u00e3o do cadastro de institui\u00e7\u00f5es","description":"A Prefeitura de Manaus prorrogou o prazo para atualiza\u00e7\u00e3o do cadastro de institui\u00e7\u00f5es de ensino que t\u00eam direito \u00e0 meia-passagem estudantil.","robots":{"index":"noindex","follow":"follow"},"og_locale":"pt_BR","og_type":"article","og_title":"Prefeitura prorrogou a atualiza\u00e7\u00e3o do cadastro de institui\u00e7\u00f5es","og_description":"A Prefeitura de Manaus prorrogou o prazo para atualiza\u00e7\u00e3o do cadastro de institui\u00e7\u00f5es de ensino que t\u00eam direito \u00e0 meia-passagem estudantil.","og_url":"https:\/\/www.manaus.am.gov.br\/immu\/prazo\/prefeitura-prorroga-atualizacao-de-cadastros-da-meia-passagem-estudantil-das-instituicoes-de-ensino-ate-o-dia-31-12\/","og_site_name":"IMMU","article_published_time":"2023-12-01T18:21:34+00:00","article_modified_time":"2023-12-01T18:28:17+00:00","og_image":[{"width":800,"height":534,"url":"https:\/\/www.manaus.am.gov.br\/immu\/wp-content\/uploads\/sites\/14\/2023\/12\/WhatsApp-Image-2023-10-25-at-12.26.45-1.jpeg","type":"image\/jpeg"}],"author":"Bruna Greco","twitter_card":"summary_large_image","twitter_misc":{"Written by":"Bruna Greco","Est. reading time":"2 minutos"},"schema":{"@context":"https:\/\/schema.org","@graph":[{"@type":"WebPage","@id":"https:\/\/www.manaus.am.gov.br\/immu\/prazo\/prefeitura-prorroga-atualizacao-de-cadastros-da-meia-passagem-estudantil-das-instituicoes-de-ensino-ate-o-dia-31-12\/","url":"https:\/\/www.manaus.am.gov.br\/immu\/prazo\/prefeitura-prorroga-atualizacao-de-cadastros-da-meia-passagem-estudantil-das-instituicoes-de-ensino-ate-o-dia-31-12\/","name":"Prefeitura prorrogou a atualiza\u00e7\u00e3o do cadastro de institui\u00e7\u00f5es","isPartOf":{"@id":"https:\/\/www.manaus.am.gov.br\/immu\/#website"},"primaryImageOfPage":{"@id":"https:\/\/www.manaus.am.gov.br\/immu\/prazo\/prefeitura-prorroga-atualizacao-de-cadastros-da-meia-passagem-estudantil-das-instituicoes-de-ensino-ate-o-dia-31-12\/#primaryimage"},"image":{"@id":"https:\/\/www.manaus.am.gov.br\/immu\/prazo\/prefeitura-prorroga-atualizacao-de-cadastros-da-meia-passagem-estudantil-das-instituicoes-de-ensino-ate-o-dia-31-12\/#primaryimage"},"thumbnailUrl":"https:\/\/www.manaus.am.gov.br\/immu\/wp-content\/uploads\/sites\/14\/2023\/12\/WhatsApp-Image-2023-10-25-at-12.26.45-1.jpeg","datePublished":"2023-12-01T18:21:34+00:00","dateModified":"2023-12-01T18:28:17+00:00","author":{"@id":"https:\/\/www.manaus.am.gov.br\/immu\/#\/schema\/person\/05d223aea2bf115f9883a6ff3683d81b"},"description":"A Prefeitura de Manaus prorrogou o prazo para atualiza\u00e7\u00e3o do cadastro de institui\u00e7\u00f5es de ensino que t\u00eam direito \u00e0 meia-passagem estudantil.","breadcrumb":{"@id":"https:\/\/www.manaus.am.gov.br\/immu\/prazo\/prefeitura-prorroga-atualizacao-de-cadastros-da-meia-passagem-estudantil-das-instituicoes-de-ensino-ate-o-dia-31-12\/#breadcrumb"},"inLanguage":"pt-BR","potentialAction":[{"@type":"ReadAction","target":["https:\/\/www.manaus.am.gov.br\/immu\/prazo\/prefeitura-prorroga-atualizacao-de-cadastros-da-meia-passagem-estudantil-das-instituicoes-de-ensino-ate-o-dia-31-12\/"]}]},{"@type":"ImageObject","inLanguage":"pt-BR","@id":"https:\/\/www.manaus.am.gov.br\/immu\/prazo\/prefeitura-prorroga-atualizacao-de-cadastros-da-meia-passagem-estudantil-das-instituicoes-de-ensino-ate-o-dia-31-12\/#primaryimage","url":"https:\/\/www.manaus.am.gov.br\/immu\/wp-content\/uploads\/sites\/14\/2023\/12\/WhatsApp-Image-2023-10-25-at-12.26.45-1.jpeg","contentUrl":"https:\/\/www.manaus.am.gov.br\/immu\/wp-content\/uploads\/sites\/14\/2023\/12\/WhatsApp-Image-2023-10-25-at-12.26.45-1.jpeg","width":800,"height":534,"caption":"#paratodosverem Mulher utilizando equipamento de sistema de bilhetagem em terminal de integra\u00e7\u00e3o"},{"@type":"BreadcrumbList","@id":"https:\/\/www.manaus.am.gov.br\/immu\/prazo\/prefeitura-prorroga-atualizacao-de-cadastros-da-meia-passagem-estudantil-das-instituicoes-de-ensino-ate-o-dia-31-12\/#breadcrumb","itemListElement":[{"@type":"ListItem","position":1,"name":"Home","item":"https:\/\/www.manaus.am.gov.br\/immu\/"},{"@type":"ListItem","position":2,"name":"Prefeitura prorroga atualiza\u00e7\u00e3o de cadastros da meia-passagem estudantil das institui\u00e7\u00f5es de ensino at\u00e9 o dia 31\/12"}]},{"@type":"WebSite","@id":"https:\/\/www.manaus.am.gov.br\/immu\/#website","url":"https:\/\/www.manaus.am.gov.br\/immu\/","name":"IMMU","description":"Prefeitura de Manaus","potentialAction":[{"@type":"SearchAction","target":{"@type":"EntryPoint","urlTemplate":"https:\/\/www.manaus.am.gov.br\/immu\/?s={search_term_string}"},"query-input":"required name=search_term_string"}],"inLanguage":"pt-BR"},{"@type":"Person","@id":"https:\/\/www.manaus.am.gov.br\/immu\/#\/schema\/person\/05d223aea2bf115f9883a6ff3683d81b","name":"Bruna Greco","image":{"@type":"ImageObject","inLanguage":"pt-BR","@id":"https:\/\/www.manaus.am.gov.br\/immu\/#\/schema\/person\/image\/","url":"https:\/\/secure.gravatar.com\/avatar\/9c877d1a6adc2a055330e5c09a8653ce?s=96&d=mm&r=g","contentUrl":"https:\/\/secure.gravatar.com\/avatar\/9c877d1a6adc2a055330e5c09a8653ce?s=96&d=mm&r=g","caption":"Bruna Greco"}}]}},"_links":{"self":[{"href":"https:\/\/www.manaus.am.gov.br\/immu\/wp-json\/wp\/v2\/posts\/1620"}],"collection":[{"href":"https:\/\/www.manaus.am.gov.br\/immu\/wp-json\/wp\/v2\/posts"}],"about":[{"href":"https:\/\/www.manaus.am.gov.br\/immu\/wp-json\/wp\/v2\/types\/post"}],"author":[{"embeddable":true,"href":"https:\/\/www.manaus.am.gov.br\/immu\/wp-json\/wp\/v2\/users\/39"}],"replies":[{"embeddable":true,"href":"https:\/\/www.manaus.am.gov.br\/immu\/wp-json\/wp\/v2\/comments?post=1620"}],"version-history":[{"count":1,"href":"https:\/\/www.manaus.am.gov.br\/immu\/wp-json\/wp\/v2\/posts\/1620\/revisions"}],"predecessor-version":[{"id":1622,"href":"https:\/\/www.manaus.am.gov.br\/immu\/wp-json\/wp\/v2\/posts\/1620\/revisions\/1622"}],"wp:featuredmedia":[{"embeddable":true,"href":"https:\/\/www.manaus.am.gov.br\/immu\/wp-json\/wp\/v2\/media\/1621"}],"wp:attachment":[{"href":"https:\/\/www.manaus.am.gov.br\/immu\/wp-json\/wp\/v2\/media?parent=1620"}],"wp:term":[{"taxonomy":"category","embeddable":true,"href":"https:\/\/www.manaus.am.gov.br\/immu\/wp-json\/wp\/v2\/categories?post=1620"},{"taxonomy":"post_tag","embeddable":true,"href":"https:\/\/www.manaus.am.gov.br\/immu\/wp-json\/wp\/v2\/tags?post=1620"}],"curies":[{"name":"wp","href":"https:\/\/api.w.org\/{rel}","templated":true}]}}