{"id":1532,"date":"2023-11-23T12:47:13","date_gmt":"2023-11-23T16:47:13","guid":{"rendered":"https:\/\/www.manaus.am.gov.br\/immu\/sem-categoria\/linhas-de-onibus-passam-a-atender-joao-valerio-a-partir-da-proxima-segunda-feira-27-11\/"},"modified":"2023-11-24T16:14:08","modified_gmt":"2023-11-24T20:14:08","slug":"linhas-de-onibus-passam-a-atender-joao-valerio-a-partir-da-proxima-segunda-feira-27-11","status":"publish","type":"post","link":"https:\/\/www.manaus.am.gov.br\/immu\/transporte\/linhas-de-onibus-passam-a-atender-joao-valerio-a-partir-da-proxima-segunda-feira-27-11\/","title":{"rendered":"Linhas de \u00f4nibus passam a atender Jo\u00e3o Val\u00e9rio a partir da pr\u00f3xima segunda-feira, 27\/11"},"content":{"rendered":"\n<p>A Prefeitura de Manaus, por meio do Instituto Municipal de Mobilidade Urbana (IMMU), informa que, a partir da pr\u00f3xima segunda-feira, 27\/11, haver\u00e1 altera\u00e7\u00e3o no itiner\u00e1rio das linhas de \u00f4nibus 123 (Santo Agostinho \/ Jacira Reis \/ T1 \/ Centro), 315 (Santa Etelvina \/ Sama\u00fama \/ T1 \/ Centro) e 443 (Nova Cidade \/ Conjunto Manoa \/ Avenida Djalma Batista \/ Centro) que atendem os usu\u00e1rios em dire\u00e7\u00e3o ao centro da cidade. As linhas passar\u00e3o a atender a avenida Jo\u00e3o Val\u00e9rio em dire\u00e7\u00e3o \u00e0 Constantino Nery no sentido bairro para o Centro.<\/p>\n\n\n\n<p>O objetivo da medida \u00e9 proporcionar velocidade na opera\u00e7\u00e3o das linhas que realizam percurso ao Terminal de Integra\u00e7\u00e3o 1 (T1) e centro da cidade. Atualmente, as linhas seguem direto pela avenida Djalma Batista at\u00e9 a avenida \u00c1lvaro Maia, trajeto que ser\u00e1 mudado com as altera\u00e7\u00f5es previstas para segunda-feira.<\/p>\n\n\n\n<p>As altera\u00e7\u00f5es s\u00e3o poss\u00edveis ap\u00f3s obras de reparos no complexo vi\u00e1rio Ministro Roberto Campos, na Constantino Nery.<\/p>\n\n\n\n<p>&#8212; &#8212; &#8212;<\/p>\n\n\n\n<p><strong>Texto <\/strong>&#8211; \u00c1lisson Castro \/ IMMU<\/p>\n\n\n\n<p><strong>Foto<\/strong> \u2013 Reprodu\u00e7\u00e3o \/ Google Street<\/p>\n","protected":false},"excerpt":{"rendered":"","protected":false},"author":39,"featured_media":1533,"comment_status":"closed","ping_status":"closed","sticky":false,"template":"","format":"standard","meta":{"footnotes":""},"categories":[93],"tags":[1057,1058,497,6,124,8],"acf":[],"yoast_head":"<!-- This site is optimized with the Yoast SEO plugin v23.0 - https:\/\/yoast.com\/wordpress\/plugins\/seo\/ -->\n<title>Prefeitura informa altera\u00e7\u00e3o no itiner\u00e1rio das linhas de \u00f4nibus<\/title>\n<meta name=\"description\" content=\"A Prefeitura de Manaus informa que, a partir da pr\u00f3xima segunda-feira, 27\/11, haver\u00e1 altera\u00e7\u00e3o no itiner\u00e1rio das linhas de \u00f4nibus.\" \/>\n<meta name=\"robots\" content=\"noindex, follow\" \/>\n<meta property=\"og:locale\" content=\"pt_BR\" \/>\n<meta property=\"og:type\" content=\"article\" \/>\n<meta property=\"og:title\" content=\"Prefeitura informa altera\u00e7\u00e3o no itiner\u00e1rio das linhas de \u00f4nibus\" \/>\n<meta property=\"og:description\" content=\"A Prefeitura de Manaus informa que, a partir da pr\u00f3xima segunda-feira, 27\/11, haver\u00e1 altera\u00e7\u00e3o no itiner\u00e1rio das linhas de \u00f4nibus.\" \/>\n<meta property=\"og:url\" content=\"https:\/\/www.manaus.am.gov.br\/immu\/transporte\/linhas-de-onibus-passam-a-atender-joao-valerio-a-partir-da-proxima-segunda-feira-27-11\/\" \/>\n<meta property=\"og:site_name\" content=\"IMMU\" \/>\n<meta property=\"article:published_time\" content=\"2023-11-23T16:47:13+00:00\" \/>\n<meta property=\"article:modified_time\" content=\"2023-11-24T20:14:08+00:00\" \/>\n<meta property=\"og:image\" content=\"https:\/\/www.manaus.am.gov.br\/immu\/wp-content\/uploads\/sites\/14\/2023\/11\/MUDANCAS-LINHA-JOAO-VALERIO.png\" \/>\n\t<meta property=\"og:image:width\" content=\"781\" \/>\n\t<meta property=\"og:image:height\" content=\"657\" \/>\n\t<meta property=\"og:image:type\" content=\"image\/png\" \/>\n<meta name=\"author\" content=\"Bruna Greco\" \/>\n<meta name=\"twitter:card\" content=\"summary_large_image\" \/>\n<meta name=\"twitter:label1\" content=\"Written by\" \/>\n\t<meta name=\"twitter:data1\" content=\"Bruna Greco\" \/>\n\t<meta name=\"twitter:label2\" content=\"Est. reading time\" \/>\n\t<meta name=\"twitter:data2\" content=\"1 minuto\" \/>\n<script type=\"application\/ld+json\" class=\"yoast-schema-graph\">{\"@context\":\"https:\/\/schema.org\",\"@graph\":[{\"@type\":\"WebPage\",\"@id\":\"https:\/\/www.manaus.am.gov.br\/immu\/transporte\/linhas-de-onibus-passam-a-atender-joao-valerio-a-partir-da-proxima-segunda-feira-27-11\/\",\"url\":\"https:\/\/www.manaus.am.gov.br\/immu\/transporte\/linhas-de-onibus-passam-a-atender-joao-valerio-a-partir-da-proxima-segunda-feira-27-11\/\",\"name\":\"Prefeitura informa altera\u00e7\u00e3o no itiner\u00e1rio das linhas de \u00f4nibus\",\"isPartOf\":{\"@id\":\"https:\/\/www.manaus.am.gov.br\/immu\/#website\"},\"primaryImageOfPage\":{\"@id\":\"https:\/\/www.manaus.am.gov.br\/immu\/transporte\/linhas-de-onibus-passam-a-atender-joao-valerio-a-partir-da-proxima-segunda-feira-27-11\/#primaryimage\"},\"image\":{\"@id\":\"https:\/\/www.manaus.am.gov.br\/immu\/transporte\/linhas-de-onibus-passam-a-atender-joao-valerio-a-partir-da-proxima-segunda-feira-27-11\/#primaryimage\"},\"thumbnailUrl\":\"https:\/\/www.manaus.am.gov.br\/immu\/wp-content\/uploads\/sites\/14\/2023\/11\/MUDANCAS-LINHA-JOAO-VALERIO.png\",\"datePublished\":\"2023-11-23T16:47:13+00:00\",\"dateModified\":\"2023-11-24T20:14:08+00:00\",\"author\":{\"@id\":\"https:\/\/www.manaus.am.gov.br\/immu\/#\/schema\/person\/05d223aea2bf115f9883a6ff3683d81b\"},\"description\":\"A Prefeitura de Manaus informa que, a partir da pr\u00f3xima segunda-feira, 27\/11, haver\u00e1 altera\u00e7\u00e3o no itiner\u00e1rio das linhas de \u00f4nibus.\",\"breadcrumb\":{\"@id\":\"https:\/\/www.manaus.am.gov.br\/immu\/transporte\/linhas-de-onibus-passam-a-atender-joao-valerio-a-partir-da-proxima-segunda-feira-27-11\/#breadcrumb\"},\"inLanguage\":\"pt-BR\",\"potentialAction\":[{\"@type\":\"ReadAction\",\"target\":[\"https:\/\/www.manaus.am.gov.br\/immu\/transporte\/linhas-de-onibus-passam-a-atender-joao-valerio-a-partir-da-proxima-segunda-feira-27-11\/\"]}]},{\"@type\":\"ImageObject\",\"inLanguage\":\"pt-BR\",\"@id\":\"https:\/\/www.manaus.am.gov.br\/immu\/transporte\/linhas-de-onibus-passam-a-atender-joao-valerio-a-partir-da-proxima-segunda-feira-27-11\/#primaryimage\",\"url\":\"https:\/\/www.manaus.am.gov.br\/immu\/wp-content\/uploads\/sites\/14\/2023\/11\/MUDANCAS-LINHA-JOAO-VALERIO.png\",\"contentUrl\":\"https:\/\/www.manaus.am.gov.br\/immu\/wp-content\/uploads\/sites\/14\/2023\/11\/MUDANCAS-LINHA-JOAO-VALERIO.png\",\"width\":781,\"height\":657,\"caption\":\"#paratodosverem Imagem reproduzida da internet de ve\u00edculos em via p\u00fablica\"},{\"@type\":\"BreadcrumbList\",\"@id\":\"https:\/\/www.manaus.am.gov.br\/immu\/transporte\/linhas-de-onibus-passam-a-atender-joao-valerio-a-partir-da-proxima-segunda-feira-27-11\/#breadcrumb\",\"itemListElement\":[{\"@type\":\"ListItem\",\"position\":1,\"name\":\"Home\",\"item\":\"https:\/\/www.manaus.am.gov.br\/immu\/\"},{\"@type\":\"ListItem\",\"position\":2,\"name\":\"Linhas de \u00f4nibus passam a atender Jo\u00e3o Val\u00e9rio a partir da pr\u00f3xima segunda-feira, 27\/11\"}]},{\"@type\":\"WebSite\",\"@id\":\"https:\/\/www.manaus.am.gov.br\/immu\/#website\",\"url\":\"https:\/\/www.manaus.am.gov.br\/immu\/\",\"name\":\"IMMU\",\"description\":\"Prefeitura de Manaus\",\"potentialAction\":[{\"@type\":\"SearchAction\",\"target\":{\"@type\":\"EntryPoint\",\"urlTemplate\":\"https:\/\/www.manaus.am.gov.br\/immu\/?s={search_term_string}\"},\"query-input\":\"required name=search_term_string\"}],\"inLanguage\":\"pt-BR\"},{\"@type\":\"Person\",\"@id\":\"https:\/\/www.manaus.am.gov.br\/immu\/#\/schema\/person\/05d223aea2bf115f9883a6ff3683d81b\",\"name\":\"Bruna Greco\",\"image\":{\"@type\":\"ImageObject\",\"inLanguage\":\"pt-BR\",\"@id\":\"https:\/\/www.manaus.am.gov.br\/immu\/#\/schema\/person\/image\/\",\"url\":\"https:\/\/secure.gravatar.com\/avatar\/9c877d1a6adc2a055330e5c09a8653ce?s=96&d=mm&r=g\",\"contentUrl\":\"https:\/\/secure.gravatar.com\/avatar\/9c877d1a6adc2a055330e5c09a8653ce?s=96&d=mm&r=g\",\"caption\":\"Bruna Greco\"}}]}<\/script>\n<!-- \/ Yoast SEO plugin. -->","yoast_head_json":{"title":"Prefeitura informa altera\u00e7\u00e3o no itiner\u00e1rio das linhas de \u00f4nibus","description":"A Prefeitura de Manaus informa que, a partir da pr\u00f3xima segunda-feira, 27\/11, haver\u00e1 altera\u00e7\u00e3o no itiner\u00e1rio das linhas de \u00f4nibus.","robots":{"index":"noindex","follow":"follow"},"og_locale":"pt_BR","og_type":"article","og_title":"Prefeitura informa altera\u00e7\u00e3o no itiner\u00e1rio das linhas de \u00f4nibus","og_description":"A Prefeitura de Manaus informa que, a partir da pr\u00f3xima segunda-feira, 27\/11, haver\u00e1 altera\u00e7\u00e3o no itiner\u00e1rio das linhas de \u00f4nibus.","og_url":"https:\/\/www.manaus.am.gov.br\/immu\/transporte\/linhas-de-onibus-passam-a-atender-joao-valerio-a-partir-da-proxima-segunda-feira-27-11\/","og_site_name":"IMMU","article_published_time":"2023-11-23T16:47:13+00:00","article_modified_time":"2023-11-24T20:14:08+00:00","og_image":[{"width":781,"height":657,"url":"https:\/\/www.manaus.am.gov.br\/immu\/wp-content\/uploads\/sites\/14\/2023\/11\/MUDANCAS-LINHA-JOAO-VALERIO.png","type":"image\/png"}],"author":"Bruna Greco","twitter_card":"summary_large_image","twitter_misc":{"Written by":"Bruna Greco","Est. reading time":"1 minuto"},"schema":{"@context":"https:\/\/schema.org","@graph":[{"@type":"WebPage","@id":"https:\/\/www.manaus.am.gov.br\/immu\/transporte\/linhas-de-onibus-passam-a-atender-joao-valerio-a-partir-da-proxima-segunda-feira-27-11\/","url":"https:\/\/www.manaus.am.gov.br\/immu\/transporte\/linhas-de-onibus-passam-a-atender-joao-valerio-a-partir-da-proxima-segunda-feira-27-11\/","name":"Prefeitura informa altera\u00e7\u00e3o no itiner\u00e1rio das linhas de \u00f4nibus","isPartOf":{"@id":"https:\/\/www.manaus.am.gov.br\/immu\/#website"},"primaryImageOfPage":{"@id":"https:\/\/www.manaus.am.gov.br\/immu\/transporte\/linhas-de-onibus-passam-a-atender-joao-valerio-a-partir-da-proxima-segunda-feira-27-11\/#primaryimage"},"image":{"@id":"https:\/\/www.manaus.am.gov.br\/immu\/transporte\/linhas-de-onibus-passam-a-atender-joao-valerio-a-partir-da-proxima-segunda-feira-27-11\/#primaryimage"},"thumbnailUrl":"https:\/\/www.manaus.am.gov.br\/immu\/wp-content\/uploads\/sites\/14\/2023\/11\/MUDANCAS-LINHA-JOAO-VALERIO.png","datePublished":"2023-11-23T16:47:13+00:00","dateModified":"2023-11-24T20:14:08+00:00","author":{"@id":"https:\/\/www.manaus.am.gov.br\/immu\/#\/schema\/person\/05d223aea2bf115f9883a6ff3683d81b"},"description":"A Prefeitura de Manaus informa que, a partir da pr\u00f3xima segunda-feira, 27\/11, haver\u00e1 altera\u00e7\u00e3o no itiner\u00e1rio das linhas de \u00f4nibus.","breadcrumb":{"@id":"https:\/\/www.manaus.am.gov.br\/immu\/transporte\/linhas-de-onibus-passam-a-atender-joao-valerio-a-partir-da-proxima-segunda-feira-27-11\/#breadcrumb"},"inLanguage":"pt-BR","potentialAction":[{"@type":"ReadAction","target":["https:\/\/www.manaus.am.gov.br\/immu\/transporte\/linhas-de-onibus-passam-a-atender-joao-valerio-a-partir-da-proxima-segunda-feira-27-11\/"]}]},{"@type":"ImageObject","inLanguage":"pt-BR","@id":"https:\/\/www.manaus.am.gov.br\/immu\/transporte\/linhas-de-onibus-passam-a-atender-joao-valerio-a-partir-da-proxima-segunda-feira-27-11\/#primaryimage","url":"https:\/\/www.manaus.am.gov.br\/immu\/wp-content\/uploads\/sites\/14\/2023\/11\/MUDANCAS-LINHA-JOAO-VALERIO.png","contentUrl":"https:\/\/www.manaus.am.gov.br\/immu\/wp-content\/uploads\/sites\/14\/2023\/11\/MUDANCAS-LINHA-JOAO-VALERIO.png","width":781,"height":657,"caption":"#paratodosverem Imagem reproduzida da internet de ve\u00edculos em via p\u00fablica"},{"@type":"BreadcrumbList","@id":"https:\/\/www.manaus.am.gov.br\/immu\/transporte\/linhas-de-onibus-passam-a-atender-joao-valerio-a-partir-da-proxima-segunda-feira-27-11\/#breadcrumb","itemListElement":[{"@type":"ListItem","position":1,"name":"Home","item":"https:\/\/www.manaus.am.gov.br\/immu\/"},{"@type":"ListItem","position":2,"name":"Linhas de \u00f4nibus passam a atender Jo\u00e3o Val\u00e9rio a partir da pr\u00f3xima segunda-feira, 27\/11"}]},{"@type":"WebSite","@id":"https:\/\/www.manaus.am.gov.br\/immu\/#website","url":"https:\/\/www.manaus.am.gov.br\/immu\/","name":"IMMU","description":"Prefeitura de Manaus","potentialAction":[{"@type":"SearchAction","target":{"@type":"EntryPoint","urlTemplate":"https:\/\/www.manaus.am.gov.br\/immu\/?s={search_term_string}"},"query-input":"required name=search_term_string"}],"inLanguage":"pt-BR"},{"@type":"Person","@id":"https:\/\/www.manaus.am.gov.br\/immu\/#\/schema\/person\/05d223aea2bf115f9883a6ff3683d81b","name":"Bruna Greco","image":{"@type":"ImageObject","inLanguage":"pt-BR","@id":"https:\/\/www.manaus.am.gov.br\/immu\/#\/schema\/person\/image\/","url":"https:\/\/secure.gravatar.com\/avatar\/9c877d1a6adc2a055330e5c09a8653ce?s=96&d=mm&r=g","contentUrl":"https:\/\/secure.gravatar.com\/avatar\/9c877d1a6adc2a055330e5c09a8653ce?s=96&d=mm&r=g","caption":"Bruna Greco"}}]}},"_links":{"self":[{"href":"https:\/\/www.manaus.am.gov.br\/immu\/wp-json\/wp\/v2\/posts\/1532"}],"collection":[{"href":"https:\/\/www.manaus.am.gov.br\/immu\/wp-json\/wp\/v2\/posts"}],"about":[{"href":"https:\/\/www.manaus.am.gov.br\/immu\/wp-json\/wp\/v2\/types\/post"}],"author":[{"embeddable":true,"href":"https:\/\/www.manaus.am.gov.br\/immu\/wp-json\/wp\/v2\/users\/39"}],"replies":[{"embeddable":true,"href":"https:\/\/www.manaus.am.gov.br\/immu\/wp-json\/wp\/v2\/comments?post=1532"}],"version-history":[{"count":0,"href":"https:\/\/www.manaus.am.gov.br\/immu\/wp-json\/wp\/v2\/posts\/1532\/revisions"}],"wp:featuredmedia":[{"embeddable":true,"href":"https:\/\/www.manaus.am.gov.br\/immu\/wp-json\/wp\/v2\/media\/1533"}],"wp:attachment":[{"href":"https:\/\/www.manaus.am.gov.br\/immu\/wp-json\/wp\/v2\/media?parent=1532"}],"wp:term":[{"taxonomy":"category","embeddable":true,"href":"https:\/\/www.manaus.am.gov.br\/immu\/wp-json\/wp\/v2\/categories?post=1532"},{"taxonomy":"post_tag","embeddable":true,"href":"https:\/\/www.manaus.am.gov.br\/immu\/wp-json\/wp\/v2\/tags?post=1532"}],"curies":[{"name":"wp","href":"https:\/\/api.w.org\/{rel}","templated":true}]}}