{"id":1528,"date":"2023-11-23T12:29:06","date_gmt":"2023-11-23T16:29:06","guid":{"rendered":"https:\/\/www.manaus.am.gov.br\/immu\/sem-categoria\/prefeitura-e-sinetram-disponibilizam-canal-on-line-para-solicitacao-de-cartao-passafacil-e-retirada-nos-terminais-de-integracao\/"},"modified":"2023-11-23T12:29:08","modified_gmt":"2023-11-23T16:29:08","slug":"prefeitura-e-sinetram-disponibilizam-canal-on-line-para-solicitacao-de-cartao-passafacil-e-retirada-nos-terminais-de-integracao","status":"publish","type":"post","link":"https:\/\/www.manaus.am.gov.br\/immu\/servicos\/prefeitura-e-sinetram-disponibilizam-canal-on-line-para-solicitacao-de-cartao-passafacil-e-retirada-nos-terminais-de-integracao\/","title":{"rendered":"Prefeitura e Sinetram disponibilizam canal on-line para solicita\u00e7\u00e3o de Cart\u00e3o PassaF\u00e1cil e retirada nos terminais de integra\u00e7\u00e3o"},"content":{"rendered":"\n<p>A partir desta quinta-feira, 23\/11, os usu\u00e1rios do transporte coletivo da capital passam a contar com um novo servi\u00e7o para solicita\u00e7\u00e3o do cart\u00e3o PassaF\u00e1cil e retirada nos terminais de integra\u00e7\u00e3o. O canal on-line foi lan\u00e7ado pela Prefeitura de Manaus, por meio do Instituto Municipal de Mobilidade Urbana (IMMU), em parceria com Sindicato das Empresas de Transporte de Passageiros do Estado do Amazonas (Sinetram).<\/p>\n\n\n\n<p>Agora,&nbsp;al\u00e9m do servi\u00e7o &#8220;PassaF\u00e1cil delivery&#8221;, j\u00e1 existente, \u00e9 poss\u00edvel escolher a retirada do cart\u00e3o em at\u00e9 24 horas em um dos terminais de integra\u00e7\u00e3o da capital, sem custo adicional de entrega. Para solicitar o cart\u00e3o PassaF\u00e1cil on-line \u00e9 r\u00e1pido e f\u00e1cil. O atendimento \u00e9 realizado pela assistente virtual do Sinetram, a Sindy, por meio do WhatsApp (92) 98444-4412, na op\u00e7\u00e3o 2 (Emiss\u00e3o de segunda via do cart\u00e3o PassaF\u00e1cil) ou op\u00e7\u00e3o 4 (Emiss\u00e3o de primeira via do cart\u00e3o).<\/p>\n\n\n\n<p>O cidad\u00e3o deve informar os dados do CPF, selecionar qualquer uma das modalidades dispon\u00edveis no sistema de transporte da capital (comum, vale-transporte e estudantil), escolher o layout de sua prefer\u00eancia e optar entre as op\u00e7\u00f5es \u201cDelivery\u201d ou \u201cRetirada Presencial\u201d no terminal de integra\u00e7\u00e3o da sua prefer\u00eancia, sem custo de entrega. Apenas o valor do cart\u00e3o \u00e9 cobrado em caso de segunda via.<\/p>\n\n\n\n<p>\u201c\u00c9 uma nova fase do programa de atendimento ao usu\u00e1rio de transporte coletivo. J\u00e1 t\u00ednhamos lan\u00e7ado h\u00e1 alguns meses o servi\u00e7o de delivery, onde a pessoa pede o seu cart\u00e3o e recebe em casa. No entanto, houve casos de usu\u00e1rios que reclamaram da taxa de entrega, por isso, trouxemos essa op\u00e7\u00e3o de entrega para dentro dos terminais. O servi\u00e7o delivery continua para aqueles que quiserem receber em casa, mas aquele que n\u00e3o quiser receber em casa pode programar de retirar o seu cart\u00e3o num terminal de integra\u00e7\u00e3o, naquele terminal que fica mais pr\u00f3ximo para ele, que fica mais c\u00f4modo para o usu\u00e1rio\u201d, explicou o diretor-presidente.<\/p>\n\n\n\n<p>Usu\u00e1ria do sistema de transporte, a estudante Any Moraes foi uma das primeiras pessoas a utilizar o novo servi\u00e7o. \u201cFoi bem simples, eu achei o aplicativo bem f\u00e1cil, facilitado e bem automatizado. A gente pode mandar a mensagem e o pagamento tamb\u00e9m pode ser feito na hora. Qualquer d\u00favida podemos ligar, e \u00e9 tudo bem r\u00e1pido. Foi bem melhor porque n\u00e3o \u00e9 preciso agendar nem enfrentar fila\u201d, elogiou.<\/p>\n\n\n\n<p>O IMMU informa que a op\u00e7\u00e3o delivery continuar\u00e1 funcionando normalmente e a entrega \u00e9 realizada em at\u00e9 48 horas no endere\u00e7o informado, ap\u00f3s a cobran\u00e7a da taxa de entrega.<\/p>\n\n\n\n<p>A solicita\u00e7\u00e3o on-line do cart\u00e3o PassaF\u00e1cil faz parte de um pacote de servi\u00e7os que est\u00e3o sendo virtualizados e visa proporcionar maior comodidade \u00e0 popula\u00e7\u00e3o que diariamente procura o Sinetram presencialmente para adquirir o servi\u00e7o. Com a moderniza\u00e7\u00e3o do sistema de estudantes prevista para 2024 e o lan\u00e7amento do aplicativo dos estudantes, tamb\u00e9m agendado para o in\u00edcio do pr\u00f3ximo ano, espera-se reduzir as filas que geralmente se formam antes do ano letivo, pois a retirada ser\u00e1 descentralizada e poder\u00e1 ser feita em um terminal pr\u00f3ximo \u00e0 casa do aluno ou naquele que faz parte da sua rota.<\/p>\n\n\n\n<p>O cronograma de lan\u00e7amento do novo servi\u00e7o nos terminais de Manaus est\u00e1 bem definido, oferecendo aos cidad\u00e3os datas espec\u00edficas para cada local. No Terminal 1 (T1), o lan\u00e7amento ocorre nesta quinta-feira; no Terminal 3 (T3) acontece no dia 27\/11; e no Terminal 5 (T5), o servi\u00e7o ser\u00e1 implantado no dia 28\/11. Essa programa\u00e7\u00e3o estrat\u00e9gica visa facilitar o acesso dos usu\u00e1rios aos novos servi\u00e7os de aquisi\u00e7\u00e3o do cart\u00e3o PassaF\u00e1cil, marcando um avan\u00e7o significativo na mobilidade urbana de Manaus.<\/p>\n\n\n\n<p>O \u201cPassaF\u00e1cil delivery\u201d, servi\u00e7o de solicita\u00e7\u00e3o de emiss\u00e3o de Cart\u00e3o PassaF\u00e1cil com entrega, lan\u00e7ado em janeiro deste ano j\u00e1 atendeu mais de sete mil pedidos e foi criado e desenvolvido para facilitar o dia a dia de empresas e passageiros que utilizam a carteirinha f\u00edsica nos \u00f4nibus, terminais e esta\u00e7\u00f5es transfer\u00eancia da cidade.&nbsp;<\/p>\n\n\n\n<p>&#8212; &#8212; &#8212;<\/p>\n\n\n\n<p><strong>Texto&nbsp;<\/strong>\u2013 Marcelo Lima \/ IMMU e Divulga\u00e7\u00e3o \/ Sinetram<\/p>\n\n\n\n<p><strong>Fotos <\/strong>\u2013 Phil Limma \/ Semcom<\/p>\n\n\n\n<p><strong>Dispon\u00edveis em &#8211;<\/strong> <a href=\"https:\/\/flic.kr\/s\/aHBqjB4kMw\">https:\/\/flic.kr\/s\/aHBqjB4kMw<\/a><\/p>\n","protected":false},"excerpt":{"rendered":"","protected":false},"author":39,"featured_media":1529,"comment_status":"closed","ping_status":"closed","sticky":false,"template":"","format":"standard","meta":{"footnotes":""},"categories":[38],"tags":[1046,1047,6,1048,8,1049,1050,1051],"acf":[],"yoast_head":"<!-- This site is optimized with the Yoast SEO plugin v23.0 - https:\/\/yoast.com\/wordpress\/plugins\/seo\/ -->\n<title>Prefeitura disponibiliza canal para solicita\u00e7\u00e3o do cart\u00e3o PassaF\u00e1cil<\/title>\n<meta name=\"description\" content=\"Os usu\u00e1rios do transporte coletivo passam a contar com um novo servi\u00e7o para solicita\u00e7\u00e3o do cart\u00e3o PassaF\u00e1cil e retirada nos terminais.\" \/>\n<meta name=\"robots\" content=\"noindex, follow\" \/>\n<meta property=\"og:locale\" content=\"pt_BR\" \/>\n<meta property=\"og:type\" content=\"article\" \/>\n<meta property=\"og:title\" content=\"Prefeitura disponibiliza canal para solicita\u00e7\u00e3o do cart\u00e3o PassaF\u00e1cil\" \/>\n<meta property=\"og:description\" content=\"Os usu\u00e1rios do transporte coletivo passam a contar com um novo servi\u00e7o para solicita\u00e7\u00e3o do cart\u00e3o PassaF\u00e1cil e retirada nos terminais.\" \/>\n<meta property=\"og:url\" content=\"https:\/\/www.manaus.am.gov.br\/immu\/servicos\/prefeitura-e-sinetram-disponibilizam-canal-on-line-para-solicitacao-de-cartao-passafacil-e-retirada-nos-terminais-de-integracao\/\" \/>\n<meta property=\"og:site_name\" content=\"IMMU\" \/>\n<meta property=\"article:published_time\" content=\"2023-11-23T16:29:06+00:00\" \/>\n<meta property=\"article:modified_time\" content=\"2023-11-23T16:29:08+00:00\" \/>\n<meta property=\"og:image\" content=\"https:\/\/www.manaus.am.gov.br\/immu\/wp-content\/uploads\/sites\/14\/2023\/11\/53350872506_88b759d1ad_k.jpg\" \/>\n\t<meta property=\"og:image:width\" content=\"2047\" \/>\n\t<meta property=\"og:image:height\" content=\"1365\" \/>\n\t<meta property=\"og:image:type\" content=\"image\/jpeg\" \/>\n<meta name=\"author\" content=\"Bruna Greco\" \/>\n<meta name=\"twitter:card\" content=\"summary_large_image\" \/>\n<meta name=\"twitter:label1\" content=\"Written by\" \/>\n\t<meta name=\"twitter:data1\" content=\"Bruna Greco\" \/>\n\t<meta name=\"twitter:label2\" content=\"Est. reading time\" \/>\n\t<meta name=\"twitter:data2\" content=\"4 minutos\" \/>\n<script type=\"application\/ld+json\" class=\"yoast-schema-graph\">{\"@context\":\"https:\/\/schema.org\",\"@graph\":[{\"@type\":\"WebPage\",\"@id\":\"https:\/\/www.manaus.am.gov.br\/immu\/servicos\/prefeitura-e-sinetram-disponibilizam-canal-on-line-para-solicitacao-de-cartao-passafacil-e-retirada-nos-terminais-de-integracao\/\",\"url\":\"https:\/\/www.manaus.am.gov.br\/immu\/servicos\/prefeitura-e-sinetram-disponibilizam-canal-on-line-para-solicitacao-de-cartao-passafacil-e-retirada-nos-terminais-de-integracao\/\",\"name\":\"Prefeitura disponibiliza canal para solicita\u00e7\u00e3o do cart\u00e3o PassaF\u00e1cil\",\"isPartOf\":{\"@id\":\"https:\/\/www.manaus.am.gov.br\/immu\/#website\"},\"primaryImageOfPage\":{\"@id\":\"https:\/\/www.manaus.am.gov.br\/immu\/servicos\/prefeitura-e-sinetram-disponibilizam-canal-on-line-para-solicitacao-de-cartao-passafacil-e-retirada-nos-terminais-de-integracao\/#primaryimage\"},\"image\":{\"@id\":\"https:\/\/www.manaus.am.gov.br\/immu\/servicos\/prefeitura-e-sinetram-disponibilizam-canal-on-line-para-solicitacao-de-cartao-passafacil-e-retirada-nos-terminais-de-integracao\/#primaryimage\"},\"thumbnailUrl\":\"https:\/\/www.manaus.am.gov.br\/immu\/wp-content\/uploads\/sites\/14\/2023\/11\/53350872506_88b759d1ad_k.jpg\",\"datePublished\":\"2023-11-23T16:29:06+00:00\",\"dateModified\":\"2023-11-23T16:29:08+00:00\",\"author\":{\"@id\":\"https:\/\/www.manaus.am.gov.br\/immu\/#\/schema\/person\/05d223aea2bf115f9883a6ff3683d81b\"},\"description\":\"Os usu\u00e1rios do transporte coletivo passam a contar com um novo servi\u00e7o para solicita\u00e7\u00e3o do cart\u00e3o PassaF\u00e1cil e retirada nos terminais.\",\"breadcrumb\":{\"@id\":\"https:\/\/www.manaus.am.gov.br\/immu\/servicos\/prefeitura-e-sinetram-disponibilizam-canal-on-line-para-solicitacao-de-cartao-passafacil-e-retirada-nos-terminais-de-integracao\/#breadcrumb\"},\"inLanguage\":\"pt-BR\",\"potentialAction\":[{\"@type\":\"ReadAction\",\"target\":[\"https:\/\/www.manaus.am.gov.br\/immu\/servicos\/prefeitura-e-sinetram-disponibilizam-canal-on-line-para-solicitacao-de-cartao-passafacil-e-retirada-nos-terminais-de-integracao\/\"]}]},{\"@type\":\"ImageObject\",\"inLanguage\":\"pt-BR\",\"@id\":\"https:\/\/www.manaus.am.gov.br\/immu\/servicos\/prefeitura-e-sinetram-disponibilizam-canal-on-line-para-solicitacao-de-cartao-passafacil-e-retirada-nos-terminais-de-integracao\/#primaryimage\",\"url\":\"https:\/\/www.manaus.am.gov.br\/immu\/wp-content\/uploads\/sites\/14\/2023\/11\/53350872506_88b759d1ad_k.jpg\",\"contentUrl\":\"https:\/\/www.manaus.am.gov.br\/immu\/wp-content\/uploads\/sites\/14\/2023\/11\/53350872506_88b759d1ad_k.jpg\",\"width\":2047,\"height\":1365,\"caption\":\"#paratodosverem Mulher utilizando cart\u00e3o PassaF\u00e1cil em equipamento dentro de terminal de integra\u00e7\u00e3o\"},{\"@type\":\"BreadcrumbList\",\"@id\":\"https:\/\/www.manaus.am.gov.br\/immu\/servicos\/prefeitura-e-sinetram-disponibilizam-canal-on-line-para-solicitacao-de-cartao-passafacil-e-retirada-nos-terminais-de-integracao\/#breadcrumb\",\"itemListElement\":[{\"@type\":\"ListItem\",\"position\":1,\"name\":\"Home\",\"item\":\"https:\/\/www.manaus.am.gov.br\/immu\/\"},{\"@type\":\"ListItem\",\"position\":2,\"name\":\"Prefeitura e Sinetram disponibilizam canal on-line para solicita\u00e7\u00e3o de Cart\u00e3o PassaF\u00e1cil e retirada nos terminais de integra\u00e7\u00e3o\"}]},{\"@type\":\"WebSite\",\"@id\":\"https:\/\/www.manaus.am.gov.br\/immu\/#website\",\"url\":\"https:\/\/www.manaus.am.gov.br\/immu\/\",\"name\":\"IMMU\",\"description\":\"Prefeitura de Manaus\",\"potentialAction\":[{\"@type\":\"SearchAction\",\"target\":{\"@type\":\"EntryPoint\",\"urlTemplate\":\"https:\/\/www.manaus.am.gov.br\/immu\/?s={search_term_string}\"},\"query-input\":\"required name=search_term_string\"}],\"inLanguage\":\"pt-BR\"},{\"@type\":\"Person\",\"@id\":\"https:\/\/www.manaus.am.gov.br\/immu\/#\/schema\/person\/05d223aea2bf115f9883a6ff3683d81b\",\"name\":\"Bruna Greco\",\"image\":{\"@type\":\"ImageObject\",\"inLanguage\":\"pt-BR\",\"@id\":\"https:\/\/www.manaus.am.gov.br\/immu\/#\/schema\/person\/image\/\",\"url\":\"https:\/\/secure.gravatar.com\/avatar\/9c877d1a6adc2a055330e5c09a8653ce?s=96&d=mm&r=g\",\"contentUrl\":\"https:\/\/secure.gravatar.com\/avatar\/9c877d1a6adc2a055330e5c09a8653ce?s=96&d=mm&r=g\",\"caption\":\"Bruna Greco\"}}]}<\/script>\n<!-- \/ Yoast SEO plugin. -->","yoast_head_json":{"title":"Prefeitura disponibiliza canal para solicita\u00e7\u00e3o do cart\u00e3o PassaF\u00e1cil","description":"Os usu\u00e1rios do transporte coletivo passam a contar com um novo servi\u00e7o para solicita\u00e7\u00e3o do cart\u00e3o PassaF\u00e1cil e retirada nos terminais.","robots":{"index":"noindex","follow":"follow"},"og_locale":"pt_BR","og_type":"article","og_title":"Prefeitura disponibiliza canal para solicita\u00e7\u00e3o do cart\u00e3o PassaF\u00e1cil","og_description":"Os usu\u00e1rios do transporte coletivo passam a contar com um novo servi\u00e7o para solicita\u00e7\u00e3o do cart\u00e3o PassaF\u00e1cil e retirada nos terminais.","og_url":"https:\/\/www.manaus.am.gov.br\/immu\/servicos\/prefeitura-e-sinetram-disponibilizam-canal-on-line-para-solicitacao-de-cartao-passafacil-e-retirada-nos-terminais-de-integracao\/","og_site_name":"IMMU","article_published_time":"2023-11-23T16:29:06+00:00","article_modified_time":"2023-11-23T16:29:08+00:00","og_image":[{"width":2047,"height":1365,"url":"https:\/\/www.manaus.am.gov.br\/immu\/wp-content\/uploads\/sites\/14\/2023\/11\/53350872506_88b759d1ad_k.jpg","type":"image\/jpeg"}],"author":"Bruna Greco","twitter_card":"summary_large_image","twitter_misc":{"Written by":"Bruna Greco","Est. reading time":"4 minutos"},"schema":{"@context":"https:\/\/schema.org","@graph":[{"@type":"WebPage","@id":"https:\/\/www.manaus.am.gov.br\/immu\/servicos\/prefeitura-e-sinetram-disponibilizam-canal-on-line-para-solicitacao-de-cartao-passafacil-e-retirada-nos-terminais-de-integracao\/","url":"https:\/\/www.manaus.am.gov.br\/immu\/servicos\/prefeitura-e-sinetram-disponibilizam-canal-on-line-para-solicitacao-de-cartao-passafacil-e-retirada-nos-terminais-de-integracao\/","name":"Prefeitura disponibiliza canal para solicita\u00e7\u00e3o do cart\u00e3o PassaF\u00e1cil","isPartOf":{"@id":"https:\/\/www.manaus.am.gov.br\/immu\/#website"},"primaryImageOfPage":{"@id":"https:\/\/www.manaus.am.gov.br\/immu\/servicos\/prefeitura-e-sinetram-disponibilizam-canal-on-line-para-solicitacao-de-cartao-passafacil-e-retirada-nos-terminais-de-integracao\/#primaryimage"},"image":{"@id":"https:\/\/www.manaus.am.gov.br\/immu\/servicos\/prefeitura-e-sinetram-disponibilizam-canal-on-line-para-solicitacao-de-cartao-passafacil-e-retirada-nos-terminais-de-integracao\/#primaryimage"},"thumbnailUrl":"https:\/\/www.manaus.am.gov.br\/immu\/wp-content\/uploads\/sites\/14\/2023\/11\/53350872506_88b759d1ad_k.jpg","datePublished":"2023-11-23T16:29:06+00:00","dateModified":"2023-11-23T16:29:08+00:00","author":{"@id":"https:\/\/www.manaus.am.gov.br\/immu\/#\/schema\/person\/05d223aea2bf115f9883a6ff3683d81b"},"description":"Os usu\u00e1rios do transporte coletivo passam a contar com um novo servi\u00e7o para solicita\u00e7\u00e3o do cart\u00e3o PassaF\u00e1cil e retirada nos terminais.","breadcrumb":{"@id":"https:\/\/www.manaus.am.gov.br\/immu\/servicos\/prefeitura-e-sinetram-disponibilizam-canal-on-line-para-solicitacao-de-cartao-passafacil-e-retirada-nos-terminais-de-integracao\/#breadcrumb"},"inLanguage":"pt-BR","potentialAction":[{"@type":"ReadAction","target":["https:\/\/www.manaus.am.gov.br\/immu\/servicos\/prefeitura-e-sinetram-disponibilizam-canal-on-line-para-solicitacao-de-cartao-passafacil-e-retirada-nos-terminais-de-integracao\/"]}]},{"@type":"ImageObject","inLanguage":"pt-BR","@id":"https:\/\/www.manaus.am.gov.br\/immu\/servicos\/prefeitura-e-sinetram-disponibilizam-canal-on-line-para-solicitacao-de-cartao-passafacil-e-retirada-nos-terminais-de-integracao\/#primaryimage","url":"https:\/\/www.manaus.am.gov.br\/immu\/wp-content\/uploads\/sites\/14\/2023\/11\/53350872506_88b759d1ad_k.jpg","contentUrl":"https:\/\/www.manaus.am.gov.br\/immu\/wp-content\/uploads\/sites\/14\/2023\/11\/53350872506_88b759d1ad_k.jpg","width":2047,"height":1365,"caption":"#paratodosverem Mulher utilizando cart\u00e3o PassaF\u00e1cil em equipamento dentro de terminal de integra\u00e7\u00e3o"},{"@type":"BreadcrumbList","@id":"https:\/\/www.manaus.am.gov.br\/immu\/servicos\/prefeitura-e-sinetram-disponibilizam-canal-on-line-para-solicitacao-de-cartao-passafacil-e-retirada-nos-terminais-de-integracao\/#breadcrumb","itemListElement":[{"@type":"ListItem","position":1,"name":"Home","item":"https:\/\/www.manaus.am.gov.br\/immu\/"},{"@type":"ListItem","position":2,"name":"Prefeitura e Sinetram disponibilizam canal on-line para solicita\u00e7\u00e3o de Cart\u00e3o PassaF\u00e1cil e retirada nos terminais de integra\u00e7\u00e3o"}]},{"@type":"WebSite","@id":"https:\/\/www.manaus.am.gov.br\/immu\/#website","url":"https:\/\/www.manaus.am.gov.br\/immu\/","name":"IMMU","description":"Prefeitura de Manaus","potentialAction":[{"@type":"SearchAction","target":{"@type":"EntryPoint","urlTemplate":"https:\/\/www.manaus.am.gov.br\/immu\/?s={search_term_string}"},"query-input":"required name=search_term_string"}],"inLanguage":"pt-BR"},{"@type":"Person","@id":"https:\/\/www.manaus.am.gov.br\/immu\/#\/schema\/person\/05d223aea2bf115f9883a6ff3683d81b","name":"Bruna Greco","image":{"@type":"ImageObject","inLanguage":"pt-BR","@id":"https:\/\/www.manaus.am.gov.br\/immu\/#\/schema\/person\/image\/","url":"https:\/\/secure.gravatar.com\/avatar\/9c877d1a6adc2a055330e5c09a8653ce?s=96&d=mm&r=g","contentUrl":"https:\/\/secure.gravatar.com\/avatar\/9c877d1a6adc2a055330e5c09a8653ce?s=96&d=mm&r=g","caption":"Bruna Greco"}}]}},"_links":{"self":[{"href":"https:\/\/www.manaus.am.gov.br\/immu\/wp-json\/wp\/v2\/posts\/1528"}],"collection":[{"href":"https:\/\/www.manaus.am.gov.br\/immu\/wp-json\/wp\/v2\/posts"}],"about":[{"href":"https:\/\/www.manaus.am.gov.br\/immu\/wp-json\/wp\/v2\/types\/post"}],"author":[{"embeddable":true,"href":"https:\/\/www.manaus.am.gov.br\/immu\/wp-json\/wp\/v2\/users\/39"}],"replies":[{"embeddable":true,"href":"https:\/\/www.manaus.am.gov.br\/immu\/wp-json\/wp\/v2\/comments?post=1528"}],"version-history":[{"count":0,"href":"https:\/\/www.manaus.am.gov.br\/immu\/wp-json\/wp\/v2\/posts\/1528\/revisions"}],"wp:featuredmedia":[{"embeddable":true,"href":"https:\/\/www.manaus.am.gov.br\/immu\/wp-json\/wp\/v2\/media\/1529"}],"wp:attachment":[{"href":"https:\/\/www.manaus.am.gov.br\/immu\/wp-json\/wp\/v2\/media?parent=1528"}],"wp:term":[{"taxonomy":"category","embeddable":true,"href":"https:\/\/www.manaus.am.gov.br\/immu\/wp-json\/wp\/v2\/categories?post=1528"},{"taxonomy":"post_tag","embeddable":true,"href":"https:\/\/www.manaus.am.gov.br\/immu\/wp-json\/wp\/v2\/tags?post=1528"}],"curies":[{"name":"wp","href":"https:\/\/api.w.org\/{rel}","templated":true}]}}