{"id":1495,"date":"2023-11-21T17:05:54","date_gmt":"2023-11-21T21:05:54","guid":{"rendered":"https:\/\/www.manaus.am.gov.br\/immu\/sem-categoria\/prefeitura-intensifica-fiscalizacao-de-estacionamento-para-melhorar-fluidez-e-seguranca-no-transito\/"},"modified":"2023-11-21T17:05:55","modified_gmt":"2023-11-21T21:05:55","slug":"prefeitura-intensifica-fiscalizacao-de-estacionamento-para-melhorar-fluidez-e-seguranca-no-transito","status":"publish","type":"post","link":"https:\/\/www.manaus.am.gov.br\/immu\/operacao\/prefeitura-intensifica-fiscalizacao-de-estacionamento-para-melhorar-fluidez-e-seguranca-no-transito\/","title":{"rendered":"Prefeitura intensifica fiscaliza\u00e7\u00e3o de estacionamento para melhorar fluidez e seguran\u00e7a no tr\u00e2nsito"},"content":{"rendered":"\n<p>A Prefeitura de Manaus, por meio do Instituto Municipal de Mobilidade Urbana (IMMU), intensificou, nesta ter\u00e7a-feira, 21\/11, as a\u00e7\u00f5es de fiscaliza\u00e7\u00e3o de estacionamento irregular na zona Sul da cidade. O objetivo \u00e9 garantir maior fluidez no tr\u00e2nsito e prevenir acidentes, principalmente nos corredores vi\u00e1rios de maior fluxo.<\/p>\n\n\n\n<p>&#8220;Estamos comprometidos em melhorar a mobilidade urbana em Manaus, na zona Sul, especialmente no Centro, onde o fluxo de ve\u00edculos \u00e9 intenso e os desafios s\u00e3o constantes. A fiscaliza\u00e7\u00e3o rigorosa em \u00e1reas de estacionamento \u00e9 uma medida crucial para assegurar que as vias permane\u00e7am desobstru\u00eddas, facilitando o tr\u00e1fego e aumentando a seguran\u00e7a para motoristas e pedestres\u201d, afirmou o diretor de fiscaliza\u00e7\u00e3o do IMMU, Stanley Ventilari.<\/p>\n\n\n\n<p>Essa iniciativa vem em resposta \u00e0s crescentes demandas de estacionamento irregular, que frequentemente resulta em congestionamentos e riscos de acidentes. A a\u00e7\u00e3o do IMMU inclui a verifica\u00e7\u00e3o de estacionamentos em locais proibidos, uso indevido de vagas reservadas, al\u00e9m de garantir o respeito \u00e0s regras de rotatividade em \u00e1reas de grande movimento.<\/p>\n\n\n\n<p>O diretor enfatizou a import\u00e2ncia da colabora\u00e7\u00e3o da popula\u00e7\u00e3o. &#8220;Pedimos aos motoristas que respeitem as sinaliza\u00e7\u00f5es e as leis de tr\u00e2nsito. A conscientiza\u00e7\u00e3o de cada um contribui significativamente para um tr\u00e2nsito mais seguro e eficiente\u201d, concluiu.<\/p>\n\n\n\n<p>Al\u00e9m da fiscaliza\u00e7\u00e3o, a Prefeitura de Manaus est\u00e1 trabalhando em outras frentes para melhorar a mobilidade urbana, incluindo a reestrutura\u00e7\u00e3o de vias, sinaliza\u00e7\u00e3o e campanhas educativas.<\/p>\n\n\n\n<p>&#8212; &#8212; &#8212;<\/p>\n\n\n\n<p><strong>Texto&nbsp;<\/strong>\u2013 Marcelo Lima \/ IMMU<\/p>\n\n\n\n<p><strong>Foto <\/strong>\u2013 Divulga\u00e7\u00e3o \/ IMMU<\/p>\n","protected":false},"excerpt":{"rendered":"","protected":false},"author":39,"featured_media":1496,"comment_status":"closed","ping_status":"closed","sticky":false,"template":"","format":"standard","meta":{"footnotes":""},"categories":[22],"tags":[1007,1008,1009,6,8],"acf":[],"yoast_head":"<!-- This site is optimized with the Yoast SEO plugin v23.0 - https:\/\/yoast.com\/wordpress\/plugins\/seo\/ -->\n<title>A\u00e7\u00f5es de fiscaliza\u00e7\u00e3o de estacionamento irregular na zona Sul<\/title>\n<meta name=\"description\" content=\"A Prefeitura de Manaus intensificou, nesta ter\u00e7a-feira, 21\/11, as a\u00e7\u00f5es de fiscaliza\u00e7\u00e3o de estacionamento irregular na zona Sul da cidade.\" \/>\n<meta name=\"robots\" content=\"noindex, follow\" \/>\n<meta property=\"og:locale\" content=\"pt_BR\" \/>\n<meta property=\"og:type\" content=\"article\" \/>\n<meta property=\"og:title\" content=\"A\u00e7\u00f5es de fiscaliza\u00e7\u00e3o de estacionamento irregular na zona Sul\" \/>\n<meta property=\"og:description\" content=\"A Prefeitura de Manaus intensificou, nesta ter\u00e7a-feira, 21\/11, as a\u00e7\u00f5es de fiscaliza\u00e7\u00e3o de estacionamento irregular na zona Sul da cidade.\" \/>\n<meta property=\"og:url\" content=\"https:\/\/www.manaus.am.gov.br\/immu\/operacao\/prefeitura-intensifica-fiscalizacao-de-estacionamento-para-melhorar-fluidez-e-seguranca-no-transito\/\" \/>\n<meta property=\"og:site_name\" content=\"IMMU\" \/>\n<meta property=\"article:published_time\" content=\"2023-11-21T21:05:54+00:00\" \/>\n<meta property=\"article:modified_time\" content=\"2023-11-21T21:05:55+00:00\" \/>\n<meta property=\"og:image\" content=\"https:\/\/www.manaus.am.gov.br\/immu\/wp-content\/uploads\/sites\/14\/2023\/11\/Operacao-de-transito-5-e1700600703820.jpeg\" \/>\n\t<meta property=\"og:image:width\" content=\"1200\" \/>\n\t<meta property=\"og:image:height\" content=\"1144\" \/>\n\t<meta property=\"og:image:type\" content=\"image\/jpeg\" \/>\n<meta name=\"author\" content=\"Bruna Greco\" \/>\n<meta name=\"twitter:card\" content=\"summary_large_image\" \/>\n<meta name=\"twitter:label1\" content=\"Written by\" \/>\n\t<meta name=\"twitter:data1\" content=\"Bruna Greco\" \/>\n\t<meta name=\"twitter:label2\" content=\"Est. reading time\" \/>\n\t<meta name=\"twitter:data2\" content=\"2 minutos\" \/>\n<script type=\"application\/ld+json\" class=\"yoast-schema-graph\">{\"@context\":\"https:\/\/schema.org\",\"@graph\":[{\"@type\":\"WebPage\",\"@id\":\"https:\/\/www.manaus.am.gov.br\/immu\/operacao\/prefeitura-intensifica-fiscalizacao-de-estacionamento-para-melhorar-fluidez-e-seguranca-no-transito\/\",\"url\":\"https:\/\/www.manaus.am.gov.br\/immu\/operacao\/prefeitura-intensifica-fiscalizacao-de-estacionamento-para-melhorar-fluidez-e-seguranca-no-transito\/\",\"name\":\"A\u00e7\u00f5es de fiscaliza\u00e7\u00e3o de estacionamento irregular na zona Sul\",\"isPartOf\":{\"@id\":\"https:\/\/www.manaus.am.gov.br\/immu\/#website\"},\"primaryImageOfPage\":{\"@id\":\"https:\/\/www.manaus.am.gov.br\/immu\/operacao\/prefeitura-intensifica-fiscalizacao-de-estacionamento-para-melhorar-fluidez-e-seguranca-no-transito\/#primaryimage\"},\"image\":{\"@id\":\"https:\/\/www.manaus.am.gov.br\/immu\/operacao\/prefeitura-intensifica-fiscalizacao-de-estacionamento-para-melhorar-fluidez-e-seguranca-no-transito\/#primaryimage\"},\"thumbnailUrl\":\"https:\/\/www.manaus.am.gov.br\/immu\/wp-content\/uploads\/sites\/14\/2023\/11\/Operacao-de-transito-5-e1700600703820.jpeg\",\"datePublished\":\"2023-11-21T21:05:54+00:00\",\"dateModified\":\"2023-11-21T21:05:55+00:00\",\"author\":{\"@id\":\"https:\/\/www.manaus.am.gov.br\/immu\/#\/schema\/person\/05d223aea2bf115f9883a6ff3683d81b\"},\"description\":\"A Prefeitura de Manaus intensificou, nesta ter\u00e7a-feira, 21\/11, as a\u00e7\u00f5es de fiscaliza\u00e7\u00e3o de estacionamento irregular na zona Sul da cidade.\",\"breadcrumb\":{\"@id\":\"https:\/\/www.manaus.am.gov.br\/immu\/operacao\/prefeitura-intensifica-fiscalizacao-de-estacionamento-para-melhorar-fluidez-e-seguranca-no-transito\/#breadcrumb\"},\"inLanguage\":\"pt-BR\",\"potentialAction\":[{\"@type\":\"ReadAction\",\"target\":[\"https:\/\/www.manaus.am.gov.br\/immu\/operacao\/prefeitura-intensifica-fiscalizacao-de-estacionamento-para-melhorar-fluidez-e-seguranca-no-transito\/\"]}]},{\"@type\":\"ImageObject\",\"inLanguage\":\"pt-BR\",\"@id\":\"https:\/\/www.manaus.am.gov.br\/immu\/operacao\/prefeitura-intensifica-fiscalizacao-de-estacionamento-para-melhorar-fluidez-e-seguranca-no-transito\/#primaryimage\",\"url\":\"https:\/\/www.manaus.am.gov.br\/immu\/wp-content\/uploads\/sites\/14\/2023\/11\/Operacao-de-transito-5-e1700600703820.jpeg\",\"contentUrl\":\"https:\/\/www.manaus.am.gov.br\/immu\/wp-content\/uploads\/sites\/14\/2023\/11\/Operacao-de-transito-5-e1700600703820.jpeg\",\"width\":1200,\"height\":1144,\"caption\":\"#paratodosverem Agente de tr\u00e2nsito fiscalizando vagas de estacionamento irregulares\"},{\"@type\":\"BreadcrumbList\",\"@id\":\"https:\/\/www.manaus.am.gov.br\/immu\/operacao\/prefeitura-intensifica-fiscalizacao-de-estacionamento-para-melhorar-fluidez-e-seguranca-no-transito\/#breadcrumb\",\"itemListElement\":[{\"@type\":\"ListItem\",\"position\":1,\"name\":\"Home\",\"item\":\"https:\/\/www.manaus.am.gov.br\/immu\/\"},{\"@type\":\"ListItem\",\"position\":2,\"name\":\"Prefeitura intensifica fiscaliza\u00e7\u00e3o de estacionamento para melhorar fluidez e seguran\u00e7a no tr\u00e2nsito\"}]},{\"@type\":\"WebSite\",\"@id\":\"https:\/\/www.manaus.am.gov.br\/immu\/#website\",\"url\":\"https:\/\/www.manaus.am.gov.br\/immu\/\",\"name\":\"IMMU\",\"description\":\"Prefeitura de Manaus\",\"potentialAction\":[{\"@type\":\"SearchAction\",\"target\":{\"@type\":\"EntryPoint\",\"urlTemplate\":\"https:\/\/www.manaus.am.gov.br\/immu\/?s={search_term_string}\"},\"query-input\":\"required name=search_term_string\"}],\"inLanguage\":\"pt-BR\"},{\"@type\":\"Person\",\"@id\":\"https:\/\/www.manaus.am.gov.br\/immu\/#\/schema\/person\/05d223aea2bf115f9883a6ff3683d81b\",\"name\":\"Bruna Greco\",\"image\":{\"@type\":\"ImageObject\",\"inLanguage\":\"pt-BR\",\"@id\":\"https:\/\/www.manaus.am.gov.br\/immu\/#\/schema\/person\/image\/\",\"url\":\"https:\/\/secure.gravatar.com\/avatar\/9c877d1a6adc2a055330e5c09a8653ce?s=96&d=mm&r=g\",\"contentUrl\":\"https:\/\/secure.gravatar.com\/avatar\/9c877d1a6adc2a055330e5c09a8653ce?s=96&d=mm&r=g\",\"caption\":\"Bruna Greco\"}}]}<\/script>\n<!-- \/ Yoast SEO plugin. -->","yoast_head_json":{"title":"A\u00e7\u00f5es de fiscaliza\u00e7\u00e3o de estacionamento irregular na zona Sul","description":"A Prefeitura de Manaus intensificou, nesta ter\u00e7a-feira, 21\/11, as a\u00e7\u00f5es de fiscaliza\u00e7\u00e3o de estacionamento irregular na zona Sul da cidade.","robots":{"index":"noindex","follow":"follow"},"og_locale":"pt_BR","og_type":"article","og_title":"A\u00e7\u00f5es de fiscaliza\u00e7\u00e3o de estacionamento irregular na zona Sul","og_description":"A Prefeitura de Manaus intensificou, nesta ter\u00e7a-feira, 21\/11, as a\u00e7\u00f5es de fiscaliza\u00e7\u00e3o de estacionamento irregular na zona Sul da cidade.","og_url":"https:\/\/www.manaus.am.gov.br\/immu\/operacao\/prefeitura-intensifica-fiscalizacao-de-estacionamento-para-melhorar-fluidez-e-seguranca-no-transito\/","og_site_name":"IMMU","article_published_time":"2023-11-21T21:05:54+00:00","article_modified_time":"2023-11-21T21:05:55+00:00","og_image":[{"width":1200,"height":1144,"url":"https:\/\/www.manaus.am.gov.br\/immu\/wp-content\/uploads\/sites\/14\/2023\/11\/Operacao-de-transito-5-e1700600703820.jpeg","type":"image\/jpeg"}],"author":"Bruna Greco","twitter_card":"summary_large_image","twitter_misc":{"Written by":"Bruna Greco","Est. reading time":"2 minutos"},"schema":{"@context":"https:\/\/schema.org","@graph":[{"@type":"WebPage","@id":"https:\/\/www.manaus.am.gov.br\/immu\/operacao\/prefeitura-intensifica-fiscalizacao-de-estacionamento-para-melhorar-fluidez-e-seguranca-no-transito\/","url":"https:\/\/www.manaus.am.gov.br\/immu\/operacao\/prefeitura-intensifica-fiscalizacao-de-estacionamento-para-melhorar-fluidez-e-seguranca-no-transito\/","name":"A\u00e7\u00f5es de fiscaliza\u00e7\u00e3o de estacionamento irregular na zona Sul","isPartOf":{"@id":"https:\/\/www.manaus.am.gov.br\/immu\/#website"},"primaryImageOfPage":{"@id":"https:\/\/www.manaus.am.gov.br\/immu\/operacao\/prefeitura-intensifica-fiscalizacao-de-estacionamento-para-melhorar-fluidez-e-seguranca-no-transito\/#primaryimage"},"image":{"@id":"https:\/\/www.manaus.am.gov.br\/immu\/operacao\/prefeitura-intensifica-fiscalizacao-de-estacionamento-para-melhorar-fluidez-e-seguranca-no-transito\/#primaryimage"},"thumbnailUrl":"https:\/\/www.manaus.am.gov.br\/immu\/wp-content\/uploads\/sites\/14\/2023\/11\/Operacao-de-transito-5-e1700600703820.jpeg","datePublished":"2023-11-21T21:05:54+00:00","dateModified":"2023-11-21T21:05:55+00:00","author":{"@id":"https:\/\/www.manaus.am.gov.br\/immu\/#\/schema\/person\/05d223aea2bf115f9883a6ff3683d81b"},"description":"A Prefeitura de Manaus intensificou, nesta ter\u00e7a-feira, 21\/11, as a\u00e7\u00f5es de fiscaliza\u00e7\u00e3o de estacionamento irregular na zona Sul da cidade.","breadcrumb":{"@id":"https:\/\/www.manaus.am.gov.br\/immu\/operacao\/prefeitura-intensifica-fiscalizacao-de-estacionamento-para-melhorar-fluidez-e-seguranca-no-transito\/#breadcrumb"},"inLanguage":"pt-BR","potentialAction":[{"@type":"ReadAction","target":["https:\/\/www.manaus.am.gov.br\/immu\/operacao\/prefeitura-intensifica-fiscalizacao-de-estacionamento-para-melhorar-fluidez-e-seguranca-no-transito\/"]}]},{"@type":"ImageObject","inLanguage":"pt-BR","@id":"https:\/\/www.manaus.am.gov.br\/immu\/operacao\/prefeitura-intensifica-fiscalizacao-de-estacionamento-para-melhorar-fluidez-e-seguranca-no-transito\/#primaryimage","url":"https:\/\/www.manaus.am.gov.br\/immu\/wp-content\/uploads\/sites\/14\/2023\/11\/Operacao-de-transito-5-e1700600703820.jpeg","contentUrl":"https:\/\/www.manaus.am.gov.br\/immu\/wp-content\/uploads\/sites\/14\/2023\/11\/Operacao-de-transito-5-e1700600703820.jpeg","width":1200,"height":1144,"caption":"#paratodosverem Agente de tr\u00e2nsito fiscalizando vagas de estacionamento irregulares"},{"@type":"BreadcrumbList","@id":"https:\/\/www.manaus.am.gov.br\/immu\/operacao\/prefeitura-intensifica-fiscalizacao-de-estacionamento-para-melhorar-fluidez-e-seguranca-no-transito\/#breadcrumb","itemListElement":[{"@type":"ListItem","position":1,"name":"Home","item":"https:\/\/www.manaus.am.gov.br\/immu\/"},{"@type":"ListItem","position":2,"name":"Prefeitura intensifica fiscaliza\u00e7\u00e3o de estacionamento para melhorar fluidez e seguran\u00e7a no tr\u00e2nsito"}]},{"@type":"WebSite","@id":"https:\/\/www.manaus.am.gov.br\/immu\/#website","url":"https:\/\/www.manaus.am.gov.br\/immu\/","name":"IMMU","description":"Prefeitura de Manaus","potentialAction":[{"@type":"SearchAction","target":{"@type":"EntryPoint","urlTemplate":"https:\/\/www.manaus.am.gov.br\/immu\/?s={search_term_string}"},"query-input":"required name=search_term_string"}],"inLanguage":"pt-BR"},{"@type":"Person","@id":"https:\/\/www.manaus.am.gov.br\/immu\/#\/schema\/person\/05d223aea2bf115f9883a6ff3683d81b","name":"Bruna Greco","image":{"@type":"ImageObject","inLanguage":"pt-BR","@id":"https:\/\/www.manaus.am.gov.br\/immu\/#\/schema\/person\/image\/","url":"https:\/\/secure.gravatar.com\/avatar\/9c877d1a6adc2a055330e5c09a8653ce?s=96&d=mm&r=g","contentUrl":"https:\/\/secure.gravatar.com\/avatar\/9c877d1a6adc2a055330e5c09a8653ce?s=96&d=mm&r=g","caption":"Bruna Greco"}}]}},"_links":{"self":[{"href":"https:\/\/www.manaus.am.gov.br\/immu\/wp-json\/wp\/v2\/posts\/1495"}],"collection":[{"href":"https:\/\/www.manaus.am.gov.br\/immu\/wp-json\/wp\/v2\/posts"}],"about":[{"href":"https:\/\/www.manaus.am.gov.br\/immu\/wp-json\/wp\/v2\/types\/post"}],"author":[{"embeddable":true,"href":"https:\/\/www.manaus.am.gov.br\/immu\/wp-json\/wp\/v2\/users\/39"}],"replies":[{"embeddable":true,"href":"https:\/\/www.manaus.am.gov.br\/immu\/wp-json\/wp\/v2\/comments?post=1495"}],"version-history":[{"count":0,"href":"https:\/\/www.manaus.am.gov.br\/immu\/wp-json\/wp\/v2\/posts\/1495\/revisions"}],"wp:featuredmedia":[{"embeddable":true,"href":"https:\/\/www.manaus.am.gov.br\/immu\/wp-json\/wp\/v2\/media\/1496"}],"wp:attachment":[{"href":"https:\/\/www.manaus.am.gov.br\/immu\/wp-json\/wp\/v2\/media?parent=1495"}],"wp:term":[{"taxonomy":"category","embeddable":true,"href":"https:\/\/www.manaus.am.gov.br\/immu\/wp-json\/wp\/v2\/categories?post=1495"},{"taxonomy":"post_tag","embeddable":true,"href":"https:\/\/www.manaus.am.gov.br\/immu\/wp-json\/wp\/v2\/tags?post=1495"}],"curies":[{"name":"wp","href":"https:\/\/api.w.org\/{rel}","templated":true}]}}