{"id":1456,"date":"2023-11-10T15:37:23","date_gmt":"2023-11-10T19:37:23","guid":{"rendered":"https:\/\/www.manaus.am.gov.br\/immu\/sem-categoria\/prefeitura-intensifica-fiscalizacao-de-veiculos-pesados-em-operacoes-na-zona-centro-sul-da-cidade\/"},"modified":"2023-11-10T15:37:24","modified_gmt":"2023-11-10T19:37:24","slug":"prefeitura-intensifica-fiscalizacao-de-veiculos-pesados-em-operacoes-na-zona-centro-sul-da-cidade","status":"publish","type":"post","link":"https:\/\/www.manaus.am.gov.br\/immu\/operacao\/prefeitura-intensifica-fiscalizacao-de-veiculos-pesados-em-operacoes-na-zona-centro-sul-da-cidade\/","title":{"rendered":"Prefeitura intensifica fiscaliza\u00e7\u00e3o de ve\u00edculos pesados em opera\u00e7\u00f5es na zona Centro-Sul da cidade"},"content":{"rendered":"\n<p>A Prefeitura de Manaus, por meio do Instituto Municipal de Mobilidade Urbana (IMMU), conduziu, nesta sexta-feira, 10\/11, duas opera\u00e7\u00f5es de fiscaliza\u00e7\u00e3o de ve\u00edculos pesados na zona Centro-Sul da cidade, visando aprimorar a mobilidade urbana e assegurar a seguran\u00e7a vi\u00e1ria.<\/p>\n\n\n\n<p>Na&nbsp;avenida M\u00e1rio Ypiranga, 12&nbsp;ve\u00edculos foram autuados por transitar irregularmente na zona de m\u00e1xima restri\u00e7\u00e3o, enquanto na avenida Ephig\u00eanio Salles, outras 7 infra\u00e7\u00f5es foram registradas contra caminh\u00f5es que circulavam pelo lado esquerdo da via, contrariando a regulamenta\u00e7\u00e3o que determina a circula\u00e7\u00e3o de ve\u00edculos pesados exclusivamente pelo lado direito.<\/p>\n\n\n\n<p>\u201cEstas opera\u00e7\u00f5es fazem parte de um esfor\u00e7o cont\u00ednuo da Prefeitura de Manaus para garantir a ordem no tr\u00e2nsito e a seguran\u00e7a dos cidad\u00e3os. A fiscaliza\u00e7\u00e3o rigorosa de ve\u00edculos pesados \u00e9 essencial para prevenir acidentes e assegurar que as normas de tr\u00e2nsito sejam respeitadas, contribuindo para uma mobilidade urbana mais eficiente e segura\u201d, comentou Stanley Ventilari, diretor de Opera\u00e7\u00f5es de Tr\u00e2nsito do IMMU.<\/p>\n\n\n\n<p>Essas a\u00e7\u00f5es, realizadas por equipes especializadas, abrangem n\u00e3o apenas a verifica\u00e7\u00e3o de ve\u00edculos pesados, mas tamb\u00e9m a observ\u00e2ncia de normas de tr\u00e2nsito para todos os tipos de ve\u00edculos. O objetivo \u00e9 reduzir o n\u00famero de acidentes, garantir a mobilidade urbana eficiente e promover uma conviv\u00eancia harmoniosa entre os diferentes modais de transporte.<\/p>\n\n\n\n<p>Por meio dessas iniciativas, a prefeitura reafirma seu compromisso com a seguran\u00e7a e a fluidez vi\u00e1ria, demonstrando que a gest\u00e3o do tr\u00e2nsito \u00e9 uma prioridade constante em suas pol\u00edticas p\u00fablicas.<\/p>\n\n\n\n<p>&#8212; &#8212; &#8212;<\/p>\n\n\n\n<p><strong>Texto<\/strong>&nbsp;\u2013 Marcelo Lima \/ IMMU<\/p>\n\n\n\n<p><strong>Foto <\/strong>\u2013 Divulga\u00e7\u00e3o \/ IMMU<\/p>\n","protected":false},"excerpt":{"rendered":"","protected":false},"author":39,"featured_media":1457,"comment_status":"closed","ping_status":"closed","sticky":false,"template":"","format":"standard","meta":{"footnotes":""},"categories":[22],"tags":[6,979,8,196,980],"acf":[],"yoast_head":"<!-- This site is optimized with the Yoast SEO plugin v23.0 - https:\/\/yoast.com\/wordpress\/plugins\/seo\/ -->\n<title>Prefeitura intensifica fiscaliza\u00e7\u00e3o de ve\u00edculos pesados em opera\u00e7\u00f5es na zona Centro-Sul da cidade<\/title>\n<meta name=\"description\" content=\"A Prefeitura de Manaus, por meio do Instituto Municipal de Mobilidade Urbana (IMMU), conduziu, nesta sexta-feira, 10\/11, duas opera\u00e7\u00f5es de fiscaliza\u00e7\u00e3o de ve\u00edculos pesados na zona Centro-Sul da cidade, visando aprimorar a mobilidade urbana e assegurar a seguran\u00e7a vi\u00e1ria.\" \/>\n<meta name=\"robots\" content=\"noindex, follow\" \/>\n<meta property=\"og:locale\" content=\"pt_BR\" \/>\n<meta property=\"og:type\" content=\"article\" \/>\n<meta property=\"og:title\" content=\"Prefeitura intensifica fiscaliza\u00e7\u00e3o de ve\u00edculos pesados em opera\u00e7\u00f5es na zona Centro-Sul da cidade\" \/>\n<meta property=\"og:description\" content=\"A Prefeitura de Manaus, por meio do Instituto Municipal de Mobilidade Urbana (IMMU), conduziu, nesta sexta-feira, 10\/11, duas opera\u00e7\u00f5es de fiscaliza\u00e7\u00e3o de ve\u00edculos pesados na zona Centro-Sul da cidade, visando aprimorar a mobilidade urbana e assegurar a seguran\u00e7a vi\u00e1ria.\" \/>\n<meta property=\"og:url\" content=\"https:\/\/www.manaus.am.gov.br\/immu\/operacao\/prefeitura-intensifica-fiscalizacao-de-veiculos-pesados-em-operacoes-na-zona-centro-sul-da-cidade\/\" \/>\n<meta property=\"og:site_name\" content=\"IMMU\" \/>\n<meta property=\"article:published_time\" content=\"2023-11-10T19:37:23+00:00\" \/>\n<meta property=\"article:modified_time\" content=\"2023-11-10T19:37:24+00:00\" \/>\n<meta property=\"og:image\" content=\"https:\/\/www.manaus.am.gov.br\/immu\/wp-content\/uploads\/sites\/14\/2023\/11\/Fiscalizacao-de-veiculos-pesados-2.jpeg\" \/>\n\t<meta property=\"og:image:width\" content=\"1600\" \/>\n\t<meta property=\"og:image:height\" content=\"900\" \/>\n\t<meta property=\"og:image:type\" content=\"image\/jpeg\" \/>\n<meta name=\"author\" content=\"Bruna Greco\" \/>\n<meta name=\"twitter:card\" content=\"summary_large_image\" \/>\n<meta name=\"twitter:label1\" content=\"Written by\" \/>\n\t<meta name=\"twitter:data1\" content=\"Bruna Greco\" \/>\n\t<meta name=\"twitter:label2\" content=\"Est. reading time\" \/>\n\t<meta name=\"twitter:data2\" content=\"2 minutos\" \/>\n<script type=\"application\/ld+json\" class=\"yoast-schema-graph\">{\"@context\":\"https:\/\/schema.org\",\"@graph\":[{\"@type\":\"WebPage\",\"@id\":\"https:\/\/www.manaus.am.gov.br\/immu\/operacao\/prefeitura-intensifica-fiscalizacao-de-veiculos-pesados-em-operacoes-na-zona-centro-sul-da-cidade\/\",\"url\":\"https:\/\/www.manaus.am.gov.br\/immu\/operacao\/prefeitura-intensifica-fiscalizacao-de-veiculos-pesados-em-operacoes-na-zona-centro-sul-da-cidade\/\",\"name\":\"Prefeitura intensifica fiscaliza\u00e7\u00e3o de ve\u00edculos pesados em opera\u00e7\u00f5es na zona Centro-Sul da cidade\",\"isPartOf\":{\"@id\":\"https:\/\/www.manaus.am.gov.br\/immu\/#website\"},\"primaryImageOfPage\":{\"@id\":\"https:\/\/www.manaus.am.gov.br\/immu\/operacao\/prefeitura-intensifica-fiscalizacao-de-veiculos-pesados-em-operacoes-na-zona-centro-sul-da-cidade\/#primaryimage\"},\"image\":{\"@id\":\"https:\/\/www.manaus.am.gov.br\/immu\/operacao\/prefeitura-intensifica-fiscalizacao-de-veiculos-pesados-em-operacoes-na-zona-centro-sul-da-cidade\/#primaryimage\"},\"thumbnailUrl\":\"https:\/\/www.manaus.am.gov.br\/immu\/wp-content\/uploads\/sites\/14\/2023\/11\/Fiscalizacao-de-veiculos-pesados-2.jpeg\",\"datePublished\":\"2023-11-10T19:37:23+00:00\",\"dateModified\":\"2023-11-10T19:37:24+00:00\",\"author\":{\"@id\":\"https:\/\/www.manaus.am.gov.br\/immu\/#\/schema\/person\/05d223aea2bf115f9883a6ff3683d81b\"},\"description\":\"A Prefeitura de Manaus, por meio do Instituto Municipal de Mobilidade Urbana (IMMU), conduziu, nesta sexta-feira, 10\/11, duas opera\u00e7\u00f5es de fiscaliza\u00e7\u00e3o de ve\u00edculos pesados na zona Centro-Sul da cidade, visando aprimorar a mobilidade urbana e assegurar a seguran\u00e7a vi\u00e1ria.\",\"breadcrumb\":{\"@id\":\"https:\/\/www.manaus.am.gov.br\/immu\/operacao\/prefeitura-intensifica-fiscalizacao-de-veiculos-pesados-em-operacoes-na-zona-centro-sul-da-cidade\/#breadcrumb\"},\"inLanguage\":\"pt-BR\",\"potentialAction\":[{\"@type\":\"ReadAction\",\"target\":[\"https:\/\/www.manaus.am.gov.br\/immu\/operacao\/prefeitura-intensifica-fiscalizacao-de-veiculos-pesados-em-operacoes-na-zona-centro-sul-da-cidade\/\"]}]},{\"@type\":\"ImageObject\",\"inLanguage\":\"pt-BR\",\"@id\":\"https:\/\/www.manaus.am.gov.br\/immu\/operacao\/prefeitura-intensifica-fiscalizacao-de-veiculos-pesados-em-operacoes-na-zona-centro-sul-da-cidade\/#primaryimage\",\"url\":\"https:\/\/www.manaus.am.gov.br\/immu\/wp-content\/uploads\/sites\/14\/2023\/11\/Fiscalizacao-de-veiculos-pesados-2.jpeg\",\"contentUrl\":\"https:\/\/www.manaus.am.gov.br\/immu\/wp-content\/uploads\/sites\/14\/2023\/11\/Fiscalizacao-de-veiculos-pesados-2.jpeg\",\"width\":1600,\"height\":900,\"caption\":\"#paratodosverem Agentes de tr\u00e2nsito em via p\u00fablica abordando ve\u00edculo pesado durante opera\u00e7\u00e3o\"},{\"@type\":\"BreadcrumbList\",\"@id\":\"https:\/\/www.manaus.am.gov.br\/immu\/operacao\/prefeitura-intensifica-fiscalizacao-de-veiculos-pesados-em-operacoes-na-zona-centro-sul-da-cidade\/#breadcrumb\",\"itemListElement\":[{\"@type\":\"ListItem\",\"position\":1,\"name\":\"Home\",\"item\":\"https:\/\/www.manaus.am.gov.br\/immu\/\"},{\"@type\":\"ListItem\",\"position\":2,\"name\":\"Prefeitura intensifica fiscaliza\u00e7\u00e3o de ve\u00edculos pesados em opera\u00e7\u00f5es na zona Centro-Sul da cidade\"}]},{\"@type\":\"WebSite\",\"@id\":\"https:\/\/www.manaus.am.gov.br\/immu\/#website\",\"url\":\"https:\/\/www.manaus.am.gov.br\/immu\/\",\"name\":\"IMMU\",\"description\":\"Prefeitura de Manaus\",\"potentialAction\":[{\"@type\":\"SearchAction\",\"target\":{\"@type\":\"EntryPoint\",\"urlTemplate\":\"https:\/\/www.manaus.am.gov.br\/immu\/?s={search_term_string}\"},\"query-input\":\"required name=search_term_string\"}],\"inLanguage\":\"pt-BR\"},{\"@type\":\"Person\",\"@id\":\"https:\/\/www.manaus.am.gov.br\/immu\/#\/schema\/person\/05d223aea2bf115f9883a6ff3683d81b\",\"name\":\"Bruna Greco\",\"image\":{\"@type\":\"ImageObject\",\"inLanguage\":\"pt-BR\",\"@id\":\"https:\/\/www.manaus.am.gov.br\/immu\/#\/schema\/person\/image\/\",\"url\":\"https:\/\/secure.gravatar.com\/avatar\/9c877d1a6adc2a055330e5c09a8653ce?s=96&d=mm&r=g\",\"contentUrl\":\"https:\/\/secure.gravatar.com\/avatar\/9c877d1a6adc2a055330e5c09a8653ce?s=96&d=mm&r=g\",\"caption\":\"Bruna Greco\"}}]}<\/script>\n<!-- \/ Yoast SEO plugin. -->","yoast_head_json":{"title":"Prefeitura intensifica fiscaliza\u00e7\u00e3o de ve\u00edculos pesados em opera\u00e7\u00f5es na zona Centro-Sul da cidade","description":"A Prefeitura de Manaus, por meio do Instituto Municipal de Mobilidade Urbana (IMMU), conduziu, nesta sexta-feira, 10\/11, duas opera\u00e7\u00f5es de fiscaliza\u00e7\u00e3o de ve\u00edculos pesados na zona Centro-Sul da cidade, visando aprimorar a mobilidade urbana e assegurar a seguran\u00e7a vi\u00e1ria.","robots":{"index":"noindex","follow":"follow"},"og_locale":"pt_BR","og_type":"article","og_title":"Prefeitura intensifica fiscaliza\u00e7\u00e3o de ve\u00edculos pesados em opera\u00e7\u00f5es na zona Centro-Sul da cidade","og_description":"A Prefeitura de Manaus, por meio do Instituto Municipal de Mobilidade Urbana (IMMU), conduziu, nesta sexta-feira, 10\/11, duas opera\u00e7\u00f5es de fiscaliza\u00e7\u00e3o de ve\u00edculos pesados na zona Centro-Sul da cidade, visando aprimorar a mobilidade urbana e assegurar a seguran\u00e7a vi\u00e1ria.","og_url":"https:\/\/www.manaus.am.gov.br\/immu\/operacao\/prefeitura-intensifica-fiscalizacao-de-veiculos-pesados-em-operacoes-na-zona-centro-sul-da-cidade\/","og_site_name":"IMMU","article_published_time":"2023-11-10T19:37:23+00:00","article_modified_time":"2023-11-10T19:37:24+00:00","og_image":[{"width":1600,"height":900,"url":"https:\/\/www.manaus.am.gov.br\/immu\/wp-content\/uploads\/sites\/14\/2023\/11\/Fiscalizacao-de-veiculos-pesados-2.jpeg","type":"image\/jpeg"}],"author":"Bruna Greco","twitter_card":"summary_large_image","twitter_misc":{"Written by":"Bruna Greco","Est. reading time":"2 minutos"},"schema":{"@context":"https:\/\/schema.org","@graph":[{"@type":"WebPage","@id":"https:\/\/www.manaus.am.gov.br\/immu\/operacao\/prefeitura-intensifica-fiscalizacao-de-veiculos-pesados-em-operacoes-na-zona-centro-sul-da-cidade\/","url":"https:\/\/www.manaus.am.gov.br\/immu\/operacao\/prefeitura-intensifica-fiscalizacao-de-veiculos-pesados-em-operacoes-na-zona-centro-sul-da-cidade\/","name":"Prefeitura intensifica fiscaliza\u00e7\u00e3o de ve\u00edculos pesados em opera\u00e7\u00f5es na zona Centro-Sul da cidade","isPartOf":{"@id":"https:\/\/www.manaus.am.gov.br\/immu\/#website"},"primaryImageOfPage":{"@id":"https:\/\/www.manaus.am.gov.br\/immu\/operacao\/prefeitura-intensifica-fiscalizacao-de-veiculos-pesados-em-operacoes-na-zona-centro-sul-da-cidade\/#primaryimage"},"image":{"@id":"https:\/\/www.manaus.am.gov.br\/immu\/operacao\/prefeitura-intensifica-fiscalizacao-de-veiculos-pesados-em-operacoes-na-zona-centro-sul-da-cidade\/#primaryimage"},"thumbnailUrl":"https:\/\/www.manaus.am.gov.br\/immu\/wp-content\/uploads\/sites\/14\/2023\/11\/Fiscalizacao-de-veiculos-pesados-2.jpeg","datePublished":"2023-11-10T19:37:23+00:00","dateModified":"2023-11-10T19:37:24+00:00","author":{"@id":"https:\/\/www.manaus.am.gov.br\/immu\/#\/schema\/person\/05d223aea2bf115f9883a6ff3683d81b"},"description":"A Prefeitura de Manaus, por meio do Instituto Municipal de Mobilidade Urbana (IMMU), conduziu, nesta sexta-feira, 10\/11, duas opera\u00e7\u00f5es de fiscaliza\u00e7\u00e3o de ve\u00edculos pesados na zona Centro-Sul da cidade, visando aprimorar a mobilidade urbana e assegurar a seguran\u00e7a vi\u00e1ria.","breadcrumb":{"@id":"https:\/\/www.manaus.am.gov.br\/immu\/operacao\/prefeitura-intensifica-fiscalizacao-de-veiculos-pesados-em-operacoes-na-zona-centro-sul-da-cidade\/#breadcrumb"},"inLanguage":"pt-BR","potentialAction":[{"@type":"ReadAction","target":["https:\/\/www.manaus.am.gov.br\/immu\/operacao\/prefeitura-intensifica-fiscalizacao-de-veiculos-pesados-em-operacoes-na-zona-centro-sul-da-cidade\/"]}]},{"@type":"ImageObject","inLanguage":"pt-BR","@id":"https:\/\/www.manaus.am.gov.br\/immu\/operacao\/prefeitura-intensifica-fiscalizacao-de-veiculos-pesados-em-operacoes-na-zona-centro-sul-da-cidade\/#primaryimage","url":"https:\/\/www.manaus.am.gov.br\/immu\/wp-content\/uploads\/sites\/14\/2023\/11\/Fiscalizacao-de-veiculos-pesados-2.jpeg","contentUrl":"https:\/\/www.manaus.am.gov.br\/immu\/wp-content\/uploads\/sites\/14\/2023\/11\/Fiscalizacao-de-veiculos-pesados-2.jpeg","width":1600,"height":900,"caption":"#paratodosverem Agentes de tr\u00e2nsito em via p\u00fablica abordando ve\u00edculo pesado durante opera\u00e7\u00e3o"},{"@type":"BreadcrumbList","@id":"https:\/\/www.manaus.am.gov.br\/immu\/operacao\/prefeitura-intensifica-fiscalizacao-de-veiculos-pesados-em-operacoes-na-zona-centro-sul-da-cidade\/#breadcrumb","itemListElement":[{"@type":"ListItem","position":1,"name":"Home","item":"https:\/\/www.manaus.am.gov.br\/immu\/"},{"@type":"ListItem","position":2,"name":"Prefeitura intensifica fiscaliza\u00e7\u00e3o de ve\u00edculos pesados em opera\u00e7\u00f5es na zona Centro-Sul da cidade"}]},{"@type":"WebSite","@id":"https:\/\/www.manaus.am.gov.br\/immu\/#website","url":"https:\/\/www.manaus.am.gov.br\/immu\/","name":"IMMU","description":"Prefeitura de Manaus","potentialAction":[{"@type":"SearchAction","target":{"@type":"EntryPoint","urlTemplate":"https:\/\/www.manaus.am.gov.br\/immu\/?s={search_term_string}"},"query-input":"required name=search_term_string"}],"inLanguage":"pt-BR"},{"@type":"Person","@id":"https:\/\/www.manaus.am.gov.br\/immu\/#\/schema\/person\/05d223aea2bf115f9883a6ff3683d81b","name":"Bruna Greco","image":{"@type":"ImageObject","inLanguage":"pt-BR","@id":"https:\/\/www.manaus.am.gov.br\/immu\/#\/schema\/person\/image\/","url":"https:\/\/secure.gravatar.com\/avatar\/9c877d1a6adc2a055330e5c09a8653ce?s=96&d=mm&r=g","contentUrl":"https:\/\/secure.gravatar.com\/avatar\/9c877d1a6adc2a055330e5c09a8653ce?s=96&d=mm&r=g","caption":"Bruna Greco"}}]}},"_links":{"self":[{"href":"https:\/\/www.manaus.am.gov.br\/immu\/wp-json\/wp\/v2\/posts\/1456"}],"collection":[{"href":"https:\/\/www.manaus.am.gov.br\/immu\/wp-json\/wp\/v2\/posts"}],"about":[{"href":"https:\/\/www.manaus.am.gov.br\/immu\/wp-json\/wp\/v2\/types\/post"}],"author":[{"embeddable":true,"href":"https:\/\/www.manaus.am.gov.br\/immu\/wp-json\/wp\/v2\/users\/39"}],"replies":[{"embeddable":true,"href":"https:\/\/www.manaus.am.gov.br\/immu\/wp-json\/wp\/v2\/comments?post=1456"}],"version-history":[{"count":0,"href":"https:\/\/www.manaus.am.gov.br\/immu\/wp-json\/wp\/v2\/posts\/1456\/revisions"}],"wp:featuredmedia":[{"embeddable":true,"href":"https:\/\/www.manaus.am.gov.br\/immu\/wp-json\/wp\/v2\/media\/1457"}],"wp:attachment":[{"href":"https:\/\/www.manaus.am.gov.br\/immu\/wp-json\/wp\/v2\/media?parent=1456"}],"wp:term":[{"taxonomy":"category","embeddable":true,"href":"https:\/\/www.manaus.am.gov.br\/immu\/wp-json\/wp\/v2\/categories?post=1456"},{"taxonomy":"post_tag","embeddable":true,"href":"https:\/\/www.manaus.am.gov.br\/immu\/wp-json\/wp\/v2\/tags?post=1456"}],"curies":[{"name":"wp","href":"https:\/\/api.w.org\/{rel}","templated":true}]}}