{"id":1454,"date":"2023-11-10T13:35:54","date_gmt":"2023-11-10T17:35:54","guid":{"rendered":"https:\/\/www.manaus.am.gov.br\/immu\/sem-categoria\/prefeitura-mantem-500-onibus-para-atender-candidatos-na-2a-fase-do-enem-em-manaus\/"},"modified":"2023-12-18T11:32:20","modified_gmt":"2023-12-18T15:32:20","slug":"prefeitura-mantem-500-onibus-para-atender-candidatos-na-2a-fase-do-enem-em-manaus","status":"publish","type":"post","link":"https:\/\/www.manaus.am.gov.br\/immu\/transporte\/prefeitura-mantem-500-onibus-para-atender-candidatos-na-2a-fase-do-enem-em-manaus\/","title":{"rendered":"Prefeitura mant\u00e9m 500 \u00f4nibus para atender candidatos na 2\u00aa fase do Enem em Manaus"},"content":{"rendered":"\n<p>Para facilitar o acesso dos estudantes que ir\u00e3o realizar o Exame Nacional do Ensino M\u00e9dio (Enem) na capital, neste domingo, 13\/11, a Prefeitura de Manaus, por meio do Instituto Municipal de Mobilidade Urbana (IMMU), vai refor\u00e7ar o monitoramento de tr\u00e2nsito nas imedia\u00e7\u00f5es dos locais de provas e manter os mais de 500 \u00f4nibus que ir\u00e3o atender os candidatos.<\/p>\n\n\n\n<p>No \u00faltimo domingo, 4\/11, o sistema de transporte registrou cerca de 12 mil passageiros, ou seja, movimento habitual para domingos e feriados.<\/p>\n\n\n\n<p>Agentes do IMMU ir\u00e3o atuar diretamente no monitoramento de fiscaliza\u00e7\u00e3o nos locais de prova com grande movimenta\u00e7\u00e3o e em pontos estrat\u00e9gicos da cidade, para evitar e impedir casos de obstru\u00e7\u00f5es, como tamb\u00e9m, nos principais corredores vi\u00e1rios da cidade, para garantir fluidez e seguran\u00e7a.<\/p>\n\n\n\n<p>A a\u00e7\u00e3o inclui o monitoramento das vias e locais de aplica\u00e7\u00e3o do exame, com c\u00e2meras do Centro de Controle da Cidade (CCC).<\/p>\n\n\n\n<p>Os usu\u00e1rios do transporte p\u00fablico devem ficar atentos aos quadros de hor\u00e1rios das linhas de \u00f4nibus, dispon\u00edveis no aplicativo &#8220;Cad\u00ea meu \u00f4nibus&#8221;, que pode ser baixado gratuitamente nas plataformas de celulares.&nbsp; Ainda no aplicativo, os usu\u00e1rios poder\u00e3o pesquisar, em tempo real, o hor\u00e1rio em que os \u00f4nibus passam em todos os pontos de \u00f4nibus da capital.<\/p>\n\n\n\n<p>Outra medida a ser tomada ser\u00e1 o refor\u00e7o na linha 026, que atende a Faculdade Nilton Lins, no Parque das Laranjeiras, zona Centro-Sul de Manaus, e tamb\u00e9m na linha 049, que atende usu\u00e1rios de transporte em deslocamento \u00e0s escolas da regi\u00e3o do conjunto Amazonino Mendes, na zona Norte da capital.<\/p>\n\n\n\n<p>O vice-presidente de Transportes do IMMU, Alexandre Frederico, explicou as opera\u00e7\u00f5es no domingo. \u201cFizemos um planejamento para atender a demanda provinda do Enem. Observamos a demanda da primeira etapa e decidimos repetir a frota neste pr\u00f3ximo domingo\u201d, destacou Alexandre.<\/p>\n\n\n\n<p>&#8212; &#8212; &#8212;<\/p>\n\n\n\n<p><strong>Texto e fotos<\/strong>&nbsp;\u2013 Divulga\u00e7\u00e3o \/ IMMU<\/p>\n","protected":false},"excerpt":{"rendered":"","protected":false},"author":31,"featured_media":1455,"comment_status":"closed","ping_status":"closed","sticky":false,"template":"","format":"standard","meta":{"footnotes":""},"categories":[93],"tags":[977,978,348,111],"acf":[],"yoast_head":"<!-- This site is optimized with the Yoast SEO plugin v23.0 - https:\/\/yoast.com\/wordpress\/plugins\/seo\/ -->\n<title>Prefeitura mant\u00e9m 500 \u00f4nibus para atender candidatos na 2\u00aa fase do Enem em Manaus - IMMU<\/title>\n<meta name=\"robots\" content=\"noindex, follow\" \/>\n<meta property=\"og:locale\" content=\"pt_BR\" \/>\n<meta property=\"og:type\" content=\"article\" \/>\n<meta property=\"og:title\" content=\"Prefeitura mant\u00e9m 500 \u00f4nibus para atender candidatos na 2\u00aa fase do Enem em Manaus - IMMU\" \/>\n<meta property=\"og:url\" content=\"https:\/\/www.manaus.am.gov.br\/immu\/transporte\/prefeitura-mantem-500-onibus-para-atender-candidatos-na-2a-fase-do-enem-em-manaus\/\" \/>\n<meta property=\"og:site_name\" content=\"IMMU\" \/>\n<meta property=\"article:published_time\" content=\"2023-11-10T17:35:54+00:00\" \/>\n<meta property=\"article:modified_time\" content=\"2023-12-18T15:32:20+00:00\" \/>\n<meta property=\"og:image\" content=\"https:\/\/www.manaus.am.gov.br\/immu\/wp-content\/uploads\/sites\/14\/2023\/11\/Imagem-do-WhatsApp-de-2023-10-30-as-17.22.55_61c17446.jpg\" \/>\n\t<meta property=\"og:image:width\" content=\"899\" \/>\n\t<meta property=\"og:image:height\" content=\"591\" \/>\n\t<meta property=\"og:image:type\" content=\"image\/jpeg\" \/>\n<meta name=\"author\" content=\"Renata Felix\" \/>\n<meta name=\"twitter:card\" content=\"summary_large_image\" \/>\n<meta name=\"twitter:label1\" content=\"Written by\" \/>\n\t<meta name=\"twitter:data1\" content=\"Renata Felix\" \/>\n\t<meta name=\"twitter:label2\" content=\"Est. reading time\" \/>\n\t<meta name=\"twitter:data2\" content=\"2 minutos\" \/>\n<script type=\"application\/ld+json\" class=\"yoast-schema-graph\">{\"@context\":\"https:\/\/schema.org\",\"@graph\":[{\"@type\":\"WebPage\",\"@id\":\"https:\/\/www.manaus.am.gov.br\/immu\/transporte\/prefeitura-mantem-500-onibus-para-atender-candidatos-na-2a-fase-do-enem-em-manaus\/\",\"url\":\"https:\/\/www.manaus.am.gov.br\/immu\/transporte\/prefeitura-mantem-500-onibus-para-atender-candidatos-na-2a-fase-do-enem-em-manaus\/\",\"name\":\"Prefeitura mant\u00e9m 500 \u00f4nibus para atender candidatos na 2\u00aa fase do Enem em Manaus - IMMU\",\"isPartOf\":{\"@id\":\"https:\/\/www.manaus.am.gov.br\/immu\/#website\"},\"primaryImageOfPage\":{\"@id\":\"https:\/\/www.manaus.am.gov.br\/immu\/transporte\/prefeitura-mantem-500-onibus-para-atender-candidatos-na-2a-fase-do-enem-em-manaus\/#primaryimage\"},\"image\":{\"@id\":\"https:\/\/www.manaus.am.gov.br\/immu\/transporte\/prefeitura-mantem-500-onibus-para-atender-candidatos-na-2a-fase-do-enem-em-manaus\/#primaryimage\"},\"thumbnailUrl\":\"https:\/\/www.manaus.am.gov.br\/immu\/wp-content\/uploads\/sites\/14\/2023\/11\/Imagem-do-WhatsApp-de-2023-10-30-as-17.22.55_61c17446.jpg\",\"datePublished\":\"2023-11-10T17:35:54+00:00\",\"dateModified\":\"2023-12-18T15:32:20+00:00\",\"author\":{\"@id\":\"https:\/\/www.manaus.am.gov.br\/immu\/#\/schema\/person\/4eea2a8f78dc853097abb026f728aa06\"},\"breadcrumb\":{\"@id\":\"https:\/\/www.manaus.am.gov.br\/immu\/transporte\/prefeitura-mantem-500-onibus-para-atender-candidatos-na-2a-fase-do-enem-em-manaus\/#breadcrumb\"},\"inLanguage\":\"pt-BR\",\"potentialAction\":[{\"@type\":\"ReadAction\",\"target\":[\"https:\/\/www.manaus.am.gov.br\/immu\/transporte\/prefeitura-mantem-500-onibus-para-atender-candidatos-na-2a-fase-do-enem-em-manaus\/\"]}]},{\"@type\":\"ImageObject\",\"inLanguage\":\"pt-BR\",\"@id\":\"https:\/\/www.manaus.am.gov.br\/immu\/transporte\/prefeitura-mantem-500-onibus-para-atender-candidatos-na-2a-fase-do-enem-em-manaus\/#primaryimage\",\"url\":\"https:\/\/www.manaus.am.gov.br\/immu\/wp-content\/uploads\/sites\/14\/2023\/11\/Imagem-do-WhatsApp-de-2023-10-30-as-17.22.55_61c17446.jpg\",\"contentUrl\":\"https:\/\/www.manaus.am.gov.br\/immu\/wp-content\/uploads\/sites\/14\/2023\/11\/Imagem-do-WhatsApp-de-2023-10-30-as-17.22.55_61c17446.jpg\",\"width\":899,\"height\":591},{\"@type\":\"BreadcrumbList\",\"@id\":\"https:\/\/www.manaus.am.gov.br\/immu\/transporte\/prefeitura-mantem-500-onibus-para-atender-candidatos-na-2a-fase-do-enem-em-manaus\/#breadcrumb\",\"itemListElement\":[{\"@type\":\"ListItem\",\"position\":1,\"name\":\"Home\",\"item\":\"https:\/\/www.manaus.am.gov.br\/immu\/\"},{\"@type\":\"ListItem\",\"position\":2,\"name\":\"Prefeitura mant\u00e9m 500 \u00f4nibus para atender candidatos na 2\u00aa fase do Enem em Manaus\"}]},{\"@type\":\"WebSite\",\"@id\":\"https:\/\/www.manaus.am.gov.br\/immu\/#website\",\"url\":\"https:\/\/www.manaus.am.gov.br\/immu\/\",\"name\":\"IMMU\",\"description\":\"Prefeitura de Manaus\",\"potentialAction\":[{\"@type\":\"SearchAction\",\"target\":{\"@type\":\"EntryPoint\",\"urlTemplate\":\"https:\/\/www.manaus.am.gov.br\/immu\/?s={search_term_string}\"},\"query-input\":\"required name=search_term_string\"}],\"inLanguage\":\"pt-BR\"},{\"@type\":\"Person\",\"@id\":\"https:\/\/www.manaus.am.gov.br\/immu\/#\/schema\/person\/4eea2a8f78dc853097abb026f728aa06\",\"name\":\"Renata Felix\",\"image\":{\"@type\":\"ImageObject\",\"inLanguage\":\"pt-BR\",\"@id\":\"https:\/\/www.manaus.am.gov.br\/immu\/#\/schema\/person\/image\/\",\"url\":\"https:\/\/secure.gravatar.com\/avatar\/3c196cf9d3b837b24c8edb2c50fd8f29?s=96&d=mm&r=g\",\"contentUrl\":\"https:\/\/secure.gravatar.com\/avatar\/3c196cf9d3b837b24c8edb2c50fd8f29?s=96&d=mm&r=g\",\"caption\":\"Renata Felix\"}}]}<\/script>\n<!-- \/ Yoast SEO plugin. -->","yoast_head_json":{"title":"Prefeitura mant\u00e9m 500 \u00f4nibus para atender candidatos na 2\u00aa fase do Enem em Manaus - IMMU","robots":{"index":"noindex","follow":"follow"},"og_locale":"pt_BR","og_type":"article","og_title":"Prefeitura mant\u00e9m 500 \u00f4nibus para atender candidatos na 2\u00aa fase do Enem em Manaus - IMMU","og_url":"https:\/\/www.manaus.am.gov.br\/immu\/transporte\/prefeitura-mantem-500-onibus-para-atender-candidatos-na-2a-fase-do-enem-em-manaus\/","og_site_name":"IMMU","article_published_time":"2023-11-10T17:35:54+00:00","article_modified_time":"2023-12-18T15:32:20+00:00","og_image":[{"width":899,"height":591,"url":"https:\/\/www.manaus.am.gov.br\/immu\/wp-content\/uploads\/sites\/14\/2023\/11\/Imagem-do-WhatsApp-de-2023-10-30-as-17.22.55_61c17446.jpg","type":"image\/jpeg"}],"author":"Renata Felix","twitter_card":"summary_large_image","twitter_misc":{"Written by":"Renata Felix","Est. reading time":"2 minutos"},"schema":{"@context":"https:\/\/schema.org","@graph":[{"@type":"WebPage","@id":"https:\/\/www.manaus.am.gov.br\/immu\/transporte\/prefeitura-mantem-500-onibus-para-atender-candidatos-na-2a-fase-do-enem-em-manaus\/","url":"https:\/\/www.manaus.am.gov.br\/immu\/transporte\/prefeitura-mantem-500-onibus-para-atender-candidatos-na-2a-fase-do-enem-em-manaus\/","name":"Prefeitura mant\u00e9m 500 \u00f4nibus para atender candidatos na 2\u00aa fase do Enem em Manaus - IMMU","isPartOf":{"@id":"https:\/\/www.manaus.am.gov.br\/immu\/#website"},"primaryImageOfPage":{"@id":"https:\/\/www.manaus.am.gov.br\/immu\/transporte\/prefeitura-mantem-500-onibus-para-atender-candidatos-na-2a-fase-do-enem-em-manaus\/#primaryimage"},"image":{"@id":"https:\/\/www.manaus.am.gov.br\/immu\/transporte\/prefeitura-mantem-500-onibus-para-atender-candidatos-na-2a-fase-do-enem-em-manaus\/#primaryimage"},"thumbnailUrl":"https:\/\/www.manaus.am.gov.br\/immu\/wp-content\/uploads\/sites\/14\/2023\/11\/Imagem-do-WhatsApp-de-2023-10-30-as-17.22.55_61c17446.jpg","datePublished":"2023-11-10T17:35:54+00:00","dateModified":"2023-12-18T15:32:20+00:00","author":{"@id":"https:\/\/www.manaus.am.gov.br\/immu\/#\/schema\/person\/4eea2a8f78dc853097abb026f728aa06"},"breadcrumb":{"@id":"https:\/\/www.manaus.am.gov.br\/immu\/transporte\/prefeitura-mantem-500-onibus-para-atender-candidatos-na-2a-fase-do-enem-em-manaus\/#breadcrumb"},"inLanguage":"pt-BR","potentialAction":[{"@type":"ReadAction","target":["https:\/\/www.manaus.am.gov.br\/immu\/transporte\/prefeitura-mantem-500-onibus-para-atender-candidatos-na-2a-fase-do-enem-em-manaus\/"]}]},{"@type":"ImageObject","inLanguage":"pt-BR","@id":"https:\/\/www.manaus.am.gov.br\/immu\/transporte\/prefeitura-mantem-500-onibus-para-atender-candidatos-na-2a-fase-do-enem-em-manaus\/#primaryimage","url":"https:\/\/www.manaus.am.gov.br\/immu\/wp-content\/uploads\/sites\/14\/2023\/11\/Imagem-do-WhatsApp-de-2023-10-30-as-17.22.55_61c17446.jpg","contentUrl":"https:\/\/www.manaus.am.gov.br\/immu\/wp-content\/uploads\/sites\/14\/2023\/11\/Imagem-do-WhatsApp-de-2023-10-30-as-17.22.55_61c17446.jpg","width":899,"height":591},{"@type":"BreadcrumbList","@id":"https:\/\/www.manaus.am.gov.br\/immu\/transporte\/prefeitura-mantem-500-onibus-para-atender-candidatos-na-2a-fase-do-enem-em-manaus\/#breadcrumb","itemListElement":[{"@type":"ListItem","position":1,"name":"Home","item":"https:\/\/www.manaus.am.gov.br\/immu\/"},{"@type":"ListItem","position":2,"name":"Prefeitura mant\u00e9m 500 \u00f4nibus para atender candidatos na 2\u00aa fase do Enem em Manaus"}]},{"@type":"WebSite","@id":"https:\/\/www.manaus.am.gov.br\/immu\/#website","url":"https:\/\/www.manaus.am.gov.br\/immu\/","name":"IMMU","description":"Prefeitura de Manaus","potentialAction":[{"@type":"SearchAction","target":{"@type":"EntryPoint","urlTemplate":"https:\/\/www.manaus.am.gov.br\/immu\/?s={search_term_string}"},"query-input":"required name=search_term_string"}],"inLanguage":"pt-BR"},{"@type":"Person","@id":"https:\/\/www.manaus.am.gov.br\/immu\/#\/schema\/person\/4eea2a8f78dc853097abb026f728aa06","name":"Renata Felix","image":{"@type":"ImageObject","inLanguage":"pt-BR","@id":"https:\/\/www.manaus.am.gov.br\/immu\/#\/schema\/person\/image\/","url":"https:\/\/secure.gravatar.com\/avatar\/3c196cf9d3b837b24c8edb2c50fd8f29?s=96&d=mm&r=g","contentUrl":"https:\/\/secure.gravatar.com\/avatar\/3c196cf9d3b837b24c8edb2c50fd8f29?s=96&d=mm&r=g","caption":"Renata Felix"}}]}},"_links":{"self":[{"href":"https:\/\/www.manaus.am.gov.br\/immu\/wp-json\/wp\/v2\/posts\/1454"}],"collection":[{"href":"https:\/\/www.manaus.am.gov.br\/immu\/wp-json\/wp\/v2\/posts"}],"about":[{"href":"https:\/\/www.manaus.am.gov.br\/immu\/wp-json\/wp\/v2\/types\/post"}],"author":[{"embeddable":true,"href":"https:\/\/www.manaus.am.gov.br\/immu\/wp-json\/wp\/v2\/users\/31"}],"replies":[{"embeddable":true,"href":"https:\/\/www.manaus.am.gov.br\/immu\/wp-json\/wp\/v2\/comments?post=1454"}],"version-history":[{"count":1,"href":"https:\/\/www.manaus.am.gov.br\/immu\/wp-json\/wp\/v2\/posts\/1454\/revisions"}],"predecessor-version":[{"id":1767,"href":"https:\/\/www.manaus.am.gov.br\/immu\/wp-json\/wp\/v2\/posts\/1454\/revisions\/1767"}],"wp:featuredmedia":[{"embeddable":true,"href":"https:\/\/www.manaus.am.gov.br\/immu\/wp-json\/wp\/v2\/media\/1455"}],"wp:attachment":[{"href":"https:\/\/www.manaus.am.gov.br\/immu\/wp-json\/wp\/v2\/media?parent=1454"}],"wp:term":[{"taxonomy":"category","embeddable":true,"href":"https:\/\/www.manaus.am.gov.br\/immu\/wp-json\/wp\/v2\/categories?post=1454"},{"taxonomy":"post_tag","embeddable":true,"href":"https:\/\/www.manaus.am.gov.br\/immu\/wp-json\/wp\/v2\/tags?post=1454"}],"curies":[{"name":"wp","href":"https:\/\/api.w.org\/{rel}","templated":true}]}}