{"id":1450,"date":"2023-11-09T19:35:50","date_gmt":"2023-11-09T23:35:50","guid":{"rendered":"https:\/\/www.manaus.am.gov.br\/immu\/sem-categoria\/prefeitura-de-manaus-discute-mobilidade-urbana-voltada-a-pessoa-idosa\/"},"modified":"2023-11-09T19:35:50","modified_gmt":"2023-11-09T23:35:50","slug":"prefeitura-de-manaus-discute-mobilidade-urbana-voltada-a-pessoa-idosa","status":"publish","type":"post","link":"https:\/\/www.manaus.am.gov.br\/immu\/estrategia\/prefeitura-de-manaus-discute-mobilidade-urbana-voltada-a-pessoa-idosa\/","title":{"rendered":"Prefeitura de Manaus discute mobilidade urbana voltada \u00e0 pessoa idosa"},"content":{"rendered":"\n<p>Garantir o direito da pessoa idosa e assegurar seu deslocamento pelas vias da cidade foi o assunto discutido durante a participa\u00e7\u00e3o da Prefeitura de Manaus, via Instituto Municipal de Mobilidade Urbana, no F\u00f3rum Permanente do Idoso Amazonas, realizado na Funda\u00e7\u00e3o Doutor Thomas, na tarde desta quinta-feira, 9\/11. O evento \u00e9 realizado mensalmente e conta com a parceria de institui\u00e7\u00f5es, representantes e coordenadores de grupos de idosos.<\/p>\n\n\n\n<p><br>De acordo com a Pesquisa Nacional Por Amostra de Domic\u00edlio Cont\u00ednua do IBGE em 2022, em dez anos, a popula\u00e7\u00e3o do Amazonas acima dos 60 anos cresceu. Em 2012, o estado tinha 249 idosos para cada mil habitantes. Ano passado esse n\u00famero chegou a 377. O Amazonas saiu da taxa de 7,0% para 9,1% de pessoas acima dos 60&nbsp;anos.<\/p>\n\n\n\n<p><br>Para o procurador jur\u00eddico e ouvidor do IMMU, Alexandre Leda, a mobilidade voltada para a terceira idade deve garantir o seu direito de ir e vir, com seguran\u00e7a, considerando as restri\u00e7\u00f5es causadas pelo envelhecimento.<\/p>\n\n\n\n<p>&#8220;Nosso intuito \u00e9 iniciar um di\u00e1logo permanente com os idosos e as institui\u00e7\u00f5es que os representam para que, juntos, possamos garantir a circula\u00e7\u00e3o segura, inclusiva e com qualidade de vida para a popula\u00e7\u00e3o idosa&#8221;, disse.<\/p>\n\n\n\n<p><br>O f\u00f3rum busca trazer todas as discuss\u00f5es acerca do envelhecimento, da qualidade de vida e da sa\u00fade das pessoas idosas para ser discutida e trazida e propagada ao poder p\u00fablico.<\/p>\n\n\n\n<p><br>&#8220;A nossa raz\u00e3o de estar aqui \u00e9 que o munic\u00edpio de Manaus, o Instituto de Mobilidade Urbana tem o maior interesse em ouvir essas pessoas e saber delas o que elas precisam de fato para que a gente consiga formular as pol\u00edticas p\u00fablicas que v\u00e3o ser efetivas na vida de cada uma&#8221;, finalizou.<\/p>\n\n\n\n<figure class=\"wp-block-gallery has-nested-images columns-default is-cropped wp-block-gallery-1 is-layout-flex wp-block-gallery-is-layout-flex\"><div class=\"wp-block-image\">\n<figure class=\"aligncenter size-large\"><img loading=\"lazy\" decoding=\"async\" width=\"1024\" height=\"683\" data-id=\"231326\" src=\"https:\/\/www.manaus.am.gov.br\/immu\/wp-content\/uploads\/sites\/14\/2023\/11\/WhatsApp-Image-2023-11-09-at-15.13.10-1024x683.jpeg\" alt=\"\" class=\"wp-image-1451\" srcset=\"https:\/\/www.manaus.am.gov.br\/immu\/wp-content\/uploads\/sites\/14\/2023\/11\/WhatsApp-Image-2023-11-09-at-15.13.10-1024x683.jpeg 1024w, https:\/\/www.manaus.am.gov.br\/immu\/wp-content\/uploads\/sites\/14\/2023\/11\/WhatsApp-Image-2023-11-09-at-15.13.10-300x200.jpeg 300w, https:\/\/www.manaus.am.gov.br\/immu\/wp-content\/uploads\/sites\/14\/2023\/11\/WhatsApp-Image-2023-11-09-at-15.13.10-768x512.jpeg 768w, https:\/\/www.manaus.am.gov.br\/immu\/wp-content\/uploads\/sites\/14\/2023\/11\/WhatsApp-Image-2023-11-09-at-15.13.10-1536x1024.jpeg 1536w, https:\/\/www.manaus.am.gov.br\/immu\/wp-content\/uploads\/sites\/14\/2023\/11\/WhatsApp-Image-2023-11-09-at-15.13.10-2048x1365.jpeg 2048w\" sizes=\"(max-width: 1024px) 100vw, 1024px\" \/><\/figure><\/div><\/figure>\n\n\n\n<p><br>Representando a Associa\u00e7\u00e3o Brasileira de Alzheimer do Amazonas (Abraz-AM), a assistente social especialista em envelhecimento, Georgina Sarkis, parabenizou a prefeitura pela participa\u00e7\u00e3o de forma efetiva nas discuss\u00f5es do f\u00f3rum da pessoa idosa.<\/p>\n\n\n\n<p>&#8220;Fico muito feliz dessa integra\u00e7\u00e3o de saberes para que sejam tra\u00e7adas novas linhas de atendimento em fun\u00e7\u00e3o do idoso, que o nosso estado do Amazonas, inclusive a nossa capital Manaus, tem um n\u00famero significativo de idosos que s\u00e3o atendidos e que trafegam e precisam dessa mobilidade urbana adequada at\u00e9 para o momento em que eles est\u00e3o passando na vida, que \u00e9 totalmente diferenciado de todas as fases da nossa vida&#8221;.<\/p>\n\n\n\n<p>&#8212; &#8212; &#8212;<\/p>\n\n\n\n<p><strong>Texto e fotos<\/strong>&nbsp;\u2013 Divulga\u00e7\u00e3o \/ IMMU<\/p>\n","protected":false},"excerpt":{"rendered":"","protected":false},"author":31,"featured_media":1452,"comment_status":"closed","ping_status":"closed","sticky":false,"template":"","format":"standard","meta":{"footnotes":""},"categories":[975],"tags":[976,182,384],"acf":[],"yoast_head":"<!-- This site is optimized with the Yoast SEO plugin v23.0 - https:\/\/yoast.com\/wordpress\/plugins\/seo\/ -->\n<title>Prefeitura de Manaus discute mobilidade urbana voltada \u00e0 pessoa idosa - IMMU<\/title>\n<meta name=\"robots\" content=\"noindex, follow\" \/>\n<meta property=\"og:locale\" content=\"pt_BR\" \/>\n<meta property=\"og:type\" content=\"article\" \/>\n<meta property=\"og:title\" content=\"Prefeitura de Manaus discute mobilidade urbana voltada \u00e0 pessoa idosa - IMMU\" \/>\n<meta property=\"og:url\" content=\"https:\/\/www.manaus.am.gov.br\/immu\/estrategia\/prefeitura-de-manaus-discute-mobilidade-urbana-voltada-a-pessoa-idosa\/\" \/>\n<meta property=\"og:site_name\" content=\"IMMU\" \/>\n<meta property=\"article:published_time\" content=\"2023-11-09T23:35:50+00:00\" \/>\n<meta property=\"og:image\" content=\"https:\/\/www.manaus.am.gov.br\/immu\/wp-content\/uploads\/sites\/14\/2023\/11\/WhatsApp-Image-2023-11-09-at-15.13.58.jpeg\" \/>\n\t<meta property=\"og:image:width\" content=\"3984\" \/>\n\t<meta property=\"og:image:height\" content=\"2656\" \/>\n\t<meta property=\"og:image:type\" content=\"image\/jpeg\" \/>\n<meta name=\"author\" content=\"Renata Felix\" \/>\n<meta name=\"twitter:card\" content=\"summary_large_image\" \/>\n<meta name=\"twitter:label1\" content=\"Written by\" \/>\n\t<meta name=\"twitter:data1\" content=\"Renata Felix\" \/>\n\t<meta name=\"twitter:label2\" content=\"Est. reading time\" \/>\n\t<meta name=\"twitter:data2\" content=\"3 minutos\" \/>\n<script type=\"application\/ld+json\" class=\"yoast-schema-graph\">{\"@context\":\"https:\/\/schema.org\",\"@graph\":[{\"@type\":\"WebPage\",\"@id\":\"https:\/\/www.manaus.am.gov.br\/immu\/estrategia\/prefeitura-de-manaus-discute-mobilidade-urbana-voltada-a-pessoa-idosa\/\",\"url\":\"https:\/\/www.manaus.am.gov.br\/immu\/estrategia\/prefeitura-de-manaus-discute-mobilidade-urbana-voltada-a-pessoa-idosa\/\",\"name\":\"Prefeitura de Manaus discute mobilidade urbana voltada \u00e0 pessoa idosa - IMMU\",\"isPartOf\":{\"@id\":\"https:\/\/www.manaus.am.gov.br\/immu\/#website\"},\"primaryImageOfPage\":{\"@id\":\"https:\/\/www.manaus.am.gov.br\/immu\/estrategia\/prefeitura-de-manaus-discute-mobilidade-urbana-voltada-a-pessoa-idosa\/#primaryimage\"},\"image\":{\"@id\":\"https:\/\/www.manaus.am.gov.br\/immu\/estrategia\/prefeitura-de-manaus-discute-mobilidade-urbana-voltada-a-pessoa-idosa\/#primaryimage\"},\"thumbnailUrl\":\"https:\/\/www.manaus.am.gov.br\/immu\/wp-content\/uploads\/sites\/14\/2023\/11\/WhatsApp-Image-2023-11-09-at-15.13.58.jpeg\",\"datePublished\":\"2023-11-09T23:35:50+00:00\",\"dateModified\":\"2023-11-09T23:35:50+00:00\",\"author\":{\"@id\":\"https:\/\/www.manaus.am.gov.br\/immu\/#\/schema\/person\/4eea2a8f78dc853097abb026f728aa06\"},\"breadcrumb\":{\"@id\":\"https:\/\/www.manaus.am.gov.br\/immu\/estrategia\/prefeitura-de-manaus-discute-mobilidade-urbana-voltada-a-pessoa-idosa\/#breadcrumb\"},\"inLanguage\":\"pt-BR\",\"potentialAction\":[{\"@type\":\"ReadAction\",\"target\":[\"https:\/\/www.manaus.am.gov.br\/immu\/estrategia\/prefeitura-de-manaus-discute-mobilidade-urbana-voltada-a-pessoa-idosa\/\"]}]},{\"@type\":\"ImageObject\",\"inLanguage\":\"pt-BR\",\"@id\":\"https:\/\/www.manaus.am.gov.br\/immu\/estrategia\/prefeitura-de-manaus-discute-mobilidade-urbana-voltada-a-pessoa-idosa\/#primaryimage\",\"url\":\"https:\/\/www.manaus.am.gov.br\/immu\/wp-content\/uploads\/sites\/14\/2023\/11\/WhatsApp-Image-2023-11-09-at-15.13.58.jpeg\",\"contentUrl\":\"https:\/\/www.manaus.am.gov.br\/immu\/wp-content\/uploads\/sites\/14\/2023\/11\/WhatsApp-Image-2023-11-09-at-15.13.58.jpeg\",\"width\":3984,\"height\":2656,\"caption\":\"#paratodosverem - Em roda de conversa, v\u00e1rias pessoas idosas sentadas, prestam aten\u00e7\u00e3o a um homem que est\u00e1 palestrando e de p\u00e9. Ele usa uma camisa de manga comprida branca e uma cal\u00e7a comprida preta\"},{\"@type\":\"BreadcrumbList\",\"@id\":\"https:\/\/www.manaus.am.gov.br\/immu\/estrategia\/prefeitura-de-manaus-discute-mobilidade-urbana-voltada-a-pessoa-idosa\/#breadcrumb\",\"itemListElement\":[{\"@type\":\"ListItem\",\"position\":1,\"name\":\"Home\",\"item\":\"https:\/\/www.manaus.am.gov.br\/immu\/\"},{\"@type\":\"ListItem\",\"position\":2,\"name\":\"Prefeitura de Manaus discute mobilidade urbana voltada \u00e0 pessoa idosa\"}]},{\"@type\":\"WebSite\",\"@id\":\"https:\/\/www.manaus.am.gov.br\/immu\/#website\",\"url\":\"https:\/\/www.manaus.am.gov.br\/immu\/\",\"name\":\"IMMU\",\"description\":\"Prefeitura de Manaus\",\"potentialAction\":[{\"@type\":\"SearchAction\",\"target\":{\"@type\":\"EntryPoint\",\"urlTemplate\":\"https:\/\/www.manaus.am.gov.br\/immu\/?s={search_term_string}\"},\"query-input\":\"required name=search_term_string\"}],\"inLanguage\":\"pt-BR\"},{\"@type\":\"Person\",\"@id\":\"https:\/\/www.manaus.am.gov.br\/immu\/#\/schema\/person\/4eea2a8f78dc853097abb026f728aa06\",\"name\":\"Renata Felix\",\"image\":{\"@type\":\"ImageObject\",\"inLanguage\":\"pt-BR\",\"@id\":\"https:\/\/www.manaus.am.gov.br\/immu\/#\/schema\/person\/image\/\",\"url\":\"https:\/\/secure.gravatar.com\/avatar\/3c196cf9d3b837b24c8edb2c50fd8f29?s=96&d=mm&r=g\",\"contentUrl\":\"https:\/\/secure.gravatar.com\/avatar\/3c196cf9d3b837b24c8edb2c50fd8f29?s=96&d=mm&r=g\",\"caption\":\"Renata Felix\"}}]}<\/script>\n<!-- \/ Yoast SEO plugin. -->","yoast_head_json":{"title":"Prefeitura de Manaus discute mobilidade urbana voltada \u00e0 pessoa idosa - IMMU","robots":{"index":"noindex","follow":"follow"},"og_locale":"pt_BR","og_type":"article","og_title":"Prefeitura de Manaus discute mobilidade urbana voltada \u00e0 pessoa idosa - IMMU","og_url":"https:\/\/www.manaus.am.gov.br\/immu\/estrategia\/prefeitura-de-manaus-discute-mobilidade-urbana-voltada-a-pessoa-idosa\/","og_site_name":"IMMU","article_published_time":"2023-11-09T23:35:50+00:00","og_image":[{"width":3984,"height":2656,"url":"https:\/\/www.manaus.am.gov.br\/immu\/wp-content\/uploads\/sites\/14\/2023\/11\/WhatsApp-Image-2023-11-09-at-15.13.58.jpeg","type":"image\/jpeg"}],"author":"Renata Felix","twitter_card":"summary_large_image","twitter_misc":{"Written by":"Renata Felix","Est. reading time":"3 minutos"},"schema":{"@context":"https:\/\/schema.org","@graph":[{"@type":"WebPage","@id":"https:\/\/www.manaus.am.gov.br\/immu\/estrategia\/prefeitura-de-manaus-discute-mobilidade-urbana-voltada-a-pessoa-idosa\/","url":"https:\/\/www.manaus.am.gov.br\/immu\/estrategia\/prefeitura-de-manaus-discute-mobilidade-urbana-voltada-a-pessoa-idosa\/","name":"Prefeitura de Manaus discute mobilidade urbana voltada \u00e0 pessoa idosa - IMMU","isPartOf":{"@id":"https:\/\/www.manaus.am.gov.br\/immu\/#website"},"primaryImageOfPage":{"@id":"https:\/\/www.manaus.am.gov.br\/immu\/estrategia\/prefeitura-de-manaus-discute-mobilidade-urbana-voltada-a-pessoa-idosa\/#primaryimage"},"image":{"@id":"https:\/\/www.manaus.am.gov.br\/immu\/estrategia\/prefeitura-de-manaus-discute-mobilidade-urbana-voltada-a-pessoa-idosa\/#primaryimage"},"thumbnailUrl":"https:\/\/www.manaus.am.gov.br\/immu\/wp-content\/uploads\/sites\/14\/2023\/11\/WhatsApp-Image-2023-11-09-at-15.13.58.jpeg","datePublished":"2023-11-09T23:35:50+00:00","dateModified":"2023-11-09T23:35:50+00:00","author":{"@id":"https:\/\/www.manaus.am.gov.br\/immu\/#\/schema\/person\/4eea2a8f78dc853097abb026f728aa06"},"breadcrumb":{"@id":"https:\/\/www.manaus.am.gov.br\/immu\/estrategia\/prefeitura-de-manaus-discute-mobilidade-urbana-voltada-a-pessoa-idosa\/#breadcrumb"},"inLanguage":"pt-BR","potentialAction":[{"@type":"ReadAction","target":["https:\/\/www.manaus.am.gov.br\/immu\/estrategia\/prefeitura-de-manaus-discute-mobilidade-urbana-voltada-a-pessoa-idosa\/"]}]},{"@type":"ImageObject","inLanguage":"pt-BR","@id":"https:\/\/www.manaus.am.gov.br\/immu\/estrategia\/prefeitura-de-manaus-discute-mobilidade-urbana-voltada-a-pessoa-idosa\/#primaryimage","url":"https:\/\/www.manaus.am.gov.br\/immu\/wp-content\/uploads\/sites\/14\/2023\/11\/WhatsApp-Image-2023-11-09-at-15.13.58.jpeg","contentUrl":"https:\/\/www.manaus.am.gov.br\/immu\/wp-content\/uploads\/sites\/14\/2023\/11\/WhatsApp-Image-2023-11-09-at-15.13.58.jpeg","width":3984,"height":2656,"caption":"#paratodosverem - Em roda de conversa, v\u00e1rias pessoas idosas sentadas, prestam aten\u00e7\u00e3o a um homem que est\u00e1 palestrando e de p\u00e9. Ele usa uma camisa de manga comprida branca e uma cal\u00e7a comprida preta"},{"@type":"BreadcrumbList","@id":"https:\/\/www.manaus.am.gov.br\/immu\/estrategia\/prefeitura-de-manaus-discute-mobilidade-urbana-voltada-a-pessoa-idosa\/#breadcrumb","itemListElement":[{"@type":"ListItem","position":1,"name":"Home","item":"https:\/\/www.manaus.am.gov.br\/immu\/"},{"@type":"ListItem","position":2,"name":"Prefeitura de Manaus discute mobilidade urbana voltada \u00e0 pessoa idosa"}]},{"@type":"WebSite","@id":"https:\/\/www.manaus.am.gov.br\/immu\/#website","url":"https:\/\/www.manaus.am.gov.br\/immu\/","name":"IMMU","description":"Prefeitura de Manaus","potentialAction":[{"@type":"SearchAction","target":{"@type":"EntryPoint","urlTemplate":"https:\/\/www.manaus.am.gov.br\/immu\/?s={search_term_string}"},"query-input":"required name=search_term_string"}],"inLanguage":"pt-BR"},{"@type":"Person","@id":"https:\/\/www.manaus.am.gov.br\/immu\/#\/schema\/person\/4eea2a8f78dc853097abb026f728aa06","name":"Renata Felix","image":{"@type":"ImageObject","inLanguage":"pt-BR","@id":"https:\/\/www.manaus.am.gov.br\/immu\/#\/schema\/person\/image\/","url":"https:\/\/secure.gravatar.com\/avatar\/3c196cf9d3b837b24c8edb2c50fd8f29?s=96&d=mm&r=g","contentUrl":"https:\/\/secure.gravatar.com\/avatar\/3c196cf9d3b837b24c8edb2c50fd8f29?s=96&d=mm&r=g","caption":"Renata Felix"}}]}},"_links":{"self":[{"href":"https:\/\/www.manaus.am.gov.br\/immu\/wp-json\/wp\/v2\/posts\/1450"}],"collection":[{"href":"https:\/\/www.manaus.am.gov.br\/immu\/wp-json\/wp\/v2\/posts"}],"about":[{"href":"https:\/\/www.manaus.am.gov.br\/immu\/wp-json\/wp\/v2\/types\/post"}],"author":[{"embeddable":true,"href":"https:\/\/www.manaus.am.gov.br\/immu\/wp-json\/wp\/v2\/users\/31"}],"replies":[{"embeddable":true,"href":"https:\/\/www.manaus.am.gov.br\/immu\/wp-json\/wp\/v2\/comments?post=1450"}],"version-history":[{"count":1,"href":"https:\/\/www.manaus.am.gov.br\/immu\/wp-json\/wp\/v2\/posts\/1450\/revisions"}],"predecessor-version":[{"id":1453,"href":"https:\/\/www.manaus.am.gov.br\/immu\/wp-json\/wp\/v2\/posts\/1450\/revisions\/1453"}],"wp:featuredmedia":[{"embeddable":true,"href":"https:\/\/www.manaus.am.gov.br\/immu\/wp-json\/wp\/v2\/media\/1452"}],"wp:attachment":[{"href":"https:\/\/www.manaus.am.gov.br\/immu\/wp-json\/wp\/v2\/media?parent=1450"}],"wp:term":[{"taxonomy":"category","embeddable":true,"href":"https:\/\/www.manaus.am.gov.br\/immu\/wp-json\/wp\/v2\/categories?post=1450"},{"taxonomy":"post_tag","embeddable":true,"href":"https:\/\/www.manaus.am.gov.br\/immu\/wp-json\/wp\/v2\/tags?post=1450"}],"curies":[{"name":"wp","href":"https:\/\/api.w.org\/{rel}","templated":true}]}}