{"id":1437,"date":"2023-11-06T16:07:08","date_gmt":"2023-11-06T20:07:08","guid":{"rendered":"https:\/\/www.manaus.am.gov.br\/immu\/sem-categoria\/prefeitura-fiscaliza-e-autua-mais-de-cem-veiculos-por-estacionamento-irregular-na-zona-sul-de-manaus\/"},"modified":"2023-11-06T16:07:09","modified_gmt":"2023-11-06T20:07:09","slug":"prefeitura-fiscaliza-e-autua-mais-de-cem-veiculos-por-estacionamento-irregular-na-zona-sul-de-manaus","status":"publish","type":"post","link":"https:\/\/www.manaus.am.gov.br\/immu\/operacao\/prefeitura-fiscaliza-e-autua-mais-de-cem-veiculos-por-estacionamento-irregular-na-zona-sul-de-manaus\/","title":{"rendered":"<strong>Prefeitura fiscaliza e autua mais de cem ve\u00edculos por estacionamento irregular na zona Sul de Manaus<\/strong>"},"content":{"rendered":"\n<p>Promover a circula\u00e7\u00e3o de ve\u00edculos com seguran\u00e7a nas vias da cidade foi o objetivo da Prefeitura de Manaus, por meio do Instituto Municipal de Mobilidade Urbana (IMMU), que intensificou nesta segunda-feira, 6\/11, a fiscaliza\u00e7\u00e3o de estacionamentos no Centro. A opera\u00e7\u00e3o resultou na autua\u00e7\u00e3o de 120 ve\u00edculos por irregularidade. As infra\u00e7\u00f5es constatadas refletem um desrespeito recorrente \u00e0s normas de tr\u00e2nsito que comprometem a fluidez e a seguran\u00e7a vi\u00e1ria.<\/p>\n\n\n\n<p>&#8220;A fiscaliza\u00e7\u00e3o de hoje \u00e9 um claro exemplo do nosso compromisso cont\u00ednuo com a ordem no tr\u00e2nsito e a seguran\u00e7a dos cidad\u00e3os de Manaus. N\u00e3o \u00e9 apenas sobre aplicar multas, mas sobre educar e conscientizar os motoristas para que respeitem as regras de estacionamento. Cada espa\u00e7o ocupado de forma irregular pode significar um risco para a seguran\u00e7a ou um impedimento para a mobilidade urbana. Estamos aqui para garantir que as leis sejam cumpridas, assegurando assim uma cidade mais organizada e transit\u00e1vel para todos&#8221;, enfatizou Stanley Ventilari, diretor de Opera\u00e7\u00f5es do IMMU.<\/p>\n\n\n\n<p>Entre as irregularidades mais flagradas est\u00e3o ve\u00edculos estacionados em locais proibidos, configurando n\u00e3o apenas uma infra\u00e7\u00e3o, mas um risco \u00e0 seguran\u00e7a, pois obstruem a visibilidade e o fluxo seguro de pedestres e outros ve\u00edculos. A pr\u00e1tica de estacionar em fila dupla, outra viola\u00e7\u00e3o comum, cria obst\u00e1culos adicionais, especialmente em vias de grande circula\u00e7\u00e3o, prejudicando a mobilidade urbana e podendo causar congestionamentos.<\/p>\n\n\n\n<p>Outro ponto cr\u00edtico observado foi o desrespeito \u00e0 dist\u00e2ncia m\u00ednima de cinco metros da esquina, ao estacionar. Essa medida \u00e9 crucial para garantir que ve\u00edculos em manobra possam ter visibilidade adequada, evitando colis\u00f5es. Al\u00e9m disso, o estacionamento em vagas exclusivas para carro-forte e em \u00e1reas de estacionamento rotativo sem o devido pagamento ou autoriza\u00e7\u00e3o tamb\u00e9m foram alvo das autua\u00e7\u00f5es.<\/p>\n\n\n\n<p>Essas a\u00e7\u00f5es de fiscaliza\u00e7\u00e3o s\u00e3o essenciais para assegurar a ordem no tr\u00e2nsito e a utiliza\u00e7\u00e3o democr\u00e1tica do espa\u00e7o p\u00fablico. A Prefeitura de Manaus e o IMMU refor\u00e7am a necessidade de conscientiza\u00e7\u00e3o dos motoristas sobre as regras de estacionamento, visando n\u00e3o apenas evitar multas, mas principalmente promover um tr\u00e2nsito mais seguro e eficiente para todos.<\/p>\n\n\n\n<p>&#8212; &#8212; &#8212;<\/p>\n\n\n\n<p><strong>Texto<\/strong>&nbsp;\u2013 Marcelo Lima \/ IMMU<\/p>\n\n\n\n<p><strong>Foto<\/strong>\u00a0\u2013 Divulga\u00e7\u00e3o \/ IMMU<\/p>\n","protected":false},"excerpt":{"rendered":"","protected":false},"author":31,"featured_media":1438,"comment_status":"closed","ping_status":"closed","sticky":false,"template":"","format":"standard","meta":{"footnotes":""},"categories":[22],"tags":[965,238,53,239],"acf":[],"yoast_head":"<!-- This site is optimized with the Yoast SEO plugin v23.0 - https:\/\/yoast.com\/wordpress\/plugins\/seo\/ -->\n<title>Prefeitura fiscaliza e autua mais de cem ve\u00edculos por estacionamento irregular na zona Sul de Manaus - IMMU<\/title>\n<meta name=\"robots\" content=\"noindex, follow\" \/>\n<meta property=\"og:locale\" content=\"pt_BR\" \/>\n<meta property=\"og:type\" content=\"article\" \/>\n<meta property=\"og:title\" content=\"Prefeitura fiscaliza e autua mais de cem ve\u00edculos por estacionamento irregular na zona Sul de Manaus - IMMU\" \/>\n<meta property=\"og:url\" content=\"https:\/\/www.manaus.am.gov.br\/immu\/operacao\/prefeitura-fiscaliza-e-autua-mais-de-cem-veiculos-por-estacionamento-irregular-na-zona-sul-de-manaus\/\" \/>\n<meta property=\"og:site_name\" content=\"IMMU\" \/>\n<meta property=\"article:published_time\" content=\"2023-11-06T20:07:08+00:00\" \/>\n<meta property=\"article:modified_time\" content=\"2023-11-06T20:07:09+00:00\" \/>\n<meta property=\"og:image\" content=\"https:\/\/www.manaus.am.gov.br\/immu\/wp-content\/uploads\/sites\/14\/2023\/11\/OPERACAO.jpeg\" \/>\n\t<meta property=\"og:image:width\" content=\"1040\" \/>\n\t<meta property=\"og:image:height\" content=\"780\" \/>\n\t<meta property=\"og:image:type\" content=\"image\/jpeg\" \/>\n<meta name=\"author\" content=\"Renata Felix\" \/>\n<meta name=\"twitter:card\" content=\"summary_large_image\" \/>\n<meta name=\"twitter:label1\" content=\"Written by\" \/>\n\t<meta name=\"twitter:data1\" content=\"Renata Felix\" \/>\n\t<meta name=\"twitter:label2\" content=\"Est. reading time\" \/>\n\t<meta name=\"twitter:data2\" content=\"2 minutos\" \/>\n<script type=\"application\/ld+json\" class=\"yoast-schema-graph\">{\"@context\":\"https:\/\/schema.org\",\"@graph\":[{\"@type\":\"WebPage\",\"@id\":\"https:\/\/www.manaus.am.gov.br\/immu\/operacao\/prefeitura-fiscaliza-e-autua-mais-de-cem-veiculos-por-estacionamento-irregular-na-zona-sul-de-manaus\/\",\"url\":\"https:\/\/www.manaus.am.gov.br\/immu\/operacao\/prefeitura-fiscaliza-e-autua-mais-de-cem-veiculos-por-estacionamento-irregular-na-zona-sul-de-manaus\/\",\"name\":\"Prefeitura fiscaliza e autua mais de cem ve\u00edculos por estacionamento irregular na zona Sul de Manaus - IMMU\",\"isPartOf\":{\"@id\":\"https:\/\/www.manaus.am.gov.br\/immu\/#website\"},\"primaryImageOfPage\":{\"@id\":\"https:\/\/www.manaus.am.gov.br\/immu\/operacao\/prefeitura-fiscaliza-e-autua-mais-de-cem-veiculos-por-estacionamento-irregular-na-zona-sul-de-manaus\/#primaryimage\"},\"image\":{\"@id\":\"https:\/\/www.manaus.am.gov.br\/immu\/operacao\/prefeitura-fiscaliza-e-autua-mais-de-cem-veiculos-por-estacionamento-irregular-na-zona-sul-de-manaus\/#primaryimage\"},\"thumbnailUrl\":\"https:\/\/www.manaus.am.gov.br\/immu\/wp-content\/uploads\/sites\/14\/2023\/11\/OPERACAO.jpeg\",\"datePublished\":\"2023-11-06T20:07:08+00:00\",\"dateModified\":\"2023-11-06T20:07:09+00:00\",\"author\":{\"@id\":\"https:\/\/www.manaus.am.gov.br\/immu\/#\/schema\/person\/4eea2a8f78dc853097abb026f728aa06\"},\"breadcrumb\":{\"@id\":\"https:\/\/www.manaus.am.gov.br\/immu\/operacao\/prefeitura-fiscaliza-e-autua-mais-de-cem-veiculos-por-estacionamento-irregular-na-zona-sul-de-manaus\/#breadcrumb\"},\"inLanguage\":\"pt-BR\",\"potentialAction\":[{\"@type\":\"ReadAction\",\"target\":[\"https:\/\/www.manaus.am.gov.br\/immu\/operacao\/prefeitura-fiscaliza-e-autua-mais-de-cem-veiculos-por-estacionamento-irregular-na-zona-sul-de-manaus\/\"]}]},{\"@type\":\"ImageObject\",\"inLanguage\":\"pt-BR\",\"@id\":\"https:\/\/www.manaus.am.gov.br\/immu\/operacao\/prefeitura-fiscaliza-e-autua-mais-de-cem-veiculos-por-estacionamento-irregular-na-zona-sul-de-manaus\/#primaryimage\",\"url\":\"https:\/\/www.manaus.am.gov.br\/immu\/wp-content\/uploads\/sites\/14\/2023\/11\/OPERACAO.jpeg\",\"contentUrl\":\"https:\/\/www.manaus.am.gov.br\/immu\/wp-content\/uploads\/sites\/14\/2023\/11\/OPERACAO.jpeg\",\"width\":1040,\"height\":780},{\"@type\":\"BreadcrumbList\",\"@id\":\"https:\/\/www.manaus.am.gov.br\/immu\/operacao\/prefeitura-fiscaliza-e-autua-mais-de-cem-veiculos-por-estacionamento-irregular-na-zona-sul-de-manaus\/#breadcrumb\",\"itemListElement\":[{\"@type\":\"ListItem\",\"position\":1,\"name\":\"Home\",\"item\":\"https:\/\/www.manaus.am.gov.br\/immu\/\"},{\"@type\":\"ListItem\",\"position\":2,\"name\":\"Prefeitura fiscaliza e autua mais de cem ve\u00edculos por estacionamento irregular na zona Sul de Manaus\"}]},{\"@type\":\"WebSite\",\"@id\":\"https:\/\/www.manaus.am.gov.br\/immu\/#website\",\"url\":\"https:\/\/www.manaus.am.gov.br\/immu\/\",\"name\":\"IMMU\",\"description\":\"Prefeitura de Manaus\",\"potentialAction\":[{\"@type\":\"SearchAction\",\"target\":{\"@type\":\"EntryPoint\",\"urlTemplate\":\"https:\/\/www.manaus.am.gov.br\/immu\/?s={search_term_string}\"},\"query-input\":\"required name=search_term_string\"}],\"inLanguage\":\"pt-BR\"},{\"@type\":\"Person\",\"@id\":\"https:\/\/www.manaus.am.gov.br\/immu\/#\/schema\/person\/4eea2a8f78dc853097abb026f728aa06\",\"name\":\"Renata Felix\",\"image\":{\"@type\":\"ImageObject\",\"inLanguage\":\"pt-BR\",\"@id\":\"https:\/\/www.manaus.am.gov.br\/immu\/#\/schema\/person\/image\/\",\"url\":\"https:\/\/secure.gravatar.com\/avatar\/3c196cf9d3b837b24c8edb2c50fd8f29?s=96&d=mm&r=g\",\"contentUrl\":\"https:\/\/secure.gravatar.com\/avatar\/3c196cf9d3b837b24c8edb2c50fd8f29?s=96&d=mm&r=g\",\"caption\":\"Renata Felix\"}}]}<\/script>\n<!-- \/ Yoast SEO plugin. -->","yoast_head_json":{"title":"Prefeitura fiscaliza e autua mais de cem ve\u00edculos por estacionamento irregular na zona Sul de Manaus - IMMU","robots":{"index":"noindex","follow":"follow"},"og_locale":"pt_BR","og_type":"article","og_title":"Prefeitura fiscaliza e autua mais de cem ve\u00edculos por estacionamento irregular na zona Sul de Manaus - IMMU","og_url":"https:\/\/www.manaus.am.gov.br\/immu\/operacao\/prefeitura-fiscaliza-e-autua-mais-de-cem-veiculos-por-estacionamento-irregular-na-zona-sul-de-manaus\/","og_site_name":"IMMU","article_published_time":"2023-11-06T20:07:08+00:00","article_modified_time":"2023-11-06T20:07:09+00:00","og_image":[{"width":1040,"height":780,"url":"https:\/\/www.manaus.am.gov.br\/immu\/wp-content\/uploads\/sites\/14\/2023\/11\/OPERACAO.jpeg","type":"image\/jpeg"}],"author":"Renata Felix","twitter_card":"summary_large_image","twitter_misc":{"Written by":"Renata Felix","Est. reading time":"2 minutos"},"schema":{"@context":"https:\/\/schema.org","@graph":[{"@type":"WebPage","@id":"https:\/\/www.manaus.am.gov.br\/immu\/operacao\/prefeitura-fiscaliza-e-autua-mais-de-cem-veiculos-por-estacionamento-irregular-na-zona-sul-de-manaus\/","url":"https:\/\/www.manaus.am.gov.br\/immu\/operacao\/prefeitura-fiscaliza-e-autua-mais-de-cem-veiculos-por-estacionamento-irregular-na-zona-sul-de-manaus\/","name":"Prefeitura fiscaliza e autua mais de cem ve\u00edculos por estacionamento irregular na zona Sul de Manaus - IMMU","isPartOf":{"@id":"https:\/\/www.manaus.am.gov.br\/immu\/#website"},"primaryImageOfPage":{"@id":"https:\/\/www.manaus.am.gov.br\/immu\/operacao\/prefeitura-fiscaliza-e-autua-mais-de-cem-veiculos-por-estacionamento-irregular-na-zona-sul-de-manaus\/#primaryimage"},"image":{"@id":"https:\/\/www.manaus.am.gov.br\/immu\/operacao\/prefeitura-fiscaliza-e-autua-mais-de-cem-veiculos-por-estacionamento-irregular-na-zona-sul-de-manaus\/#primaryimage"},"thumbnailUrl":"https:\/\/www.manaus.am.gov.br\/immu\/wp-content\/uploads\/sites\/14\/2023\/11\/OPERACAO.jpeg","datePublished":"2023-11-06T20:07:08+00:00","dateModified":"2023-11-06T20:07:09+00:00","author":{"@id":"https:\/\/www.manaus.am.gov.br\/immu\/#\/schema\/person\/4eea2a8f78dc853097abb026f728aa06"},"breadcrumb":{"@id":"https:\/\/www.manaus.am.gov.br\/immu\/operacao\/prefeitura-fiscaliza-e-autua-mais-de-cem-veiculos-por-estacionamento-irregular-na-zona-sul-de-manaus\/#breadcrumb"},"inLanguage":"pt-BR","potentialAction":[{"@type":"ReadAction","target":["https:\/\/www.manaus.am.gov.br\/immu\/operacao\/prefeitura-fiscaliza-e-autua-mais-de-cem-veiculos-por-estacionamento-irregular-na-zona-sul-de-manaus\/"]}]},{"@type":"ImageObject","inLanguage":"pt-BR","@id":"https:\/\/www.manaus.am.gov.br\/immu\/operacao\/prefeitura-fiscaliza-e-autua-mais-de-cem-veiculos-por-estacionamento-irregular-na-zona-sul-de-manaus\/#primaryimage","url":"https:\/\/www.manaus.am.gov.br\/immu\/wp-content\/uploads\/sites\/14\/2023\/11\/OPERACAO.jpeg","contentUrl":"https:\/\/www.manaus.am.gov.br\/immu\/wp-content\/uploads\/sites\/14\/2023\/11\/OPERACAO.jpeg","width":1040,"height":780},{"@type":"BreadcrumbList","@id":"https:\/\/www.manaus.am.gov.br\/immu\/operacao\/prefeitura-fiscaliza-e-autua-mais-de-cem-veiculos-por-estacionamento-irregular-na-zona-sul-de-manaus\/#breadcrumb","itemListElement":[{"@type":"ListItem","position":1,"name":"Home","item":"https:\/\/www.manaus.am.gov.br\/immu\/"},{"@type":"ListItem","position":2,"name":"Prefeitura fiscaliza e autua mais de cem ve\u00edculos por estacionamento irregular na zona Sul de Manaus"}]},{"@type":"WebSite","@id":"https:\/\/www.manaus.am.gov.br\/immu\/#website","url":"https:\/\/www.manaus.am.gov.br\/immu\/","name":"IMMU","description":"Prefeitura de Manaus","potentialAction":[{"@type":"SearchAction","target":{"@type":"EntryPoint","urlTemplate":"https:\/\/www.manaus.am.gov.br\/immu\/?s={search_term_string}"},"query-input":"required name=search_term_string"}],"inLanguage":"pt-BR"},{"@type":"Person","@id":"https:\/\/www.manaus.am.gov.br\/immu\/#\/schema\/person\/4eea2a8f78dc853097abb026f728aa06","name":"Renata Felix","image":{"@type":"ImageObject","inLanguage":"pt-BR","@id":"https:\/\/www.manaus.am.gov.br\/immu\/#\/schema\/person\/image\/","url":"https:\/\/secure.gravatar.com\/avatar\/3c196cf9d3b837b24c8edb2c50fd8f29?s=96&d=mm&r=g","contentUrl":"https:\/\/secure.gravatar.com\/avatar\/3c196cf9d3b837b24c8edb2c50fd8f29?s=96&d=mm&r=g","caption":"Renata Felix"}}]}},"_links":{"self":[{"href":"https:\/\/www.manaus.am.gov.br\/immu\/wp-json\/wp\/v2\/posts\/1437"}],"collection":[{"href":"https:\/\/www.manaus.am.gov.br\/immu\/wp-json\/wp\/v2\/posts"}],"about":[{"href":"https:\/\/www.manaus.am.gov.br\/immu\/wp-json\/wp\/v2\/types\/post"}],"author":[{"embeddable":true,"href":"https:\/\/www.manaus.am.gov.br\/immu\/wp-json\/wp\/v2\/users\/31"}],"replies":[{"embeddable":true,"href":"https:\/\/www.manaus.am.gov.br\/immu\/wp-json\/wp\/v2\/comments?post=1437"}],"version-history":[{"count":0,"href":"https:\/\/www.manaus.am.gov.br\/immu\/wp-json\/wp\/v2\/posts\/1437\/revisions"}],"wp:featuredmedia":[{"embeddable":true,"href":"https:\/\/www.manaus.am.gov.br\/immu\/wp-json\/wp\/v2\/media\/1438"}],"wp:attachment":[{"href":"https:\/\/www.manaus.am.gov.br\/immu\/wp-json\/wp\/v2\/media?parent=1437"}],"wp:term":[{"taxonomy":"category","embeddable":true,"href":"https:\/\/www.manaus.am.gov.br\/immu\/wp-json\/wp\/v2\/categories?post=1437"},{"taxonomy":"post_tag","embeddable":true,"href":"https:\/\/www.manaus.am.gov.br\/immu\/wp-json\/wp\/v2\/tags?post=1437"}],"curies":[{"name":"wp","href":"https:\/\/api.w.org\/{rel}","templated":true}]}}