{"id":1410,"date":"2023-10-26T14:01:25","date_gmt":"2023-10-26T18:01:25","guid":{"rendered":"https:\/\/www.manaus.am.gov.br\/immu\/sem-categoria\/prefeitura-realiza-reuniao-para-tracar-melhorias-na-mobilidade-urbana-da-zona-leste\/"},"modified":"2023-10-26T14:01:26","modified_gmt":"2023-10-26T18:01:26","slug":"prefeitura-realiza-reuniao-para-tracar-melhorias-na-mobilidade-urbana-da-zona-leste","status":"publish","type":"post","link":"https:\/\/www.manaus.am.gov.br\/immu\/transporte\/prefeitura-realiza-reuniao-para-tracar-melhorias-na-mobilidade-urbana-da-zona-leste\/","title":{"rendered":"<strong>Prefeitura realiza reuni\u00e3o para tra\u00e7ar melhorias na mobilidade urbana da zona Leste<\/strong>"},"content":{"rendered":"\n<p>Com uma popula\u00e7\u00e3o de aproximadamente 550 mil pessoas, a zona Leste \u00e9 a segunda \u00e1rea mais populosa de Manaus. Por m\u00eas, s\u00e3o registradas mais de 2,7 milh\u00f5es de passagens no sistema p\u00fablico de transporte. Para atender as demandas da \u00e1rea, a Prefeitura de Manaus, via Instituto de Mobilidade Urbana (IMMU), realizou a primeira reuni\u00e3o do ciclo de encontros com l\u00edderes comunit\u00e1rios. A reuni\u00e3o ocorreu, nesta quarta-feira, 25\/10, no Ceti Elisa Bessa Freire, no bairro Jorge Teixeira. O encontro definiu os rumos e objetivos a serem cumpridos com a finalidade de melhorar a mobilidade urbana e a qualidade dos servi\u00e7os oferecidos aos moradores da \u00e1rea.<\/p>\n\n\n\n<p>Durante o evento, o diretor-presidente do IMMU, Paulo Henrique Martins, explicou a motiva\u00e7\u00e3o das reuni\u00f5es. \u201c\u00c9 o momento para estreitar as rela\u00e7\u00f5es da comunidade com o \u00f3rg\u00e3o. Aqui, foram discutidas as melhorias para o transporte p\u00fablico da regi\u00e3o, assim como para o tr\u00e2nsito de toda a \u00e1rea. N\u00f3s queremos que a Prefeitura de Manaus esteja mais pr\u00f3xima das comunidades. Precisamos ouvir essas pessoas, porque, a partir da\u00ed, teremos muito mais seguran\u00e7a nas a\u00e7\u00f5es que estamos fazendo\u201d, explicou o gestor.<\/p>\n\n\n\n<p>Como pr\u00f3ximo passo, na segunda-feira, 30\/10, t\u00e9cnicos do \u00f3rg\u00e3o, das \u00e1reas de Engenharia e Sinaliza\u00e7\u00e3o, acompanhar\u00e3o os l\u00edderes comunit\u00e1rios em uma visita aos locais onde, segundo os moradores, apresentam maiores problemas relacionados \u00e0 mobilidade.<\/p>\n\n\n\n<p>Presente na reuni\u00e3o, o l\u00edder comunit\u00e1rio e diretor da r\u00e1dio \u201cVoz das Comunidades&#8221;, Manuel de Jesus, destacou a import\u00e2ncia da aproxima\u00e7\u00e3o da prefeitura com os moradores. \u201cAqui, est\u00e3o v\u00e1rias lideran\u00e7as das comunidades dessa regi\u00e3o. Hoje, discutimos melhorias para o transporte p\u00fablico, quest\u00f5es relacionadas \u00e0 constru\u00e7\u00e3o de paradas de \u00f4nibus, implanta\u00e7\u00e3o de quebra-molas, sinaliza\u00e7\u00e3o, e a quest\u00e3o dos \u201camarelinhos\u201d, que \u00e9 algo de extrema import\u00e2ncia. Com a prefeitura dentro da comunidade, ouvindo, de forma direta, nossas reivindica\u00e7\u00f5es e sugest\u00f5es \u00e9 que podemos, de fato, melhorar a vida de quem mora nessas \u00e1reas\u201d.<\/p>\n\n\n\n<p>&#8212; &#8212; &#8212;<\/p>\n\n\n\n<p><strong>Texto<\/strong>&nbsp;&#8211; Naira Nascimento\/IMMU<\/p>\n\n\n\n<p><strong>Fotos<\/strong>&nbsp;&#8211; Karol Silva\/IMMU<\/p>\n","protected":false},"excerpt":{"rendered":"","protected":false},"author":23,"featured_media":1411,"comment_status":"closed","ping_status":"closed","sticky":false,"template":"","format":"standard","meta":{"footnotes":""},"categories":[93],"tags":[945,6,8,137,115],"acf":[],"yoast_head":"<!-- This site is optimized with the Yoast SEO plugin v23.0 - https:\/\/yoast.com\/wordpress\/plugins\/seo\/ -->\n<title>Prefeitura realiza reuni\u00e3o para tra\u00e7ar melhorias na mobilidade urbana da zona Leste - IMMU<\/title>\n<meta name=\"robots\" content=\"noindex, follow\" \/>\n<meta property=\"og:locale\" content=\"pt_BR\" \/>\n<meta property=\"og:type\" content=\"article\" \/>\n<meta property=\"og:title\" content=\"Prefeitura realiza reuni\u00e3o para tra\u00e7ar melhorias na mobilidade urbana da zona Leste - IMMU\" \/>\n<meta property=\"og:url\" content=\"https:\/\/www.manaus.am.gov.br\/immu\/transporte\/prefeitura-realiza-reuniao-para-tracar-melhorias-na-mobilidade-urbana-da-zona-leste\/\" \/>\n<meta property=\"og:site_name\" content=\"IMMU\" \/>\n<meta property=\"article:published_time\" content=\"2023-10-26T18:01:25+00:00\" \/>\n<meta property=\"article:modified_time\" content=\"2023-10-26T18:01:26+00:00\" \/>\n<meta property=\"og:image\" content=\"https:\/\/www.manaus.am.gov.br\/immu\/wp-content\/uploads\/sites\/14\/2023\/10\/381c7c7f-786b-4243-b3c0-fa5311739fcd.jpeg\" \/>\n\t<meta property=\"og:image:width\" content=\"1280\" \/>\n\t<meta property=\"og:image:height\" content=\"960\" \/>\n\t<meta property=\"og:image:type\" content=\"image\/jpeg\" \/>\n<meta name=\"author\" content=\"Adriana Costa\" \/>\n<meta name=\"twitter:card\" content=\"summary_large_image\" \/>\n<meta name=\"twitter:label1\" content=\"Written by\" \/>\n\t<meta name=\"twitter:data1\" content=\"Adriana Costa\" \/>\n\t<meta name=\"twitter:label2\" content=\"Est. reading time\" \/>\n\t<meta name=\"twitter:data2\" content=\"2 minutos\" \/>\n<script type=\"application\/ld+json\" class=\"yoast-schema-graph\">{\"@context\":\"https:\/\/schema.org\",\"@graph\":[{\"@type\":\"WebPage\",\"@id\":\"https:\/\/www.manaus.am.gov.br\/immu\/transporte\/prefeitura-realiza-reuniao-para-tracar-melhorias-na-mobilidade-urbana-da-zona-leste\/\",\"url\":\"https:\/\/www.manaus.am.gov.br\/immu\/transporte\/prefeitura-realiza-reuniao-para-tracar-melhorias-na-mobilidade-urbana-da-zona-leste\/\",\"name\":\"Prefeitura realiza reuni\u00e3o para tra\u00e7ar melhorias na mobilidade urbana da zona Leste - IMMU\",\"isPartOf\":{\"@id\":\"https:\/\/www.manaus.am.gov.br\/immu\/#website\"},\"primaryImageOfPage\":{\"@id\":\"https:\/\/www.manaus.am.gov.br\/immu\/transporte\/prefeitura-realiza-reuniao-para-tracar-melhorias-na-mobilidade-urbana-da-zona-leste\/#primaryimage\"},\"image\":{\"@id\":\"https:\/\/www.manaus.am.gov.br\/immu\/transporte\/prefeitura-realiza-reuniao-para-tracar-melhorias-na-mobilidade-urbana-da-zona-leste\/#primaryimage\"},\"thumbnailUrl\":\"https:\/\/www.manaus.am.gov.br\/immu\/wp-content\/uploads\/sites\/14\/2023\/10\/381c7c7f-786b-4243-b3c0-fa5311739fcd.jpeg\",\"datePublished\":\"2023-10-26T18:01:25+00:00\",\"dateModified\":\"2023-10-26T18:01:26+00:00\",\"author\":{\"@id\":\"https:\/\/www.manaus.am.gov.br\/immu\/#\/schema\/person\/4e49f4e267757a06ca072ec61b2b9968\"},\"breadcrumb\":{\"@id\":\"https:\/\/www.manaus.am.gov.br\/immu\/transporte\/prefeitura-realiza-reuniao-para-tracar-melhorias-na-mobilidade-urbana-da-zona-leste\/#breadcrumb\"},\"inLanguage\":\"pt-BR\",\"potentialAction\":[{\"@type\":\"ReadAction\",\"target\":[\"https:\/\/www.manaus.am.gov.br\/immu\/transporte\/prefeitura-realiza-reuniao-para-tracar-melhorias-na-mobilidade-urbana-da-zona-leste\/\"]}]},{\"@type\":\"ImageObject\",\"inLanguage\":\"pt-BR\",\"@id\":\"https:\/\/www.manaus.am.gov.br\/immu\/transporte\/prefeitura-realiza-reuniao-para-tracar-melhorias-na-mobilidade-urbana-da-zona-leste\/#primaryimage\",\"url\":\"https:\/\/www.manaus.am.gov.br\/immu\/wp-content\/uploads\/sites\/14\/2023\/10\/381c7c7f-786b-4243-b3c0-fa5311739fcd.jpeg\",\"contentUrl\":\"https:\/\/www.manaus.am.gov.br\/immu\/wp-content\/uploads\/sites\/14\/2023\/10\/381c7c7f-786b-4243-b3c0-fa5311739fcd.jpeg\",\"width\":1280,\"height\":960,\"caption\":\"Comunit\u00e1rios da zona Leste s\u00e3o ouvidos pela Prefeitura de Manaus\"},{\"@type\":\"BreadcrumbList\",\"@id\":\"https:\/\/www.manaus.am.gov.br\/immu\/transporte\/prefeitura-realiza-reuniao-para-tracar-melhorias-na-mobilidade-urbana-da-zona-leste\/#breadcrumb\",\"itemListElement\":[{\"@type\":\"ListItem\",\"position\":1,\"name\":\"Home\",\"item\":\"https:\/\/www.manaus.am.gov.br\/immu\/\"},{\"@type\":\"ListItem\",\"position\":2,\"name\":\"Prefeitura realiza reuni\u00e3o para tra\u00e7ar melhorias na mobilidade urbana da zona Leste\"}]},{\"@type\":\"WebSite\",\"@id\":\"https:\/\/www.manaus.am.gov.br\/immu\/#website\",\"url\":\"https:\/\/www.manaus.am.gov.br\/immu\/\",\"name\":\"IMMU\",\"description\":\"Prefeitura de Manaus\",\"potentialAction\":[{\"@type\":\"SearchAction\",\"target\":{\"@type\":\"EntryPoint\",\"urlTemplate\":\"https:\/\/www.manaus.am.gov.br\/immu\/?s={search_term_string}\"},\"query-input\":\"required name=search_term_string\"}],\"inLanguage\":\"pt-BR\"},{\"@type\":\"Person\",\"@id\":\"https:\/\/www.manaus.am.gov.br\/immu\/#\/schema\/person\/4e49f4e267757a06ca072ec61b2b9968\",\"name\":\"Adriana Costa\",\"image\":{\"@type\":\"ImageObject\",\"inLanguage\":\"pt-BR\",\"@id\":\"https:\/\/www.manaus.am.gov.br\/immu\/#\/schema\/person\/image\/\",\"url\":\"https:\/\/secure.gravatar.com\/avatar\/576258617ef7194f718179e766d57bd4?s=96&d=mm&r=g\",\"contentUrl\":\"https:\/\/secure.gravatar.com\/avatar\/576258617ef7194f718179e766d57bd4?s=96&d=mm&r=g\",\"caption\":\"Adriana Costa\"}}]}<\/script>\n<!-- \/ Yoast SEO plugin. -->","yoast_head_json":{"title":"Prefeitura realiza reuni\u00e3o para tra\u00e7ar melhorias na mobilidade urbana da zona Leste - IMMU","robots":{"index":"noindex","follow":"follow"},"og_locale":"pt_BR","og_type":"article","og_title":"Prefeitura realiza reuni\u00e3o para tra\u00e7ar melhorias na mobilidade urbana da zona Leste - IMMU","og_url":"https:\/\/www.manaus.am.gov.br\/immu\/transporte\/prefeitura-realiza-reuniao-para-tracar-melhorias-na-mobilidade-urbana-da-zona-leste\/","og_site_name":"IMMU","article_published_time":"2023-10-26T18:01:25+00:00","article_modified_time":"2023-10-26T18:01:26+00:00","og_image":[{"width":1280,"height":960,"url":"https:\/\/www.manaus.am.gov.br\/immu\/wp-content\/uploads\/sites\/14\/2023\/10\/381c7c7f-786b-4243-b3c0-fa5311739fcd.jpeg","type":"image\/jpeg"}],"author":"Adriana Costa","twitter_card":"summary_large_image","twitter_misc":{"Written by":"Adriana Costa","Est. reading time":"2 minutos"},"schema":{"@context":"https:\/\/schema.org","@graph":[{"@type":"WebPage","@id":"https:\/\/www.manaus.am.gov.br\/immu\/transporte\/prefeitura-realiza-reuniao-para-tracar-melhorias-na-mobilidade-urbana-da-zona-leste\/","url":"https:\/\/www.manaus.am.gov.br\/immu\/transporte\/prefeitura-realiza-reuniao-para-tracar-melhorias-na-mobilidade-urbana-da-zona-leste\/","name":"Prefeitura realiza reuni\u00e3o para tra\u00e7ar melhorias na mobilidade urbana da zona Leste - IMMU","isPartOf":{"@id":"https:\/\/www.manaus.am.gov.br\/immu\/#website"},"primaryImageOfPage":{"@id":"https:\/\/www.manaus.am.gov.br\/immu\/transporte\/prefeitura-realiza-reuniao-para-tracar-melhorias-na-mobilidade-urbana-da-zona-leste\/#primaryimage"},"image":{"@id":"https:\/\/www.manaus.am.gov.br\/immu\/transporte\/prefeitura-realiza-reuniao-para-tracar-melhorias-na-mobilidade-urbana-da-zona-leste\/#primaryimage"},"thumbnailUrl":"https:\/\/www.manaus.am.gov.br\/immu\/wp-content\/uploads\/sites\/14\/2023\/10\/381c7c7f-786b-4243-b3c0-fa5311739fcd.jpeg","datePublished":"2023-10-26T18:01:25+00:00","dateModified":"2023-10-26T18:01:26+00:00","author":{"@id":"https:\/\/www.manaus.am.gov.br\/immu\/#\/schema\/person\/4e49f4e267757a06ca072ec61b2b9968"},"breadcrumb":{"@id":"https:\/\/www.manaus.am.gov.br\/immu\/transporte\/prefeitura-realiza-reuniao-para-tracar-melhorias-na-mobilidade-urbana-da-zona-leste\/#breadcrumb"},"inLanguage":"pt-BR","potentialAction":[{"@type":"ReadAction","target":["https:\/\/www.manaus.am.gov.br\/immu\/transporte\/prefeitura-realiza-reuniao-para-tracar-melhorias-na-mobilidade-urbana-da-zona-leste\/"]}]},{"@type":"ImageObject","inLanguage":"pt-BR","@id":"https:\/\/www.manaus.am.gov.br\/immu\/transporte\/prefeitura-realiza-reuniao-para-tracar-melhorias-na-mobilidade-urbana-da-zona-leste\/#primaryimage","url":"https:\/\/www.manaus.am.gov.br\/immu\/wp-content\/uploads\/sites\/14\/2023\/10\/381c7c7f-786b-4243-b3c0-fa5311739fcd.jpeg","contentUrl":"https:\/\/www.manaus.am.gov.br\/immu\/wp-content\/uploads\/sites\/14\/2023\/10\/381c7c7f-786b-4243-b3c0-fa5311739fcd.jpeg","width":1280,"height":960,"caption":"Comunit\u00e1rios da zona Leste s\u00e3o ouvidos pela Prefeitura de Manaus"},{"@type":"BreadcrumbList","@id":"https:\/\/www.manaus.am.gov.br\/immu\/transporte\/prefeitura-realiza-reuniao-para-tracar-melhorias-na-mobilidade-urbana-da-zona-leste\/#breadcrumb","itemListElement":[{"@type":"ListItem","position":1,"name":"Home","item":"https:\/\/www.manaus.am.gov.br\/immu\/"},{"@type":"ListItem","position":2,"name":"Prefeitura realiza reuni\u00e3o para tra\u00e7ar melhorias na mobilidade urbana da zona Leste"}]},{"@type":"WebSite","@id":"https:\/\/www.manaus.am.gov.br\/immu\/#website","url":"https:\/\/www.manaus.am.gov.br\/immu\/","name":"IMMU","description":"Prefeitura de Manaus","potentialAction":[{"@type":"SearchAction","target":{"@type":"EntryPoint","urlTemplate":"https:\/\/www.manaus.am.gov.br\/immu\/?s={search_term_string}"},"query-input":"required name=search_term_string"}],"inLanguage":"pt-BR"},{"@type":"Person","@id":"https:\/\/www.manaus.am.gov.br\/immu\/#\/schema\/person\/4e49f4e267757a06ca072ec61b2b9968","name":"Adriana Costa","image":{"@type":"ImageObject","inLanguage":"pt-BR","@id":"https:\/\/www.manaus.am.gov.br\/immu\/#\/schema\/person\/image\/","url":"https:\/\/secure.gravatar.com\/avatar\/576258617ef7194f718179e766d57bd4?s=96&d=mm&r=g","contentUrl":"https:\/\/secure.gravatar.com\/avatar\/576258617ef7194f718179e766d57bd4?s=96&d=mm&r=g","caption":"Adriana Costa"}}]}},"_links":{"self":[{"href":"https:\/\/www.manaus.am.gov.br\/immu\/wp-json\/wp\/v2\/posts\/1410"}],"collection":[{"href":"https:\/\/www.manaus.am.gov.br\/immu\/wp-json\/wp\/v2\/posts"}],"about":[{"href":"https:\/\/www.manaus.am.gov.br\/immu\/wp-json\/wp\/v2\/types\/post"}],"author":[{"embeddable":true,"href":"https:\/\/www.manaus.am.gov.br\/immu\/wp-json\/wp\/v2\/users\/23"}],"replies":[{"embeddable":true,"href":"https:\/\/www.manaus.am.gov.br\/immu\/wp-json\/wp\/v2\/comments?post=1410"}],"version-history":[{"count":0,"href":"https:\/\/www.manaus.am.gov.br\/immu\/wp-json\/wp\/v2\/posts\/1410\/revisions"}],"wp:featuredmedia":[{"embeddable":true,"href":"https:\/\/www.manaus.am.gov.br\/immu\/wp-json\/wp\/v2\/media\/1411"}],"wp:attachment":[{"href":"https:\/\/www.manaus.am.gov.br\/immu\/wp-json\/wp\/v2\/media?parent=1410"}],"wp:term":[{"taxonomy":"category","embeddable":true,"href":"https:\/\/www.manaus.am.gov.br\/immu\/wp-json\/wp\/v2\/categories?post=1410"},{"taxonomy":"post_tag","embeddable":true,"href":"https:\/\/www.manaus.am.gov.br\/immu\/wp-json\/wp\/v2\/tags?post=1410"}],"curies":[{"name":"wp","href":"https:\/\/api.w.org\/{rel}","templated":true}]}}