{"id":766,"date":"2023-11-28T19:54:37","date_gmt":"2023-11-28T23:54:37","guid":{"rendered":"https:\/\/www.manaus.am.gov.br\/fms\/prefeitura-de-manaus-celebra-5a-parada-natalina-nas-ruas-do-centro\/"},"modified":"2023-11-28T19:54:39","modified_gmt":"2023-11-28T23:54:39","slug":"prefeitura-de-manaus-celebra-5a-parada-natalina-nas-ruas-do-centro","status":"publish","type":"post","link":"https:\/\/www.manaus.am.gov.br\/fms\/prefeitura-de-manaus-celebra-5a-parada-natalina-nas-ruas-do-centro\/","title":{"rendered":"Prefeitura de Manaus celebra 5\u00aa Parada Natalina nas ruas do Centro"},"content":{"rendered":"\n<p>A Prefeitura de Manaus, por meio do Fundo Manaus Solid\u00e1ria (FMS), realizou, nesta ter\u00e7a-feira, 28\/11, a 5\u00aa \u201cParada Natalina\u201d como parte da programa\u00e7\u00e3o do \u201cNatal das \u00c1guas \u2013 Esperan\u00e7a que se renova\u201d. O objetivo principal foi compartilhar a alegria e a beleza do Natal com os moradores da capital amazonense.<\/p>\n\n\n\n<p>O presidente do FMS, Emerson Castro, ressaltou a import\u00e2ncia deste evento para a cidade, destacando o esfor\u00e7o em proporcionar um momento especial para a popula\u00e7\u00e3o.<\/p>\n\n\n\n<p>\u201c\u00c9 maravilhoso voc\u00ea ver a alegria das crian\u00e7as, das fam\u00edlias e dos idosos com o encanto da Parada Natalina. Iremos alcan\u00e7ar todas as zonas da cidade, para que o encanto do \u2018Natal das \u00c1guas\u2019 chegue em todo lugar\u201d, destacou Castro.<\/p>\n\n\n\n<p>O evento teve in\u00edcio \u00e0s 10h pr\u00f3ximo ao Casar\u00e3o da Inova\u00e7\u00e3o Cassina, onde uma atmosfera m\u00e1gica j\u00e1 se fazia presente. A \u201cParada Natalina\u201d percorreu diversas avenidas do Centro enchendo as ruas de encanto e anima\u00e7\u00e3o.<\/p>\n\n\n\n<p>Em novo formato, a a\u00e7\u00e3o ir\u00e1 percorrer todas as zonas da cidade. Os carros aleg\u00f3ricos foram especialmente preparados para este evento, juntamente com os personagens que cativam a todos ao longo do percurso. Al\u00e9m disso, a fanfarra anima o desfile, enchendo o ambiente com m\u00fasicas natalinas e contagiando a todos com o esp\u00edrito festivo desta \u00e9poca.<\/p>\n\n\n\n<p>A pr\u00f3xima \u201cParada Natalina\u201d j\u00e1 tem data e hor\u00e1rio marcado, ser\u00e1 nesta quarta-feira, 29\/11, \u00e0s 19h, e ser\u00e1 dividida em dois momentos na zona Norte. O primeiro ser\u00e1 o desfile dos carros aleg\u00f3ricos pela avenida da Uni\u00e3o, contemplando a 1\u00aa e 2\u00aa etapas do conjunto Viver Melhor. Depois, os carros natalinos, personagens vivos e fanfarra v\u00e3o encantar o p\u00fablico pela avenida da Conquista.<\/p>\n\n\n\n<p>&#8212; &#8212; &#8212;<\/p>\n\n\n\n<p><strong>Texto &#8211;<\/strong> Messias Ramos \/ FMS<\/p>\n\n\n\n<p><strong>Foto \u2013 <\/strong>Divulga\u00e7\u00e3o\/FMS<\/p>\n","protected":false},"excerpt":{"rendered":"","protected":false},"author":57,"featured_media":767,"comment_status":"closed","ping_status":"closed","sticky":false,"template":"","format":"standard","meta":{"footnotes":""},"categories":[93],"tags":[134,157,186,164],"acf":[],"yoast_head":"<!-- This site is optimized with the Yoast SEO plugin v23.0 - https:\/\/yoast.com\/wordpress\/plugins\/seo\/ -->\n<title>Prefeitura de Manaus celebra 5\u00aa Parada Natalina pelo Centro<\/title>\n<meta name=\"description\" content=\"A Prefeitura de Manaus nesta ter\u00e7a-feira, 28\/11, a 5\u00aa \u201cParada Natalina\u201d como parte da programa\u00e7\u00e3o do \u201cNatal das \u00c1guas&quot;\" \/>\n<meta name=\"robots\" content=\"noindex, follow\" \/>\n<meta property=\"og:locale\" content=\"pt_BR\" \/>\n<meta property=\"og:type\" content=\"article\" \/>\n<meta property=\"og:title\" content=\"Prefeitura de Manaus celebra 5\u00aa Parada Natalina pelo Centro\" \/>\n<meta property=\"og:description\" content=\"A Prefeitura de Manaus nesta ter\u00e7a-feira, 28\/11, a 5\u00aa \u201cParada Natalina\u201d como parte da programa\u00e7\u00e3o do \u201cNatal das \u00c1guas&quot;\" \/>\n<meta property=\"og:url\" content=\"https:\/\/www.manaus.am.gov.br\/fms\/prefeitura-de-manaus-celebra-5a-parada-natalina-nas-ruas-do-centro\/\" \/>\n<meta property=\"og:site_name\" content=\"Fundo Manaus Solid\u00e1ria\" \/>\n<meta property=\"article:published_time\" content=\"2023-11-28T23:54:37+00:00\" \/>\n<meta property=\"article:modified_time\" content=\"2023-11-28T23:54:39+00:00\" \/>\n<meta property=\"og:image\" content=\"https:\/\/www.manaus.am.gov.br\/fms\/wp-content\/uploads\/sites\/16\/2023\/11\/WhatsApp-Image-2023-11-28-at-19.23.47-2.jpeg\" \/>\n\t<meta property=\"og:image:width\" content=\"1600\" \/>\n\t<meta property=\"og:image:height\" content=\"1066\" \/>\n\t<meta property=\"og:image:type\" content=\"image\/jpeg\" \/>\n<meta name=\"author\" content=\"Thiago Fernando\" \/>\n<meta name=\"twitter:card\" content=\"summary_large_image\" \/>\n<meta name=\"twitter:label1\" content=\"Written by\" \/>\n\t<meta name=\"twitter:data1\" content=\"Thiago Fernando\" \/>\n\t<meta name=\"twitter:label2\" content=\"Est. reading time\" \/>\n\t<meta name=\"twitter:data2\" content=\"2 minutos\" \/>\n<script type=\"application\/ld+json\" class=\"yoast-schema-graph\">{\"@context\":\"https:\/\/schema.org\",\"@graph\":[{\"@type\":\"WebPage\",\"@id\":\"https:\/\/www.manaus.am.gov.br\/fms\/prefeitura-de-manaus-celebra-5a-parada-natalina-nas-ruas-do-centro\/\",\"url\":\"https:\/\/www.manaus.am.gov.br\/fms\/prefeitura-de-manaus-celebra-5a-parada-natalina-nas-ruas-do-centro\/\",\"name\":\"Prefeitura de Manaus celebra 5\u00aa Parada Natalina pelo Centro\",\"isPartOf\":{\"@id\":\"https:\/\/www.manaus.am.gov.br\/fms\/#website\"},\"primaryImageOfPage\":{\"@id\":\"https:\/\/www.manaus.am.gov.br\/fms\/prefeitura-de-manaus-celebra-5a-parada-natalina-nas-ruas-do-centro\/#primaryimage\"},\"image\":{\"@id\":\"https:\/\/www.manaus.am.gov.br\/fms\/prefeitura-de-manaus-celebra-5a-parada-natalina-nas-ruas-do-centro\/#primaryimage\"},\"thumbnailUrl\":\"https:\/\/www.manaus.am.gov.br\/fms\/wp-content\/uploads\/sites\/16\/2023\/11\/WhatsApp-Image-2023-11-28-at-19.23.47-2.jpeg\",\"datePublished\":\"2023-11-28T23:54:37+00:00\",\"dateModified\":\"2023-11-28T23:54:39+00:00\",\"author\":{\"@id\":\"https:\/\/www.manaus.am.gov.br\/fms\/#\/schema\/person\/a5ee5376db6e21af026374b369f30882\"},\"description\":\"A Prefeitura de Manaus nesta ter\u00e7a-feira, 28\/11, a 5\u00aa \u201cParada Natalina\u201d como parte da programa\u00e7\u00e3o do \u201cNatal das \u00c1guas\\\"\",\"breadcrumb\":{\"@id\":\"https:\/\/www.manaus.am.gov.br\/fms\/prefeitura-de-manaus-celebra-5a-parada-natalina-nas-ruas-do-centro\/#breadcrumb\"},\"inLanguage\":\"pt-BR\",\"potentialAction\":[{\"@type\":\"ReadAction\",\"target\":[\"https:\/\/www.manaus.am.gov.br\/fms\/prefeitura-de-manaus-celebra-5a-parada-natalina-nas-ruas-do-centro\/\"]}]},{\"@type\":\"ImageObject\",\"inLanguage\":\"pt-BR\",\"@id\":\"https:\/\/www.manaus.am.gov.br\/fms\/prefeitura-de-manaus-celebra-5a-parada-natalina-nas-ruas-do-centro\/#primaryimage\",\"url\":\"https:\/\/www.manaus.am.gov.br\/fms\/wp-content\/uploads\/sites\/16\/2023\/11\/WhatsApp-Image-2023-11-28-at-19.23.47-2.jpeg\",\"contentUrl\":\"https:\/\/www.manaus.am.gov.br\/fms\/wp-content\/uploads\/sites\/16\/2023\/11\/WhatsApp-Image-2023-11-28-at-19.23.47-2.jpeg\",\"width\":1600,\"height\":1066,\"caption\":\"#paratodosverem - Popula\u00e7\u00e3o prestigia a Parada Natalina pelas ruas do Centro de Manaus\"},{\"@type\":\"BreadcrumbList\",\"@id\":\"https:\/\/www.manaus.am.gov.br\/fms\/prefeitura-de-manaus-celebra-5a-parada-natalina-nas-ruas-do-centro\/#breadcrumb\",\"itemListElement\":[{\"@type\":\"ListItem\",\"position\":1,\"name\":\"Home\",\"item\":\"https:\/\/www.manaus.am.gov.br\/fms\/\"},{\"@type\":\"ListItem\",\"position\":2,\"name\":\"Prefeitura de Manaus celebra 5\u00aa Parada Natalina nas ruas do Centro\"}]},{\"@type\":\"WebSite\",\"@id\":\"https:\/\/www.manaus.am.gov.br\/fms\/#website\",\"url\":\"https:\/\/www.manaus.am.gov.br\/fms\/\",\"name\":\"Fundo Manaus Solid\u00e1ria\",\"description\":\"Prefeitura de Manaus\",\"potentialAction\":[{\"@type\":\"SearchAction\",\"target\":{\"@type\":\"EntryPoint\",\"urlTemplate\":\"https:\/\/www.manaus.am.gov.br\/fms\/?s={search_term_string}\"},\"query-input\":\"required name=search_term_string\"}],\"inLanguage\":\"pt-BR\"},{\"@type\":\"Person\",\"@id\":\"https:\/\/www.manaus.am.gov.br\/fms\/#\/schema\/person\/a5ee5376db6e21af026374b369f30882\",\"name\":\"Thiago Fernando\",\"image\":{\"@type\":\"ImageObject\",\"inLanguage\":\"pt-BR\",\"@id\":\"https:\/\/www.manaus.am.gov.br\/fms\/#\/schema\/person\/image\/\",\"url\":\"https:\/\/secure.gravatar.com\/avatar\/f5aab8722444041451501c077052ac07?s=96&d=mm&r=g\",\"contentUrl\":\"https:\/\/secure.gravatar.com\/avatar\/f5aab8722444041451501c077052ac07?s=96&d=mm&r=g\",\"caption\":\"Thiago Fernando\"}}]}<\/script>\n<!-- \/ Yoast SEO plugin. -->","yoast_head_json":{"title":"Prefeitura de Manaus celebra 5\u00aa Parada Natalina pelo Centro","description":"A Prefeitura de Manaus nesta ter\u00e7a-feira, 28\/11, a 5\u00aa \u201cParada Natalina\u201d como parte da programa\u00e7\u00e3o do \u201cNatal das \u00c1guas\"","robots":{"index":"noindex","follow":"follow"},"og_locale":"pt_BR","og_type":"article","og_title":"Prefeitura de Manaus celebra 5\u00aa Parada Natalina pelo Centro","og_description":"A Prefeitura de Manaus nesta ter\u00e7a-feira, 28\/11, a 5\u00aa \u201cParada Natalina\u201d como parte da programa\u00e7\u00e3o do \u201cNatal das \u00c1guas\"","og_url":"https:\/\/www.manaus.am.gov.br\/fms\/prefeitura-de-manaus-celebra-5a-parada-natalina-nas-ruas-do-centro\/","og_site_name":"Fundo Manaus Solid\u00e1ria","article_published_time":"2023-11-28T23:54:37+00:00","article_modified_time":"2023-11-28T23:54:39+00:00","og_image":[{"width":1600,"height":1066,"url":"https:\/\/www.manaus.am.gov.br\/fms\/wp-content\/uploads\/sites\/16\/2023\/11\/WhatsApp-Image-2023-11-28-at-19.23.47-2.jpeg","type":"image\/jpeg"}],"author":"Thiago Fernando","twitter_card":"summary_large_image","twitter_misc":{"Written by":"Thiago Fernando","Est. reading time":"2 minutos"},"schema":{"@context":"https:\/\/schema.org","@graph":[{"@type":"WebPage","@id":"https:\/\/www.manaus.am.gov.br\/fms\/prefeitura-de-manaus-celebra-5a-parada-natalina-nas-ruas-do-centro\/","url":"https:\/\/www.manaus.am.gov.br\/fms\/prefeitura-de-manaus-celebra-5a-parada-natalina-nas-ruas-do-centro\/","name":"Prefeitura de Manaus celebra 5\u00aa Parada Natalina pelo Centro","isPartOf":{"@id":"https:\/\/www.manaus.am.gov.br\/fms\/#website"},"primaryImageOfPage":{"@id":"https:\/\/www.manaus.am.gov.br\/fms\/prefeitura-de-manaus-celebra-5a-parada-natalina-nas-ruas-do-centro\/#primaryimage"},"image":{"@id":"https:\/\/www.manaus.am.gov.br\/fms\/prefeitura-de-manaus-celebra-5a-parada-natalina-nas-ruas-do-centro\/#primaryimage"},"thumbnailUrl":"https:\/\/www.manaus.am.gov.br\/fms\/wp-content\/uploads\/sites\/16\/2023\/11\/WhatsApp-Image-2023-11-28-at-19.23.47-2.jpeg","datePublished":"2023-11-28T23:54:37+00:00","dateModified":"2023-11-28T23:54:39+00:00","author":{"@id":"https:\/\/www.manaus.am.gov.br\/fms\/#\/schema\/person\/a5ee5376db6e21af026374b369f30882"},"description":"A Prefeitura de Manaus nesta ter\u00e7a-feira, 28\/11, a 5\u00aa \u201cParada Natalina\u201d como parte da programa\u00e7\u00e3o do \u201cNatal das \u00c1guas\"","breadcrumb":{"@id":"https:\/\/www.manaus.am.gov.br\/fms\/prefeitura-de-manaus-celebra-5a-parada-natalina-nas-ruas-do-centro\/#breadcrumb"},"inLanguage":"pt-BR","potentialAction":[{"@type":"ReadAction","target":["https:\/\/www.manaus.am.gov.br\/fms\/prefeitura-de-manaus-celebra-5a-parada-natalina-nas-ruas-do-centro\/"]}]},{"@type":"ImageObject","inLanguage":"pt-BR","@id":"https:\/\/www.manaus.am.gov.br\/fms\/prefeitura-de-manaus-celebra-5a-parada-natalina-nas-ruas-do-centro\/#primaryimage","url":"https:\/\/www.manaus.am.gov.br\/fms\/wp-content\/uploads\/sites\/16\/2023\/11\/WhatsApp-Image-2023-11-28-at-19.23.47-2.jpeg","contentUrl":"https:\/\/www.manaus.am.gov.br\/fms\/wp-content\/uploads\/sites\/16\/2023\/11\/WhatsApp-Image-2023-11-28-at-19.23.47-2.jpeg","width":1600,"height":1066,"caption":"#paratodosverem - Popula\u00e7\u00e3o prestigia a Parada Natalina pelas ruas do Centro de Manaus"},{"@type":"BreadcrumbList","@id":"https:\/\/www.manaus.am.gov.br\/fms\/prefeitura-de-manaus-celebra-5a-parada-natalina-nas-ruas-do-centro\/#breadcrumb","itemListElement":[{"@type":"ListItem","position":1,"name":"Home","item":"https:\/\/www.manaus.am.gov.br\/fms\/"},{"@type":"ListItem","position":2,"name":"Prefeitura de Manaus celebra 5\u00aa Parada Natalina nas ruas do Centro"}]},{"@type":"WebSite","@id":"https:\/\/www.manaus.am.gov.br\/fms\/#website","url":"https:\/\/www.manaus.am.gov.br\/fms\/","name":"Fundo Manaus Solid\u00e1ria","description":"Prefeitura de Manaus","potentialAction":[{"@type":"SearchAction","target":{"@type":"EntryPoint","urlTemplate":"https:\/\/www.manaus.am.gov.br\/fms\/?s={search_term_string}"},"query-input":"required name=search_term_string"}],"inLanguage":"pt-BR"},{"@type":"Person","@id":"https:\/\/www.manaus.am.gov.br\/fms\/#\/schema\/person\/a5ee5376db6e21af026374b369f30882","name":"Thiago Fernando","image":{"@type":"ImageObject","inLanguage":"pt-BR","@id":"https:\/\/www.manaus.am.gov.br\/fms\/#\/schema\/person\/image\/","url":"https:\/\/secure.gravatar.com\/avatar\/f5aab8722444041451501c077052ac07?s=96&d=mm&r=g","contentUrl":"https:\/\/secure.gravatar.com\/avatar\/f5aab8722444041451501c077052ac07?s=96&d=mm&r=g","caption":"Thiago Fernando"}}]}},"_links":{"self":[{"href":"https:\/\/www.manaus.am.gov.br\/fms\/wp-json\/wp\/v2\/posts\/766"}],"collection":[{"href":"https:\/\/www.manaus.am.gov.br\/fms\/wp-json\/wp\/v2\/posts"}],"about":[{"href":"https:\/\/www.manaus.am.gov.br\/fms\/wp-json\/wp\/v2\/types\/post"}],"author":[{"embeddable":true,"href":"https:\/\/www.manaus.am.gov.br\/fms\/wp-json\/wp\/v2\/users\/57"}],"replies":[{"embeddable":true,"href":"https:\/\/www.manaus.am.gov.br\/fms\/wp-json\/wp\/v2\/comments?post=766"}],"version-history":[{"count":0,"href":"https:\/\/www.manaus.am.gov.br\/fms\/wp-json\/wp\/v2\/posts\/766\/revisions"}],"wp:featuredmedia":[{"embeddable":true,"href":"https:\/\/www.manaus.am.gov.br\/fms\/wp-json\/wp\/v2\/media\/767"}],"wp:attachment":[{"href":"https:\/\/www.manaus.am.gov.br\/fms\/wp-json\/wp\/v2\/media?parent=766"}],"wp:term":[{"taxonomy":"category","embeddable":true,"href":"https:\/\/www.manaus.am.gov.br\/fms\/wp-json\/wp\/v2\/categories?post=766"},{"taxonomy":"post_tag","embeddable":true,"href":"https:\/\/www.manaus.am.gov.br\/fms\/wp-json\/wp\/v2\/tags?post=766"}],"curies":[{"name":"wp","href":"https:\/\/api.w.org\/{rel}","templated":true}]}}