{"id":738,"date":"2023-11-20T22:57:05","date_gmt":"2023-11-21T02:57:05","guid":{"rendered":"https:\/\/www.manaus.am.gov.br\/fms\/evento-natalinos-economia\/"},"modified":"2023-11-20T23:18:37","modified_gmt":"2023-11-21T03:18:37","slug":"evento-natalinos-economia","status":"publish","type":"post","link":"https:\/\/www.manaus.am.gov.br\/fms\/evento-natalinos-economia\/","title":{"rendered":"Eventos natalinos da prefeitura impulsionam economia no final de ano e encantam p\u00fablico"},"content":{"rendered":"\n<p>O prefeito David Almeida prestigiou na noite desta segunda-feira, 20\/11, a 2\u00aa Parada Natalina, realizada na faixa liberada da Ponta Negra, zona Oeste da capital. Coordenado pelo Fundo Manaus Solid\u00e1ria (FMS), o evento, que integra o programa \u201cNatal das \u00c1guas \u2013 Esperan\u00e7a que se renova\u201d, contou com a presen\u00e7a de mais de 35 mil pessoas, movimentando a economia local.<\/p>\n\n\n\n<p>Segundo o prefeito, a programa\u00e7\u00e3o tem contribu\u00eddo para fortalecer a cadeia econ\u00f4mica, visto que um grande n\u00famero de pessoas est\u00e1 frequentando o complexo tur\u00edstico.<\/p>\n\n\n\n<p>\u201cOntem n\u00f3s acendemos o segundo portal, e eu conversei com algumas pessoas, e perguntei da mo\u00e7a que estava vendendo milho, \u00e1gua e refrigerante, quanto ela vendia antes do natal, ela disse que sua renda era de at\u00e9 R$60 por noite, e ontem ela me disse que vendeu 220 espigas de milho, e conseguiu uma m\u00e9dia de R$ 1.800, vendeu toda sua \u00e1gua e ela ficou muito feliz por isso. Essa programa\u00e7\u00e3o est\u00e1 ajudando os comerciantes e encantando o p\u00fablico\u201d, destacou Almeida.<\/p>\n\n\n\n<p>Com mais de 600 pessoas envolvidas, a parada natalina contou com cinco carros aleg\u00f3ricos natalinos e fanfarra, inserindo o p\u00fablico presente em um grande desfile. Al\u00e9m disso, o evento teve tamb\u00e9m a participa\u00e7\u00e3o de personagens que integram o espet\u00e1culo \u201cUm Sonho de Natal\u201d, realizado pela Nova Igreja Batista h\u00e1 mais de 20 anos.<\/p>\n\n\n\n<figure class=\"wp-block-image size-full\"><img loading=\"lazy\" decoding=\"async\" width=\"800\" height=\"600\" src=\"https:\/\/www.manaus.am.gov.br\/fms\/wp-content\/uploads\/sites\/16\/2023\/11\/53346067715_0621666fc4_c.jpg\" alt=\"\" class=\"wp-image-740\" srcset=\"https:\/\/www.manaus.am.gov.br\/fms\/wp-content\/uploads\/sites\/16\/2023\/11\/53346067715_0621666fc4_c.jpg 800w, https:\/\/www.manaus.am.gov.br\/fms\/wp-content\/uploads\/sites\/16\/2023\/11\/53346067715_0621666fc4_c-300x225.jpg 300w, https:\/\/www.manaus.am.gov.br\/fms\/wp-content\/uploads\/sites\/16\/2023\/11\/53346067715_0621666fc4_c-768x576.jpg 768w\" sizes=\"(max-width: 800px) 100vw, 800px\" \/><figcaption class=\"wp-element-caption\">#paratodosverem imagem a\u00e9rea da parada natalina<\/figcaption><\/figure>\n\n\n\n<p>A estrutura levou alegria para quem foi prestigiar o evento de perto, mas tamb\u00e9m aumentou a oportunidade de venda e faturamento dos permission\u00e1rios que trabalham no complexo, como disse a permission\u00e1ria Glaucimar Barbosa, que tem uma barraca de milho na Ponta Negra.<\/p>\n\n\n\n<p>\u201cEst\u00e1 contribuindo muito, antes de toda essa programa\u00e7\u00e3o a gente fazia de R$30 a R$40, s\u00f3 hoje eu bati uma meta, vendi 350 espigas de milho, e isso \u00e9 muito importante para n\u00f3s, principalmente no final do ano, tem ajudado bastante. O prefeito est\u00e1 parab\u00e9ns, nossa cidade est\u00e1 linda, o sentimento \u00e9 de felicidade\u201d, disse Glaucimar.<\/p>\n\n\n\n<figure class=\"wp-block-image size-full\"><img loading=\"lazy\" decoding=\"async\" width=\"800\" height=\"450\" src=\"https:\/\/www.manaus.am.gov.br\/fms\/wp-content\/uploads\/sites\/16\/2023\/11\/53346045253_c0779b941d_c.jpg\" alt=\"\" class=\"wp-image-739\" srcset=\"https:\/\/www.manaus.am.gov.br\/fms\/wp-content\/uploads\/sites\/16\/2023\/11\/53346045253_c0779b941d_c.jpg 800w, https:\/\/www.manaus.am.gov.br\/fms\/wp-content\/uploads\/sites\/16\/2023\/11\/53346045253_c0779b941d_c-300x169.jpg 300w, https:\/\/www.manaus.am.gov.br\/fms\/wp-content\/uploads\/sites\/16\/2023\/11\/53346045253_c0779b941d_c-768x432.jpg 768w\" sizes=\"(max-width: 800px) 100vw, 800px\" \/><figcaption class=\"wp-element-caption\">#paratodosverem permission\u00e1ria Glaucimar Barbosa comemora sucesso nas vendas<\/figcaption><\/figure>\n\n\n\n<p>Outro empreendedor que viu a melhora nas vendas foi o pipoqueiro Sebasti\u00e3o Anselmo, que trabalha no complexo h\u00e1 mais 30 anos. Ele agradece a iniciativa de levar uma programa\u00e7\u00e3o especial, fazendo com que o n\u00famero de vendas aumente.<\/p>\n\n\n\n<p>\u201cPrimeiramente gostaria de agradecer a Deus, segundo ao prefeito David Almeida, que realmente mostrou a iniciativa de ornamentar a Ponta Negra, e a gente tem que agradecer, porque devido \u00e0 praia ter fechado, o nosso movimento caiu, mas agora come\u00e7ou novamente, o fluxo de pessoas aumentou, e cada vez vem aumentando mais. A gente est\u00e1 muito satisfeito de ver esse p\u00fablico\u201d, pontuou o empreendedor.<\/p>\n\n\n\n<p><strong>Mais programa\u00e7\u00f5es<\/strong><\/p>\n\n\n\n<p>Na orla da Ponta Negra, a Prefeitura de Manaus tamb\u00e9m far\u00e1 a instala\u00e7\u00e3o da tradicional \u00e1rvore de Natal. A cidade receber\u00e1 outros pontos com ornamenta\u00e7\u00e3o natalina e ilumina\u00e7\u00e3o, a programa\u00e7\u00e3o tamb\u00e9m inclui ilumina\u00e7\u00e3o por ruas, viadutos e passagens de n\u00edvel.<\/p>\n\n\n\n<p>O diretor-presidente do FMS, Emerson Castro, destacou que o objetivo \u00e9 atender e levar as a\u00e7\u00f5es natalinas para todas as zonas da cidade.<\/p>\n\n\n\n<p>\u201cEssa foi a nossa segunda parada, a primeira ocorreu l\u00e1 na zona Leste, no Parque Amazonino Mendes, e hoje estamos fazendo a festa na Ponta Negra para toda a comunidade em geral. Iremos continuar com a parada s\u00f3 que em uma propor\u00e7\u00e3o menor, iremos levar a parada para a BR-174 no s\u00e1bado, na comunidade S\u00e3o Jo\u00e3o, queremos levar esses carrinhos e alguns personagens. Isso faz com que n\u00f3s possamos levar alegria para toda a cidade de Manaus e todas as zonas de Manaus\u201d, explicou Castro.<\/p>\n\n\n\n<p>A parceria com a Nova Igreja Batista continuar\u00e1 no espet\u00e1culo \u201cUm Sonho de Natal \u2013 O Circo da Vida\u201d, que acontecer\u00e1 no dia 3 de dezembro, com duas sess\u00f5es, sendo a primeira \u00e0s 19h e a segunda, \u00e0s 20h30, no anfiteatro da Ponta Negra, zona Oeste da capital.<\/p>\n\n\n\n<p>&#8212; &#8212; &#8212;<\/p>\n\n\n\n<p><strong>Texto <\/strong>\u2013 Beathriz Torres \/ Semcom<\/p>\n\n\n\n<p><strong>Fotos &#8211; <\/strong>Ant\u00f4nio Pereira \/ Casa Civil, Ruan Souza \/ Semcom, Dhyeizo Lemos \/ Semcom Aguilar Abecassis \/ Semcom e Jair Costa \/ Semcom<\/p>\n\n\n\n<p><strong>Dispon\u00edveis em &#8211; <\/strong>https:\/\/flic.kr\/s\/aHBqjB44uH<\/p>\n","protected":false},"excerpt":{"rendered":"","protected":false},"author":25,"featured_media":741,"comment_status":"closed","ping_status":"closed","sticky":false,"template":"","format":"standard","meta":{"footnotes":""},"categories":[93],"tags":[49,35,157,164,113],"acf":[],"yoast_head":"<!-- This site is optimized with the Yoast SEO plugin v23.0 - https:\/\/yoast.com\/wordpress\/plugins\/seo\/ -->\n<title>Eventos natalinos impulsionam economia e encantam p\u00fablico<\/title>\n<meta name=\"description\" content=\"O prefeito David Almeida prestigiou na noite desta segunda-feira, 20\/11, a 2\u00aa Parada Natalina, realizada na faixa liberada da Ponta Negra\" \/>\n<meta name=\"robots\" content=\"noindex, follow\" \/>\n<meta property=\"og:locale\" content=\"pt_BR\" \/>\n<meta property=\"og:type\" content=\"article\" \/>\n<meta property=\"og:title\" content=\"Eventos natalinos impulsionam economia e encantam p\u00fablico\" \/>\n<meta property=\"og:description\" content=\"O prefeito David Almeida prestigiou na noite desta segunda-feira, 20\/11, a 2\u00aa Parada Natalina, realizada na faixa liberada da Ponta Negra\" \/>\n<meta property=\"og:url\" content=\"https:\/\/www.manaus.am.gov.br\/fms\/evento-natalinos-economia\/\" \/>\n<meta property=\"og:site_name\" content=\"Fundo Manaus Solid\u00e1ria\" \/>\n<meta property=\"article:published_time\" content=\"2023-11-21T02:57:05+00:00\" \/>\n<meta property=\"article:modified_time\" content=\"2023-11-21T03:18:37+00:00\" \/>\n<meta property=\"og:image\" content=\"https:\/\/www.manaus.am.gov.br\/fms\/wp-content\/uploads\/sites\/16\/2023\/11\/53346034898_78c5c4d0d3_c.jpg\" \/>\n\t<meta property=\"og:image:width\" content=\"799\" \/>\n\t<meta property=\"og:image:height\" content=\"533\" \/>\n\t<meta property=\"og:image:type\" content=\"image\/jpeg\" \/>\n<meta name=\"author\" content=\"Maur\u00edcio Freire\" \/>\n<meta name=\"twitter:card\" content=\"summary_large_image\" \/>\n<meta name=\"twitter:label1\" content=\"Written by\" \/>\n\t<meta name=\"twitter:data1\" content=\"Maur\u00edcio Freire\" \/>\n\t<meta name=\"twitter:label2\" content=\"Est. reading time\" \/>\n\t<meta name=\"twitter:data2\" content=\"5 minutos\" \/>\n<script type=\"application\/ld+json\" class=\"yoast-schema-graph\">{\"@context\":\"https:\/\/schema.org\",\"@graph\":[{\"@type\":\"WebPage\",\"@id\":\"https:\/\/www.manaus.am.gov.br\/fms\/evento-natalinos-economia\/\",\"url\":\"https:\/\/www.manaus.am.gov.br\/fms\/evento-natalinos-economia\/\",\"name\":\"Eventos natalinos impulsionam economia e encantam p\u00fablico\",\"isPartOf\":{\"@id\":\"https:\/\/www.manaus.am.gov.br\/fms\/#website\"},\"primaryImageOfPage\":{\"@id\":\"https:\/\/www.manaus.am.gov.br\/fms\/evento-natalinos-economia\/#primaryimage\"},\"image\":{\"@id\":\"https:\/\/www.manaus.am.gov.br\/fms\/evento-natalinos-economia\/#primaryimage\"},\"thumbnailUrl\":\"https:\/\/www.manaus.am.gov.br\/fms\/wp-content\/uploads\/sites\/16\/2023\/11\/53346034898_78c5c4d0d3_c.jpg\",\"datePublished\":\"2023-11-21T02:57:05+00:00\",\"dateModified\":\"2023-11-21T03:18:37+00:00\",\"author\":{\"@id\":\"https:\/\/www.manaus.am.gov.br\/fms\/#\/schema\/person\/587989a23a463cde5618e6a028977a9a\"},\"description\":\"O prefeito David Almeida prestigiou na noite desta segunda-feira, 20\/11, a 2\u00aa Parada Natalina, realizada na faixa liberada da Ponta Negra\",\"breadcrumb\":{\"@id\":\"https:\/\/www.manaus.am.gov.br\/fms\/evento-natalinos-economia\/#breadcrumb\"},\"inLanguage\":\"pt-BR\",\"potentialAction\":[{\"@type\":\"ReadAction\",\"target\":[\"https:\/\/www.manaus.am.gov.br\/fms\/evento-natalinos-economia\/\"]}]},{\"@type\":\"ImageObject\",\"inLanguage\":\"pt-BR\",\"@id\":\"https:\/\/www.manaus.am.gov.br\/fms\/evento-natalinos-economia\/#primaryimage\",\"url\":\"https:\/\/www.manaus.am.gov.br\/fms\/wp-content\/uploads\/sites\/16\/2023\/11\/53346034898_78c5c4d0d3_c.jpg\",\"contentUrl\":\"https:\/\/www.manaus.am.gov.br\/fms\/wp-content\/uploads\/sites\/16\/2023\/11\/53346034898_78c5c4d0d3_c.jpg\",\"width\":799,\"height\":533,\"caption\":\"#paratodosverem prefeito David Almeida acompanha a parada natalina na Ponta Negra\"},{\"@type\":\"BreadcrumbList\",\"@id\":\"https:\/\/www.manaus.am.gov.br\/fms\/evento-natalinos-economia\/#breadcrumb\",\"itemListElement\":[{\"@type\":\"ListItem\",\"position\":1,\"name\":\"Home\",\"item\":\"https:\/\/www.manaus.am.gov.br\/fms\/\"},{\"@type\":\"ListItem\",\"position\":2,\"name\":\"Eventos natalinos da prefeitura impulsionam economia no final de ano e encantam p\u00fablico\"}]},{\"@type\":\"WebSite\",\"@id\":\"https:\/\/www.manaus.am.gov.br\/fms\/#website\",\"url\":\"https:\/\/www.manaus.am.gov.br\/fms\/\",\"name\":\"Fundo Manaus Solid\u00e1ria\",\"description\":\"Prefeitura de Manaus\",\"potentialAction\":[{\"@type\":\"SearchAction\",\"target\":{\"@type\":\"EntryPoint\",\"urlTemplate\":\"https:\/\/www.manaus.am.gov.br\/fms\/?s={search_term_string}\"},\"query-input\":\"required name=search_term_string\"}],\"inLanguage\":\"pt-BR\"},{\"@type\":\"Person\",\"@id\":\"https:\/\/www.manaus.am.gov.br\/fms\/#\/schema\/person\/587989a23a463cde5618e6a028977a9a\",\"name\":\"Maur\u00edcio Freire\",\"image\":{\"@type\":\"ImageObject\",\"inLanguage\":\"pt-BR\",\"@id\":\"https:\/\/www.manaus.am.gov.br\/fms\/#\/schema\/person\/image\/\",\"url\":\"https:\/\/secure.gravatar.com\/avatar\/dc1481799a1f75c733ac3b2634cd6749?s=96&d=mm&r=g\",\"contentUrl\":\"https:\/\/secure.gravatar.com\/avatar\/dc1481799a1f75c733ac3b2634cd6749?s=96&d=mm&r=g\",\"caption\":\"Maur\u00edcio Freire\"}}]}<\/script>\n<!-- \/ Yoast SEO plugin. -->","yoast_head_json":{"title":"Eventos natalinos impulsionam economia e encantam p\u00fablico","description":"O prefeito David Almeida prestigiou na noite desta segunda-feira, 20\/11, a 2\u00aa Parada Natalina, realizada na faixa liberada da Ponta Negra","robots":{"index":"noindex","follow":"follow"},"og_locale":"pt_BR","og_type":"article","og_title":"Eventos natalinos impulsionam economia e encantam p\u00fablico","og_description":"O prefeito David Almeida prestigiou na noite desta segunda-feira, 20\/11, a 2\u00aa Parada Natalina, realizada na faixa liberada da Ponta Negra","og_url":"https:\/\/www.manaus.am.gov.br\/fms\/evento-natalinos-economia\/","og_site_name":"Fundo Manaus Solid\u00e1ria","article_published_time":"2023-11-21T02:57:05+00:00","article_modified_time":"2023-11-21T03:18:37+00:00","og_image":[{"width":799,"height":533,"url":"https:\/\/www.manaus.am.gov.br\/fms\/wp-content\/uploads\/sites\/16\/2023\/11\/53346034898_78c5c4d0d3_c.jpg","type":"image\/jpeg"}],"author":"Maur\u00edcio Freire","twitter_card":"summary_large_image","twitter_misc":{"Written by":"Maur\u00edcio Freire","Est. reading time":"5 minutos"},"schema":{"@context":"https:\/\/schema.org","@graph":[{"@type":"WebPage","@id":"https:\/\/www.manaus.am.gov.br\/fms\/evento-natalinos-economia\/","url":"https:\/\/www.manaus.am.gov.br\/fms\/evento-natalinos-economia\/","name":"Eventos natalinos impulsionam economia e encantam p\u00fablico","isPartOf":{"@id":"https:\/\/www.manaus.am.gov.br\/fms\/#website"},"primaryImageOfPage":{"@id":"https:\/\/www.manaus.am.gov.br\/fms\/evento-natalinos-economia\/#primaryimage"},"image":{"@id":"https:\/\/www.manaus.am.gov.br\/fms\/evento-natalinos-economia\/#primaryimage"},"thumbnailUrl":"https:\/\/www.manaus.am.gov.br\/fms\/wp-content\/uploads\/sites\/16\/2023\/11\/53346034898_78c5c4d0d3_c.jpg","datePublished":"2023-11-21T02:57:05+00:00","dateModified":"2023-11-21T03:18:37+00:00","author":{"@id":"https:\/\/www.manaus.am.gov.br\/fms\/#\/schema\/person\/587989a23a463cde5618e6a028977a9a"},"description":"O prefeito David Almeida prestigiou na noite desta segunda-feira, 20\/11, a 2\u00aa Parada Natalina, realizada na faixa liberada da Ponta Negra","breadcrumb":{"@id":"https:\/\/www.manaus.am.gov.br\/fms\/evento-natalinos-economia\/#breadcrumb"},"inLanguage":"pt-BR","potentialAction":[{"@type":"ReadAction","target":["https:\/\/www.manaus.am.gov.br\/fms\/evento-natalinos-economia\/"]}]},{"@type":"ImageObject","inLanguage":"pt-BR","@id":"https:\/\/www.manaus.am.gov.br\/fms\/evento-natalinos-economia\/#primaryimage","url":"https:\/\/www.manaus.am.gov.br\/fms\/wp-content\/uploads\/sites\/16\/2023\/11\/53346034898_78c5c4d0d3_c.jpg","contentUrl":"https:\/\/www.manaus.am.gov.br\/fms\/wp-content\/uploads\/sites\/16\/2023\/11\/53346034898_78c5c4d0d3_c.jpg","width":799,"height":533,"caption":"#paratodosverem prefeito David Almeida acompanha a parada natalina na Ponta Negra"},{"@type":"BreadcrumbList","@id":"https:\/\/www.manaus.am.gov.br\/fms\/evento-natalinos-economia\/#breadcrumb","itemListElement":[{"@type":"ListItem","position":1,"name":"Home","item":"https:\/\/www.manaus.am.gov.br\/fms\/"},{"@type":"ListItem","position":2,"name":"Eventos natalinos da prefeitura impulsionam economia no final de ano e encantam p\u00fablico"}]},{"@type":"WebSite","@id":"https:\/\/www.manaus.am.gov.br\/fms\/#website","url":"https:\/\/www.manaus.am.gov.br\/fms\/","name":"Fundo Manaus Solid\u00e1ria","description":"Prefeitura de Manaus","potentialAction":[{"@type":"SearchAction","target":{"@type":"EntryPoint","urlTemplate":"https:\/\/www.manaus.am.gov.br\/fms\/?s={search_term_string}"},"query-input":"required name=search_term_string"}],"inLanguage":"pt-BR"},{"@type":"Person","@id":"https:\/\/www.manaus.am.gov.br\/fms\/#\/schema\/person\/587989a23a463cde5618e6a028977a9a","name":"Maur\u00edcio Freire","image":{"@type":"ImageObject","inLanguage":"pt-BR","@id":"https:\/\/www.manaus.am.gov.br\/fms\/#\/schema\/person\/image\/","url":"https:\/\/secure.gravatar.com\/avatar\/dc1481799a1f75c733ac3b2634cd6749?s=96&d=mm&r=g","contentUrl":"https:\/\/secure.gravatar.com\/avatar\/dc1481799a1f75c733ac3b2634cd6749?s=96&d=mm&r=g","caption":"Maur\u00edcio Freire"}}]}},"_links":{"self":[{"href":"https:\/\/www.manaus.am.gov.br\/fms\/wp-json\/wp\/v2\/posts\/738"}],"collection":[{"href":"https:\/\/www.manaus.am.gov.br\/fms\/wp-json\/wp\/v2\/posts"}],"about":[{"href":"https:\/\/www.manaus.am.gov.br\/fms\/wp-json\/wp\/v2\/types\/post"}],"author":[{"embeddable":true,"href":"https:\/\/www.manaus.am.gov.br\/fms\/wp-json\/wp\/v2\/users\/25"}],"replies":[{"embeddable":true,"href":"https:\/\/www.manaus.am.gov.br\/fms\/wp-json\/wp\/v2\/comments?post=738"}],"version-history":[{"count":3,"href":"https:\/\/www.manaus.am.gov.br\/fms\/wp-json\/wp\/v2\/posts\/738\/revisions"}],"predecessor-version":[{"id":744,"href":"https:\/\/www.manaus.am.gov.br\/fms\/wp-json\/wp\/v2\/posts\/738\/revisions\/744"}],"wp:featuredmedia":[{"embeddable":true,"href":"https:\/\/www.manaus.am.gov.br\/fms\/wp-json\/wp\/v2\/media\/741"}],"wp:attachment":[{"href":"https:\/\/www.manaus.am.gov.br\/fms\/wp-json\/wp\/v2\/media?parent=738"}],"wp:term":[{"taxonomy":"category","embeddable":true,"href":"https:\/\/www.manaus.am.gov.br\/fms\/wp-json\/wp\/v2\/categories?post=738"},{"taxonomy":"post_tag","embeddable":true,"href":"https:\/\/www.manaus.am.gov.br\/fms\/wp-json\/wp\/v2\/tags?post=738"}],"curies":[{"name":"wp","href":"https:\/\/api.w.org\/{rel}","templated":true}]}}