{"id":531,"date":"2021-10-30T22:05:18","date_gmt":"2021-10-31T02:05:18","guid":{"rendered":"https:\/\/www.manaus.am.gov.br\/fms\/natal-das-aguas-leva-a-populacao-de-manaus-onibus-e-caminhoes-iluminados-a-led\/"},"modified":"2023-07-11T15:12:02","modified_gmt":"2023-07-11T19:12:02","slug":"natal-das-aguas-leva-a-populacao-de-manaus-onibus-e-caminhoes-iluminados-a-led","status":"publish","type":"post","link":"https:\/\/www.manaus.am.gov.br\/fms\/natal-das-aguas-leva-a-populacao-de-manaus-onibus-e-caminhoes-iluminados-a-led\/","title":{"rendered":"&#8216;Natal das \u00c1guas&#8217; leva \u00e0 popula\u00e7\u00e3o de Manaus \u00f4nibus e caminh\u00f5es iluminados a LED"},"content":{"rendered":"\n<p>O prefeito de Manaus, David Almeida, entregou \u00e0 popula\u00e7\u00e3o neste s\u00e1bado, 30\/10, na Ponta Negra, zona Oeste, 45&nbsp; ve\u00edculos decorados com luzes de LED, que ir\u00e3o circular pela cidade, integrando a decora\u00e7\u00e3o do &#8220;Natal das \u00c1guas&#8221;, a\u00e7\u00e3o da prefeitura&nbsp; que visa levar o sentimento natalino e de &#8220;dias melhores&#8221;.<\/p>\n\n\n\n<p>&#8220;No ano passado, Manaus sofreu muito ,e neste ano merecemos um Natal digno, merecemos dias melhores, por isso estamos recuperando chafariz, colocaremos ilumina\u00e7\u00e3o natalina em diversas ruas e viadutos de Manaus, teremos a\u00e7\u00f5es e eventos, um por semana relacionado a essa \u00e9poca t\u00e3o especial, que \u00e9 o Natal; e todas as zonas da nossa capital receber\u00e3o o Natal das \u00c1guas&#8221;, destacou Almeida.<\/p>\n\n\n\n<p>Ao todo foram entregues neste s\u00e1bado 30 \u00f4nibus articulados decorados e 15 caminh\u00f5es da coleta de res\u00edduos s\u00f3lidos, tamb\u00e9m enfeitados. A meta da prefeitura \u00e9 de aumentar a quantidade de ve\u00edculos decorados at\u00e9 o Natal, em uma a\u00e7\u00e3o refor\u00e7ada do Instituto Municipal de Mobilidade Urbana (IMMU) e da Secretaria Municipal de Limpeza Urbana (Semulsp).<\/p>\n\n\n\n<p>A decora\u00e7\u00e3o natalina de Manaus come\u00e7ou a ser instalada no domingo, 24\/10, anivers\u00e1rio da cidade, com a inaugura\u00e7\u00e3o&nbsp; do \u201cBallet das \u00c1guas\u201d, no chafariz da Ponta Negra, onde luzes e cores se misturam \u00e0s \u00e1guas.<\/p>\n\n\n\n<p>Na orla da Ponta Negra, tamb\u00e9m est\u00e1 prevista a instala\u00e7\u00e3o do maior pres\u00e9pio em movimento do Brasil, al\u00e9m da j\u00e1 tradicional \u00e1rvore de Natal. A programa\u00e7\u00e3o do \u201cNatal das \u00c1guas\u201d tamb\u00e9m inclui ilumina\u00e7\u00e3o por ruas, viadutos, passagens de n\u00edvel, al\u00e9m de uma balsa com pres\u00e9pio que ir\u00e1 percorrer as comunidades rurais de Manaus.<\/p>\n\n\n\n<p>&#8220;Aquela balsa que estava com a feira Flutuante da Manaus Moderna vai se transformar em um grande pres\u00e9pio para subir o rio Negro e descer o rio Amazonas, visitando as comunidades, entregando presentes \u00e0s crian\u00e7as. Estamos recebendo doa\u00e7\u00f5es de brinquedos e faremos um Natal digno&#8221;, assegurou o prefeito.<\/p>\n\n\n\n<p>O &#8220;Natal das \u00c1guas&#8221; \u00e9 um projeto integrado das secretarias municipais, coordenado pelo Fundo Manaus Solid\u00e1ria. A presidente do Fundo, Dulce Almeida, enfatizou a import\u00e2ncia das a\u00e7\u00f5es para a popula\u00e7\u00e3o manauara e deixou sua mensagem sobre a data especial.<\/p>\n\n\n\n<p>&#8220;Mais uma etapa do Natal sendo entregue, e, como tem sido anunciado pelo prefeito David Almeida, a cada semana teremos novidades, e at\u00e9 o Natal a cidade estar\u00e1 toda iluminada. O Natal n\u00e3o ter\u00e1 s\u00f3 alguns dias, teremos mais de 60 dias festejando a chegada do menino Jesus e marcando esse novo momento que Manaus est\u00e1 vivendo. Tudo isso \u00e9 muito importante para mostrar que Natal traz esperan\u00e7a&#8221;, afirmou Dulce.<\/p>\n\n\n\n<hr class=\"wp-block-separator has-alpha-channel-opacity\"\/>\n\n\n\n<p><strong>Texto<\/strong> &#8211; Maryane Maia \/ Semcom<br><strong>Fotos<\/strong>&#8211; Ruan Souza \/ Semcom<br><strong>Dispon\u00edveis em<\/strong> &#8211; <a href=\"https:\/\/flic.kr\/s\/aHsmX2CoYv\" target=\"_blank\" rel=\"noreferrer noopener nofollow\">https:\/\/flic.kr\/s\/aHsmX2CoYv<\/a><\/p>\n","protected":false},"excerpt":{"rendered":"<p>O prefeito de Manaus, David Almeida, entregou \u00e0 popula\u00e7\u00e3o neste s\u00e1bado, 30\/10, na Ponta Negra, zona Oeste, 45\u00a0 ve\u00edculos decorados com luzes de LED, que ir\u00e3o circular pela cidade, integrando a decora\u00e7\u00e3o do &#8220;Natal das \u00c1guas&#8221;, a\u00e7\u00e3o da prefeitura\u00a0 que visa levar o sentimento natalino e de &#8220;dias melhores&#8221;.<\/p>\n","protected":false},"author":25,"featured_media":532,"comment_status":"closed","ping_status":"closed","sticky":false,"template":"","format":"standard","meta":{"footnotes":""},"categories":[108],"tags":[49,104,110,97],"acf":[],"yoast_head":"<!-- This site is optimized with the Yoast SEO plugin v23.0 - https:\/\/yoast.com\/wordpress\/plugins\/seo\/ -->\n<title>&#039;Natal das \u00c1guas&#039; leva \u00e0 popula\u00e7\u00e3o de Manaus \u00f4nibus e caminh\u00f5es iluminados a LED<\/title>\n<meta name=\"description\" content=\"O prefeito de Manaus, David Almeida, entregou \u00e0 popula\u00e7\u00e3o neste s\u00e1bado, 30\/10, na Ponta Negra, zona Oeste\" \/>\n<meta name=\"robots\" content=\"noindex, follow\" \/>\n<meta property=\"og:locale\" content=\"pt_BR\" \/>\n<meta property=\"og:type\" content=\"article\" \/>\n<meta property=\"og:title\" content=\"&#039;Natal das \u00c1guas&#039; leva \u00e0 popula\u00e7\u00e3o de Manaus \u00f4nibus e caminh\u00f5es iluminados a LED\" \/>\n<meta property=\"og:description\" content=\"O prefeito de Manaus, David Almeida, entregou \u00e0 popula\u00e7\u00e3o neste s\u00e1bado, 30\/10, na Ponta Negra, zona Oeste\" \/>\n<meta property=\"og:url\" content=\"https:\/\/www.manaus.am.gov.br\/fms\/natal-das-aguas-leva-a-populacao-de-manaus-onibus-e-caminhoes-iluminados-a-led\/\" \/>\n<meta property=\"og:site_name\" content=\"Fundo Manaus Solid\u00e1ria\" \/>\n<meta property=\"article:published_time\" content=\"2021-10-31T02:05:18+00:00\" \/>\n<meta property=\"article:modified_time\" content=\"2023-07-11T19:12:02+00:00\" \/>\n<meta property=\"og:image\" content=\"https:\/\/www.manaus.am.gov.br\/fms\/wp-content\/uploads\/sites\/16\/2023\/07\/Natal-das-aguas-leva-a-populacao-de-Manaus-onibus-e-caminhoes-iluminados-a-LED.jpg\" \/>\n\t<meta property=\"og:image:width\" content=\"799\" \/>\n\t<meta property=\"og:image:height\" content=\"533\" \/>\n\t<meta property=\"og:image:type\" content=\"image\/jpeg\" \/>\n<meta name=\"author\" content=\"Maur\u00edcio Freire\" \/>\n<meta name=\"twitter:card\" content=\"summary_large_image\" \/>\n<meta name=\"twitter:label1\" content=\"Written by\" \/>\n\t<meta name=\"twitter:data1\" content=\"Maur\u00edcio Freire\" \/>\n\t<meta name=\"twitter:label2\" content=\"Est. reading time\" \/>\n\t<meta name=\"twitter:data2\" content=\"3 minutos\" \/>\n<script type=\"application\/ld+json\" class=\"yoast-schema-graph\">{\"@context\":\"https:\/\/schema.org\",\"@graph\":[{\"@type\":\"WebPage\",\"@id\":\"https:\/\/www.manaus.am.gov.br\/fms\/natal-das-aguas-leva-a-populacao-de-manaus-onibus-e-caminhoes-iluminados-a-led\/\",\"url\":\"https:\/\/www.manaus.am.gov.br\/fms\/natal-das-aguas-leva-a-populacao-de-manaus-onibus-e-caminhoes-iluminados-a-led\/\",\"name\":\"'Natal das \u00c1guas' leva \u00e0 popula\u00e7\u00e3o de Manaus \u00f4nibus e caminh\u00f5es iluminados a LED\",\"isPartOf\":{\"@id\":\"https:\/\/www.manaus.am.gov.br\/fms\/#website\"},\"primaryImageOfPage\":{\"@id\":\"https:\/\/www.manaus.am.gov.br\/fms\/natal-das-aguas-leva-a-populacao-de-manaus-onibus-e-caminhoes-iluminados-a-led\/#primaryimage\"},\"image\":{\"@id\":\"https:\/\/www.manaus.am.gov.br\/fms\/natal-das-aguas-leva-a-populacao-de-manaus-onibus-e-caminhoes-iluminados-a-led\/#primaryimage\"},\"thumbnailUrl\":\"https:\/\/www.manaus.am.gov.br\/fms\/wp-content\/uploads\/sites\/16\/2023\/07\/Natal-das-aguas-leva-a-populacao-de-Manaus-onibus-e-caminhoes-iluminados-a-LED.jpg\",\"datePublished\":\"2021-10-31T02:05:18+00:00\",\"dateModified\":\"2023-07-11T19:12:02+00:00\",\"author\":{\"@id\":\"https:\/\/www.manaus.am.gov.br\/fms\/#\/schema\/person\/587989a23a463cde5618e6a028977a9a\"},\"description\":\"O prefeito de Manaus, David Almeida, entregou \u00e0 popula\u00e7\u00e3o neste s\u00e1bado, 30\/10, na Ponta Negra, zona Oeste\",\"breadcrumb\":{\"@id\":\"https:\/\/www.manaus.am.gov.br\/fms\/natal-das-aguas-leva-a-populacao-de-manaus-onibus-e-caminhoes-iluminados-a-led\/#breadcrumb\"},\"inLanguage\":\"pt-BR\",\"potentialAction\":[{\"@type\":\"ReadAction\",\"target\":[\"https:\/\/www.manaus.am.gov.br\/fms\/natal-das-aguas-leva-a-populacao-de-manaus-onibus-e-caminhoes-iluminados-a-led\/\"]}]},{\"@type\":\"ImageObject\",\"inLanguage\":\"pt-BR\",\"@id\":\"https:\/\/www.manaus.am.gov.br\/fms\/natal-das-aguas-leva-a-populacao-de-manaus-onibus-e-caminhoes-iluminados-a-led\/#primaryimage\",\"url\":\"https:\/\/www.manaus.am.gov.br\/fms\/wp-content\/uploads\/sites\/16\/2023\/07\/Natal-das-aguas-leva-a-populacao-de-Manaus-onibus-e-caminhoes-iluminados-a-LED.jpg\",\"contentUrl\":\"https:\/\/www.manaus.am.gov.br\/fms\/wp-content\/uploads\/sites\/16\/2023\/07\/Natal-das-aguas-leva-a-populacao-de-Manaus-onibus-e-caminhoes-iluminados-a-LED.jpg\",\"width\":799,\"height\":533,\"caption\":\"Natal das \u00c1guas\u2019 leva \u00e0 popula\u00e7\u00e3o de Manaus \u00f4nibus e caminh\u00f5es iluminados a LED\"},{\"@type\":\"BreadcrumbList\",\"@id\":\"https:\/\/www.manaus.am.gov.br\/fms\/natal-das-aguas-leva-a-populacao-de-manaus-onibus-e-caminhoes-iluminados-a-led\/#breadcrumb\",\"itemListElement\":[{\"@type\":\"ListItem\",\"position\":1,\"name\":\"Home\",\"item\":\"https:\/\/www.manaus.am.gov.br\/fms\/\"},{\"@type\":\"ListItem\",\"position\":2,\"name\":\"&#8216;Natal das \u00c1guas&#8217; leva \u00e0 popula\u00e7\u00e3o de Manaus \u00f4nibus e caminh\u00f5es iluminados a LED\"}]},{\"@type\":\"WebSite\",\"@id\":\"https:\/\/www.manaus.am.gov.br\/fms\/#website\",\"url\":\"https:\/\/www.manaus.am.gov.br\/fms\/\",\"name\":\"Fundo Manaus Solid\u00e1ria\",\"description\":\"Prefeitura de Manaus\",\"potentialAction\":[{\"@type\":\"SearchAction\",\"target\":{\"@type\":\"EntryPoint\",\"urlTemplate\":\"https:\/\/www.manaus.am.gov.br\/fms\/?s={search_term_string}\"},\"query-input\":\"required name=search_term_string\"}],\"inLanguage\":\"pt-BR\"},{\"@type\":\"Person\",\"@id\":\"https:\/\/www.manaus.am.gov.br\/fms\/#\/schema\/person\/587989a23a463cde5618e6a028977a9a\",\"name\":\"Maur\u00edcio Freire\",\"image\":{\"@type\":\"ImageObject\",\"inLanguage\":\"pt-BR\",\"@id\":\"https:\/\/www.manaus.am.gov.br\/fms\/#\/schema\/person\/image\/\",\"url\":\"https:\/\/secure.gravatar.com\/avatar\/dc1481799a1f75c733ac3b2634cd6749?s=96&d=mm&r=g\",\"contentUrl\":\"https:\/\/secure.gravatar.com\/avatar\/dc1481799a1f75c733ac3b2634cd6749?s=96&d=mm&r=g\",\"caption\":\"Maur\u00edcio Freire\"}}]}<\/script>\n<!-- \/ Yoast SEO plugin. -->","yoast_head_json":{"title":"'Natal das \u00c1guas' leva \u00e0 popula\u00e7\u00e3o de Manaus \u00f4nibus e caminh\u00f5es iluminados a LED","description":"O prefeito de Manaus, David Almeida, entregou \u00e0 popula\u00e7\u00e3o neste s\u00e1bado, 30\/10, na Ponta Negra, zona Oeste","robots":{"index":"noindex","follow":"follow"},"og_locale":"pt_BR","og_type":"article","og_title":"'Natal das \u00c1guas' leva \u00e0 popula\u00e7\u00e3o de Manaus \u00f4nibus e caminh\u00f5es iluminados a LED","og_description":"O prefeito de Manaus, David Almeida, entregou \u00e0 popula\u00e7\u00e3o neste s\u00e1bado, 30\/10, na Ponta Negra, zona Oeste","og_url":"https:\/\/www.manaus.am.gov.br\/fms\/natal-das-aguas-leva-a-populacao-de-manaus-onibus-e-caminhoes-iluminados-a-led\/","og_site_name":"Fundo Manaus Solid\u00e1ria","article_published_time":"2021-10-31T02:05:18+00:00","article_modified_time":"2023-07-11T19:12:02+00:00","og_image":[{"width":799,"height":533,"url":"https:\/\/www.manaus.am.gov.br\/fms\/wp-content\/uploads\/sites\/16\/2023\/07\/Natal-das-aguas-leva-a-populacao-de-Manaus-onibus-e-caminhoes-iluminados-a-LED.jpg","type":"image\/jpeg"}],"author":"Maur\u00edcio Freire","twitter_card":"summary_large_image","twitter_misc":{"Written by":"Maur\u00edcio Freire","Est. reading time":"3 minutos"},"schema":{"@context":"https:\/\/schema.org","@graph":[{"@type":"WebPage","@id":"https:\/\/www.manaus.am.gov.br\/fms\/natal-das-aguas-leva-a-populacao-de-manaus-onibus-e-caminhoes-iluminados-a-led\/","url":"https:\/\/www.manaus.am.gov.br\/fms\/natal-das-aguas-leva-a-populacao-de-manaus-onibus-e-caminhoes-iluminados-a-led\/","name":"'Natal das \u00c1guas' leva \u00e0 popula\u00e7\u00e3o de Manaus \u00f4nibus e caminh\u00f5es iluminados a LED","isPartOf":{"@id":"https:\/\/www.manaus.am.gov.br\/fms\/#website"},"primaryImageOfPage":{"@id":"https:\/\/www.manaus.am.gov.br\/fms\/natal-das-aguas-leva-a-populacao-de-manaus-onibus-e-caminhoes-iluminados-a-led\/#primaryimage"},"image":{"@id":"https:\/\/www.manaus.am.gov.br\/fms\/natal-das-aguas-leva-a-populacao-de-manaus-onibus-e-caminhoes-iluminados-a-led\/#primaryimage"},"thumbnailUrl":"https:\/\/www.manaus.am.gov.br\/fms\/wp-content\/uploads\/sites\/16\/2023\/07\/Natal-das-aguas-leva-a-populacao-de-Manaus-onibus-e-caminhoes-iluminados-a-LED.jpg","datePublished":"2021-10-31T02:05:18+00:00","dateModified":"2023-07-11T19:12:02+00:00","author":{"@id":"https:\/\/www.manaus.am.gov.br\/fms\/#\/schema\/person\/587989a23a463cde5618e6a028977a9a"},"description":"O prefeito de Manaus, David Almeida, entregou \u00e0 popula\u00e7\u00e3o neste s\u00e1bado, 30\/10, na Ponta Negra, zona Oeste","breadcrumb":{"@id":"https:\/\/www.manaus.am.gov.br\/fms\/natal-das-aguas-leva-a-populacao-de-manaus-onibus-e-caminhoes-iluminados-a-led\/#breadcrumb"},"inLanguage":"pt-BR","potentialAction":[{"@type":"ReadAction","target":["https:\/\/www.manaus.am.gov.br\/fms\/natal-das-aguas-leva-a-populacao-de-manaus-onibus-e-caminhoes-iluminados-a-led\/"]}]},{"@type":"ImageObject","inLanguage":"pt-BR","@id":"https:\/\/www.manaus.am.gov.br\/fms\/natal-das-aguas-leva-a-populacao-de-manaus-onibus-e-caminhoes-iluminados-a-led\/#primaryimage","url":"https:\/\/www.manaus.am.gov.br\/fms\/wp-content\/uploads\/sites\/16\/2023\/07\/Natal-das-aguas-leva-a-populacao-de-Manaus-onibus-e-caminhoes-iluminados-a-LED.jpg","contentUrl":"https:\/\/www.manaus.am.gov.br\/fms\/wp-content\/uploads\/sites\/16\/2023\/07\/Natal-das-aguas-leva-a-populacao-de-Manaus-onibus-e-caminhoes-iluminados-a-LED.jpg","width":799,"height":533,"caption":"Natal das \u00c1guas\u2019 leva \u00e0 popula\u00e7\u00e3o de Manaus \u00f4nibus e caminh\u00f5es iluminados a LED"},{"@type":"BreadcrumbList","@id":"https:\/\/www.manaus.am.gov.br\/fms\/natal-das-aguas-leva-a-populacao-de-manaus-onibus-e-caminhoes-iluminados-a-led\/#breadcrumb","itemListElement":[{"@type":"ListItem","position":1,"name":"Home","item":"https:\/\/www.manaus.am.gov.br\/fms\/"},{"@type":"ListItem","position":2,"name":"&#8216;Natal das \u00c1guas&#8217; leva \u00e0 popula\u00e7\u00e3o de Manaus \u00f4nibus e caminh\u00f5es iluminados a LED"}]},{"@type":"WebSite","@id":"https:\/\/www.manaus.am.gov.br\/fms\/#website","url":"https:\/\/www.manaus.am.gov.br\/fms\/","name":"Fundo Manaus Solid\u00e1ria","description":"Prefeitura de Manaus","potentialAction":[{"@type":"SearchAction","target":{"@type":"EntryPoint","urlTemplate":"https:\/\/www.manaus.am.gov.br\/fms\/?s={search_term_string}"},"query-input":"required name=search_term_string"}],"inLanguage":"pt-BR"},{"@type":"Person","@id":"https:\/\/www.manaus.am.gov.br\/fms\/#\/schema\/person\/587989a23a463cde5618e6a028977a9a","name":"Maur\u00edcio Freire","image":{"@type":"ImageObject","inLanguage":"pt-BR","@id":"https:\/\/www.manaus.am.gov.br\/fms\/#\/schema\/person\/image\/","url":"https:\/\/secure.gravatar.com\/avatar\/dc1481799a1f75c733ac3b2634cd6749?s=96&d=mm&r=g","contentUrl":"https:\/\/secure.gravatar.com\/avatar\/dc1481799a1f75c733ac3b2634cd6749?s=96&d=mm&r=g","caption":"Maur\u00edcio Freire"}}]}},"_links":{"self":[{"href":"https:\/\/www.manaus.am.gov.br\/fms\/wp-json\/wp\/v2\/posts\/531"}],"collection":[{"href":"https:\/\/www.manaus.am.gov.br\/fms\/wp-json\/wp\/v2\/posts"}],"about":[{"href":"https:\/\/www.manaus.am.gov.br\/fms\/wp-json\/wp\/v2\/types\/post"}],"author":[{"embeddable":true,"href":"https:\/\/www.manaus.am.gov.br\/fms\/wp-json\/wp\/v2\/users\/25"}],"replies":[{"embeddable":true,"href":"https:\/\/www.manaus.am.gov.br\/fms\/wp-json\/wp\/v2\/comments?post=531"}],"version-history":[{"count":1,"href":"https:\/\/www.manaus.am.gov.br\/fms\/wp-json\/wp\/v2\/posts\/531\/revisions"}],"predecessor-version":[{"id":533,"href":"https:\/\/www.manaus.am.gov.br\/fms\/wp-json\/wp\/v2\/posts\/531\/revisions\/533"}],"wp:featuredmedia":[{"embeddable":true,"href":"https:\/\/www.manaus.am.gov.br\/fms\/wp-json\/wp\/v2\/media\/532"}],"wp:attachment":[{"href":"https:\/\/www.manaus.am.gov.br\/fms\/wp-json\/wp\/v2\/media?parent=531"}],"wp:term":[{"taxonomy":"category","embeddable":true,"href":"https:\/\/www.manaus.am.gov.br\/fms\/wp-json\/wp\/v2\/categories?post=531"},{"taxonomy":"post_tag","embeddable":true,"href":"https:\/\/www.manaus.am.gov.br\/fms\/wp-json\/wp\/v2\/tags?post=531"}],"curies":[{"name":"wp","href":"https:\/\/api.w.org\/{rel}","templated":true}]}}