{"id":518,"date":"2022-10-24T22:34:00","date_gmt":"2022-10-25T02:34:00","guid":{"rendered":"https:\/\/www.manaus.am.gov.br\/fms\/prefeito-david-almeida-realiza-lancamento-da-2a-edicao-do-natal-das-aguas\/"},"modified":"2023-07-11T15:08:22","modified_gmt":"2023-07-11T19:08:22","slug":"prefeito-david-almeida-realiza-lancamento-da-2a-edicao-do-natal-das-aguas","status":"publish","type":"post","link":"https:\/\/www.manaus.am.gov.br\/fms\/prefeito-david-almeida-realiza-lancamento-da-2a-edicao-do-natal-das-aguas\/","title":{"rendered":"Prefeito David Almeida realiza lan\u00e7amento da 2\u00aa edi\u00e7\u00e3o do \u2018Natal das \u00c1guas\u2019"},"content":{"rendered":"\n<p>O prefeito de Manaus, David Almeida, por meio do Fundo Manaus Solid\u00e1ria (FMS) e da Secretaria Municipal de Educa\u00e7\u00e3o (Semed), &nbsp;lan\u00e7ou, nesta segunda-feira, 24\/10, a 2\u00aa edi\u00e7\u00e3o do \u201cNatal das \u00c1guas \u2013 Luz da Esperan\u00e7a\u201d, no complexo tur\u00edstico Ponta Negra, na zona Oeste.&nbsp;Cores, luzes e magia prometem encantar a popula\u00e7\u00e3o manauara.<\/p>\n\n\n\n<p>Durante a programa\u00e7\u00e3o, foi inaugurado um t\u00fanel de 130 metros, todo em estrutura de ferro, com 34 arcos em forma de cora\u00e7\u00e3o. Ao todo, 30 mil l\u00e2mpadas de LED s\u00e3o respons\u00e1veis por iluminar e encantar quem passa pelo t\u00fanel. A estrutura conta com dois portais instagram\u00e1veis com enfeites natalinos.<\/p>\n\n\n\n<p>O prefeito de Manaus, David Almeida, destacou que a antecipa\u00e7\u00e3o da decora\u00e7\u00e3o de Natal \u00e9 mais um presente de anivers\u00e1rio para a &nbsp;cidade de Manaus. \u201cN\u00f3s antecipamos as comemora\u00e7\u00f5es de Natal para o anivers\u00e1rio de Manaus, &nbsp;para dar este presente \u00e0 popula\u00e7\u00e3o. Estamos inaugurando, hoje, o t\u00fanel de 130 metros com mais de 30 mil l\u00e2mpadas de LED, alusivas ao Natal. Posteriormente, iremos inaugurar o pres\u00e9pio, balsa e \u00e1rvore para viver todo o encanto de Natal\u201d, afirmou.<\/p>\n\n\n\n<p>O evento tamb\u00e9m contou com a presen\u00e7a de personagens da Disney e da fanfarra da Vila da Barra.<\/p>\n\n\n\n<p>O presidente do Fundo Manaus Solid\u00e1ria, Emerson Castro, ressaltou que, nos finais de semana, o t\u00fanel ter\u00e1 um atrativo a mais, neve para a crian\u00e7ada brincar e tirar fotos.<\/p>\n\n\n\n<p>A secret\u00e1ria municipal de Educa\u00e7\u00e3o, Dulce Almeida, salientou que, durante os meses de novembro e dezembro, outros pontos com enfeites natalinos ser\u00e3o lan\u00e7ados. \u201cSempre foi nossa inten\u00e7\u00e3o fazer o lan\u00e7amento no anivers\u00e1rio de Manaus. Sempre me emociono, pois nossa popula\u00e7\u00e3o merece esse encanto da data\u201d, mencionou.<\/p>\n\n\n\n<p>Ao longo do m\u00eas de novembro, est\u00e3o na programa\u00e7\u00e3o para receber &nbsp;enfeites de Natal e ilumina\u00e7\u00e3o especial, por exemplo, os conjuntos Viver Melhor e Eldorado e o boulevard \u00c1lvaro Maia. A orla da Ponta Negra tamb\u00e9m ter\u00e1 a famosa \u00e1rvore de Natal e o maior pres\u00e9pio em movimento do pa\u00eds, a exemplo de como aconteceu no ano passado, durante a 1\u00aa edi\u00e7\u00e3o do \u201cNatal das \u00c1guas\u201d. A Ponta Negra ser\u00e1, ainda, palco de apresenta\u00e7\u00f5es de corais natalinos.<\/p>\n\n\n\n<p>J\u00e1 no centro da cidade, a avenida Get\u00falio Varga ir\u00e1 ganhar ilumina\u00e7\u00e3o e enfeites no canteiro central, assim como a rotat\u00f3ria do Eldorado.<\/p>\n\n\n\n<p>Previsto para o final de novembro, a balsa levar\u00e1 a magia do Natal para a zona rural passando pelos rios Amazonas e Negro.&nbsp; At\u00e9 dezembro tamb\u00e9m, os \u00f4nibus articulados ir\u00e3o receber ilumina\u00e7\u00e3o LED, deixando a cidade mais iluminada por onde passa.<\/p>\n\n\n\n<hr class=\"wp-block-separator has-alpha-channel-opacity\"\/>\n\n\n\n<p><strong>Texto<\/strong>&nbsp;\u2013 Juliana Maquin\u00e9\/Fundo Manaus Solid\u00e1ria e Maryane Maia\/Semcom<br><strong>Fotos<\/strong>&nbsp;\u2013 Ant\u00f4nio Pereira\/Semcom<br><strong>Dispon\u00edveis em<\/strong>&nbsp;\u2013&nbsp;<a href=\"https:\/\/flic.kr\/s\/aHBqjAcyei\">https:\/\/flic.kr\/s\/aHBqjAcyei<\/a><\/p>\n","protected":false},"excerpt":{"rendered":"<p>Prefeito David Almeida realiza lan\u00e7amento da 2\u00aa edi\u00e7\u00e3o do \u2018Natal das \u00c1guas\u2019<\/p>\n","protected":false},"author":27,"featured_media":519,"comment_status":"closed","ping_status":"closed","sticky":false,"template":"","format":"standard","meta":{"footnotes":""},"categories":[95],"tags":[],"acf":[],"yoast_head":"<!-- This site is optimized with the Yoast SEO plugin v23.0 - https:\/\/yoast.com\/wordpress\/plugins\/seo\/ -->\n<title>Prefeito David Almeida realiza lan\u00e7amento da 2\u00aa edi\u00e7\u00e3o do \u2018Natal das \u00c1guas\u2019 - Fundo Manaus Solid\u00e1ria<\/title>\n<meta name=\"robots\" content=\"noindex, follow\" \/>\n<meta property=\"og:locale\" content=\"pt_BR\" \/>\n<meta property=\"og:type\" content=\"article\" \/>\n<meta property=\"og:title\" content=\"Prefeito David Almeida realiza lan\u00e7amento da 2\u00aa edi\u00e7\u00e3o do \u2018Natal das \u00c1guas\u2019 - Fundo Manaus Solid\u00e1ria\" \/>\n<meta property=\"og:description\" content=\"Prefeito David Almeida realiza lan\u00e7amento da 2\u00aa edi\u00e7\u00e3o do \u2018Natal das \u00c1guas\u2019\" \/>\n<meta property=\"og:url\" content=\"https:\/\/www.manaus.am.gov.br\/fms\/prefeito-david-almeida-realiza-lancamento-da-2a-edicao-do-natal-das-aguas\/\" \/>\n<meta property=\"og:site_name\" content=\"Fundo Manaus Solid\u00e1ria\" \/>\n<meta property=\"article:published_time\" content=\"2022-10-25T02:34:00+00:00\" \/>\n<meta property=\"article:modified_time\" content=\"2023-07-11T19:08:22+00:00\" \/>\n<meta property=\"og:image\" content=\"https:\/\/www.manaus.am.gov.br\/fms\/wp-content\/uploads\/sites\/16\/2023\/07\/Prefeito-David-Almeida-realiza-lancamento-da-2a-edicao-do-Natal-das-aguas.jpg\" \/>\n\t<meta property=\"og:image:width\" content=\"799\" \/>\n\t<meta property=\"og:image:height\" content=\"533\" \/>\n\t<meta property=\"og:image:type\" content=\"image\/jpeg\" \/>\n<meta name=\"author\" content=\"Imarketing Digital\" \/>\n<meta name=\"twitter:card\" content=\"summary_large_image\" \/>\n<meta name=\"twitter:label1\" content=\"Written by\" \/>\n\t<meta name=\"twitter:data1\" content=\"Imarketing Digital\" \/>\n\t<meta name=\"twitter:label2\" content=\"Est. reading time\" \/>\n\t<meta name=\"twitter:data2\" content=\"3 minutos\" \/>\n<script type=\"application\/ld+json\" class=\"yoast-schema-graph\">{\"@context\":\"https:\/\/schema.org\",\"@graph\":[{\"@type\":\"WebPage\",\"@id\":\"https:\/\/www.manaus.am.gov.br\/fms\/prefeito-david-almeida-realiza-lancamento-da-2a-edicao-do-natal-das-aguas\/\",\"url\":\"https:\/\/www.manaus.am.gov.br\/fms\/prefeito-david-almeida-realiza-lancamento-da-2a-edicao-do-natal-das-aguas\/\",\"name\":\"Prefeito David Almeida realiza lan\u00e7amento da 2\u00aa edi\u00e7\u00e3o do \u2018Natal das \u00c1guas\u2019 - Fundo Manaus Solid\u00e1ria\",\"isPartOf\":{\"@id\":\"https:\/\/www.manaus.am.gov.br\/fms\/#website\"},\"primaryImageOfPage\":{\"@id\":\"https:\/\/www.manaus.am.gov.br\/fms\/prefeito-david-almeida-realiza-lancamento-da-2a-edicao-do-natal-das-aguas\/#primaryimage\"},\"image\":{\"@id\":\"https:\/\/www.manaus.am.gov.br\/fms\/prefeito-david-almeida-realiza-lancamento-da-2a-edicao-do-natal-das-aguas\/#primaryimage\"},\"thumbnailUrl\":\"https:\/\/www.manaus.am.gov.br\/fms\/wp-content\/uploads\/sites\/16\/2023\/07\/Prefeito-David-Almeida-realiza-lancamento-da-2a-edicao-do-Natal-das-aguas.jpg\",\"datePublished\":\"2022-10-25T02:34:00+00:00\",\"dateModified\":\"2023-07-11T19:08:22+00:00\",\"author\":{\"@id\":\"https:\/\/www.manaus.am.gov.br\/fms\/#\/schema\/person\/79525a47ac5902f50493820d995728ee\"},\"breadcrumb\":{\"@id\":\"https:\/\/www.manaus.am.gov.br\/fms\/prefeito-david-almeida-realiza-lancamento-da-2a-edicao-do-natal-das-aguas\/#breadcrumb\"},\"inLanguage\":\"pt-BR\",\"potentialAction\":[{\"@type\":\"ReadAction\",\"target\":[\"https:\/\/www.manaus.am.gov.br\/fms\/prefeito-david-almeida-realiza-lancamento-da-2a-edicao-do-natal-das-aguas\/\"]}]},{\"@type\":\"ImageObject\",\"inLanguage\":\"pt-BR\",\"@id\":\"https:\/\/www.manaus.am.gov.br\/fms\/prefeito-david-almeida-realiza-lancamento-da-2a-edicao-do-natal-das-aguas\/#primaryimage\",\"url\":\"https:\/\/www.manaus.am.gov.br\/fms\/wp-content\/uploads\/sites\/16\/2023\/07\/Prefeito-David-Almeida-realiza-lancamento-da-2a-edicao-do-Natal-das-aguas.jpg\",\"contentUrl\":\"https:\/\/www.manaus.am.gov.br\/fms\/wp-content\/uploads\/sites\/16\/2023\/07\/Prefeito-David-Almeida-realiza-lancamento-da-2a-edicao-do-Natal-das-aguas.jpg\",\"width\":799,\"height\":533,\"caption\":\"Prefeito David Almeida realiza lan\u00e7amento da 2\u00aa edi\u00e7\u00e3o do \u2018Natal das \u00c1guas\u2019\"},{\"@type\":\"BreadcrumbList\",\"@id\":\"https:\/\/www.manaus.am.gov.br\/fms\/prefeito-david-almeida-realiza-lancamento-da-2a-edicao-do-natal-das-aguas\/#breadcrumb\",\"itemListElement\":[{\"@type\":\"ListItem\",\"position\":1,\"name\":\"Home\",\"item\":\"https:\/\/www.manaus.am.gov.br\/fms\/\"},{\"@type\":\"ListItem\",\"position\":2,\"name\":\"Prefeito David Almeida realiza lan\u00e7amento da 2\u00aa edi\u00e7\u00e3o do \u2018Natal das \u00c1guas\u2019\"}]},{\"@type\":\"WebSite\",\"@id\":\"https:\/\/www.manaus.am.gov.br\/fms\/#website\",\"url\":\"https:\/\/www.manaus.am.gov.br\/fms\/\",\"name\":\"Fundo Manaus Solid\u00e1ria\",\"description\":\"Prefeitura de Manaus\",\"potentialAction\":[{\"@type\":\"SearchAction\",\"target\":{\"@type\":\"EntryPoint\",\"urlTemplate\":\"https:\/\/www.manaus.am.gov.br\/fms\/?s={search_term_string}\"},\"query-input\":\"required name=search_term_string\"}],\"inLanguage\":\"pt-BR\"},{\"@type\":\"Person\",\"@id\":\"https:\/\/www.manaus.am.gov.br\/fms\/#\/schema\/person\/79525a47ac5902f50493820d995728ee\",\"name\":\"Imarketing Digital\",\"image\":{\"@type\":\"ImageObject\",\"inLanguage\":\"pt-BR\",\"@id\":\"https:\/\/www.manaus.am.gov.br\/fms\/#\/schema\/person\/image\/\",\"url\":\"https:\/\/secure.gravatar.com\/avatar\/03432d3c57b756ed9760f7019c815a3a?s=96&d=mm&r=g\",\"contentUrl\":\"https:\/\/secure.gravatar.com\/avatar\/03432d3c57b756ed9760f7019c815a3a?s=96&d=mm&r=g\",\"caption\":\"Imarketing Digital\"}}]}<\/script>\n<!-- \/ Yoast SEO plugin. -->","yoast_head_json":{"title":"Prefeito David Almeida realiza lan\u00e7amento da 2\u00aa edi\u00e7\u00e3o do \u2018Natal das \u00c1guas\u2019 - Fundo Manaus Solid\u00e1ria","robots":{"index":"noindex","follow":"follow"},"og_locale":"pt_BR","og_type":"article","og_title":"Prefeito David Almeida realiza lan\u00e7amento da 2\u00aa edi\u00e7\u00e3o do \u2018Natal das \u00c1guas\u2019 - Fundo Manaus Solid\u00e1ria","og_description":"Prefeito David Almeida realiza lan\u00e7amento da 2\u00aa edi\u00e7\u00e3o do \u2018Natal das \u00c1guas\u2019","og_url":"https:\/\/www.manaus.am.gov.br\/fms\/prefeito-david-almeida-realiza-lancamento-da-2a-edicao-do-natal-das-aguas\/","og_site_name":"Fundo Manaus Solid\u00e1ria","article_published_time":"2022-10-25T02:34:00+00:00","article_modified_time":"2023-07-11T19:08:22+00:00","og_image":[{"width":799,"height":533,"url":"https:\/\/www.manaus.am.gov.br\/fms\/wp-content\/uploads\/sites\/16\/2023\/07\/Prefeito-David-Almeida-realiza-lancamento-da-2a-edicao-do-Natal-das-aguas.jpg","type":"image\/jpeg"}],"author":"Imarketing Digital","twitter_card":"summary_large_image","twitter_misc":{"Written by":"Imarketing Digital","Est. reading time":"3 minutos"},"schema":{"@context":"https:\/\/schema.org","@graph":[{"@type":"WebPage","@id":"https:\/\/www.manaus.am.gov.br\/fms\/prefeito-david-almeida-realiza-lancamento-da-2a-edicao-do-natal-das-aguas\/","url":"https:\/\/www.manaus.am.gov.br\/fms\/prefeito-david-almeida-realiza-lancamento-da-2a-edicao-do-natal-das-aguas\/","name":"Prefeito David Almeida realiza lan\u00e7amento da 2\u00aa edi\u00e7\u00e3o do \u2018Natal das \u00c1guas\u2019 - Fundo Manaus Solid\u00e1ria","isPartOf":{"@id":"https:\/\/www.manaus.am.gov.br\/fms\/#website"},"primaryImageOfPage":{"@id":"https:\/\/www.manaus.am.gov.br\/fms\/prefeito-david-almeida-realiza-lancamento-da-2a-edicao-do-natal-das-aguas\/#primaryimage"},"image":{"@id":"https:\/\/www.manaus.am.gov.br\/fms\/prefeito-david-almeida-realiza-lancamento-da-2a-edicao-do-natal-das-aguas\/#primaryimage"},"thumbnailUrl":"https:\/\/www.manaus.am.gov.br\/fms\/wp-content\/uploads\/sites\/16\/2023\/07\/Prefeito-David-Almeida-realiza-lancamento-da-2a-edicao-do-Natal-das-aguas.jpg","datePublished":"2022-10-25T02:34:00+00:00","dateModified":"2023-07-11T19:08:22+00:00","author":{"@id":"https:\/\/www.manaus.am.gov.br\/fms\/#\/schema\/person\/79525a47ac5902f50493820d995728ee"},"breadcrumb":{"@id":"https:\/\/www.manaus.am.gov.br\/fms\/prefeito-david-almeida-realiza-lancamento-da-2a-edicao-do-natal-das-aguas\/#breadcrumb"},"inLanguage":"pt-BR","potentialAction":[{"@type":"ReadAction","target":["https:\/\/www.manaus.am.gov.br\/fms\/prefeito-david-almeida-realiza-lancamento-da-2a-edicao-do-natal-das-aguas\/"]}]},{"@type":"ImageObject","inLanguage":"pt-BR","@id":"https:\/\/www.manaus.am.gov.br\/fms\/prefeito-david-almeida-realiza-lancamento-da-2a-edicao-do-natal-das-aguas\/#primaryimage","url":"https:\/\/www.manaus.am.gov.br\/fms\/wp-content\/uploads\/sites\/16\/2023\/07\/Prefeito-David-Almeida-realiza-lancamento-da-2a-edicao-do-Natal-das-aguas.jpg","contentUrl":"https:\/\/www.manaus.am.gov.br\/fms\/wp-content\/uploads\/sites\/16\/2023\/07\/Prefeito-David-Almeida-realiza-lancamento-da-2a-edicao-do-Natal-das-aguas.jpg","width":799,"height":533,"caption":"Prefeito David Almeida realiza lan\u00e7amento da 2\u00aa edi\u00e7\u00e3o do \u2018Natal das \u00c1guas\u2019"},{"@type":"BreadcrumbList","@id":"https:\/\/www.manaus.am.gov.br\/fms\/prefeito-david-almeida-realiza-lancamento-da-2a-edicao-do-natal-das-aguas\/#breadcrumb","itemListElement":[{"@type":"ListItem","position":1,"name":"Home","item":"https:\/\/www.manaus.am.gov.br\/fms\/"},{"@type":"ListItem","position":2,"name":"Prefeito David Almeida realiza lan\u00e7amento da 2\u00aa edi\u00e7\u00e3o do \u2018Natal das \u00c1guas\u2019"}]},{"@type":"WebSite","@id":"https:\/\/www.manaus.am.gov.br\/fms\/#website","url":"https:\/\/www.manaus.am.gov.br\/fms\/","name":"Fundo Manaus Solid\u00e1ria","description":"Prefeitura de Manaus","potentialAction":[{"@type":"SearchAction","target":{"@type":"EntryPoint","urlTemplate":"https:\/\/www.manaus.am.gov.br\/fms\/?s={search_term_string}"},"query-input":"required name=search_term_string"}],"inLanguage":"pt-BR"},{"@type":"Person","@id":"https:\/\/www.manaus.am.gov.br\/fms\/#\/schema\/person\/79525a47ac5902f50493820d995728ee","name":"Imarketing Digital","image":{"@type":"ImageObject","inLanguage":"pt-BR","@id":"https:\/\/www.manaus.am.gov.br\/fms\/#\/schema\/person\/image\/","url":"https:\/\/secure.gravatar.com\/avatar\/03432d3c57b756ed9760f7019c815a3a?s=96&d=mm&r=g","contentUrl":"https:\/\/secure.gravatar.com\/avatar\/03432d3c57b756ed9760f7019c815a3a?s=96&d=mm&r=g","caption":"Imarketing Digital"}}]}},"_links":{"self":[{"href":"https:\/\/www.manaus.am.gov.br\/fms\/wp-json\/wp\/v2\/posts\/518"}],"collection":[{"href":"https:\/\/www.manaus.am.gov.br\/fms\/wp-json\/wp\/v2\/posts"}],"about":[{"href":"https:\/\/www.manaus.am.gov.br\/fms\/wp-json\/wp\/v2\/types\/post"}],"author":[{"embeddable":true,"href":"https:\/\/www.manaus.am.gov.br\/fms\/wp-json\/wp\/v2\/users\/27"}],"replies":[{"embeddable":true,"href":"https:\/\/www.manaus.am.gov.br\/fms\/wp-json\/wp\/v2\/comments?post=518"}],"version-history":[{"count":0,"href":"https:\/\/www.manaus.am.gov.br\/fms\/wp-json\/wp\/v2\/posts\/518\/revisions"}],"wp:featuredmedia":[{"embeddable":true,"href":"https:\/\/www.manaus.am.gov.br\/fms\/wp-json\/wp\/v2\/media\/519"}],"wp:attachment":[{"href":"https:\/\/www.manaus.am.gov.br\/fms\/wp-json\/wp\/v2\/media?parent=518"}],"wp:term":[{"taxonomy":"category","embeddable":true,"href":"https:\/\/www.manaus.am.gov.br\/fms\/wp-json\/wp\/v2\/categories?post=518"},{"taxonomy":"post_tag","embeddable":true,"href":"https:\/\/www.manaus.am.gov.br\/fms\/wp-json\/wp\/v2\/tags?post=518"}],"curies":[{"name":"wp","href":"https:\/\/api.w.org\/{rel}","templated":true}]}}