{"id":1593,"date":"2025-10-01T20:43:43","date_gmt":"2025-10-02T00:43:43","guid":{"rendered":"https:\/\/www.manaus.am.gov.br\/fms\/programacao-de-natal\/"},"modified":"2025-10-01T20:43:44","modified_gmt":"2025-10-02T00:43:44","slug":"programacao-de-natal","status":"publish","type":"post","link":"https:\/\/www.manaus.am.gov.br\/fms\/programacao-de-natal\/","title":{"rendered":"Prefeito David Almeida anuncia programa\u00e7\u00e3o do \u2018Sonho M\u00e1gico de Natal 2025\u2019 em Manaus"},"content":{"rendered":"\n<p>O prefeito de Manaus, David Almeida, anunciou, nesta quarta-feira, 1\u00ba\/10, ao lado da presidente do Fundo Manaus Solid\u00e1ria (FMS), Viviana Lira, a programa\u00e7\u00e3o oficial do \u201cSonho M\u00e1gico de Natal 2025\u201d, que promete transformar a capital em um grande cen\u00e1rio natalino, com atra\u00e7\u00f5es in\u00e9ditas em todas as zonas da cidade.<\/p>\n\n\n\n<p>O prefeito destacou que Manaus ter\u00e1 um dos maiores Natais j\u00e1 realizados pela prefeitura. \u201cVem a\u00ed \u2018Um Sonho M\u00e1gico de Natal\u2019. N\u00f3s vamos ter a \u2018Parada de Natal\u2019, o \u2018Pres\u00e9pio Flutuante\u2019 para os ribeirinhos, a pista de patina\u00e7\u00e3o de gelo na Ponta Negra, a chuva de neve, o espet\u00e1culo em parceria com a Nova Igreja Batista (NIB) e uma ornamenta\u00e7\u00e3o especial em todas as zonas\u201d, afirmou.<\/p>\n\n\n\n<p>A programa\u00e7\u00e3o contempla diversos pontos da cidade, como a lagoa do Japiim, na zona Sul; lagoa da Compensa, na zona Oeste; bairro Col\u00f4nia Ant\u00f4nio Aleixo, na zona Leste; conjunto Viver Melhor, na zona Norte; mirante L\u00facia Almeida, no centro de Manaus; e as principais avenidas da capital. A tradicional Parada de Natal tamb\u00e9m percorrer\u00e1 bairros das zonas Leste, Norte, Oeste e Sul.<\/p>\n\n\n\n<p>A presidente do FMS, Viviana Lira, ressaltou a amplitude das a\u00e7\u00f5es. \u201cCom certeza ser\u00e1 um Natal lindo. Este ano teremos pista de patina\u00e7\u00e3o em cabine climatizada na zona Oeste, teremos neve artificial, espet\u00e1culos e decora\u00e7\u00f5es em todas as zonas da cidade. No dia 23 de outubro j\u00e1 vamos antecipar a abertura da decora\u00e7\u00e3o natalina no mirante L\u00facia Almeida, no Centro, trazendo alegria, movimentando a economia e preparando a popula\u00e7\u00e3o para a chegada do Natal\u201d, disse.<\/p>\n\n\n\n<p>Entre as novidades est\u00e1 o \u201cNatal nas \u00c1guas\u201d, que levar\u00e1 uma balsa flutuante ornamentada com \u00e1rvore de Natal, Papai Noel e distribui\u00e7\u00e3o de presentes \u00e0s comunidades ribeirinhas.<\/p>\n\n\n\n<p>Com o tema \u201cSonho M\u00e1gico de Natal\u201d, a Prefeitura de Manaus levar\u00e1 at\u00e9 os primeiros dias de janeiro de 2026 momentos de f\u00e9, lazer e encantamento para todas as fam\u00edlias da capital.<\/p>\n\n\n\n<p><strong>\u2014 \u2014 \u2014<\/strong><br><strong>Texto &#8211; <\/strong>Emanuelle Baires \/ Semcom-Prefeito<br><strong>Fotos &#8211; <\/strong>Dhyeizo Lemos \/ Semcom-Prefeito<\/p>\n","protected":false},"excerpt":{"rendered":"","protected":false},"author":68,"featured_media":1594,"comment_status":"closed","ping_status":"closed","sticky":false,"template":"","format":"standard","meta":{"footnotes":""},"categories":[39],"tags":[397,49,398,16,399],"acf":[],"yoast_head":"<!-- This site is optimized with the Yoast SEO plugin v23.0 - https:\/\/yoast.com\/wordpress\/plugins\/seo\/ -->\n<title>Prefeito David Almeida anuncia programa\u00e7\u00e3o de Natal<\/title>\n<meta name=\"description\" content=\"O prefeito de Manaus, David Almeida, anunciou a programa\u00e7\u00e3o oficial do \u201cSonho M\u00e1gico de Natal 2025\u201d, para diversas zonas da cidade.\" \/>\n<meta name=\"robots\" content=\"noindex, follow\" \/>\n<meta property=\"og:locale\" content=\"pt_BR\" \/>\n<meta property=\"og:type\" content=\"article\" \/>\n<meta property=\"og:title\" content=\"Prefeito David Almeida anuncia programa\u00e7\u00e3o de Natal\" \/>\n<meta property=\"og:description\" content=\"O prefeito de Manaus, David Almeida, anunciou a programa\u00e7\u00e3o oficial do \u201cSonho M\u00e1gico de Natal 2025\u201d, para diversas zonas da cidade.\" \/>\n<meta property=\"og:url\" content=\"https:\/\/www.manaus.am.gov.br\/fms\/programacao-de-natal\/\" \/>\n<meta property=\"og:site_name\" content=\"Fundo Manaus Solid\u00e1ria\" \/>\n<meta property=\"article:published_time\" content=\"2025-10-02T00:43:43+00:00\" \/>\n<meta property=\"article:modified_time\" content=\"2025-10-02T00:43:44+00:00\" \/>\n<meta property=\"og:image\" content=\"https:\/\/www.manaus.am.gov.br\/fms\/wp-content\/uploads\/sites\/16\/2025\/10\/WhatsApp-Image-2025-10-01-at-19.57.02.jpeg\" \/>\n\t<meta property=\"og:image:width\" content=\"4160\" \/>\n\t<meta property=\"og:image:height\" content=\"2773\" \/>\n\t<meta property=\"og:image:type\" content=\"image\/jpeg\" \/>\n<meta name=\"author\" content=\"bvalente\" \/>\n<meta name=\"twitter:card\" content=\"summary_large_image\" \/>\n<meta name=\"twitter:label1\" content=\"Written by\" \/>\n\t<meta name=\"twitter:data1\" content=\"bvalente\" \/>\n\t<meta name=\"twitter:label2\" content=\"Est. reading time\" \/>\n\t<meta name=\"twitter:data2\" content=\"2 minutos\" \/>\n<script type=\"application\/ld+json\" class=\"yoast-schema-graph\">{\"@context\":\"https:\/\/schema.org\",\"@graph\":[{\"@type\":\"WebPage\",\"@id\":\"https:\/\/www.manaus.am.gov.br\/fms\/programacao-de-natal\/\",\"url\":\"https:\/\/www.manaus.am.gov.br\/fms\/programacao-de-natal\/\",\"name\":\"Prefeito David Almeida anuncia programa\u00e7\u00e3o de Natal\",\"isPartOf\":{\"@id\":\"https:\/\/www.manaus.am.gov.br\/fms\/#website\"},\"primaryImageOfPage\":{\"@id\":\"https:\/\/www.manaus.am.gov.br\/fms\/programacao-de-natal\/#primaryimage\"},\"image\":{\"@id\":\"https:\/\/www.manaus.am.gov.br\/fms\/programacao-de-natal\/#primaryimage\"},\"thumbnailUrl\":\"https:\/\/www.manaus.am.gov.br\/fms\/wp-content\/uploads\/sites\/16\/2025\/10\/WhatsApp-Image-2025-10-01-at-19.57.02.jpeg\",\"datePublished\":\"2025-10-02T00:43:43+00:00\",\"dateModified\":\"2025-10-02T00:43:44+00:00\",\"author\":{\"@id\":\"https:\/\/www.manaus.am.gov.br\/fms\/#\/schema\/person\/466a0e03ae4b6062809046bd560ac955\"},\"description\":\"O prefeito de Manaus, David Almeida, anunciou a programa\u00e7\u00e3o oficial do \u201cSonho M\u00e1gico de Natal 2025\u201d, para diversas zonas da cidade.\",\"breadcrumb\":{\"@id\":\"https:\/\/www.manaus.am.gov.br\/fms\/programacao-de-natal\/#breadcrumb\"},\"inLanguage\":\"pt-BR\",\"potentialAction\":[{\"@type\":\"ReadAction\",\"target\":[\"https:\/\/www.manaus.am.gov.br\/fms\/programacao-de-natal\/\"]}]},{\"@type\":\"ImageObject\",\"inLanguage\":\"pt-BR\",\"@id\":\"https:\/\/www.manaus.am.gov.br\/fms\/programacao-de-natal\/#primaryimage\",\"url\":\"https:\/\/www.manaus.am.gov.br\/fms\/wp-content\/uploads\/sites\/16\/2025\/10\/WhatsApp-Image-2025-10-01-at-19.57.02.jpeg\",\"contentUrl\":\"https:\/\/www.manaus.am.gov.br\/fms\/wp-content\/uploads\/sites\/16\/2025\/10\/WhatsApp-Image-2025-10-01-at-19.57.02.jpeg\",\"width\":4160,\"height\":2773,\"caption\":\"#paratodosverem \u2013Prefeito David Almeida ao lado da presidente do Fundo Manaus Solid\u00e1ria (FMS), Viviana Lira, durante an\u00fancio da programa\u00e7\u00e3o oficial do \u201cSonho M\u00e1gico de Natal 2025\u201d\"},{\"@type\":\"BreadcrumbList\",\"@id\":\"https:\/\/www.manaus.am.gov.br\/fms\/programacao-de-natal\/#breadcrumb\",\"itemListElement\":[{\"@type\":\"ListItem\",\"position\":1,\"name\":\"Home\",\"item\":\"https:\/\/www.manaus.am.gov.br\/fms\/\"},{\"@type\":\"ListItem\",\"position\":2,\"name\":\"Prefeito David Almeida anuncia programa\u00e7\u00e3o do \u2018Sonho M\u00e1gico de Natal 2025\u2019 em Manaus\"}]},{\"@type\":\"WebSite\",\"@id\":\"https:\/\/www.manaus.am.gov.br\/fms\/#website\",\"url\":\"https:\/\/www.manaus.am.gov.br\/fms\/\",\"name\":\"Fundo Manaus Solid\u00e1ria\",\"description\":\"Prefeitura de Manaus\",\"potentialAction\":[{\"@type\":\"SearchAction\",\"target\":{\"@type\":\"EntryPoint\",\"urlTemplate\":\"https:\/\/www.manaus.am.gov.br\/fms\/?s={search_term_string}\"},\"query-input\":\"required name=search_term_string\"}],\"inLanguage\":\"pt-BR\"},{\"@type\":\"Person\",\"@id\":\"https:\/\/www.manaus.am.gov.br\/fms\/#\/schema\/person\/466a0e03ae4b6062809046bd560ac955\",\"name\":\"bvalente\",\"image\":{\"@type\":\"ImageObject\",\"inLanguage\":\"pt-BR\",\"@id\":\"https:\/\/www.manaus.am.gov.br\/fms\/#\/schema\/person\/image\/\",\"url\":\"https:\/\/secure.gravatar.com\/avatar\/3e69bc2b014bdad41adfec3a39de07d2?s=96&d=mm&r=g\",\"contentUrl\":\"https:\/\/secure.gravatar.com\/avatar\/3e69bc2b014bdad41adfec3a39de07d2?s=96&d=mm&r=g\",\"caption\":\"bvalente\"}}]}<\/script>\n<!-- \/ Yoast SEO plugin. -->","yoast_head_json":{"title":"Prefeito David Almeida anuncia programa\u00e7\u00e3o de Natal","description":"O prefeito de Manaus, David Almeida, anunciou a programa\u00e7\u00e3o oficial do \u201cSonho M\u00e1gico de Natal 2025\u201d, para diversas zonas da cidade.","robots":{"index":"noindex","follow":"follow"},"og_locale":"pt_BR","og_type":"article","og_title":"Prefeito David Almeida anuncia programa\u00e7\u00e3o de Natal","og_description":"O prefeito de Manaus, David Almeida, anunciou a programa\u00e7\u00e3o oficial do \u201cSonho M\u00e1gico de Natal 2025\u201d, para diversas zonas da cidade.","og_url":"https:\/\/www.manaus.am.gov.br\/fms\/programacao-de-natal\/","og_site_name":"Fundo Manaus Solid\u00e1ria","article_published_time":"2025-10-02T00:43:43+00:00","article_modified_time":"2025-10-02T00:43:44+00:00","og_image":[{"width":4160,"height":2773,"url":"https:\/\/www.manaus.am.gov.br\/fms\/wp-content\/uploads\/sites\/16\/2025\/10\/WhatsApp-Image-2025-10-01-at-19.57.02.jpeg","type":"image\/jpeg"}],"author":"bvalente","twitter_card":"summary_large_image","twitter_misc":{"Written by":"bvalente","Est. reading time":"2 minutos"},"schema":{"@context":"https:\/\/schema.org","@graph":[{"@type":"WebPage","@id":"https:\/\/www.manaus.am.gov.br\/fms\/programacao-de-natal\/","url":"https:\/\/www.manaus.am.gov.br\/fms\/programacao-de-natal\/","name":"Prefeito David Almeida anuncia programa\u00e7\u00e3o de Natal","isPartOf":{"@id":"https:\/\/www.manaus.am.gov.br\/fms\/#website"},"primaryImageOfPage":{"@id":"https:\/\/www.manaus.am.gov.br\/fms\/programacao-de-natal\/#primaryimage"},"image":{"@id":"https:\/\/www.manaus.am.gov.br\/fms\/programacao-de-natal\/#primaryimage"},"thumbnailUrl":"https:\/\/www.manaus.am.gov.br\/fms\/wp-content\/uploads\/sites\/16\/2025\/10\/WhatsApp-Image-2025-10-01-at-19.57.02.jpeg","datePublished":"2025-10-02T00:43:43+00:00","dateModified":"2025-10-02T00:43:44+00:00","author":{"@id":"https:\/\/www.manaus.am.gov.br\/fms\/#\/schema\/person\/466a0e03ae4b6062809046bd560ac955"},"description":"O prefeito de Manaus, David Almeida, anunciou a programa\u00e7\u00e3o oficial do \u201cSonho M\u00e1gico de Natal 2025\u201d, para diversas zonas da cidade.","breadcrumb":{"@id":"https:\/\/www.manaus.am.gov.br\/fms\/programacao-de-natal\/#breadcrumb"},"inLanguage":"pt-BR","potentialAction":[{"@type":"ReadAction","target":["https:\/\/www.manaus.am.gov.br\/fms\/programacao-de-natal\/"]}]},{"@type":"ImageObject","inLanguage":"pt-BR","@id":"https:\/\/www.manaus.am.gov.br\/fms\/programacao-de-natal\/#primaryimage","url":"https:\/\/www.manaus.am.gov.br\/fms\/wp-content\/uploads\/sites\/16\/2025\/10\/WhatsApp-Image-2025-10-01-at-19.57.02.jpeg","contentUrl":"https:\/\/www.manaus.am.gov.br\/fms\/wp-content\/uploads\/sites\/16\/2025\/10\/WhatsApp-Image-2025-10-01-at-19.57.02.jpeg","width":4160,"height":2773,"caption":"#paratodosverem \u2013Prefeito David Almeida ao lado da presidente do Fundo Manaus Solid\u00e1ria (FMS), Viviana Lira, durante an\u00fancio da programa\u00e7\u00e3o oficial do \u201cSonho M\u00e1gico de Natal 2025\u201d"},{"@type":"BreadcrumbList","@id":"https:\/\/www.manaus.am.gov.br\/fms\/programacao-de-natal\/#breadcrumb","itemListElement":[{"@type":"ListItem","position":1,"name":"Home","item":"https:\/\/www.manaus.am.gov.br\/fms\/"},{"@type":"ListItem","position":2,"name":"Prefeito David Almeida anuncia programa\u00e7\u00e3o do \u2018Sonho M\u00e1gico de Natal 2025\u2019 em Manaus"}]},{"@type":"WebSite","@id":"https:\/\/www.manaus.am.gov.br\/fms\/#website","url":"https:\/\/www.manaus.am.gov.br\/fms\/","name":"Fundo Manaus Solid\u00e1ria","description":"Prefeitura de Manaus","potentialAction":[{"@type":"SearchAction","target":{"@type":"EntryPoint","urlTemplate":"https:\/\/www.manaus.am.gov.br\/fms\/?s={search_term_string}"},"query-input":"required name=search_term_string"}],"inLanguage":"pt-BR"},{"@type":"Person","@id":"https:\/\/www.manaus.am.gov.br\/fms\/#\/schema\/person\/466a0e03ae4b6062809046bd560ac955","name":"bvalente","image":{"@type":"ImageObject","inLanguage":"pt-BR","@id":"https:\/\/www.manaus.am.gov.br\/fms\/#\/schema\/person\/image\/","url":"https:\/\/secure.gravatar.com\/avatar\/3e69bc2b014bdad41adfec3a39de07d2?s=96&d=mm&r=g","contentUrl":"https:\/\/secure.gravatar.com\/avatar\/3e69bc2b014bdad41adfec3a39de07d2?s=96&d=mm&r=g","caption":"bvalente"}}]}},"_links":{"self":[{"href":"https:\/\/www.manaus.am.gov.br\/fms\/wp-json\/wp\/v2\/posts\/1593"}],"collection":[{"href":"https:\/\/www.manaus.am.gov.br\/fms\/wp-json\/wp\/v2\/posts"}],"about":[{"href":"https:\/\/www.manaus.am.gov.br\/fms\/wp-json\/wp\/v2\/types\/post"}],"author":[{"embeddable":true,"href":"https:\/\/www.manaus.am.gov.br\/fms\/wp-json\/wp\/v2\/users\/68"}],"replies":[{"embeddable":true,"href":"https:\/\/www.manaus.am.gov.br\/fms\/wp-json\/wp\/v2\/comments?post=1593"}],"version-history":[{"count":0,"href":"https:\/\/www.manaus.am.gov.br\/fms\/wp-json\/wp\/v2\/posts\/1593\/revisions"}],"wp:featuredmedia":[{"embeddable":true,"href":"https:\/\/www.manaus.am.gov.br\/fms\/wp-json\/wp\/v2\/media\/1594"}],"wp:attachment":[{"href":"https:\/\/www.manaus.am.gov.br\/fms\/wp-json\/wp\/v2\/media?parent=1593"}],"wp:term":[{"taxonomy":"category","embeddable":true,"href":"https:\/\/www.manaus.am.gov.br\/fms\/wp-json\/wp\/v2\/categories?post=1593"},{"taxonomy":"post_tag","embeddable":true,"href":"https:\/\/www.manaus.am.gov.br\/fms\/wp-json\/wp\/v2\/tags?post=1593"}],"curies":[{"name":"wp","href":"https:\/\/api.w.org\/{rel}","templated":true}]}}