{"id":1459,"date":"2025-07-05T23:03:58","date_gmt":"2025-07-06T03:03:58","guid":{"rendered":"https:\/\/www.manaus.am.gov.br\/fms\/david-almeida-gigantes-da-floresta-1-ano\/"},"modified":"2025-07-07T12:34:32","modified_gmt":"2025-07-07T16:34:32","slug":"david-almeida-gigantes-da-floresta-1-ano","status":"publish","type":"post","link":"https:\/\/www.manaus.am.gov.br\/fms\/david-almeida-gigantes-da-floresta-1-ano\/","title":{"rendered":"Prefeito David Almeida celebra 1 ano do Parque Gigantes da Floresta com 100 mil pessoas e 12 toneladas de alimentos arrecadados"},"content":{"rendered":"\n<p>O prefeito de Manaus, David Almeida, celebrou, neste s\u00e1bado, 5\/7, o anivers\u00e1rio de um ano do parque Gigantes da Floresta, localizado entre as zona Leste e Norte da capital. Ao lado da primeira-dama, Izabelle Fontenelle, e da diretora-presidente do Fundo Manaus Solid\u00e1ria (FMS), Viviana Lira, o prefeito conduziu uma grande festa junina que atraiu 100 mil pessoas, com sorteio de 50 pr\u00eamios, atra\u00e7\u00f5es culturais e 12 toneladas de alimentos arrecadados para doa\u00e7\u00e3o.<\/p>\n\n\n\n<p>O evento, batizado de \u201cGigantes na Ro\u00e7a\u201d, marcou n\u00e3o apenas a data comemorativa, mas o fortalecimento de uma pol\u00edtica p\u00fablica de valoriza\u00e7\u00e3o dos espa\u00e7os de lazer, inclus\u00e3o social e desenvolvimento urbano da zona Leste, uma das prioridades da gest\u00e3o de David Almeida.<\/p>\n\n\n\n<p>\u201cAs zonas Leste e Norte eram \u00e1reas praticamente esquecidas pelo poder p\u00fablico. Hoje, entregamos \u00e0 popula\u00e7\u00e3o espa\u00e7os que transformam vidas. O parque Gigantes da Floresta \u00e9 um s\u00edmbolo disso: um parque humanizado, que promove entretenimento, qualidade de vida e conv\u00edvio familiar. Em apenas um ano, foram mais de 3,6 milh\u00f5es de visitas e o mais bonito: nenhum ato de vandalismo. Isso mostra que o parque \u00e9 do povo e o povo cuida\u201d, declarou o prefeito.<\/p>\n\n\n\n<p>Inaugurado em 2024, o parque Gigantes da Floresta foi constru\u00eddo em uma \u00e1rea totalmente degradada e hoje \u00e9 um dos maiores sucessos de visita\u00e7\u00e3o da capital amazonense. Ele integra o eixo \u201cCidade Sustent\u00e1vel e Humanizada\u201d, que norteia a pol\u00edtica de urbanismo da atual gest\u00e3o e faz parte de um conjunto de investimentos estrat\u00e9gicos na zona Leste de Manaus, como o complexo vi\u00e1rio Rei Pel\u00e9, que tamb\u00e9m ganhou \u00e1reas de esporte e lazer para a popula\u00e7\u00e3o.<\/p>\n\n\n\n<p>Durante a festa, artistas locais como Uendel Pinheiro, George Japa, Joe Guerra e John Veiga animaram o p\u00fablico. Os visitantes receberam cupons para concorrer aos pr\u00eamios.<\/p>\n\n\n\n<p>\u201cEsse parque \u00e9 um presente que a gest\u00e3o entrega ao povo. Um espa\u00e7o onde as fam\u00edlias encontram lazer, contato com a natureza, seguran\u00e7a e dignidade. Estamos aumentando a autoestima dos moradores. \u00c9 isso que nos move: melhorar a vida das pessoas\u201d, completou o chefe do Executivo Municipal.<\/p>\n\n\n\n<figure class=\"wp-block-image size-full\"><img loading=\"lazy\" decoding=\"async\" width=\"799\" height=\"533\" src=\"https:\/\/www.manaus.am.gov.br\/fms\/wp-content\/uploads\/sites\/16\/2025\/07\/54635771571_0c3497599d_c.jpg\" alt=\"\" class=\"wp-image-1460\" srcset=\"https:\/\/www.manaus.am.gov.br\/fms\/wp-content\/uploads\/sites\/16\/2025\/07\/54635771571_0c3497599d_c.jpg 799w, https:\/\/www.manaus.am.gov.br\/fms\/wp-content\/uploads\/sites\/16\/2025\/07\/54635771571_0c3497599d_c-300x200.jpg 300w, https:\/\/www.manaus.am.gov.br\/fms\/wp-content\/uploads\/sites\/16\/2025\/07\/54635771571_0c3497599d_c-768x512.jpg 768w\" sizes=\"(max-width: 799px) 100vw, 799px\" \/><figcaption class=\"wp-element-caption\">#paraotodosverem Gigantes da Floresta se consolidou como uma das principais \u00e1reas de lazer de Manaus<\/figcaption><\/figure>\n\n\n\n<p>Para a diretora-presidente do Fundo Manaus Solid\u00e1ria (FMS), Viviana Lira, a festa tamb\u00e9m teve um papel solid\u00e1rio fundamental. \u201cArrecadamos 12 toneladas de alimentos, que ser\u00e3o destinados a institui\u00e7\u00f5es sociais. Isso mostra que o povo de Manaus n\u00e3o s\u00f3 festeja, mas tamb\u00e9m \u00e9 solid\u00e1rio\u201d.<\/p>\n\n\n\n<p>A gest\u00e3o do Gigantes da Floresta \u00e9 realizada pela Secretaria Municipal de Agricultura, Abastecimento, Centro e Com\u00e9rcio Informal (Semacc). De acordo com o secret\u00e1rio da Semacc, Wanderson Costa, a seguran\u00e7a e o acolhimento s\u00e3o algumas das principais caracter\u00edsticas do parque.<\/p>\n\n\n\n<p>\u201cO parque Gigantes da Floresta representa hoje um marco de transforma\u00e7\u00e3o social na nossa cidade. Em apenas um ano, se consolidou como espa\u00e7o de lazer, conviv\u00eancia e inclus\u00e3o para milhares de fam\u00edlias. Esse resultado mostra que, quando a gest\u00e3o p\u00fablica trabalha com seriedade e compromisso com as pessoas, os impactos s\u00e3o reais e duradouros. Nosso objetivo \u00e9 manter o parque sempre ativo, seguro e acolhedor para todos que o frequentam\u201d, afirmou Costa.<\/p>\n\n\n\n<p><strong>Emo\u00e7\u00e3o<\/strong><\/p>\n\n\n\n<p>Quem esteve no local p\u00f4de se emocionar com a queima de fogos e os parab\u00e9ns cantado pelo prefeito ao lado de um bolo cenogr\u00e1fico de 1 ano do parque. A pequena Maria L\u00facia, de 8 anos, resumiu o encantamento das crian\u00e7as quanto ao local. \u201cA festa est\u00e1 linda. Gosto da piscina, dos brinquedos, dos bichos. Aqui \u00e9 muito legal\u201d.<\/p>\n\n\n\n<p>J\u00e1 a visitante de Manacapuru, Luna Guerra, que conheceu o parque pela primeira vez, junto com a av\u00f3 e tia, Lucy Porto e Lucilene Rebou\u00e7as, se disse emocionada. \u201cEstou encantada pelo tamanho dos bichos, a qualidade do parque. \u00c9 uma op\u00e7\u00e3o de lazer excelente para toda a fam\u00edlia. A prefeitura est\u00e1 de parab\u00e9ns\u201d.<\/p>\n\n\n\n<p>Mais que um parque, o Gigantes da Floresta representa uma virada de chave no modo como Manaus cuida da sua gente. Um espa\u00e7o que nasceu da reconstru\u00e7\u00e3o de um terreno degradado e se consolidou como s\u00edmbolo de pertencimento, orgulho e esperan\u00e7a.<\/p>\n\n\n\n<p>\u201cVamos seguir cuidando desse parque, porque ele \u00e9 de voc\u00eas e, enquanto estivermos \u00e0 frente da prefeitura, a zona Leste continuar\u00e1 recebendo o investimento que merece. Essa festa \u00e9 s\u00f3 o come\u00e7o do que ainda est\u00e1 por vir\u201d, finalizou o prefeito David Almeida, sob aplausos.<\/p>\n\n\n\n<p>&#8212; &#8212; &#8212;<\/p>\n\n\n\n<p><strong>Texto <\/strong>&#8211; Emanuelle Baires\/Semcom-Prefeito e Polyana Brelaz \/ Semacc<\/p>\n\n\n\n<p><strong>Fotos<\/strong> &#8211; Antonio Pereira\/Semcom-Prefeito e Cl\u00f3vis Miranda \/ Semcom<\/p>\n\n\n\n<p><strong>Dispon\u00edveis em &#8211; <\/strong>https:\/\/flic.kr\/s\/aHBqjCkA3X<\/p>\n","protected":false},"excerpt":{"rendered":"","protected":false},"author":25,"featured_media":1461,"comment_status":"closed","ping_status":"closed","sticky":false,"template":"","format":"standard","meta":{"footnotes":""},"categories":[39],"tags":[365,49,366,367],"acf":[],"yoast_head":"<!-- This site is optimized with the Yoast SEO plugin v23.0 - https:\/\/yoast.com\/wordpress\/plugins\/seo\/ -->\n<title>Prefeito David Almeida celebra 1 ano do Parque Gigantes da Floresta com 30 mil pessoas e 12 toneladas de alimentos arrecadados<\/title>\n<meta name=\"description\" content=\"O prefeito de Manaus, David Almeida, celebrou, neste s\u00e1bado, 5\/7, o anivers\u00e1rio de um ano do parque Gigantes da Floresta\" \/>\n<meta name=\"robots\" content=\"noindex, follow\" \/>\n<meta property=\"og:locale\" content=\"pt_BR\" \/>\n<meta property=\"og:type\" content=\"article\" \/>\n<meta property=\"og:title\" content=\"Prefeito David Almeida celebra 1 ano do Parque Gigantes da Floresta com 30 mil pessoas e 12 toneladas de alimentos arrecadados\" \/>\n<meta property=\"og:description\" content=\"O prefeito de Manaus, David Almeida, celebrou, neste s\u00e1bado, 5\/7, o anivers\u00e1rio de um ano do parque Gigantes da Floresta\" \/>\n<meta property=\"og:url\" content=\"https:\/\/www.manaus.am.gov.br\/fms\/david-almeida-gigantes-da-floresta-1-ano\/\" \/>\n<meta property=\"og:site_name\" content=\"Fundo Manaus Solid\u00e1ria\" \/>\n<meta property=\"article:published_time\" content=\"2025-07-06T03:03:58+00:00\" \/>\n<meta property=\"article:modified_time\" content=\"2025-07-07T16:34:32+00:00\" \/>\n<meta property=\"og:image\" content=\"https:\/\/www.manaus.am.gov.br\/fms\/wp-content\/uploads\/sites\/16\/2025\/07\/54634795742_47350852ac_c.jpg\" \/>\n\t<meta property=\"og:image:width\" content=\"800\" \/>\n\t<meta property=\"og:image:height\" content=\"571\" \/>\n\t<meta property=\"og:image:type\" content=\"image\/jpeg\" \/>\n<meta name=\"author\" content=\"Maur\u00edcio Freire\" \/>\n<meta name=\"twitter:card\" content=\"summary_large_image\" \/>\n<meta name=\"twitter:label1\" content=\"Written by\" \/>\n\t<meta name=\"twitter:data1\" content=\"Maur\u00edcio Freire\" \/>\n\t<meta name=\"twitter:label2\" content=\"Est. reading time\" \/>\n\t<meta name=\"twitter:data2\" content=\"5 minutos\" \/>\n<script type=\"application\/ld+json\" class=\"yoast-schema-graph\">{\"@context\":\"https:\/\/schema.org\",\"@graph\":[{\"@type\":\"WebPage\",\"@id\":\"https:\/\/www.manaus.am.gov.br\/fms\/david-almeida-gigantes-da-floresta-1-ano\/\",\"url\":\"https:\/\/www.manaus.am.gov.br\/fms\/david-almeida-gigantes-da-floresta-1-ano\/\",\"name\":\"Prefeito David Almeida celebra 1 ano do Parque Gigantes da Floresta com 30 mil pessoas e 12 toneladas de alimentos arrecadados\",\"isPartOf\":{\"@id\":\"https:\/\/www.manaus.am.gov.br\/fms\/#website\"},\"primaryImageOfPage\":{\"@id\":\"https:\/\/www.manaus.am.gov.br\/fms\/david-almeida-gigantes-da-floresta-1-ano\/#primaryimage\"},\"image\":{\"@id\":\"https:\/\/www.manaus.am.gov.br\/fms\/david-almeida-gigantes-da-floresta-1-ano\/#primaryimage\"},\"thumbnailUrl\":\"https:\/\/www.manaus.am.gov.br\/fms\/wp-content\/uploads\/sites\/16\/2025\/07\/54634795742_47350852ac_c.jpg\",\"datePublished\":\"2025-07-06T03:03:58+00:00\",\"dateModified\":\"2025-07-07T16:34:32+00:00\",\"author\":{\"@id\":\"https:\/\/www.manaus.am.gov.br\/fms\/#\/schema\/person\/587989a23a463cde5618e6a028977a9a\"},\"description\":\"O prefeito de Manaus, David Almeida, celebrou, neste s\u00e1bado, 5\/7, o anivers\u00e1rio de um ano do parque Gigantes da Floresta\",\"breadcrumb\":{\"@id\":\"https:\/\/www.manaus.am.gov.br\/fms\/david-almeida-gigantes-da-floresta-1-ano\/#breadcrumb\"},\"inLanguage\":\"pt-BR\",\"potentialAction\":[{\"@type\":\"ReadAction\",\"target\":[\"https:\/\/www.manaus.am.gov.br\/fms\/david-almeida-gigantes-da-floresta-1-ano\/\"]}]},{\"@type\":\"ImageObject\",\"inLanguage\":\"pt-BR\",\"@id\":\"https:\/\/www.manaus.am.gov.br\/fms\/david-almeida-gigantes-da-floresta-1-ano\/#primaryimage\",\"url\":\"https:\/\/www.manaus.am.gov.br\/fms\/wp-content\/uploads\/sites\/16\/2025\/07\/54634795742_47350852ac_c.jpg\",\"contentUrl\":\"https:\/\/www.manaus.am.gov.br\/fms\/wp-content\/uploads\/sites\/16\/2025\/07\/54634795742_47350852ac_c.jpg\",\"width\":800,\"height\":571,\"caption\":\"#paratodosverem prefeito David Almeida comemorou com a popula\u00e7\u00e3o ao anivers\u00e1rio do parque\"},{\"@type\":\"BreadcrumbList\",\"@id\":\"https:\/\/www.manaus.am.gov.br\/fms\/david-almeida-gigantes-da-floresta-1-ano\/#breadcrumb\",\"itemListElement\":[{\"@type\":\"ListItem\",\"position\":1,\"name\":\"Home\",\"item\":\"https:\/\/www.manaus.am.gov.br\/fms\/\"},{\"@type\":\"ListItem\",\"position\":2,\"name\":\"Prefeito David Almeida celebra 1 ano do Parque Gigantes da Floresta com 30 mil pessoas e 12 toneladas de alimentos arrecadados\"}]},{\"@type\":\"WebSite\",\"@id\":\"https:\/\/www.manaus.am.gov.br\/fms\/#website\",\"url\":\"https:\/\/www.manaus.am.gov.br\/fms\/\",\"name\":\"Fundo Manaus Solid\u00e1ria\",\"description\":\"Prefeitura de Manaus\",\"potentialAction\":[{\"@type\":\"SearchAction\",\"target\":{\"@type\":\"EntryPoint\",\"urlTemplate\":\"https:\/\/www.manaus.am.gov.br\/fms\/?s={search_term_string}\"},\"query-input\":\"required name=search_term_string\"}],\"inLanguage\":\"pt-BR\"},{\"@type\":\"Person\",\"@id\":\"https:\/\/www.manaus.am.gov.br\/fms\/#\/schema\/person\/587989a23a463cde5618e6a028977a9a\",\"name\":\"Maur\u00edcio Freire\",\"image\":{\"@type\":\"ImageObject\",\"inLanguage\":\"pt-BR\",\"@id\":\"https:\/\/www.manaus.am.gov.br\/fms\/#\/schema\/person\/image\/\",\"url\":\"https:\/\/secure.gravatar.com\/avatar\/dc1481799a1f75c733ac3b2634cd6749?s=96&d=mm&r=g\",\"contentUrl\":\"https:\/\/secure.gravatar.com\/avatar\/dc1481799a1f75c733ac3b2634cd6749?s=96&d=mm&r=g\",\"caption\":\"Maur\u00edcio Freire\"}}]}<\/script>\n<!-- \/ Yoast SEO plugin. -->","yoast_head_json":{"title":"Prefeito David Almeida celebra 1 ano do Parque Gigantes da Floresta com 30 mil pessoas e 12 toneladas de alimentos arrecadados","description":"O prefeito de Manaus, David Almeida, celebrou, neste s\u00e1bado, 5\/7, o anivers\u00e1rio de um ano do parque Gigantes da Floresta","robots":{"index":"noindex","follow":"follow"},"og_locale":"pt_BR","og_type":"article","og_title":"Prefeito David Almeida celebra 1 ano do Parque Gigantes da Floresta com 30 mil pessoas e 12 toneladas de alimentos arrecadados","og_description":"O prefeito de Manaus, David Almeida, celebrou, neste s\u00e1bado, 5\/7, o anivers\u00e1rio de um ano do parque Gigantes da Floresta","og_url":"https:\/\/www.manaus.am.gov.br\/fms\/david-almeida-gigantes-da-floresta-1-ano\/","og_site_name":"Fundo Manaus Solid\u00e1ria","article_published_time":"2025-07-06T03:03:58+00:00","article_modified_time":"2025-07-07T16:34:32+00:00","og_image":[{"width":800,"height":571,"url":"https:\/\/www.manaus.am.gov.br\/fms\/wp-content\/uploads\/sites\/16\/2025\/07\/54634795742_47350852ac_c.jpg","type":"image\/jpeg"}],"author":"Maur\u00edcio Freire","twitter_card":"summary_large_image","twitter_misc":{"Written by":"Maur\u00edcio Freire","Est. reading time":"5 minutos"},"schema":{"@context":"https:\/\/schema.org","@graph":[{"@type":"WebPage","@id":"https:\/\/www.manaus.am.gov.br\/fms\/david-almeida-gigantes-da-floresta-1-ano\/","url":"https:\/\/www.manaus.am.gov.br\/fms\/david-almeida-gigantes-da-floresta-1-ano\/","name":"Prefeito David Almeida celebra 1 ano do Parque Gigantes da Floresta com 30 mil pessoas e 12 toneladas de alimentos arrecadados","isPartOf":{"@id":"https:\/\/www.manaus.am.gov.br\/fms\/#website"},"primaryImageOfPage":{"@id":"https:\/\/www.manaus.am.gov.br\/fms\/david-almeida-gigantes-da-floresta-1-ano\/#primaryimage"},"image":{"@id":"https:\/\/www.manaus.am.gov.br\/fms\/david-almeida-gigantes-da-floresta-1-ano\/#primaryimage"},"thumbnailUrl":"https:\/\/www.manaus.am.gov.br\/fms\/wp-content\/uploads\/sites\/16\/2025\/07\/54634795742_47350852ac_c.jpg","datePublished":"2025-07-06T03:03:58+00:00","dateModified":"2025-07-07T16:34:32+00:00","author":{"@id":"https:\/\/www.manaus.am.gov.br\/fms\/#\/schema\/person\/587989a23a463cde5618e6a028977a9a"},"description":"O prefeito de Manaus, David Almeida, celebrou, neste s\u00e1bado, 5\/7, o anivers\u00e1rio de um ano do parque Gigantes da Floresta","breadcrumb":{"@id":"https:\/\/www.manaus.am.gov.br\/fms\/david-almeida-gigantes-da-floresta-1-ano\/#breadcrumb"},"inLanguage":"pt-BR","potentialAction":[{"@type":"ReadAction","target":["https:\/\/www.manaus.am.gov.br\/fms\/david-almeida-gigantes-da-floresta-1-ano\/"]}]},{"@type":"ImageObject","inLanguage":"pt-BR","@id":"https:\/\/www.manaus.am.gov.br\/fms\/david-almeida-gigantes-da-floresta-1-ano\/#primaryimage","url":"https:\/\/www.manaus.am.gov.br\/fms\/wp-content\/uploads\/sites\/16\/2025\/07\/54634795742_47350852ac_c.jpg","contentUrl":"https:\/\/www.manaus.am.gov.br\/fms\/wp-content\/uploads\/sites\/16\/2025\/07\/54634795742_47350852ac_c.jpg","width":800,"height":571,"caption":"#paratodosverem prefeito David Almeida comemorou com a popula\u00e7\u00e3o ao anivers\u00e1rio do parque"},{"@type":"BreadcrumbList","@id":"https:\/\/www.manaus.am.gov.br\/fms\/david-almeida-gigantes-da-floresta-1-ano\/#breadcrumb","itemListElement":[{"@type":"ListItem","position":1,"name":"Home","item":"https:\/\/www.manaus.am.gov.br\/fms\/"},{"@type":"ListItem","position":2,"name":"Prefeito David Almeida celebra 1 ano do Parque Gigantes da Floresta com 30 mil pessoas e 12 toneladas de alimentos arrecadados"}]},{"@type":"WebSite","@id":"https:\/\/www.manaus.am.gov.br\/fms\/#website","url":"https:\/\/www.manaus.am.gov.br\/fms\/","name":"Fundo Manaus Solid\u00e1ria","description":"Prefeitura de Manaus","potentialAction":[{"@type":"SearchAction","target":{"@type":"EntryPoint","urlTemplate":"https:\/\/www.manaus.am.gov.br\/fms\/?s={search_term_string}"},"query-input":"required name=search_term_string"}],"inLanguage":"pt-BR"},{"@type":"Person","@id":"https:\/\/www.manaus.am.gov.br\/fms\/#\/schema\/person\/587989a23a463cde5618e6a028977a9a","name":"Maur\u00edcio Freire","image":{"@type":"ImageObject","inLanguage":"pt-BR","@id":"https:\/\/www.manaus.am.gov.br\/fms\/#\/schema\/person\/image\/","url":"https:\/\/secure.gravatar.com\/avatar\/dc1481799a1f75c733ac3b2634cd6749?s=96&d=mm&r=g","contentUrl":"https:\/\/secure.gravatar.com\/avatar\/dc1481799a1f75c733ac3b2634cd6749?s=96&d=mm&r=g","caption":"Maur\u00edcio Freire"}}]}},"_links":{"self":[{"href":"https:\/\/www.manaus.am.gov.br\/fms\/wp-json\/wp\/v2\/posts\/1459"}],"collection":[{"href":"https:\/\/www.manaus.am.gov.br\/fms\/wp-json\/wp\/v2\/posts"}],"about":[{"href":"https:\/\/www.manaus.am.gov.br\/fms\/wp-json\/wp\/v2\/types\/post"}],"author":[{"embeddable":true,"href":"https:\/\/www.manaus.am.gov.br\/fms\/wp-json\/wp\/v2\/users\/25"}],"replies":[{"embeddable":true,"href":"https:\/\/www.manaus.am.gov.br\/fms\/wp-json\/wp\/v2\/comments?post=1459"}],"version-history":[{"count":7,"href":"https:\/\/www.manaus.am.gov.br\/fms\/wp-json\/wp\/v2\/posts\/1459\/revisions"}],"predecessor-version":[{"id":1468,"href":"https:\/\/www.manaus.am.gov.br\/fms\/wp-json\/wp\/v2\/posts\/1459\/revisions\/1468"}],"wp:featuredmedia":[{"embeddable":true,"href":"https:\/\/www.manaus.am.gov.br\/fms\/wp-json\/wp\/v2\/media\/1461"}],"wp:attachment":[{"href":"https:\/\/www.manaus.am.gov.br\/fms\/wp-json\/wp\/v2\/media?parent=1459"}],"wp:term":[{"taxonomy":"category","embeddable":true,"href":"https:\/\/www.manaus.am.gov.br\/fms\/wp-json\/wp\/v2\/categories?post=1459"},{"taxonomy":"post_tag","embeddable":true,"href":"https:\/\/www.manaus.am.gov.br\/fms\/wp-json\/wp\/v2\/tags?post=1459"}],"curies":[{"name":"wp","href":"https:\/\/api.w.org\/{rel}","templated":true}]}}