{"id":1195,"date":"2024-12-19T16:15:51","date_gmt":"2024-12-19T20:15:51","guid":{"rendered":"https:\/\/www.manaus.am.gov.br\/fms\/acao-comunidade-santa-maria\/"},"modified":"2024-12-20T17:59:38","modified_gmt":"2024-12-20T21:59:38","slug":"acao-comunidade-santa-maria","status":"publish","type":"post","link":"https:\/\/www.manaus.am.gov.br\/fms\/acao-comunidade-santa-maria\/","title":{"rendered":"Prefeitura realiza a\u00e7\u00e3o natalina na comunidade Santa Maria, zona rural de Manaus"},"content":{"rendered":"\n<p>A Prefeitura de Manaus, por meio do Fundo Manaus Solid\u00e1ria (FMS), promoveu, nesta quinta-feira, 19\/12, \u00e0s 9h, a\u00e7\u00e3o natalina na comunidade Santa Maria, localizada no rio Negro, zona rural da capital. Durante a atividade, que contou com a participa\u00e7\u00e3o da primeira-dama, Izabelle Fontenelle Almeida, foram entregues 300 cestas b\u00e1sicas e mais de 600 brinquedos para as crian\u00e7as, proporcionando alegria e momentos especiais para todas as fam\u00edlias contempladas com a a\u00e7\u00e3o.<\/p>\n\n\n\n<p>Para o presidente do FMS, Emerson Castro, esta a\u00e7\u00e3o refor\u00e7a o compromisso da Prefeitura de Manaus em chegar em todas as zonas da cidade. \u201cEsta \u00e9 mais uma a\u00e7\u00e3o da Prefeitura de Manaus, por meio da qual trouxemos um pouco do esp\u00edrito natalino tamb\u00e9m para a zona ribeirinha. E \u00e9 muito lindo ver o brilho nos olhos de cada crian\u00e7a e de cada fam\u00edlia. Isso tudo refor\u00e7a o comprometimento da gest\u00e3o em atender todas as zonas da cidade. Hoje estamos aqui em Santa Maria, rio Negro, e amanh\u00e3 estaremos l\u00e1 na comunidade Bom Sucesso, rio Amazonas. \u00c9 maravilhoso ver a magia do Natal alcan\u00e7ando a todos\u201d afirmou Castro.<\/p>\n\n\n<div class=\"wp-block-image\">\n<figure class=\"aligncenter size-full\"><img loading=\"lazy\" decoding=\"async\" width=\"800\" height=\"625\" src=\"https:\/\/www.manaus.am.gov.br\/fms\/wp-content\/uploads\/sites\/16\/2024\/12\/FMS-Natal-dos-Sonhos-Santa-Maria-1.jpg\" alt=\"\" class=\"wp-image-1197\" srcset=\"https:\/\/www.manaus.am.gov.br\/fms\/wp-content\/uploads\/sites\/16\/2024\/12\/FMS-Natal-dos-Sonhos-Santa-Maria-1.jpg 800w, https:\/\/www.manaus.am.gov.br\/fms\/wp-content\/uploads\/sites\/16\/2024\/12\/FMS-Natal-dos-Sonhos-Santa-Maria-1-300x234.jpg 300w, https:\/\/www.manaus.am.gov.br\/fms\/wp-content\/uploads\/sites\/16\/2024\/12\/FMS-Natal-dos-Sonhos-Santa-Maria-1-768x600.jpg 768w\" sizes=\"(max-width: 800px) 100vw, 800px\" \/><\/figure><\/div>\n\n\n<p>A programa\u00e7\u00e3o contou com a presen\u00e7a do palha\u00e7o Lero-Lero, alegrando e arrancando muitas risadas do p\u00fablico presente. Al\u00e9m disso, a presen\u00e7a do Papai Noel, Mam\u00e3e Noel e Mickey Mouse, levando o encantamento e a magia do \u201cNatal dos Sonhos\u201d aos ribeirinhos.<\/p>\n\n\n\n<p>A pequena Isabela Oliveira do Nascimento, 8, contou como foi encontrar com o Papai Noel. \u201cFoi legal, eu abracei ele, o Mickey, a Mam\u00e3e Noel e eu estou feliz por ter ganhado esse presente do Papai Noel. Foi muito legal aqui, tinha um palha\u00e7o engra\u00e7ado e foi legal. Todo mundo ganhou presente do Papai Noel. Eu quero que tenha sempre, sempre, sempre, para ser alegre e divertido para as crian\u00e7as, n\u00e9?\u201d, disse a pequena Isabela.<\/p>\n\n\n\n<p>A agricultora Lucila Cavalcante, 31, que pela segunda vez participa do Natal da Prefeitura de Manaus, destacou a import\u00e2ncia de a\u00e7\u00f5es como essas para a zona ribeirinha.<\/p>\n\n\n\n<p>\u201cAchei muito importante porque as crian\u00e7as do interior, da zona rural, nem sempre elas t\u00eam a oportunidade que as crian\u00e7as da zona urbana t\u00eam, n\u00e9? E trazer um pouco de l\u00e1, para as crian\u00e7as daqui, \u00e9 muito importante. E quero agradecer ao nosso prefeito, por sempre lembrar da gente e sempre estar por aqui, apoiando\u201d, comentou Lucila.<\/p>\n\n\n<div class=\"wp-block-image\">\n<figure class=\"aligncenter size-full\"><img loading=\"lazy\" decoding=\"async\" width=\"799\" height=\"533\" src=\"https:\/\/www.manaus.am.gov.br\/fms\/wp-content\/uploads\/sites\/16\/2024\/12\/FMS-Natal-dos-Sonhos-Santa-Maria-5.jpg\" alt=\"\" class=\"wp-image-1196\" srcset=\"https:\/\/www.manaus.am.gov.br\/fms\/wp-content\/uploads\/sites\/16\/2024\/12\/FMS-Natal-dos-Sonhos-Santa-Maria-5.jpg 799w, https:\/\/www.manaus.am.gov.br\/fms\/wp-content\/uploads\/sites\/16\/2024\/12\/FMS-Natal-dos-Sonhos-Santa-Maria-5-300x200.jpg 300w, https:\/\/www.manaus.am.gov.br\/fms\/wp-content\/uploads\/sites\/16\/2024\/12\/FMS-Natal-dos-Sonhos-Santa-Maria-5-768x512.jpg 768w\" sizes=\"(max-width: 799px) 100vw, 799px\" \/><\/figure><\/div>\n\n\n<p>Entre as comunidades contempladas est\u00e3o Bela Vista do Jaraqui, Araras, Tucum\u00e3, Terra Preta, Pagod\u00e3o, Solim\u00f5eszinho, Chita e Mucura, todas elas localizadas no rio Negro.<\/p>\n\n\n\n<p>A iniciativa integra a programa\u00e7\u00e3o do \u201cNatal dos Sonhos &#8211; \u00c9 tempo de sonhar, compartilhar e realizar\u201d, refor\u00e7ando o compromisso de levar o esp\u00edrito natalino para todas as zonas da cidade de Manaus.<\/p>\n\n\n\n<p>&#8212; &#8212; &#8212;<\/p>\n\n\n\n<p><strong>Texto<\/strong> \u2013 Divulga\u00e7\u00e3o \/ FMS<\/p>\n\n\n\n<p><strong>Fotos<\/strong> \u2013 Jo\u00e3o Viana \/ Semcom<\/p>\n\n\n\n<p><strong>Dispon\u00edveis em<\/strong> &#8211; &nbsp;<\/p>\n\n\n\n<p><a href=\"https:\/\/www.flickr.com\/gp\/prefeiturademanaus\/E619N01q4e\">https:\/\/www.flickr.com\/gp\/prefeiturademanaus\/E619N01q4e<\/a><\/p>\n","protected":false},"excerpt":{"rendered":"","protected":false},"author":61,"featured_media":1198,"comment_status":"closed","ping_status":"closed","sticky":false,"template":"","format":"standard","meta":{"footnotes":""},"categories":[108],"tags":[303,134,304,16],"acf":[],"yoast_head":"<!-- This site is optimized with the Yoast SEO plugin v23.0 - https:\/\/yoast.com\/wordpress\/plugins\/seo\/ -->\n<title>Prefeitura realiza a\u00e7\u00e3o natalina na comunidade Santa Maria, zona rural de Manaus<\/title>\n<meta name=\"description\" content=\"A Prefeitura de Manaus, por meio do Fundo Manaus Solid\u00e1ria (FMS), promoveu, nesta quinta-feira, 19\/12, \u00e0s 9h, a\u00e7\u00e3o natalina na comunidade Santa Maria, localizada no rio Negro, zona rural da capital.\" \/>\n<meta name=\"robots\" content=\"noindex, follow\" \/>\n<meta property=\"og:locale\" content=\"pt_BR\" \/>\n<meta property=\"og:type\" content=\"article\" \/>\n<meta property=\"og:title\" content=\"Prefeitura realiza a\u00e7\u00e3o natalina na comunidade Santa Maria, zona rural de Manaus\" \/>\n<meta property=\"og:description\" content=\"A Prefeitura de Manaus, por meio do Fundo Manaus Solid\u00e1ria (FMS), promoveu, nesta quinta-feira, 19\/12, \u00e0s 9h, a\u00e7\u00e3o natalina na comunidade Santa Maria, localizada no rio Negro, zona rural da capital.\" \/>\n<meta property=\"og:url\" content=\"https:\/\/www.manaus.am.gov.br\/fms\/acao-comunidade-santa-maria\/\" \/>\n<meta property=\"og:site_name\" content=\"Fundo Manaus Solid\u00e1ria\" \/>\n<meta property=\"article:published_time\" content=\"2024-12-19T20:15:51+00:00\" \/>\n<meta property=\"article:modified_time\" content=\"2024-12-20T21:59:38+00:00\" \/>\n<meta property=\"og:image\" content=\"https:\/\/www.manaus.am.gov.br\/fms\/wp-content\/uploads\/sites\/16\/2024\/12\/FMS-Natal-dos-Sonhos-Santa-Maria-2.jpg\" \/>\n\t<meta property=\"og:image:width\" content=\"659\" \/>\n\t<meta property=\"og:image:height\" content=\"533\" \/>\n\t<meta property=\"og:image:type\" content=\"image\/jpeg\" \/>\n<meta name=\"author\" content=\"smonteiro\" \/>\n<meta name=\"twitter:card\" content=\"summary_large_image\" \/>\n<meta name=\"twitter:label1\" content=\"Written by\" \/>\n\t<meta name=\"twitter:data1\" content=\"smonteiro\" \/>\n\t<meta name=\"twitter:label2\" content=\"Est. reading time\" \/>\n\t<meta name=\"twitter:data2\" content=\"4 minutos\" \/>\n<script type=\"application\/ld+json\" class=\"yoast-schema-graph\">{\"@context\":\"https:\/\/schema.org\",\"@graph\":[{\"@type\":\"WebPage\",\"@id\":\"https:\/\/www.manaus.am.gov.br\/fms\/acao-comunidade-santa-maria\/\",\"url\":\"https:\/\/www.manaus.am.gov.br\/fms\/acao-comunidade-santa-maria\/\",\"name\":\"Prefeitura realiza a\u00e7\u00e3o natalina na comunidade Santa Maria, zona rural de Manaus\",\"isPartOf\":{\"@id\":\"https:\/\/www.manaus.am.gov.br\/fms\/#website\"},\"primaryImageOfPage\":{\"@id\":\"https:\/\/www.manaus.am.gov.br\/fms\/acao-comunidade-santa-maria\/#primaryimage\"},\"image\":{\"@id\":\"https:\/\/www.manaus.am.gov.br\/fms\/acao-comunidade-santa-maria\/#primaryimage\"},\"thumbnailUrl\":\"https:\/\/www.manaus.am.gov.br\/fms\/wp-content\/uploads\/sites\/16\/2024\/12\/FMS-Natal-dos-Sonhos-Santa-Maria-2.jpg\",\"datePublished\":\"2024-12-19T20:15:51+00:00\",\"dateModified\":\"2024-12-20T21:59:38+00:00\",\"author\":{\"@id\":\"https:\/\/www.manaus.am.gov.br\/fms\/#\/schema\/person\/ab4dcf766a54dff74e8d267f5c591961\"},\"description\":\"A Prefeitura de Manaus, por meio do Fundo Manaus Solid\u00e1ria (FMS), promoveu, nesta quinta-feira, 19\/12, \u00e0s 9h, a\u00e7\u00e3o natalina na comunidade Santa Maria, localizada no rio Negro, zona rural da capital.\",\"breadcrumb\":{\"@id\":\"https:\/\/www.manaus.am.gov.br\/fms\/acao-comunidade-santa-maria\/#breadcrumb\"},\"inLanguage\":\"pt-BR\",\"potentialAction\":[{\"@type\":\"ReadAction\",\"target\":[\"https:\/\/www.manaus.am.gov.br\/fms\/acao-comunidade-santa-maria\/\"]}]},{\"@type\":\"ImageObject\",\"inLanguage\":\"pt-BR\",\"@id\":\"https:\/\/www.manaus.am.gov.br\/fms\/acao-comunidade-santa-maria\/#primaryimage\",\"url\":\"https:\/\/www.manaus.am.gov.br\/fms\/wp-content\/uploads\/sites\/16\/2024\/12\/FMS-Natal-dos-Sonhos-Santa-Maria-2.jpg\",\"contentUrl\":\"https:\/\/www.manaus.am.gov.br\/fms\/wp-content\/uploads\/sites\/16\/2024\/12\/FMS-Natal-dos-Sonhos-Santa-Maria-2.jpg\",\"width\":659,\"height\":533,\"caption\":\"#paratodosverem - na foto, registro da entrega de brinquedos na comunidade Santa Maria\"},{\"@type\":\"BreadcrumbList\",\"@id\":\"https:\/\/www.manaus.am.gov.br\/fms\/acao-comunidade-santa-maria\/#breadcrumb\",\"itemListElement\":[{\"@type\":\"ListItem\",\"position\":1,\"name\":\"Home\",\"item\":\"https:\/\/www.manaus.am.gov.br\/fms\/\"},{\"@type\":\"ListItem\",\"position\":2,\"name\":\"Prefeitura realiza a\u00e7\u00e3o natalina na comunidade Santa Maria, zona rural de Manaus\"}]},{\"@type\":\"WebSite\",\"@id\":\"https:\/\/www.manaus.am.gov.br\/fms\/#website\",\"url\":\"https:\/\/www.manaus.am.gov.br\/fms\/\",\"name\":\"Fundo Manaus Solid\u00e1ria\",\"description\":\"Prefeitura de Manaus\",\"potentialAction\":[{\"@type\":\"SearchAction\",\"target\":{\"@type\":\"EntryPoint\",\"urlTemplate\":\"https:\/\/www.manaus.am.gov.br\/fms\/?s={search_term_string}\"},\"query-input\":\"required name=search_term_string\"}],\"inLanguage\":\"pt-BR\"},{\"@type\":\"Person\",\"@id\":\"https:\/\/www.manaus.am.gov.br\/fms\/#\/schema\/person\/ab4dcf766a54dff74e8d267f5c591961\",\"name\":\"smonteiro\",\"image\":{\"@type\":\"ImageObject\",\"inLanguage\":\"pt-BR\",\"@id\":\"https:\/\/www.manaus.am.gov.br\/fms\/#\/schema\/person\/image\/\",\"url\":\"https:\/\/secure.gravatar.com\/avatar\/21c8776ef61d9272c73322052e042d77?s=96&d=mm&r=g\",\"contentUrl\":\"https:\/\/secure.gravatar.com\/avatar\/21c8776ef61d9272c73322052e042d77?s=96&d=mm&r=g\",\"caption\":\"smonteiro\"}}]}<\/script>\n<!-- \/ Yoast SEO plugin. -->","yoast_head_json":{"title":"Prefeitura realiza a\u00e7\u00e3o natalina na comunidade Santa Maria, zona rural de Manaus","description":"A Prefeitura de Manaus, por meio do Fundo Manaus Solid\u00e1ria (FMS), promoveu, nesta quinta-feira, 19\/12, \u00e0s 9h, a\u00e7\u00e3o natalina na comunidade Santa Maria, localizada no rio Negro, zona rural da capital.","robots":{"index":"noindex","follow":"follow"},"og_locale":"pt_BR","og_type":"article","og_title":"Prefeitura realiza a\u00e7\u00e3o natalina na comunidade Santa Maria, zona rural de Manaus","og_description":"A Prefeitura de Manaus, por meio do Fundo Manaus Solid\u00e1ria (FMS), promoveu, nesta quinta-feira, 19\/12, \u00e0s 9h, a\u00e7\u00e3o natalina na comunidade Santa Maria, localizada no rio Negro, zona rural da capital.","og_url":"https:\/\/www.manaus.am.gov.br\/fms\/acao-comunidade-santa-maria\/","og_site_name":"Fundo Manaus Solid\u00e1ria","article_published_time":"2024-12-19T20:15:51+00:00","article_modified_time":"2024-12-20T21:59:38+00:00","og_image":[{"width":659,"height":533,"url":"https:\/\/www.manaus.am.gov.br\/fms\/wp-content\/uploads\/sites\/16\/2024\/12\/FMS-Natal-dos-Sonhos-Santa-Maria-2.jpg","type":"image\/jpeg"}],"author":"smonteiro","twitter_card":"summary_large_image","twitter_misc":{"Written by":"smonteiro","Est. reading time":"4 minutos"},"schema":{"@context":"https:\/\/schema.org","@graph":[{"@type":"WebPage","@id":"https:\/\/www.manaus.am.gov.br\/fms\/acao-comunidade-santa-maria\/","url":"https:\/\/www.manaus.am.gov.br\/fms\/acao-comunidade-santa-maria\/","name":"Prefeitura realiza a\u00e7\u00e3o natalina na comunidade Santa Maria, zona rural de Manaus","isPartOf":{"@id":"https:\/\/www.manaus.am.gov.br\/fms\/#website"},"primaryImageOfPage":{"@id":"https:\/\/www.manaus.am.gov.br\/fms\/acao-comunidade-santa-maria\/#primaryimage"},"image":{"@id":"https:\/\/www.manaus.am.gov.br\/fms\/acao-comunidade-santa-maria\/#primaryimage"},"thumbnailUrl":"https:\/\/www.manaus.am.gov.br\/fms\/wp-content\/uploads\/sites\/16\/2024\/12\/FMS-Natal-dos-Sonhos-Santa-Maria-2.jpg","datePublished":"2024-12-19T20:15:51+00:00","dateModified":"2024-12-20T21:59:38+00:00","author":{"@id":"https:\/\/www.manaus.am.gov.br\/fms\/#\/schema\/person\/ab4dcf766a54dff74e8d267f5c591961"},"description":"A Prefeitura de Manaus, por meio do Fundo Manaus Solid\u00e1ria (FMS), promoveu, nesta quinta-feira, 19\/12, \u00e0s 9h, a\u00e7\u00e3o natalina na comunidade Santa Maria, localizada no rio Negro, zona rural da capital.","breadcrumb":{"@id":"https:\/\/www.manaus.am.gov.br\/fms\/acao-comunidade-santa-maria\/#breadcrumb"},"inLanguage":"pt-BR","potentialAction":[{"@type":"ReadAction","target":["https:\/\/www.manaus.am.gov.br\/fms\/acao-comunidade-santa-maria\/"]}]},{"@type":"ImageObject","inLanguage":"pt-BR","@id":"https:\/\/www.manaus.am.gov.br\/fms\/acao-comunidade-santa-maria\/#primaryimage","url":"https:\/\/www.manaus.am.gov.br\/fms\/wp-content\/uploads\/sites\/16\/2024\/12\/FMS-Natal-dos-Sonhos-Santa-Maria-2.jpg","contentUrl":"https:\/\/www.manaus.am.gov.br\/fms\/wp-content\/uploads\/sites\/16\/2024\/12\/FMS-Natal-dos-Sonhos-Santa-Maria-2.jpg","width":659,"height":533,"caption":"#paratodosverem - na foto, registro da entrega de brinquedos na comunidade Santa Maria"},{"@type":"BreadcrumbList","@id":"https:\/\/www.manaus.am.gov.br\/fms\/acao-comunidade-santa-maria\/#breadcrumb","itemListElement":[{"@type":"ListItem","position":1,"name":"Home","item":"https:\/\/www.manaus.am.gov.br\/fms\/"},{"@type":"ListItem","position":2,"name":"Prefeitura realiza a\u00e7\u00e3o natalina na comunidade Santa Maria, zona rural de Manaus"}]},{"@type":"WebSite","@id":"https:\/\/www.manaus.am.gov.br\/fms\/#website","url":"https:\/\/www.manaus.am.gov.br\/fms\/","name":"Fundo Manaus Solid\u00e1ria","description":"Prefeitura de Manaus","potentialAction":[{"@type":"SearchAction","target":{"@type":"EntryPoint","urlTemplate":"https:\/\/www.manaus.am.gov.br\/fms\/?s={search_term_string}"},"query-input":"required name=search_term_string"}],"inLanguage":"pt-BR"},{"@type":"Person","@id":"https:\/\/www.manaus.am.gov.br\/fms\/#\/schema\/person\/ab4dcf766a54dff74e8d267f5c591961","name":"smonteiro","image":{"@type":"ImageObject","inLanguage":"pt-BR","@id":"https:\/\/www.manaus.am.gov.br\/fms\/#\/schema\/person\/image\/","url":"https:\/\/secure.gravatar.com\/avatar\/21c8776ef61d9272c73322052e042d77?s=96&d=mm&r=g","contentUrl":"https:\/\/secure.gravatar.com\/avatar\/21c8776ef61d9272c73322052e042d77?s=96&d=mm&r=g","caption":"smonteiro"}}]}},"_links":{"self":[{"href":"https:\/\/www.manaus.am.gov.br\/fms\/wp-json\/wp\/v2\/posts\/1195"}],"collection":[{"href":"https:\/\/www.manaus.am.gov.br\/fms\/wp-json\/wp\/v2\/posts"}],"about":[{"href":"https:\/\/www.manaus.am.gov.br\/fms\/wp-json\/wp\/v2\/types\/post"}],"author":[{"embeddable":true,"href":"https:\/\/www.manaus.am.gov.br\/fms\/wp-json\/wp\/v2\/users\/61"}],"replies":[{"embeddable":true,"href":"https:\/\/www.manaus.am.gov.br\/fms\/wp-json\/wp\/v2\/comments?post=1195"}],"version-history":[{"count":5,"href":"https:\/\/www.manaus.am.gov.br\/fms\/wp-json\/wp\/v2\/posts\/1195\/revisions"}],"predecessor-version":[{"id":1208,"href":"https:\/\/www.manaus.am.gov.br\/fms\/wp-json\/wp\/v2\/posts\/1195\/revisions\/1208"}],"wp:featuredmedia":[{"embeddable":true,"href":"https:\/\/www.manaus.am.gov.br\/fms\/wp-json\/wp\/v2\/media\/1198"}],"wp:attachment":[{"href":"https:\/\/www.manaus.am.gov.br\/fms\/wp-json\/wp\/v2\/media?parent=1195"}],"wp:term":[{"taxonomy":"category","embeddable":true,"href":"https:\/\/www.manaus.am.gov.br\/fms\/wp-json\/wp\/v2\/categories?post=1195"},{"taxonomy":"post_tag","embeddable":true,"href":"https:\/\/www.manaus.am.gov.br\/fms\/wp-json\/wp\/v2\/tags?post=1195"}],"curies":[{"name":"wp","href":"https:\/\/api.w.org\/{rel}","templated":true}]}}