{"id":1188,"date":"2024-12-15T12:57:25","date_gmt":"2024-12-15T16:57:25","guid":{"rendered":"https:\/\/www.manaus.am.gov.br\/fms\/caravana-natalina-parceria-coca-cola\/"},"modified":"2024-12-15T12:57:50","modified_gmt":"2024-12-15T16:57:50","slug":"caravana-natalina-parceria-coca-cola","status":"publish","type":"post","link":"https:\/\/www.manaus.am.gov.br\/fms\/caravana-natalina-parceria-coca-cola\/","title":{"rendered":"Prefeitura realiza \u2018Caravana Natalina&#8217; em parceria com a Solar Coca-Cola e espalha alegria do Natal pelas ruas da cidade"},"content":{"rendered":"\n<p>A Prefeitura de Manaus, por meio do Fundo Manaus Solid\u00e1ria (FMS), em parceria com a Solar Coca-Cola, realizou, neste s\u00e1bado, 14\/12, a \u201cCaravana Natalina\u201d, que contemplou as zonas Norte, Oeste e Centro-Sul da cidade e contou com tr\u00eas carretas da Coca-Cola e tr\u00eas carros aleg\u00f3ricos natalinos da prefeitura, que iluminaram e espalharam a alegria pelas avenidas e ruas da cidade de Manaus.<\/p>\n\n\n\n<p>O diretor-presidente do FMS, Emerson Castro, destacou a alegria da popula\u00e7\u00e3o ao ver de perto os personagens natalinos, principalmente para quem mora em locais mais distantes da regi\u00e3o central.&nbsp;\u201c\u00c9 uma iniciativa da Prefeitura de Manaus levar esse encanto do Natal para todos e principalmente aos bairros. \u00c0quelas pessoas que n\u00e3o podem muitas vezes sair de casa, a gente est\u00e1 levando esse encanto e esse momento maravilhoso, abrilhantando o Natal das fam\u00edlias da capital, com muita emo\u00e7\u00e3o e alegria\u201d.<\/p>\n\n\n\n<p>Durante todo o percurso, muitas pessoas nas ruas aguardavam a chegada do bom velhinho. Lidiane Soares, professora municipal, levou seu filho Enzo Soares da Silva, 6, e comentou sobre a emo\u00e7\u00e3o e elogiou a iniciativa em realizar essa a\u00e7\u00e3o, despertando em todos o verdadeiro encanto do Natal.<\/p>\n\n\n\n<p>\u201c\u00c9 sempre um momento muito importante, levar essa quest\u00e3o da magia e do encantamento do Natal para as crian\u00e7as, n\u00f3s que somos adultos nos encantamos, imagina as crian\u00e7as. Eu acho uma iniciativa muito boa, principalmente se tratando do Natal, que \u00e9 uma festividade que envolve toda a fam\u00edlia, a quest\u00e3o do nascimento do menino Jesus\u201d, afirmou Lidiane.<\/p>\n\n\n\n<p>A aeroportu\u00e1ria Miri\u00e3 Silva levou a sua filha, a pequena Eva, 3, para ver de perto o Papai Noel, pelo segundo ano.&nbsp;\u201c\u00c9 supermaravilhoso, \u00e9 importante para eles esse encantamento, \u00e9 a segunda vez que a gente participa da Caravana, \u00e9 muito lindo ver todas essas crian\u00e7as sorrindo, essa emo\u00e7\u00e3o dos pais, parab\u00e9ns \u00e0 prefeitura\u201d.&nbsp;<\/p>\n\n\n\n<p><strong>Percurso<\/strong><\/p>\n\n\n\n<p>A \u201cCaravana Natalina\u201d teve in\u00edcio na sede da Coca-Cola, localizada na avenida Torquato Tapaj\u00f3s e passou por bairros como Dom Pedro, Chapada, Adrian\u00f3polis, Centro, Compensa, Vila da Prata e terminou no complexo tur\u00edstico Ponta Negra. Essa \u00e9 mais uma programa\u00e7\u00e3o do \u201cNatal dos Sonhos &#8211; \u00c9 tempo de sonhar, compartilhar e realizar\u201d, que tem o compromisso em levar o sentimento do Natal, para toda a cidade de Manaus.&nbsp;<\/p>\n\n\n\n<p>&#8212; &#8212; &#8212;<\/p>\n\n\n\n<p><strong>Texto <\/strong>\u2013 Divulga\u00e7\u00e3o \/ FMS<\/p>\n\n\n\n<p><strong>Fotos<\/strong> \u2013 Jo\u00e3o Viana \/ Semcom<\/p>\n\n\n\n<p><strong>Dispon\u00edveis em &#8211; <\/strong>https:\/\/flic.kr\/s\/aHBqjBV2tt<\/p>\n","protected":false},"excerpt":{"rendered":"","protected":false},"author":25,"featured_media":1189,"comment_status":"closed","ping_status":"closed","sticky":false,"template":"","format":"standard","meta":{"footnotes":""},"categories":[39],"tags":[300,301,302,35,113],"acf":[],"yoast_head":"<!-- This site is optimized with the Yoast SEO plugin v23.0 - https:\/\/yoast.com\/wordpress\/plugins\/seo\/ -->\n<title>Prefeitura realiza \u2018Caravana Natalina&#039; em parceria com a Solar Coca-Cola<\/title>\n<meta name=\"description\" content=\"A Prefeitura de Manaus, por meio do Fundo Manaus Solid\u00e1ria (FMS), em parceria com a Solar Coca-Cola, realizou, neste s\u00e1bado, 14\/12, a \u201cCaravana Natalina\u201d\" \/>\n<meta name=\"robots\" content=\"noindex, follow\" \/>\n<meta property=\"og:locale\" content=\"pt_BR\" \/>\n<meta property=\"og:type\" content=\"article\" \/>\n<meta property=\"og:title\" content=\"Prefeitura realiza \u2018Caravana Natalina&#039; em parceria com a Solar Coca-Cola\" \/>\n<meta property=\"og:description\" content=\"A Prefeitura de Manaus, por meio do Fundo Manaus Solid\u00e1ria (FMS), em parceria com a Solar Coca-Cola, realizou, neste s\u00e1bado, 14\/12, a \u201cCaravana Natalina\u201d\" \/>\n<meta property=\"og:url\" content=\"https:\/\/www.manaus.am.gov.br\/fms\/caravana-natalina-parceria-coca-cola\/\" \/>\n<meta property=\"og:site_name\" content=\"Fundo Manaus Solid\u00e1ria\" \/>\n<meta property=\"article:published_time\" content=\"2024-12-15T16:57:25+00:00\" \/>\n<meta property=\"article:modified_time\" content=\"2024-12-15T16:57:50+00:00\" \/>\n<meta property=\"og:image\" content=\"https:\/\/www.manaus.am.gov.br\/fms\/wp-content\/uploads\/sites\/16\/2024\/12\/54204112657_804e00b308_c.jpg\" \/>\n\t<meta property=\"og:image:width\" content=\"799\" \/>\n\t<meta property=\"og:image:height\" content=\"533\" \/>\n\t<meta property=\"og:image:type\" content=\"image\/jpeg\" \/>\n<meta name=\"author\" content=\"Maur\u00edcio Freire\" \/>\n<meta name=\"twitter:card\" content=\"summary_large_image\" \/>\n<meta name=\"twitter:label1\" content=\"Written by\" \/>\n\t<meta name=\"twitter:data1\" content=\"Maur\u00edcio Freire\" \/>\n\t<meta name=\"twitter:label2\" content=\"Est. reading time\" \/>\n\t<meta name=\"twitter:data2\" content=\"3 minutos\" \/>\n<script type=\"application\/ld+json\" class=\"yoast-schema-graph\">{\"@context\":\"https:\/\/schema.org\",\"@graph\":[{\"@type\":\"WebPage\",\"@id\":\"https:\/\/www.manaus.am.gov.br\/fms\/caravana-natalina-parceria-coca-cola\/\",\"url\":\"https:\/\/www.manaus.am.gov.br\/fms\/caravana-natalina-parceria-coca-cola\/\",\"name\":\"Prefeitura realiza \u2018Caravana Natalina' em parceria com a Solar Coca-Cola\",\"isPartOf\":{\"@id\":\"https:\/\/www.manaus.am.gov.br\/fms\/#website\"},\"primaryImageOfPage\":{\"@id\":\"https:\/\/www.manaus.am.gov.br\/fms\/caravana-natalina-parceria-coca-cola\/#primaryimage\"},\"image\":{\"@id\":\"https:\/\/www.manaus.am.gov.br\/fms\/caravana-natalina-parceria-coca-cola\/#primaryimage\"},\"thumbnailUrl\":\"https:\/\/www.manaus.am.gov.br\/fms\/wp-content\/uploads\/sites\/16\/2024\/12\/54204112657_804e00b308_c.jpg\",\"datePublished\":\"2024-12-15T16:57:25+00:00\",\"dateModified\":\"2024-12-15T16:57:50+00:00\",\"author\":{\"@id\":\"https:\/\/www.manaus.am.gov.br\/fms\/#\/schema\/person\/587989a23a463cde5618e6a028977a9a\"},\"description\":\"A Prefeitura de Manaus, por meio do Fundo Manaus Solid\u00e1ria (FMS), em parceria com a Solar Coca-Cola, realizou, neste s\u00e1bado, 14\/12, a \u201cCaravana Natalina\u201d\",\"breadcrumb\":{\"@id\":\"https:\/\/www.manaus.am.gov.br\/fms\/caravana-natalina-parceria-coca-cola\/#breadcrumb\"},\"inLanguage\":\"pt-BR\",\"potentialAction\":[{\"@type\":\"ReadAction\",\"target\":[\"https:\/\/www.manaus.am.gov.br\/fms\/caravana-natalina-parceria-coca-cola\/\"]}]},{\"@type\":\"ImageObject\",\"inLanguage\":\"pt-BR\",\"@id\":\"https:\/\/www.manaus.am.gov.br\/fms\/caravana-natalina-parceria-coca-cola\/#primaryimage\",\"url\":\"https:\/\/www.manaus.am.gov.br\/fms\/wp-content\/uploads\/sites\/16\/2024\/12\/54204112657_804e00b308_c.jpg\",\"contentUrl\":\"https:\/\/www.manaus.am.gov.br\/fms\/wp-content\/uploads\/sites\/16\/2024\/12\/54204112657_804e00b308_c.jpg\",\"width\":799,\"height\":533,\"caption\":\"#paratodosverem na Ponta Negra, crian\u00e7as e adultos se emocionaram com a caravana\"},{\"@type\":\"BreadcrumbList\",\"@id\":\"https:\/\/www.manaus.am.gov.br\/fms\/caravana-natalina-parceria-coca-cola\/#breadcrumb\",\"itemListElement\":[{\"@type\":\"ListItem\",\"position\":1,\"name\":\"Home\",\"item\":\"https:\/\/www.manaus.am.gov.br\/fms\/\"},{\"@type\":\"ListItem\",\"position\":2,\"name\":\"Prefeitura realiza \u2018Caravana Natalina&#8217; em parceria com a Solar Coca-Cola e espalha alegria do Natal pelas ruas da cidade\"}]},{\"@type\":\"WebSite\",\"@id\":\"https:\/\/www.manaus.am.gov.br\/fms\/#website\",\"url\":\"https:\/\/www.manaus.am.gov.br\/fms\/\",\"name\":\"Fundo Manaus Solid\u00e1ria\",\"description\":\"Prefeitura de Manaus\",\"potentialAction\":[{\"@type\":\"SearchAction\",\"target\":{\"@type\":\"EntryPoint\",\"urlTemplate\":\"https:\/\/www.manaus.am.gov.br\/fms\/?s={search_term_string}\"},\"query-input\":\"required name=search_term_string\"}],\"inLanguage\":\"pt-BR\"},{\"@type\":\"Person\",\"@id\":\"https:\/\/www.manaus.am.gov.br\/fms\/#\/schema\/person\/587989a23a463cde5618e6a028977a9a\",\"name\":\"Maur\u00edcio Freire\",\"image\":{\"@type\":\"ImageObject\",\"inLanguage\":\"pt-BR\",\"@id\":\"https:\/\/www.manaus.am.gov.br\/fms\/#\/schema\/person\/image\/\",\"url\":\"https:\/\/secure.gravatar.com\/avatar\/dc1481799a1f75c733ac3b2634cd6749?s=96&d=mm&r=g\",\"contentUrl\":\"https:\/\/secure.gravatar.com\/avatar\/dc1481799a1f75c733ac3b2634cd6749?s=96&d=mm&r=g\",\"caption\":\"Maur\u00edcio Freire\"}}]}<\/script>\n<!-- \/ Yoast SEO plugin. -->","yoast_head_json":{"title":"Prefeitura realiza \u2018Caravana Natalina' em parceria com a Solar Coca-Cola","description":"A Prefeitura de Manaus, por meio do Fundo Manaus Solid\u00e1ria (FMS), em parceria com a Solar Coca-Cola, realizou, neste s\u00e1bado, 14\/12, a \u201cCaravana Natalina\u201d","robots":{"index":"noindex","follow":"follow"},"og_locale":"pt_BR","og_type":"article","og_title":"Prefeitura realiza \u2018Caravana Natalina' em parceria com a Solar Coca-Cola","og_description":"A Prefeitura de Manaus, por meio do Fundo Manaus Solid\u00e1ria (FMS), em parceria com a Solar Coca-Cola, realizou, neste s\u00e1bado, 14\/12, a \u201cCaravana Natalina\u201d","og_url":"https:\/\/www.manaus.am.gov.br\/fms\/caravana-natalina-parceria-coca-cola\/","og_site_name":"Fundo Manaus Solid\u00e1ria","article_published_time":"2024-12-15T16:57:25+00:00","article_modified_time":"2024-12-15T16:57:50+00:00","og_image":[{"width":799,"height":533,"url":"https:\/\/www.manaus.am.gov.br\/fms\/wp-content\/uploads\/sites\/16\/2024\/12\/54204112657_804e00b308_c.jpg","type":"image\/jpeg"}],"author":"Maur\u00edcio Freire","twitter_card":"summary_large_image","twitter_misc":{"Written by":"Maur\u00edcio Freire","Est. reading time":"3 minutos"},"schema":{"@context":"https:\/\/schema.org","@graph":[{"@type":"WebPage","@id":"https:\/\/www.manaus.am.gov.br\/fms\/caravana-natalina-parceria-coca-cola\/","url":"https:\/\/www.manaus.am.gov.br\/fms\/caravana-natalina-parceria-coca-cola\/","name":"Prefeitura realiza \u2018Caravana Natalina' em parceria com a Solar Coca-Cola","isPartOf":{"@id":"https:\/\/www.manaus.am.gov.br\/fms\/#website"},"primaryImageOfPage":{"@id":"https:\/\/www.manaus.am.gov.br\/fms\/caravana-natalina-parceria-coca-cola\/#primaryimage"},"image":{"@id":"https:\/\/www.manaus.am.gov.br\/fms\/caravana-natalina-parceria-coca-cola\/#primaryimage"},"thumbnailUrl":"https:\/\/www.manaus.am.gov.br\/fms\/wp-content\/uploads\/sites\/16\/2024\/12\/54204112657_804e00b308_c.jpg","datePublished":"2024-12-15T16:57:25+00:00","dateModified":"2024-12-15T16:57:50+00:00","author":{"@id":"https:\/\/www.manaus.am.gov.br\/fms\/#\/schema\/person\/587989a23a463cde5618e6a028977a9a"},"description":"A Prefeitura de Manaus, por meio do Fundo Manaus Solid\u00e1ria (FMS), em parceria com a Solar Coca-Cola, realizou, neste s\u00e1bado, 14\/12, a \u201cCaravana Natalina\u201d","breadcrumb":{"@id":"https:\/\/www.manaus.am.gov.br\/fms\/caravana-natalina-parceria-coca-cola\/#breadcrumb"},"inLanguage":"pt-BR","potentialAction":[{"@type":"ReadAction","target":["https:\/\/www.manaus.am.gov.br\/fms\/caravana-natalina-parceria-coca-cola\/"]}]},{"@type":"ImageObject","inLanguage":"pt-BR","@id":"https:\/\/www.manaus.am.gov.br\/fms\/caravana-natalina-parceria-coca-cola\/#primaryimage","url":"https:\/\/www.manaus.am.gov.br\/fms\/wp-content\/uploads\/sites\/16\/2024\/12\/54204112657_804e00b308_c.jpg","contentUrl":"https:\/\/www.manaus.am.gov.br\/fms\/wp-content\/uploads\/sites\/16\/2024\/12\/54204112657_804e00b308_c.jpg","width":799,"height":533,"caption":"#paratodosverem na Ponta Negra, crian\u00e7as e adultos se emocionaram com a caravana"},{"@type":"BreadcrumbList","@id":"https:\/\/www.manaus.am.gov.br\/fms\/caravana-natalina-parceria-coca-cola\/#breadcrumb","itemListElement":[{"@type":"ListItem","position":1,"name":"Home","item":"https:\/\/www.manaus.am.gov.br\/fms\/"},{"@type":"ListItem","position":2,"name":"Prefeitura realiza \u2018Caravana Natalina&#8217; em parceria com a Solar Coca-Cola e espalha alegria do Natal pelas ruas da cidade"}]},{"@type":"WebSite","@id":"https:\/\/www.manaus.am.gov.br\/fms\/#website","url":"https:\/\/www.manaus.am.gov.br\/fms\/","name":"Fundo Manaus Solid\u00e1ria","description":"Prefeitura de Manaus","potentialAction":[{"@type":"SearchAction","target":{"@type":"EntryPoint","urlTemplate":"https:\/\/www.manaus.am.gov.br\/fms\/?s={search_term_string}"},"query-input":"required name=search_term_string"}],"inLanguage":"pt-BR"},{"@type":"Person","@id":"https:\/\/www.manaus.am.gov.br\/fms\/#\/schema\/person\/587989a23a463cde5618e6a028977a9a","name":"Maur\u00edcio Freire","image":{"@type":"ImageObject","inLanguage":"pt-BR","@id":"https:\/\/www.manaus.am.gov.br\/fms\/#\/schema\/person\/image\/","url":"https:\/\/secure.gravatar.com\/avatar\/dc1481799a1f75c733ac3b2634cd6749?s=96&d=mm&r=g","contentUrl":"https:\/\/secure.gravatar.com\/avatar\/dc1481799a1f75c733ac3b2634cd6749?s=96&d=mm&r=g","caption":"Maur\u00edcio Freire"}}]}},"_links":{"self":[{"href":"https:\/\/www.manaus.am.gov.br\/fms\/wp-json\/wp\/v2\/posts\/1188"}],"collection":[{"href":"https:\/\/www.manaus.am.gov.br\/fms\/wp-json\/wp\/v2\/posts"}],"about":[{"href":"https:\/\/www.manaus.am.gov.br\/fms\/wp-json\/wp\/v2\/types\/post"}],"author":[{"embeddable":true,"href":"https:\/\/www.manaus.am.gov.br\/fms\/wp-json\/wp\/v2\/users\/25"}],"replies":[{"embeddable":true,"href":"https:\/\/www.manaus.am.gov.br\/fms\/wp-json\/wp\/v2\/comments?post=1188"}],"version-history":[{"count":1,"href":"https:\/\/www.manaus.am.gov.br\/fms\/wp-json\/wp\/v2\/posts\/1188\/revisions"}],"predecessor-version":[{"id":1190,"href":"https:\/\/www.manaus.am.gov.br\/fms\/wp-json\/wp\/v2\/posts\/1188\/revisions\/1190"}],"wp:featuredmedia":[{"embeddable":true,"href":"https:\/\/www.manaus.am.gov.br\/fms\/wp-json\/wp\/v2\/media\/1189"}],"wp:attachment":[{"href":"https:\/\/www.manaus.am.gov.br\/fms\/wp-json\/wp\/v2\/media?parent=1188"}],"wp:term":[{"taxonomy":"category","embeddable":true,"href":"https:\/\/www.manaus.am.gov.br\/fms\/wp-json\/wp\/v2\/categories?post=1188"},{"taxonomy":"post_tag","embeddable":true,"href":"https:\/\/www.manaus.am.gov.br\/fms\/wp-json\/wp\/v2\/tags?post=1188"}],"curies":[{"name":"wp","href":"https:\/\/api.w.org\/{rel}","templated":true}]}}