{"id":3476,"date":"2026-03-12T14:28:54","date_gmt":"2026-03-12T18:28:54","guid":{"rendered":"https:\/\/www.manaus.am.gov.br\/fdt\/lancamento-campanha-eu-sou-cidadao-solidario-2026\/"},"modified":"2026-03-12T14:39:46","modified_gmt":"2026-03-12T18:39:46","slug":"lancamento-campanha-eu-sou-cidadao-solidario-2026","status":"publish","type":"post","link":"https:\/\/www.manaus.am.gov.br\/fdt\/lancamento-campanha-eu-sou-cidadao-solidario-2026\/","title":{"rendered":"Prefeitura de Manaus lan\u00e7a campanha \u2018Eu Sou Cidad\u00e3o Solid\u00e1rio 2026\u2019 e incentiva contribui\u00e7\u00e3o a projetos sociais sem custos adicionais"},"content":{"rendered":"\n<p>A <a href=\"https:\/\/www.manaus.am.gov.br\/\">Prefeitura de Manaus<\/a>, por meio da <a href=\"https:\/\/www.instagram.com\/fundacaodrthomas\/\">Funda\u00e7\u00e3o de Apoio ao Idoso Doutor Thomas<\/a> (FDT), realizou, nesta quinta-feira, 12\/3, o lan\u00e7amento da campanha \u201cEu Sou Cidad\u00e3o Solid\u00e1rio 2026\u201d. A iniciativa visa incentivar os contribuintes a destinarem at\u00e9 6% do Imposto de Renda para projetos sociais, por meio do Fundo Municipal dos Direitos da Pessoa Idosa e do Fundo Municipal dos Direitos da Crian\u00e7a e do Adolescente, com o percentual doado sendo dividido entre os fundos.<\/p>\n\n\n\n<p>O diretor-presidente da FDT, Eduardo Lucas, explicou que Manaus possui cerca de 160 mil contribuintes que declaram anualmente o Imposto de Renda e podem participar da campanha. Ele explica que a ades\u00e3o \u00e9 um gesto simples e sem custos adicionais.<\/p>\n\n\n\n<p>\u201c\u00c9 um gesto simples que pode transformar a vida de idosos, crian\u00e7as e adolescentes, as duas extremidades da vida. Fa\u00e7a a sua parte, destine, voc\u00ea n\u00e3o vai pagar nenhum centavo a mais e vai fazer a diferen\u00e7a para esses dois segmentos da nossa sociedade\u201d, afirmou.<\/p>\n\n\n\n<p>A campanha conta com o apoio da Secretaria Municipal da Mulher, Assist\u00eancia Social e Cidadania (Semasc) e da Secretaria Municipal de Finan\u00e7as e Tecnologia da Informa\u00e7\u00e3o (Semef), al\u00e9m de parceiros estrat\u00e9gicos.<\/p>\n\n\n\n<p>O secret\u00e1rio da Semasc, Nildo Mello, defendeu a import\u00e2ncia da ades\u00e3o da popula\u00e7\u00e3o \u00e0 campanha no aux\u00edlio de a\u00e7\u00f5es que atendem crian\u00e7as e adolescentes. \u201c\u00c9 uma op\u00e7\u00e3o que o contribuinte tem para deixar o valor a ser restitu\u00eddo aqui no nosso munic\u00edpio para que seja utilizado em projetos com as crian\u00e7as e idosos da nossa cidade\u201d, ressaltou.<\/p>\n\n\n\n<p>Em 2025, o valor destinado por pessoas f\u00edsicas passou de R$ 408,3 mil, em 2024, para R$ 816,3 mil, o que representa um aumento de 100%. O n\u00famero de doadores tamb\u00e9m apresentou salto significativo: de 366, em 2024, para 747 pessoas em 2025, mais que o dobro de participantes.<\/p>\n\n\n\n<p>O secret\u00e1rio da Semef, Cl\u00e9cio Freire, enfatizou que a ades\u00e3o da popula\u00e7\u00e3o pode ser ainda maior \u00e0 campanha \u201cSou Cidad\u00e3o Solid\u00e1rio\u201d, sendo necess\u00e1rio seguir divulgando essa iniciativa, pois o n\u00famero de adeptos em 2025 representa apenas 0,45% dos contribuintes na capital.<\/p>\n\n\n\n<p>\u201cEmbora, percentualmente, n\u00f3s tenhamos crescido muito, ainda estamos muito aqu\u00e9m do que imaginamos alcan\u00e7ar. Temos um vasto campo para percorrer, uma capacidade exponencial de atingir contribuintes, tanto em valores f\u00edsicos quanto em valores num\u00e9ricos. A expectativa \u00e9 grande para que a gente possa continuar avan\u00e7ando com essa campanha\u201d, informou.<\/p>\n\n\n\n<p>A pensionista Maria Cely de Lima, que faz parte da Associa\u00e7\u00e3o das Donas de Casa do Morro da Liberdade, disse que os recursos da campanha t\u00eam chegado para o grupo e ajudado com a\u00e7\u00f5es de empreendedorismo.<\/p>\n\n\n\n<p>\u201cEssas doa\u00e7\u00f5es chegam para a gente. Com esses recursos n\u00f3s temos curso de doces e salgados na associa\u00e7\u00e3o. \u00c9 muito boa essa doa\u00e7\u00e3o. Se todos conseguirem participar vai ser muito importante para todos n\u00f3s\u201d, destacou.<\/p>\n\n\n\n<p><strong>Destina\u00e7\u00e3o dos recursos<\/strong><\/p>\n\n\n\n<p>Os recursos doados para a campanha s\u00e3o destinados para cada um dos fundos municipais, o da Pessoa Idosa e o da Crian\u00e7a e do Adolescente, que s\u00e3o geridos pelos conselhos municipais espec\u00edficos.<\/p>\n\n\n\n<p>A presidente do Conselho Municipal dos Direitos da Crian\u00e7a e do Adolescente, Gra\u00e7a Prola, explica para onde os recursos arrecadados s\u00e3o destinados. \u201cA prioridade \u00e9 fomentar as Organiza\u00e7\u00f5es da Sociedade Civil (OSCs) que atendem \u00e0s diversas manifesta\u00e7\u00f5es de crian\u00e7as, como as crian\u00e7as com defici\u00eancia, as que precisam garantir o atendimento no contraturno da escola, programas de orienta\u00e7\u00e3o e apoio sociofamiliar, al\u00e9m dos abrigos na modalidade tradicional e da fam\u00edlia coletora\u201d, garantiu.<\/p>\n\n\n\n<p>O presidente do Conselho Municipal dos Direitos da Pessoa Idosa, Yonilson Neto, relatou que as doa\u00e7\u00f5es s\u00e3o importantes no fomento de institui\u00e7\u00f5es que atendem crian\u00e7as, adolescentes e idosos na capital. \u201c\u00c9 fundamental para que n\u00f3s possamos financiar institui\u00e7\u00f5es que l\u00e1 na ponta, nas periferias, fazem atividades, seja atividade f\u00edsica ou empreendedorismo, qualquer coisa voltada para o p\u00fablico idoso e tamb\u00e9m para o p\u00fablico da crian\u00e7a e do adolescente\u201d, pontuou.<\/p>\n\n\n\n<p>No ano passado, o Fundo Municipal dos Direitos da Crian\u00e7a e do Adolescente recebeu a destina\u00e7\u00e3o de R$ 421,2 mil, quase o dobro do valor de 2024, que foi de R$ 221,5 mil. J\u00e1 o Fundo Municipal dos Direitos da Pessoa Idosa tamb\u00e9m viu seus repasses mais que duplicarem, passando de R$ 186,7 mil para mais de R$ 395 mil.<\/p>\n\n\n\n<p>A a\u00e7\u00e3o busca engajar a sociedade e o poder p\u00fablico na promo\u00e7\u00e3o de um modelo de doa\u00e7\u00e3o mais acess\u00edvel e eficiente, ampliando os benef\u00edcios para os projetos sociais que atendem \u00e0s camadas mais vulner\u00e1veis da popula\u00e7\u00e3o.<\/p>\n\n\n\n<figure class=\"wp-block-image size-large\"><img loading=\"lazy\" decoding=\"async\" width=\"1024\" height=\"683\" src=\"https:\/\/www.manaus.am.gov.br\/fdt\/wp-content\/uploads\/sites\/18\/2026\/03\/55142964602_13d19316cd_k-1024x683.jpg\" alt=\"\" class=\"wp-image-3478\" srcset=\"https:\/\/www.manaus.am.gov.br\/fdt\/wp-content\/uploads\/sites\/18\/2026\/03\/55142964602_13d19316cd_k-1024x683.jpg 1024w, https:\/\/www.manaus.am.gov.br\/fdt\/wp-content\/uploads\/sites\/18\/2026\/03\/55142964602_13d19316cd_k-300x200.jpg 300w, https:\/\/www.manaus.am.gov.br\/fdt\/wp-content\/uploads\/sites\/18\/2026\/03\/55142964602_13d19316cd_k-768x512.jpg 768w, https:\/\/www.manaus.am.gov.br\/fdt\/wp-content\/uploads\/sites\/18\/2026\/03\/55142964602_13d19316cd_k-1536x1024.jpg 1536w, https:\/\/www.manaus.am.gov.br\/fdt\/wp-content\/uploads\/sites\/18\/2026\/03\/55142964602_13d19316cd_k.jpg 2047w\" sizes=\"(max-width: 1024px) 100vw, 1024px\" \/><figcaption class=\"wp-element-caption\">#paratodosverem &#8211; P\u00fablico presente<\/figcaption><\/figure>\n\n\n\n<p>&#8212; &#8212; &#8212;<\/p>\n\n\n\n<p><strong>Texto<\/strong>&nbsp;\u2013 Geraldo Darias\/Semcom<\/p>\n\n\n\n<p><strong>Fotos<\/strong> \u2013 Ant\u00f4nio Pereira\/Semcom<\/p>\n\n\n\n<p><strong>Dispon\u00edveis em &#8211; <\/strong><a href=\"https:\/\/flic.kr\/s\/aHBqjCMWfs\">https:\/\/flic.kr\/s\/aHBqjCMWfs<\/a><\/p>\n","protected":false},"excerpt":{"rendered":"","protected":false},"author":39,"featured_media":3477,"comment_status":"closed","ping_status":"closed","sticky":false,"template":"","format":"standard","meta":{"footnotes":""},"categories":[285],"tags":[507,508,7,8,509],"acf":[],"yoast_head":"<!-- This site is optimized with the Yoast SEO plugin v23.0 - https:\/\/yoast.com\/wordpress\/plugins\/seo\/ -->\n<title>Prefeitura lan\u00e7a campanha \u2018Eu Sou Cidad\u00e3o Solid\u00e1rio 2026\u2019<\/title>\n<meta name=\"description\" content=\"Prefeitura de Manaus lan\u00e7a campanha \u2018Eu Sou Cidad\u00e3o Solid\u00e1rio 2026\u2019 e incentiva contribui\u00e7\u00e3o a projetos sociais sem custos adicionais.\" \/>\n<meta name=\"robots\" content=\"index, follow, max-snippet:-1, max-image-preview:large, max-video-preview:-1\" \/>\n<link rel=\"canonical\" href=\"https:\/\/www.manaus.am.gov.br\/fdt\/lancamento-campanha-eu-sou-cidadao-solidario-2026\/\" \/>\n<meta property=\"og:locale\" content=\"pt_BR\" \/>\n<meta property=\"og:type\" content=\"article\" \/>\n<meta property=\"og:title\" content=\"Prefeitura lan\u00e7a campanha \u2018Eu Sou Cidad\u00e3o Solid\u00e1rio 2026\u2019\" \/>\n<meta property=\"og:description\" content=\"Prefeitura de Manaus lan\u00e7a campanha \u2018Eu Sou Cidad\u00e3o Solid\u00e1rio 2026\u2019 e incentiva contribui\u00e7\u00e3o a projetos sociais sem custos adicionais.\" \/>\n<meta property=\"og:url\" content=\"https:\/\/www.manaus.am.gov.br\/fdt\/lancamento-campanha-eu-sou-cidadao-solidario-2026\/\" \/>\n<meta property=\"og:site_name\" content=\"FDT\" \/>\n<meta property=\"article:published_time\" content=\"2026-03-12T18:28:54+00:00\" \/>\n<meta property=\"article:modified_time\" content=\"2026-03-12T18:39:46+00:00\" \/>\n<meta property=\"og:image\" content=\"https:\/\/www.manaus.am.gov.br\/fdt\/wp-content\/uploads\/sites\/18\/2026\/03\/55144093314_a16e65479e_k.jpg\" \/>\n\t<meta property=\"og:image:width\" content=\"2047\" \/>\n\t<meta property=\"og:image:height\" content=\"1365\" \/>\n\t<meta property=\"og:image:type\" content=\"image\/jpeg\" \/>\n<meta name=\"author\" content=\"Bruna Greco\" \/>\n<meta name=\"twitter:card\" content=\"summary_large_image\" \/>\n<meta name=\"twitter:label1\" content=\"Written by\" \/>\n\t<meta name=\"twitter:data1\" content=\"Bruna Greco\" \/>\n\t<meta name=\"twitter:label2\" content=\"Est. reading time\" \/>\n\t<meta name=\"twitter:data2\" content=\"5 minutos\" \/>\n<script type=\"application\/ld+json\" class=\"yoast-schema-graph\">{\"@context\":\"https:\/\/schema.org\",\"@graph\":[{\"@type\":\"WebPage\",\"@id\":\"https:\/\/www.manaus.am.gov.br\/fdt\/lancamento-campanha-eu-sou-cidadao-solidario-2026\/\",\"url\":\"https:\/\/www.manaus.am.gov.br\/fdt\/lancamento-campanha-eu-sou-cidadao-solidario-2026\/\",\"name\":\"Prefeitura lan\u00e7a campanha \u2018Eu Sou Cidad\u00e3o Solid\u00e1rio 2026\u2019\",\"isPartOf\":{\"@id\":\"https:\/\/www.manaus.am.gov.br\/fdt\/#website\"},\"primaryImageOfPage\":{\"@id\":\"https:\/\/www.manaus.am.gov.br\/fdt\/lancamento-campanha-eu-sou-cidadao-solidario-2026\/#primaryimage\"},\"image\":{\"@id\":\"https:\/\/www.manaus.am.gov.br\/fdt\/lancamento-campanha-eu-sou-cidadao-solidario-2026\/#primaryimage\"},\"thumbnailUrl\":\"https:\/\/www.manaus.am.gov.br\/fdt\/wp-content\/uploads\/sites\/18\/2026\/03\/55144093314_a16e65479e_k.jpg\",\"datePublished\":\"2026-03-12T18:28:54+00:00\",\"dateModified\":\"2026-03-12T18:39:46+00:00\",\"author\":{\"@id\":\"https:\/\/www.manaus.am.gov.br\/fdt\/#\/schema\/person\/05d223aea2bf115f9883a6ff3683d81b\"},\"description\":\"Prefeitura de Manaus lan\u00e7a campanha \u2018Eu Sou Cidad\u00e3o Solid\u00e1rio 2026\u2019 e incentiva contribui\u00e7\u00e3o a projetos sociais sem custos adicionais.\",\"breadcrumb\":{\"@id\":\"https:\/\/www.manaus.am.gov.br\/fdt\/lancamento-campanha-eu-sou-cidadao-solidario-2026\/#breadcrumb\"},\"inLanguage\":\"pt-BR\",\"potentialAction\":[{\"@type\":\"ReadAction\",\"target\":[\"https:\/\/www.manaus.am.gov.br\/fdt\/lancamento-campanha-eu-sou-cidadao-solidario-2026\/\"]}]},{\"@type\":\"ImageObject\",\"inLanguage\":\"pt-BR\",\"@id\":\"https:\/\/www.manaus.am.gov.br\/fdt\/lancamento-campanha-eu-sou-cidadao-solidario-2026\/#primaryimage\",\"url\":\"https:\/\/www.manaus.am.gov.br\/fdt\/wp-content\/uploads\/sites\/18\/2026\/03\/55144093314_a16e65479e_k.jpg\",\"contentUrl\":\"https:\/\/www.manaus.am.gov.br\/fdt\/wp-content\/uploads\/sites\/18\/2026\/03\/55144093314_a16e65479e_k.jpg\",\"width\":2047,\"height\":1365,\"caption\":\"#paratodosverem - Diretor-presidente da FDT, Eduardo Lucas, acompanhado do secret\u00e1rio da Semasc, Nildo Mello, da subsecret\u00e1ria da Semasc, Gra\u00e7a Prolla, secret\u00e1rio da Semef, Cl\u00e9cio Freire, e do presidente do Conselho Municipal dos Direitos da Pessoa Idosa, Yonilson Neto, durante lan\u00e7amento da campanha \\\"Eu Sou Cidad\u00e3o Solid\u00e1rio 2026\\\"\"},{\"@type\":\"BreadcrumbList\",\"@id\":\"https:\/\/www.manaus.am.gov.br\/fdt\/lancamento-campanha-eu-sou-cidadao-solidario-2026\/#breadcrumb\",\"itemListElement\":[{\"@type\":\"ListItem\",\"position\":1,\"name\":\"Home\",\"item\":\"https:\/\/www.manaus.am.gov.br\/fdt\/\"},{\"@type\":\"ListItem\",\"position\":2,\"name\":\"Prefeitura de Manaus lan\u00e7a campanha \u2018Eu Sou Cidad\u00e3o Solid\u00e1rio 2026\u2019 e incentiva contribui\u00e7\u00e3o a projetos sociais sem custos adicionais\"}]},{\"@type\":\"WebSite\",\"@id\":\"https:\/\/www.manaus.am.gov.br\/fdt\/#website\",\"url\":\"https:\/\/www.manaus.am.gov.br\/fdt\/\",\"name\":\"FDT\",\"description\":\"Funda\u00e7\u00e3o de Apoio ao Idoso Dr. Thomas\",\"potentialAction\":[{\"@type\":\"SearchAction\",\"target\":{\"@type\":\"EntryPoint\",\"urlTemplate\":\"https:\/\/www.manaus.am.gov.br\/fdt\/?s={search_term_string}\"},\"query-input\":\"required name=search_term_string\"}],\"inLanguage\":\"pt-BR\"},{\"@type\":\"Person\",\"@id\":\"https:\/\/www.manaus.am.gov.br\/fdt\/#\/schema\/person\/05d223aea2bf115f9883a6ff3683d81b\",\"name\":\"Bruna Greco\",\"image\":{\"@type\":\"ImageObject\",\"inLanguage\":\"pt-BR\",\"@id\":\"https:\/\/www.manaus.am.gov.br\/fdt\/#\/schema\/person\/image\/\",\"url\":\"https:\/\/secure.gravatar.com\/avatar\/9c877d1a6adc2a055330e5c09a8653ce?s=96&d=mm&r=g\",\"contentUrl\":\"https:\/\/secure.gravatar.com\/avatar\/9c877d1a6adc2a055330e5c09a8653ce?s=96&d=mm&r=g\",\"caption\":\"Bruna Greco\"},\"url\":\"https:\/\/www.manaus.am.gov.br\/fdt\/author\/bruna-greco\/\"}]}<\/script>\n<!-- \/ Yoast SEO plugin. -->","yoast_head_json":{"title":"Prefeitura lan\u00e7a campanha \u2018Eu Sou Cidad\u00e3o Solid\u00e1rio 2026\u2019","description":"Prefeitura de Manaus lan\u00e7a campanha \u2018Eu Sou Cidad\u00e3o Solid\u00e1rio 2026\u2019 e incentiva contribui\u00e7\u00e3o a projetos sociais sem custos adicionais.","robots":{"index":"index","follow":"follow","max-snippet":"max-snippet:-1","max-image-preview":"max-image-preview:large","max-video-preview":"max-video-preview:-1"},"canonical":"https:\/\/www.manaus.am.gov.br\/fdt\/lancamento-campanha-eu-sou-cidadao-solidario-2026\/","og_locale":"pt_BR","og_type":"article","og_title":"Prefeitura lan\u00e7a campanha \u2018Eu Sou Cidad\u00e3o Solid\u00e1rio 2026\u2019","og_description":"Prefeitura de Manaus lan\u00e7a campanha \u2018Eu Sou Cidad\u00e3o Solid\u00e1rio 2026\u2019 e incentiva contribui\u00e7\u00e3o a projetos sociais sem custos adicionais.","og_url":"https:\/\/www.manaus.am.gov.br\/fdt\/lancamento-campanha-eu-sou-cidadao-solidario-2026\/","og_site_name":"FDT","article_published_time":"2026-03-12T18:28:54+00:00","article_modified_time":"2026-03-12T18:39:46+00:00","og_image":[{"width":2047,"height":1365,"url":"https:\/\/www.manaus.am.gov.br\/fdt\/wp-content\/uploads\/sites\/18\/2026\/03\/55144093314_a16e65479e_k.jpg","type":"image\/jpeg"}],"author":"Bruna Greco","twitter_card":"summary_large_image","twitter_misc":{"Written by":"Bruna Greco","Est. reading time":"5 minutos"},"schema":{"@context":"https:\/\/schema.org","@graph":[{"@type":"WebPage","@id":"https:\/\/www.manaus.am.gov.br\/fdt\/lancamento-campanha-eu-sou-cidadao-solidario-2026\/","url":"https:\/\/www.manaus.am.gov.br\/fdt\/lancamento-campanha-eu-sou-cidadao-solidario-2026\/","name":"Prefeitura lan\u00e7a campanha \u2018Eu Sou Cidad\u00e3o Solid\u00e1rio 2026\u2019","isPartOf":{"@id":"https:\/\/www.manaus.am.gov.br\/fdt\/#website"},"primaryImageOfPage":{"@id":"https:\/\/www.manaus.am.gov.br\/fdt\/lancamento-campanha-eu-sou-cidadao-solidario-2026\/#primaryimage"},"image":{"@id":"https:\/\/www.manaus.am.gov.br\/fdt\/lancamento-campanha-eu-sou-cidadao-solidario-2026\/#primaryimage"},"thumbnailUrl":"https:\/\/www.manaus.am.gov.br\/fdt\/wp-content\/uploads\/sites\/18\/2026\/03\/55144093314_a16e65479e_k.jpg","datePublished":"2026-03-12T18:28:54+00:00","dateModified":"2026-03-12T18:39:46+00:00","author":{"@id":"https:\/\/www.manaus.am.gov.br\/fdt\/#\/schema\/person\/05d223aea2bf115f9883a6ff3683d81b"},"description":"Prefeitura de Manaus lan\u00e7a campanha \u2018Eu Sou Cidad\u00e3o Solid\u00e1rio 2026\u2019 e incentiva contribui\u00e7\u00e3o a projetos sociais sem custos adicionais.","breadcrumb":{"@id":"https:\/\/www.manaus.am.gov.br\/fdt\/lancamento-campanha-eu-sou-cidadao-solidario-2026\/#breadcrumb"},"inLanguage":"pt-BR","potentialAction":[{"@type":"ReadAction","target":["https:\/\/www.manaus.am.gov.br\/fdt\/lancamento-campanha-eu-sou-cidadao-solidario-2026\/"]}]},{"@type":"ImageObject","inLanguage":"pt-BR","@id":"https:\/\/www.manaus.am.gov.br\/fdt\/lancamento-campanha-eu-sou-cidadao-solidario-2026\/#primaryimage","url":"https:\/\/www.manaus.am.gov.br\/fdt\/wp-content\/uploads\/sites\/18\/2026\/03\/55144093314_a16e65479e_k.jpg","contentUrl":"https:\/\/www.manaus.am.gov.br\/fdt\/wp-content\/uploads\/sites\/18\/2026\/03\/55144093314_a16e65479e_k.jpg","width":2047,"height":1365,"caption":"#paratodosverem - Diretor-presidente da FDT, Eduardo Lucas, acompanhado do secret\u00e1rio da Semasc, Nildo Mello, da subsecret\u00e1ria da Semasc, Gra\u00e7a Prolla, secret\u00e1rio da Semef, Cl\u00e9cio Freire, e do presidente do Conselho Municipal dos Direitos da Pessoa Idosa, Yonilson Neto, durante lan\u00e7amento da campanha \"Eu Sou Cidad\u00e3o Solid\u00e1rio 2026\""},{"@type":"BreadcrumbList","@id":"https:\/\/www.manaus.am.gov.br\/fdt\/lancamento-campanha-eu-sou-cidadao-solidario-2026\/#breadcrumb","itemListElement":[{"@type":"ListItem","position":1,"name":"Home","item":"https:\/\/www.manaus.am.gov.br\/fdt\/"},{"@type":"ListItem","position":2,"name":"Prefeitura de Manaus lan\u00e7a campanha \u2018Eu Sou Cidad\u00e3o Solid\u00e1rio 2026\u2019 e incentiva contribui\u00e7\u00e3o a projetos sociais sem custos adicionais"}]},{"@type":"WebSite","@id":"https:\/\/www.manaus.am.gov.br\/fdt\/#website","url":"https:\/\/www.manaus.am.gov.br\/fdt\/","name":"FDT","description":"Funda\u00e7\u00e3o de Apoio ao Idoso Dr. Thomas","potentialAction":[{"@type":"SearchAction","target":{"@type":"EntryPoint","urlTemplate":"https:\/\/www.manaus.am.gov.br\/fdt\/?s={search_term_string}"},"query-input":"required name=search_term_string"}],"inLanguage":"pt-BR"},{"@type":"Person","@id":"https:\/\/www.manaus.am.gov.br\/fdt\/#\/schema\/person\/05d223aea2bf115f9883a6ff3683d81b","name":"Bruna Greco","image":{"@type":"ImageObject","inLanguage":"pt-BR","@id":"https:\/\/www.manaus.am.gov.br\/fdt\/#\/schema\/person\/image\/","url":"https:\/\/secure.gravatar.com\/avatar\/9c877d1a6adc2a055330e5c09a8653ce?s=96&d=mm&r=g","contentUrl":"https:\/\/secure.gravatar.com\/avatar\/9c877d1a6adc2a055330e5c09a8653ce?s=96&d=mm&r=g","caption":"Bruna Greco"},"url":"https:\/\/www.manaus.am.gov.br\/fdt\/author\/bruna-greco\/"}]}},"_links":{"self":[{"href":"https:\/\/www.manaus.am.gov.br\/fdt\/wp-json\/wp\/v2\/posts\/3476"}],"collection":[{"href":"https:\/\/www.manaus.am.gov.br\/fdt\/wp-json\/wp\/v2\/posts"}],"about":[{"href":"https:\/\/www.manaus.am.gov.br\/fdt\/wp-json\/wp\/v2\/types\/post"}],"author":[{"embeddable":true,"href":"https:\/\/www.manaus.am.gov.br\/fdt\/wp-json\/wp\/v2\/users\/39"}],"replies":[{"embeddable":true,"href":"https:\/\/www.manaus.am.gov.br\/fdt\/wp-json\/wp\/v2\/comments?post=3476"}],"version-history":[{"count":5,"href":"https:\/\/www.manaus.am.gov.br\/fdt\/wp-json\/wp\/v2\/posts\/3476\/revisions"}],"predecessor-version":[{"id":3483,"href":"https:\/\/www.manaus.am.gov.br\/fdt\/wp-json\/wp\/v2\/posts\/3476\/revisions\/3483"}],"wp:featuredmedia":[{"embeddable":true,"href":"https:\/\/www.manaus.am.gov.br\/fdt\/wp-json\/wp\/v2\/media\/3477"}],"wp:attachment":[{"href":"https:\/\/www.manaus.am.gov.br\/fdt\/wp-json\/wp\/v2\/media?parent=3476"}],"wp:term":[{"taxonomy":"category","embeddable":true,"href":"https:\/\/www.manaus.am.gov.br\/fdt\/wp-json\/wp\/v2\/categories?post=3476"},{"taxonomy":"post_tag","embeddable":true,"href":"https:\/\/www.manaus.am.gov.br\/fdt\/wp-json\/wp\/v2\/tags?post=3476"}],"curies":[{"name":"wp","href":"https:\/\/api.w.org\/{rel}","templated":true}]}}