{"id":186,"date":"2021-10-02T12:11:17","date_gmt":"2021-10-02T16:11:17","guid":{"rendered":"https:\/\/www.manaus.am.gov.br\/fdt\/prefeitura-de-manaus-realiza-passeio-turistico-com-idosos-da-fundacao-dr-thomas-e-parque-do-idoso\/"},"modified":"2023-02-28T11:23:56","modified_gmt":"2023-02-28T15:23:56","slug":"prefeitura-de-manaus-realiza-passeio-turistico-com-idosos-da-fundacao-dr-thomas-e-parque-do-idoso","status":"publish","type":"post","link":"https:\/\/www.manaus.am.gov.br\/fdt\/prefeitura-de-manaus-realiza-passeio-turistico-com-idosos-da-fundacao-dr-thomas-e-parque-do-idoso\/","title":{"rendered":"Prefeitura de Manaus realiza passeio tur\u00edstico com idosos da Funda\u00e7\u00e3o Dr. Thomas e Parque do Idoso"},"content":{"rendered":"\n<p>A Prefeitura de Manaus, por meio do Fundo Manaus Solid\u00e1ria e Funda\u00e7\u00e3o Municipal de Cultura, Turismo e Eventos (Manauscult), proporcionou a 20 idosos do Parque Municipal do Idoso e da Funda\u00e7\u00e3o Dr. Thomas, um passeio tur\u00edstico pela cidade.<\/p>\n\n\n\n<p>O passeio foi animado pelo palha\u00e7o Lero Lero e durou uma hora e trinta minutos. Os idosos visitaram os principais pontos tur\u00edsticos de Manaus, como praia da Ponta Negra, Teatro Amazonas e ponte Rio Negro.<\/p>\n\n\n\n<p>\u201cNossa inten\u00e7\u00e3o, al\u00e9m de apresentar os pontos tur\u00edsticos e culturais da nossa cidade para esses idosos, era proporcionar satisfa\u00e7\u00e3o, pois, passaram muito tempo reclusos, sem sair de casa por conta da pandemia da Covid-19. Essa tamb\u00e9m \u00e9 uma maneira de levar um recado para Manaus, de que o turismo n\u00e3o \u00e9 somente para o turista, o turismo \u00e9 para a sociedade local, \u00e9 para quem mora aqui\u201d, destacou o diretor-presidente da Manauscult, Alonso Oliveira,.<\/p>\n\n\n\n<p>Para o vice-presidente do Fundo Manaus Solid\u00e1ria, Emerson Castro, o passeio \u00e9 uma oportunidade de os idosos interagirem de forma segura e feliz. &#8220;Nossas equipes fizeram um trabalho seguro, para que nossos idosos pudessem aproveitar o&nbsp;<em>city tour<\/em>&nbsp;da melhor maneira. Muitos deles est\u00e3o fazendo esse passeio pela primeira vez&#8221;, enfatizou.<\/p>\n\n\n\n<p>A aposentada Adeilda Souza, 70, atleta do Parque do Idoso, disse que era a primeira vez que realizava esse passeio. &#8220;Hoje pude interagir com outros amigos da Funda\u00e7\u00e3o Doutor Thomas, pois s\u00f3 frequento o Parque do Idoso. Ent\u00e3o, estou muito feliz. Ver a Ponta Negra neste dia de sol foi muito bacana!&#8221;, contou.<\/p>\n\n\n\n<p>A programa\u00e7\u00e3o da Prefeitura de Manaus ainda conta com uma live &#8220;Ao Idoso com Carinho&#8221;, que ser\u00e1 transmitida neste domingo, dia 3\/10, \u00e0s 15h, pelo Facebook da prefeitura, com bandas locais e o show nacional do cantor Altemar Dutra J\u00fanior.<\/p>\n\n\n\n<p>&#8212; &#8212; &#8212;<\/p>\n\n\n\n<p><strong>Texto \u2013<\/strong>&nbsp;Juliana Maquin\u00e9 \/ Fundo Manaus Solid\u00e1ria<\/p>\n\n\n\n<p><strong>Fotos \u2013&nbsp;<\/strong>M\u00e1rio Oliveira \/ Fundo Manaus Solid\u00e1ria<\/p>\n\n\n\n<p><strong>Dispon\u00edveis em &#8211;<\/strong>&nbsp;<a href=\"https:\/\/flic.kr\/s\/aHsmWNTGpP\" data-saferedirecturl=\"https:\/\/www.google.com\/url?q=https:\/\/flic.kr\/s\/aHsmWNTGpP&amp;source=gmail&amp;ust=1633276851808000&amp;usg=AFQjCNFaNxencvf_TgZDIexTJ6q4-goX-g\">https:\/\/flic.kr\/s\/aHsmWNTGpP<\/a><\/p>\n","protected":false},"excerpt":{"rendered":"","protected":false},"author":24,"featured_media":187,"comment_status":"closed","ping_status":"closed","sticky":false,"template":"","format":"standard","meta":{"footnotes":""},"categories":[45],"tags":[46,47,12,48,40,49,50,51,52],"acf":[],"yoast_head":"<!-- This site is optimized with the Yoast SEO plugin v23.0 - https:\/\/yoast.com\/wordpress\/plugins\/seo\/ -->\n<title>Prefeitura de Manaus realiza passeio tur\u00edstico com idosos da Funda\u00e7\u00e3o Dr. Thomas e Parque do Idoso - FDT<\/title>\n<meta name=\"robots\" content=\"index, follow, max-snippet:-1, max-image-preview:large, max-video-preview:-1\" \/>\n<link rel=\"canonical\" href=\"https:\/\/www.manaus.am.gov.br\/fdt\/prefeitura-de-manaus-realiza-passeio-turistico-com-idosos-da-fundacao-dr-thomas-e-parque-do-idoso\/\" \/>\n<meta property=\"og:locale\" content=\"pt_BR\" \/>\n<meta property=\"og:type\" content=\"article\" \/>\n<meta property=\"og:title\" content=\"Prefeitura de Manaus realiza passeio tur\u00edstico com idosos da Funda\u00e7\u00e3o Dr. Thomas e Parque do Idoso - FDT\" \/>\n<meta property=\"og:url\" content=\"https:\/\/www.manaus.am.gov.br\/fdt\/prefeitura-de-manaus-realiza-passeio-turistico-com-idosos-da-fundacao-dr-thomas-e-parque-do-idoso\/\" \/>\n<meta property=\"og:site_name\" content=\"FDT\" \/>\n<meta property=\"article:published_time\" content=\"2021-10-02T16:11:17+00:00\" \/>\n<meta property=\"article:modified_time\" content=\"2023-02-28T15:23:56+00:00\" \/>\n<meta property=\"og:image\" content=\"https:\/\/www.manaus.am.gov.br\/fdt\/wp-content\/uploads\/sites\/18\/2023\/02\/Prefeitura-de-Manaus-realiza-passeio-turistico-com-idosos-da-Fundacao-Dr.-Thomas-e-Parque-do-Idoso.jpg\" \/>\n\t<meta property=\"og:image:width\" content=\"720\" \/>\n\t<meta property=\"og:image:height\" content=\"407\" \/>\n\t<meta property=\"og:image:type\" content=\"image\/jpeg\" \/>\n<meta name=\"author\" content=\"Cl\u00e1udia Barbosa\" \/>\n<meta name=\"twitter:card\" content=\"summary_large_image\" \/>\n<meta name=\"twitter:label1\" content=\"Written by\" \/>\n\t<meta name=\"twitter:data1\" content=\"Cl\u00e1udia Barbosa\" \/>\n\t<meta name=\"twitter:label2\" content=\"Est. reading time\" \/>\n\t<meta name=\"twitter:data2\" content=\"2 minutos\" \/>\n<script type=\"application\/ld+json\" class=\"yoast-schema-graph\">{\"@context\":\"https:\/\/schema.org\",\"@graph\":[{\"@type\":\"WebPage\",\"@id\":\"https:\/\/www.manaus.am.gov.br\/fdt\/prefeitura-de-manaus-realiza-passeio-turistico-com-idosos-da-fundacao-dr-thomas-e-parque-do-idoso\/\",\"url\":\"https:\/\/www.manaus.am.gov.br\/fdt\/prefeitura-de-manaus-realiza-passeio-turistico-com-idosos-da-fundacao-dr-thomas-e-parque-do-idoso\/\",\"name\":\"Prefeitura de Manaus realiza passeio tur\u00edstico com idosos da Funda\u00e7\u00e3o Dr. Thomas e Parque do Idoso - FDT\",\"isPartOf\":{\"@id\":\"https:\/\/www.manaus.am.gov.br\/fdt\/#website\"},\"primaryImageOfPage\":{\"@id\":\"https:\/\/www.manaus.am.gov.br\/fdt\/prefeitura-de-manaus-realiza-passeio-turistico-com-idosos-da-fundacao-dr-thomas-e-parque-do-idoso\/#primaryimage\"},\"image\":{\"@id\":\"https:\/\/www.manaus.am.gov.br\/fdt\/prefeitura-de-manaus-realiza-passeio-turistico-com-idosos-da-fundacao-dr-thomas-e-parque-do-idoso\/#primaryimage\"},\"thumbnailUrl\":\"https:\/\/www.manaus.am.gov.br\/fdt\/wp-content\/uploads\/sites\/18\/2023\/02\/Prefeitura-de-Manaus-realiza-passeio-turistico-com-idosos-da-Fundacao-Dr.-Thomas-e-Parque-do-Idoso.jpg\",\"datePublished\":\"2021-10-02T16:11:17+00:00\",\"dateModified\":\"2023-02-28T15:23:56+00:00\",\"author\":{\"@id\":\"https:\/\/www.manaus.am.gov.br\/fdt\/#\/schema\/person\/d0a166b5031154c33c77794ddc9a827e\"},\"breadcrumb\":{\"@id\":\"https:\/\/www.manaus.am.gov.br\/fdt\/prefeitura-de-manaus-realiza-passeio-turistico-com-idosos-da-fundacao-dr-thomas-e-parque-do-idoso\/#breadcrumb\"},\"inLanguage\":\"pt-BR\",\"potentialAction\":[{\"@type\":\"ReadAction\",\"target\":[\"https:\/\/www.manaus.am.gov.br\/fdt\/prefeitura-de-manaus-realiza-passeio-turistico-com-idosos-da-fundacao-dr-thomas-e-parque-do-idoso\/\"]}]},{\"@type\":\"ImageObject\",\"inLanguage\":\"pt-BR\",\"@id\":\"https:\/\/www.manaus.am.gov.br\/fdt\/prefeitura-de-manaus-realiza-passeio-turistico-com-idosos-da-fundacao-dr-thomas-e-parque-do-idoso\/#primaryimage\",\"url\":\"https:\/\/www.manaus.am.gov.br\/fdt\/wp-content\/uploads\/sites\/18\/2023\/02\/Prefeitura-de-Manaus-realiza-passeio-turistico-com-idosos-da-Fundacao-Dr.-Thomas-e-Parque-do-Idoso.jpg\",\"contentUrl\":\"https:\/\/www.manaus.am.gov.br\/fdt\/wp-content\/uploads\/sites\/18\/2023\/02\/Prefeitura-de-Manaus-realiza-passeio-turistico-com-idosos-da-Fundacao-Dr.-Thomas-e-Parque-do-Idoso.jpg\",\"width\":720,\"height\":407,\"caption\":\"Prefeitura de Manaus realiza passeio tur\u00edstico com idosos da Funda\u00e7\u00e3o Dr. Thomas e Parque do Idoso\"},{\"@type\":\"BreadcrumbList\",\"@id\":\"https:\/\/www.manaus.am.gov.br\/fdt\/prefeitura-de-manaus-realiza-passeio-turistico-com-idosos-da-fundacao-dr-thomas-e-parque-do-idoso\/#breadcrumb\",\"itemListElement\":[{\"@type\":\"ListItem\",\"position\":1,\"name\":\"Home\",\"item\":\"https:\/\/www.manaus.am.gov.br\/fdt\/\"},{\"@type\":\"ListItem\",\"position\":2,\"name\":\"Prefeitura de Manaus realiza passeio tur\u00edstico com idosos da Funda\u00e7\u00e3o Dr. Thomas e Parque do Idoso\"}]},{\"@type\":\"WebSite\",\"@id\":\"https:\/\/www.manaus.am.gov.br\/fdt\/#website\",\"url\":\"https:\/\/www.manaus.am.gov.br\/fdt\/\",\"name\":\"FDT\",\"description\":\"Funda\u00e7\u00e3o de Apoio ao Idoso Dr. Thomas\",\"potentialAction\":[{\"@type\":\"SearchAction\",\"target\":{\"@type\":\"EntryPoint\",\"urlTemplate\":\"https:\/\/www.manaus.am.gov.br\/fdt\/?s={search_term_string}\"},\"query-input\":\"required name=search_term_string\"}],\"inLanguage\":\"pt-BR\"},{\"@type\":\"Person\",\"@id\":\"https:\/\/www.manaus.am.gov.br\/fdt\/#\/schema\/person\/d0a166b5031154c33c77794ddc9a827e\",\"name\":\"Cl\u00e1udia Barbosa\",\"image\":{\"@type\":\"ImageObject\",\"inLanguage\":\"pt-BR\",\"@id\":\"https:\/\/www.manaus.am.gov.br\/fdt\/#\/schema\/person\/image\/\",\"url\":\"https:\/\/secure.gravatar.com\/avatar\/42958a1cf007f1a00534009218c72590?s=96&d=mm&r=g\",\"contentUrl\":\"https:\/\/secure.gravatar.com\/avatar\/42958a1cf007f1a00534009218c72590?s=96&d=mm&r=g\",\"caption\":\"Cl\u00e1udia Barbosa\"},\"url\":\"https:\/\/www.manaus.am.gov.br\/fdt\/author\/cbarbosa\/\"}]}<\/script>\n<!-- \/ Yoast SEO plugin. -->","yoast_head_json":{"title":"Prefeitura de Manaus realiza passeio tur\u00edstico com idosos da Funda\u00e7\u00e3o Dr. Thomas e Parque do Idoso - FDT","robots":{"index":"index","follow":"follow","max-snippet":"max-snippet:-1","max-image-preview":"max-image-preview:large","max-video-preview":"max-video-preview:-1"},"canonical":"https:\/\/www.manaus.am.gov.br\/fdt\/prefeitura-de-manaus-realiza-passeio-turistico-com-idosos-da-fundacao-dr-thomas-e-parque-do-idoso\/","og_locale":"pt_BR","og_type":"article","og_title":"Prefeitura de Manaus realiza passeio tur\u00edstico com idosos da Funda\u00e7\u00e3o Dr. Thomas e Parque do Idoso - FDT","og_url":"https:\/\/www.manaus.am.gov.br\/fdt\/prefeitura-de-manaus-realiza-passeio-turistico-com-idosos-da-fundacao-dr-thomas-e-parque-do-idoso\/","og_site_name":"FDT","article_published_time":"2021-10-02T16:11:17+00:00","article_modified_time":"2023-02-28T15:23:56+00:00","og_image":[{"width":720,"height":407,"url":"https:\/\/www.manaus.am.gov.br\/fdt\/wp-content\/uploads\/sites\/18\/2023\/02\/Prefeitura-de-Manaus-realiza-passeio-turistico-com-idosos-da-Fundacao-Dr.-Thomas-e-Parque-do-Idoso.jpg","type":"image\/jpeg"}],"author":"Cl\u00e1udia Barbosa","twitter_card":"summary_large_image","twitter_misc":{"Written by":"Cl\u00e1udia Barbosa","Est. reading time":"2 minutos"},"schema":{"@context":"https:\/\/schema.org","@graph":[{"@type":"WebPage","@id":"https:\/\/www.manaus.am.gov.br\/fdt\/prefeitura-de-manaus-realiza-passeio-turistico-com-idosos-da-fundacao-dr-thomas-e-parque-do-idoso\/","url":"https:\/\/www.manaus.am.gov.br\/fdt\/prefeitura-de-manaus-realiza-passeio-turistico-com-idosos-da-fundacao-dr-thomas-e-parque-do-idoso\/","name":"Prefeitura de Manaus realiza passeio tur\u00edstico com idosos da Funda\u00e7\u00e3o Dr. Thomas e Parque do Idoso - FDT","isPartOf":{"@id":"https:\/\/www.manaus.am.gov.br\/fdt\/#website"},"primaryImageOfPage":{"@id":"https:\/\/www.manaus.am.gov.br\/fdt\/prefeitura-de-manaus-realiza-passeio-turistico-com-idosos-da-fundacao-dr-thomas-e-parque-do-idoso\/#primaryimage"},"image":{"@id":"https:\/\/www.manaus.am.gov.br\/fdt\/prefeitura-de-manaus-realiza-passeio-turistico-com-idosos-da-fundacao-dr-thomas-e-parque-do-idoso\/#primaryimage"},"thumbnailUrl":"https:\/\/www.manaus.am.gov.br\/fdt\/wp-content\/uploads\/sites\/18\/2023\/02\/Prefeitura-de-Manaus-realiza-passeio-turistico-com-idosos-da-Fundacao-Dr.-Thomas-e-Parque-do-Idoso.jpg","datePublished":"2021-10-02T16:11:17+00:00","dateModified":"2023-02-28T15:23:56+00:00","author":{"@id":"https:\/\/www.manaus.am.gov.br\/fdt\/#\/schema\/person\/d0a166b5031154c33c77794ddc9a827e"},"breadcrumb":{"@id":"https:\/\/www.manaus.am.gov.br\/fdt\/prefeitura-de-manaus-realiza-passeio-turistico-com-idosos-da-fundacao-dr-thomas-e-parque-do-idoso\/#breadcrumb"},"inLanguage":"pt-BR","potentialAction":[{"@type":"ReadAction","target":["https:\/\/www.manaus.am.gov.br\/fdt\/prefeitura-de-manaus-realiza-passeio-turistico-com-idosos-da-fundacao-dr-thomas-e-parque-do-idoso\/"]}]},{"@type":"ImageObject","inLanguage":"pt-BR","@id":"https:\/\/www.manaus.am.gov.br\/fdt\/prefeitura-de-manaus-realiza-passeio-turistico-com-idosos-da-fundacao-dr-thomas-e-parque-do-idoso\/#primaryimage","url":"https:\/\/www.manaus.am.gov.br\/fdt\/wp-content\/uploads\/sites\/18\/2023\/02\/Prefeitura-de-Manaus-realiza-passeio-turistico-com-idosos-da-Fundacao-Dr.-Thomas-e-Parque-do-Idoso.jpg","contentUrl":"https:\/\/www.manaus.am.gov.br\/fdt\/wp-content\/uploads\/sites\/18\/2023\/02\/Prefeitura-de-Manaus-realiza-passeio-turistico-com-idosos-da-Fundacao-Dr.-Thomas-e-Parque-do-Idoso.jpg","width":720,"height":407,"caption":"Prefeitura de Manaus realiza passeio tur\u00edstico com idosos da Funda\u00e7\u00e3o Dr. Thomas e Parque do Idoso"},{"@type":"BreadcrumbList","@id":"https:\/\/www.manaus.am.gov.br\/fdt\/prefeitura-de-manaus-realiza-passeio-turistico-com-idosos-da-fundacao-dr-thomas-e-parque-do-idoso\/#breadcrumb","itemListElement":[{"@type":"ListItem","position":1,"name":"Home","item":"https:\/\/www.manaus.am.gov.br\/fdt\/"},{"@type":"ListItem","position":2,"name":"Prefeitura de Manaus realiza passeio tur\u00edstico com idosos da Funda\u00e7\u00e3o Dr. Thomas e Parque do Idoso"}]},{"@type":"WebSite","@id":"https:\/\/www.manaus.am.gov.br\/fdt\/#website","url":"https:\/\/www.manaus.am.gov.br\/fdt\/","name":"FDT","description":"Funda\u00e7\u00e3o de Apoio ao Idoso Dr. Thomas","potentialAction":[{"@type":"SearchAction","target":{"@type":"EntryPoint","urlTemplate":"https:\/\/www.manaus.am.gov.br\/fdt\/?s={search_term_string}"},"query-input":"required name=search_term_string"}],"inLanguage":"pt-BR"},{"@type":"Person","@id":"https:\/\/www.manaus.am.gov.br\/fdt\/#\/schema\/person\/d0a166b5031154c33c77794ddc9a827e","name":"Cl\u00e1udia Barbosa","image":{"@type":"ImageObject","inLanguage":"pt-BR","@id":"https:\/\/www.manaus.am.gov.br\/fdt\/#\/schema\/person\/image\/","url":"https:\/\/secure.gravatar.com\/avatar\/42958a1cf007f1a00534009218c72590?s=96&d=mm&r=g","contentUrl":"https:\/\/secure.gravatar.com\/avatar\/42958a1cf007f1a00534009218c72590?s=96&d=mm&r=g","caption":"Cl\u00e1udia Barbosa"},"url":"https:\/\/www.manaus.am.gov.br\/fdt\/author\/cbarbosa\/"}]}},"_links":{"self":[{"href":"https:\/\/www.manaus.am.gov.br\/fdt\/wp-json\/wp\/v2\/posts\/186"}],"collection":[{"href":"https:\/\/www.manaus.am.gov.br\/fdt\/wp-json\/wp\/v2\/posts"}],"about":[{"href":"https:\/\/www.manaus.am.gov.br\/fdt\/wp-json\/wp\/v2\/types\/post"}],"author":[{"embeddable":true,"href":"https:\/\/www.manaus.am.gov.br\/fdt\/wp-json\/wp\/v2\/users\/24"}],"replies":[{"embeddable":true,"href":"https:\/\/www.manaus.am.gov.br\/fdt\/wp-json\/wp\/v2\/comments?post=186"}],"version-history":[{"count":0,"href":"https:\/\/www.manaus.am.gov.br\/fdt\/wp-json\/wp\/v2\/posts\/186\/revisions"}],"wp:featuredmedia":[{"embeddable":true,"href":"https:\/\/www.manaus.am.gov.br\/fdt\/wp-json\/wp\/v2\/media\/187"}],"wp:attachment":[{"href":"https:\/\/www.manaus.am.gov.br\/fdt\/wp-json\/wp\/v2\/media?parent=186"}],"wp:term":[{"taxonomy":"category","embeddable":true,"href":"https:\/\/www.manaus.am.gov.br\/fdt\/wp-json\/wp\/v2\/categories?post=186"},{"taxonomy":"post_tag","embeddable":true,"href":"https:\/\/www.manaus.am.gov.br\/fdt\/wp-json\/wp\/v2\/tags?post=186"}],"curies":[{"name":"wp","href":"https:\/\/api.w.org\/{rel}","templated":true}]}}