{"id":178,"date":"2022-02-26T12:32:00","date_gmt":"2022-02-26T16:32:00","guid":{"rendered":"https:\/\/www.manaus.am.gov.br\/fdt\/processo-seletivo-da-fundacao-de-apoio-ao-idoso-doutor-thomas\/"},"modified":"2023-02-28T11:22:23","modified_gmt":"2023-02-28T15:22:23","slug":"processo-seletivo-da-fundacao-de-apoio-ao-idoso-doutor-thomas","status":"publish","type":"post","link":"https:\/\/www.manaus.am.gov.br\/fdt\/processo-seletivo-da-fundacao-de-apoio-ao-idoso-doutor-thomas\/","title":{"rendered":"Processo Seletivo da Funda\u00e7\u00e3o de Apoio ao Idoso Doutor Thomas"},"content":{"rendered":"\n<p>A Prefeitura de Manaus, via Funda\u00e7\u00e3o de Apoio ao Idoso Doutor Thomas (FDT), republicou na edi\u00e7\u00e3o 5.294 do Di\u00e1rio Oficial do Munic\u00edpio (DOM), desta sexta-feira, 25\/2, o edital de n\u00b0 0001\/2022 que dar\u00e1 in\u00edcio ao Processo Seletivo Simplificado para a fun\u00e7\u00e3o de T\u00e9cnico-Enfermagem. As inscri\u00e7\u00f5es acontecer\u00e3o mediante o preenchimento do Formul\u00e1rio de Inscri\u00e7\u00f5es dispon\u00edvel no site <a href=\"https:\/\/doutorthomas.manaus.am.gov.br\/\">https:\/\/doutorthomas.manaus.am.gov.br\/<\/a>.<\/p>\n\n\n\n<p>O edital passou por uma corre\u00e7\u00e3o na remunera\u00e7\u00e3o das vagas para t\u00e9cnico de enfermagem que passa a ser no valor de R$ 1.212,00. Todas as especifica\u00e7\u00f5es est\u00e3o dispon\u00edveis na nova publica\u00e7\u00e3o do edital. A FDT recomenda que os candidatos fiquem atentos a todos os t\u00f3picos. As inscri\u00e7\u00f5es presenciais v\u00e3o ocorrer no Parque Municipal do Idoso, localizado na Rua Rio Mar, n\u00b0 1.324, bairro Nossa Senhora das Gra\u00e7as, zona Centro-Sul, no per\u00edodo de 3 a 9 de mar\u00e7o, das 08h \u00e0s 11h e das 14h \u00e0s 16h.<\/p>\n\n\n\n<p>A comiss\u00e3o do processo seletivo ressalta que a mudan\u00e7a foi apenas para T\u00e9cnico-Enfermagem. As outras vagas permanecem sem altera\u00e7\u00e3o nos editais e nas datas de inscri\u00e7\u00e3o.<\/p>\n\n\n\n<p>&#8212; &#8212; &#8212;<\/p>\n\n\n\n<p><strong>Texto<\/strong> \u2013 Divulga\u00e7\u00e3o \/ FDT<\/p>\n","protected":false},"excerpt":{"rendered":"","protected":false},"author":31,"featured_media":179,"comment_status":"closed","ping_status":"closed","sticky":false,"template":"","format":"standard","meta":{"footnotes":""},"categories":[4],"tags":[12,29,30,31],"acf":[],"yoast_head":"<!-- This site is optimized with the Yoast SEO plugin v23.0 - https:\/\/yoast.com\/wordpress\/plugins\/seo\/ -->\n<title>Processo Seletivo da Funda\u00e7\u00e3o de Apoio ao Idoso Doutor Thomas - FDT<\/title>\n<meta name=\"robots\" content=\"index, follow, max-snippet:-1, max-image-preview:large, max-video-preview:-1\" \/>\n<link rel=\"canonical\" href=\"https:\/\/www.manaus.am.gov.br\/fdt\/processo-seletivo-da-fundacao-de-apoio-ao-idoso-doutor-thomas\/\" \/>\n<meta property=\"og:locale\" content=\"pt_BR\" \/>\n<meta property=\"og:type\" content=\"article\" \/>\n<meta property=\"og:title\" content=\"Processo Seletivo da Funda\u00e7\u00e3o de Apoio ao Idoso Doutor Thomas - FDT\" \/>\n<meta property=\"og:url\" content=\"https:\/\/www.manaus.am.gov.br\/fdt\/processo-seletivo-da-fundacao-de-apoio-ao-idoso-doutor-thomas\/\" \/>\n<meta property=\"og:site_name\" content=\"FDT\" \/>\n<meta property=\"article:published_time\" content=\"2022-02-26T16:32:00+00:00\" \/>\n<meta property=\"article:modified_time\" content=\"2023-02-28T15:22:23+00:00\" \/>\n<meta property=\"og:image\" content=\"https:\/\/www.manaus.am.gov.br\/fdt\/wp-content\/uploads\/sites\/18\/2023\/02\/Nota.png\" \/>\n\t<meta property=\"og:image:width\" content=\"900\" \/>\n\t<meta property=\"og:image:height\" content=\"509\" \/>\n\t<meta property=\"og:image:type\" content=\"image\/png\" \/>\n<meta name=\"author\" content=\"Renata Felix\" \/>\n<meta name=\"twitter:card\" content=\"summary_large_image\" \/>\n<meta name=\"twitter:label1\" content=\"Written by\" \/>\n\t<meta name=\"twitter:data1\" content=\"Renata Felix\" \/>\n\t<meta name=\"twitter:label2\" content=\"Est. reading time\" \/>\n\t<meta name=\"twitter:data2\" content=\"1 minuto\" \/>\n<script type=\"application\/ld+json\" class=\"yoast-schema-graph\">{\"@context\":\"https:\/\/schema.org\",\"@graph\":[{\"@type\":\"WebPage\",\"@id\":\"https:\/\/www.manaus.am.gov.br\/fdt\/processo-seletivo-da-fundacao-de-apoio-ao-idoso-doutor-thomas\/\",\"url\":\"https:\/\/www.manaus.am.gov.br\/fdt\/processo-seletivo-da-fundacao-de-apoio-ao-idoso-doutor-thomas\/\",\"name\":\"Processo Seletivo da Funda\u00e7\u00e3o de Apoio ao Idoso Doutor Thomas - FDT\",\"isPartOf\":{\"@id\":\"https:\/\/www.manaus.am.gov.br\/fdt\/#website\"},\"primaryImageOfPage\":{\"@id\":\"https:\/\/www.manaus.am.gov.br\/fdt\/processo-seletivo-da-fundacao-de-apoio-ao-idoso-doutor-thomas\/#primaryimage\"},\"image\":{\"@id\":\"https:\/\/www.manaus.am.gov.br\/fdt\/processo-seletivo-da-fundacao-de-apoio-ao-idoso-doutor-thomas\/#primaryimage\"},\"thumbnailUrl\":\"https:\/\/www.manaus.am.gov.br\/fdt\/wp-content\/uploads\/sites\/18\/2023\/02\/Nota.png\",\"datePublished\":\"2022-02-26T16:32:00+00:00\",\"dateModified\":\"2023-02-28T15:22:23+00:00\",\"author\":{\"@id\":\"https:\/\/www.manaus.am.gov.br\/fdt\/#\/schema\/person\/4eea2a8f78dc853097abb026f728aa06\"},\"breadcrumb\":{\"@id\":\"https:\/\/www.manaus.am.gov.br\/fdt\/processo-seletivo-da-fundacao-de-apoio-ao-idoso-doutor-thomas\/#breadcrumb\"},\"inLanguage\":\"pt-BR\",\"potentialAction\":[{\"@type\":\"ReadAction\",\"target\":[\"https:\/\/www.manaus.am.gov.br\/fdt\/processo-seletivo-da-fundacao-de-apoio-ao-idoso-doutor-thomas\/\"]}]},{\"@type\":\"ImageObject\",\"inLanguage\":\"pt-BR\",\"@id\":\"https:\/\/www.manaus.am.gov.br\/fdt\/processo-seletivo-da-fundacao-de-apoio-ao-idoso-doutor-thomas\/#primaryimage\",\"url\":\"https:\/\/www.manaus.am.gov.br\/fdt\/wp-content\/uploads\/sites\/18\/2023\/02\/Nota.png\",\"contentUrl\":\"https:\/\/www.manaus.am.gov.br\/fdt\/wp-content\/uploads\/sites\/18\/2023\/02\/Nota.png\",\"width\":900,\"height\":509},{\"@type\":\"BreadcrumbList\",\"@id\":\"https:\/\/www.manaus.am.gov.br\/fdt\/processo-seletivo-da-fundacao-de-apoio-ao-idoso-doutor-thomas\/#breadcrumb\",\"itemListElement\":[{\"@type\":\"ListItem\",\"position\":1,\"name\":\"Home\",\"item\":\"https:\/\/www.manaus.am.gov.br\/fdt\/\"},{\"@type\":\"ListItem\",\"position\":2,\"name\":\"Processo Seletivo da Funda\u00e7\u00e3o de Apoio ao Idoso Doutor Thomas\"}]},{\"@type\":\"WebSite\",\"@id\":\"https:\/\/www.manaus.am.gov.br\/fdt\/#website\",\"url\":\"https:\/\/www.manaus.am.gov.br\/fdt\/\",\"name\":\"FDT\",\"description\":\"Funda\u00e7\u00e3o de Apoio ao Idoso Dr. Thomas\",\"potentialAction\":[{\"@type\":\"SearchAction\",\"target\":{\"@type\":\"EntryPoint\",\"urlTemplate\":\"https:\/\/www.manaus.am.gov.br\/fdt\/?s={search_term_string}\"},\"query-input\":\"required name=search_term_string\"}],\"inLanguage\":\"pt-BR\"},{\"@type\":\"Person\",\"@id\":\"https:\/\/www.manaus.am.gov.br\/fdt\/#\/schema\/person\/4eea2a8f78dc853097abb026f728aa06\",\"name\":\"Renata Felix\",\"image\":{\"@type\":\"ImageObject\",\"inLanguage\":\"pt-BR\",\"@id\":\"https:\/\/www.manaus.am.gov.br\/fdt\/#\/schema\/person\/image\/\",\"url\":\"https:\/\/secure.gravatar.com\/avatar\/3c196cf9d3b837b24c8edb2c50fd8f29?s=96&d=mm&r=g\",\"contentUrl\":\"https:\/\/secure.gravatar.com\/avatar\/3c196cf9d3b837b24c8edb2c50fd8f29?s=96&d=mm&r=g\",\"caption\":\"Renata Felix\"},\"url\":\"https:\/\/www.manaus.am.gov.br\/fdt\/author\/rfelix\/\"}]}<\/script>\n<!-- \/ Yoast SEO plugin. -->","yoast_head_json":{"title":"Processo Seletivo da Funda\u00e7\u00e3o de Apoio ao Idoso Doutor Thomas - FDT","robots":{"index":"index","follow":"follow","max-snippet":"max-snippet:-1","max-image-preview":"max-image-preview:large","max-video-preview":"max-video-preview:-1"},"canonical":"https:\/\/www.manaus.am.gov.br\/fdt\/processo-seletivo-da-fundacao-de-apoio-ao-idoso-doutor-thomas\/","og_locale":"pt_BR","og_type":"article","og_title":"Processo Seletivo da Funda\u00e7\u00e3o de Apoio ao Idoso Doutor Thomas - FDT","og_url":"https:\/\/www.manaus.am.gov.br\/fdt\/processo-seletivo-da-fundacao-de-apoio-ao-idoso-doutor-thomas\/","og_site_name":"FDT","article_published_time":"2022-02-26T16:32:00+00:00","article_modified_time":"2023-02-28T15:22:23+00:00","og_image":[{"width":900,"height":509,"url":"https:\/\/www.manaus.am.gov.br\/fdt\/wp-content\/uploads\/sites\/18\/2023\/02\/Nota.png","type":"image\/png"}],"author":"Renata Felix","twitter_card":"summary_large_image","twitter_misc":{"Written by":"Renata Felix","Est. reading time":"1 minuto"},"schema":{"@context":"https:\/\/schema.org","@graph":[{"@type":"WebPage","@id":"https:\/\/www.manaus.am.gov.br\/fdt\/processo-seletivo-da-fundacao-de-apoio-ao-idoso-doutor-thomas\/","url":"https:\/\/www.manaus.am.gov.br\/fdt\/processo-seletivo-da-fundacao-de-apoio-ao-idoso-doutor-thomas\/","name":"Processo Seletivo da Funda\u00e7\u00e3o de Apoio ao Idoso Doutor Thomas - FDT","isPartOf":{"@id":"https:\/\/www.manaus.am.gov.br\/fdt\/#website"},"primaryImageOfPage":{"@id":"https:\/\/www.manaus.am.gov.br\/fdt\/processo-seletivo-da-fundacao-de-apoio-ao-idoso-doutor-thomas\/#primaryimage"},"image":{"@id":"https:\/\/www.manaus.am.gov.br\/fdt\/processo-seletivo-da-fundacao-de-apoio-ao-idoso-doutor-thomas\/#primaryimage"},"thumbnailUrl":"https:\/\/www.manaus.am.gov.br\/fdt\/wp-content\/uploads\/sites\/18\/2023\/02\/Nota.png","datePublished":"2022-02-26T16:32:00+00:00","dateModified":"2023-02-28T15:22:23+00:00","author":{"@id":"https:\/\/www.manaus.am.gov.br\/fdt\/#\/schema\/person\/4eea2a8f78dc853097abb026f728aa06"},"breadcrumb":{"@id":"https:\/\/www.manaus.am.gov.br\/fdt\/processo-seletivo-da-fundacao-de-apoio-ao-idoso-doutor-thomas\/#breadcrumb"},"inLanguage":"pt-BR","potentialAction":[{"@type":"ReadAction","target":["https:\/\/www.manaus.am.gov.br\/fdt\/processo-seletivo-da-fundacao-de-apoio-ao-idoso-doutor-thomas\/"]}]},{"@type":"ImageObject","inLanguage":"pt-BR","@id":"https:\/\/www.manaus.am.gov.br\/fdt\/processo-seletivo-da-fundacao-de-apoio-ao-idoso-doutor-thomas\/#primaryimage","url":"https:\/\/www.manaus.am.gov.br\/fdt\/wp-content\/uploads\/sites\/18\/2023\/02\/Nota.png","contentUrl":"https:\/\/www.manaus.am.gov.br\/fdt\/wp-content\/uploads\/sites\/18\/2023\/02\/Nota.png","width":900,"height":509},{"@type":"BreadcrumbList","@id":"https:\/\/www.manaus.am.gov.br\/fdt\/processo-seletivo-da-fundacao-de-apoio-ao-idoso-doutor-thomas\/#breadcrumb","itemListElement":[{"@type":"ListItem","position":1,"name":"Home","item":"https:\/\/www.manaus.am.gov.br\/fdt\/"},{"@type":"ListItem","position":2,"name":"Processo Seletivo da Funda\u00e7\u00e3o de Apoio ao Idoso Doutor Thomas"}]},{"@type":"WebSite","@id":"https:\/\/www.manaus.am.gov.br\/fdt\/#website","url":"https:\/\/www.manaus.am.gov.br\/fdt\/","name":"FDT","description":"Funda\u00e7\u00e3o de Apoio ao Idoso Dr. Thomas","potentialAction":[{"@type":"SearchAction","target":{"@type":"EntryPoint","urlTemplate":"https:\/\/www.manaus.am.gov.br\/fdt\/?s={search_term_string}"},"query-input":"required name=search_term_string"}],"inLanguage":"pt-BR"},{"@type":"Person","@id":"https:\/\/www.manaus.am.gov.br\/fdt\/#\/schema\/person\/4eea2a8f78dc853097abb026f728aa06","name":"Renata Felix","image":{"@type":"ImageObject","inLanguage":"pt-BR","@id":"https:\/\/www.manaus.am.gov.br\/fdt\/#\/schema\/person\/image\/","url":"https:\/\/secure.gravatar.com\/avatar\/3c196cf9d3b837b24c8edb2c50fd8f29?s=96&d=mm&r=g","contentUrl":"https:\/\/secure.gravatar.com\/avatar\/3c196cf9d3b837b24c8edb2c50fd8f29?s=96&d=mm&r=g","caption":"Renata Felix"},"url":"https:\/\/www.manaus.am.gov.br\/fdt\/author\/rfelix\/"}]}},"_links":{"self":[{"href":"https:\/\/www.manaus.am.gov.br\/fdt\/wp-json\/wp\/v2\/posts\/178"}],"collection":[{"href":"https:\/\/www.manaus.am.gov.br\/fdt\/wp-json\/wp\/v2\/posts"}],"about":[{"href":"https:\/\/www.manaus.am.gov.br\/fdt\/wp-json\/wp\/v2\/types\/post"}],"author":[{"embeddable":true,"href":"https:\/\/www.manaus.am.gov.br\/fdt\/wp-json\/wp\/v2\/users\/31"}],"replies":[{"embeddable":true,"href":"https:\/\/www.manaus.am.gov.br\/fdt\/wp-json\/wp\/v2\/comments?post=178"}],"version-history":[{"count":0,"href":"https:\/\/www.manaus.am.gov.br\/fdt\/wp-json\/wp\/v2\/posts\/178\/revisions"}],"wp:featuredmedia":[{"embeddable":true,"href":"https:\/\/www.manaus.am.gov.br\/fdt\/wp-json\/wp\/v2\/media\/179"}],"wp:attachment":[{"href":"https:\/\/www.manaus.am.gov.br\/fdt\/wp-json\/wp\/v2\/media?parent=178"}],"wp:term":[{"taxonomy":"category","embeddable":true,"href":"https:\/\/www.manaus.am.gov.br\/fdt\/wp-json\/wp\/v2\/categories?post=178"},{"taxonomy":"post_tag","embeddable":true,"href":"https:\/\/www.manaus.am.gov.br\/fdt\/wp-json\/wp\/v2\/tags?post=178"}],"curies":[{"name":"wp","href":"https:\/\/api.w.org\/{rel}","templated":true}]}}