{"id":174,"date":"2022-04-01T18:32:21","date_gmt":"2022-04-01T22:32:21","guid":{"rendered":"https:\/\/www.manaus.am.gov.br\/fdt\/pre-inscricoes-do-curso-de-cuidador-de-idosos-da-fundacao-doutor-thomas-sao-preenchidas-em-duas-horas\/"},"modified":"2023-02-28T11:26:04","modified_gmt":"2023-02-28T15:26:04","slug":"pre-inscricoes-do-curso-de-cuidador-de-idosos-da-fundacao-doutor-thomas-sao-preenchidas-em-duas-horas","status":"publish","type":"post","link":"https:\/\/www.manaus.am.gov.br\/fdt\/pre-inscricoes-do-curso-de-cuidador-de-idosos-da-fundacao-doutor-thomas-sao-preenchidas-em-duas-horas\/","title":{"rendered":"Pr\u00e9-inscri\u00e7\u00f5es do curso de \u2018Cuidador de Idosos\u2019 da Funda\u00e7\u00e3o Doutor Thomas s\u00e3o preenchidas em duas horas"},"content":{"rendered":"\n<p>A primeira fase do processo seletivo para o curso de Cuidador de Idosos, o \u201cCuidadoso\u201d, oferecido pela&nbsp;Prefeitura de Manaus, por meio da Funda\u00e7\u00e3o de Apoio ao Idoso Doutor Thomas (FDT), em parceria com a Espi, est\u00e1 encerrada. As 300 pr\u00e9-inscri\u00e7\u00f5es foram preenchidas em duas horas, nesta sexta-feira, 1\u00ba\/4.<\/p>\n\n\n\n<p>Ap\u00f3s a pr\u00e9-inscri\u00e7\u00e3o, os candidatos que constarem na rela\u00e7\u00e3o, a ser divulgada no site da FDT (<a href=\"http:\/\/doutorthomas.manaus.am.gov.br\/\" data-saferedirecturl=\"https:\/\/www.google.com\/url?q=http:\/\/doutorthomas.manaus.am.gov.br\/&amp;source=gmail&amp;ust=1648938372318000&amp;usg=AOvVaw23DvRg7SQB2f2YflYybiWS\">doutorthomas.manaus.am.gov.br<\/a>), dever\u00e3o comparecer \u00e0 \u00e1rea externa do \u00f3rg\u00e3o (no espa\u00e7o de lazer), localizada na&nbsp;<a href=\"https:\/\/www.google.com\/maps\/search\/rua+Dr.+Thomas,+n%C2%B0%0D%0A798?entry=gmail&amp;source=g\" data-saferedirecturl=\"https:\/\/www.google.com\/url?q=https:\/\/www.google.com\/maps\/search\/rua%2BDr.%2BThomas,%2Bn%25C2%25B0%250D%250A798?entry%3Dgmail%26source%3Dg&amp;source=gmail&amp;ust=1648938372318000&amp;usg=AOvVaw0XzFckn0H1E_AHEeJYfRvy\">rua Dr. Thomas, n\u00b0 798<\/a>, bairro Nossa Senhora das Gra\u00e7as, zona Centro-Sul, nos dias 5 e 6\/4, nos hor\u00e1rios de 8h30 \u00e0s 11h30&nbsp;e 13h30&nbsp;\u00e0s 16h, para agendamento do dia da entrevista de sele\u00e7\u00e3o, munidos da seguinte documenta\u00e7\u00e3o: comprovante de pr\u00e9-inscri\u00e7\u00e3o, RG (original e c\u00f3pia), e certificado de conclus\u00e3o do ensino m\u00e9dio (original e c\u00f3pia) ou declara\u00e7\u00e3o de conclus\u00e3o do ensino m\u00e9dio (original e c\u00f3pia).<\/p>\n\n\n\n<p>Ser\u00e3o ofertadas 120 vagas para o \u201cCuidadoso&#8221;, distribu\u00eddas em tr\u00eas turmas de 40 alunos cada. As aulas acontecer\u00e3o na Galeria dos Rem\u00e9dios, localizada na rua Miranda Le\u00e3o, Centro, e as turmas ser\u00e3o divididas da seguinte maneira: 3\/2022 no turno matutino, das 8h \u00e0s 12h, 4\/2022 no turno vespertino das 13h \u00e0s 17h, e turma 5\/2022 tamb\u00e9m no turno matutino, das 8h \u00e0s 12h.<\/p>\n\n\n\n<p>A rela\u00e7\u00e3o final dos candidatos classificados ser\u00e1 divulgada a partir do dia 13\/4, nas depend\u00eancias da FDT, nas redes sociais e no site:&nbsp;<a href=\"http:\/\/doutorthomas.manaus.am.gov.br\/\" data-saferedirecturl=\"https:\/\/www.google.com\/url?q=http:\/\/doutorthomas.manaus.am.gov.br\/&amp;source=gmail&amp;ust=1648938372318000&amp;usg=AOvVaw23DvRg7SQB2f2YflYybiWS\">doutorthomas.manaus.am.gov.br<\/a>.<\/p>\n\n\n\n<p>A matr\u00edcula institucional acontecer\u00e1 nos dias 18 e 19\/4, nos hor\u00e1rios de 8h30 \u00e0s 11h30 e 13h30 \u00e0s 16h, tamb\u00e9m na FDT, no N\u00facleo de Estudos de Pesquisas Sobre o Envelhecimento em Manaus (Nepem). O candidato selecionado dever\u00e1 pagar uma taxa de R$ 50.<\/p>\n\n\n\n<p>O per\u00edodo das entrevistas de sele\u00e7\u00e3o acontecer\u00e1 juntamente com a avalia\u00e7\u00e3o do candidato, por meio do preenchimento de um question\u00e1rio que inclui quest\u00f5es relativas \u00e0s expectativas sobre o curso e entendimento pr\u00e9vio sobre o envelhecimento humano. A avalia\u00e7\u00e3o e entrevista acontecer\u00e3o na FDT, tamb\u00e9m na \u00e1rea externa (espa\u00e7o de lazer), nos dias 7 e 8\/4, em dois hor\u00e1rios: das 8h30 \u00e0s 11h30 e 13h30 \u00e0s 16h.<\/p>\n\n\n\n<p>Os documentos necess\u00e1rios para a matr\u00edcula s\u00e3o: Ficha de inscri\u00e7\u00e3o preenchida e assinada, 2 fotos 3X4 recentes, RG (original e c\u00f3pia), CPF (original e c\u00f3pia), comprovante de resid\u00eancia (original e c\u00f3pia), certificado de conclus\u00e3o do ensino m\u00e9dio ou declara\u00e7\u00e3o de conclus\u00e3o do ensino m\u00e9dio (original e c\u00f3pia) e carteira de vacina da Covid-19 (original e c\u00f3pia).<\/p>\n\n\n\n<p>Segundo a diretora-presidente da FDT, Martha Moutinho, a demanda j\u00e1 era esperada. \u201cO curso \u00e9 muito procurado. Todas as vezes que divulgamos, recebemos um grande retorno. As pessoas v\u00eam at\u00e9 a funda\u00e7\u00e3o e ligam para se informar. As pr\u00e9-inscri\u00e7\u00f5es&nbsp;encerraram em curto prazo e isso nos deixa com tamanha satisfa\u00e7\u00e3o, pois percebemos que o curso \u00e9 muito valorizado e sab\u00edamos que as vagas seriam preenchidas de forma r\u00e1pida\u201d, observou.<\/p>\n\n\n\n<p>Para mais informa\u00e7\u00f5es, basta entrar em contato pelos telefones (92) 98844-5609 \/ 3215-6007, 3236-9629, do N\u00facleo de Estudos e Pesquisas sobre o Envelhecimento em Manaus (Nepem).<\/p>\n\n\n\n<p>&#8212; &#8212; &#8212;<\/p>\n\n\n\n<p><strong>Texto e foto<\/strong> \u2013 Divulga\u00e7\u00e3o \/ FDT<\/p>\n","protected":false},"excerpt":{"rendered":"","protected":false},"author":31,"featured_media":196,"comment_status":"closed","ping_status":"closed","sticky":false,"template":"","format":"standard","meta":{"footnotes":""},"categories":[25],"tags":[26,27,28],"acf":[],"yoast_head":"<!-- This site is optimized with the Yoast SEO plugin v23.0 - https:\/\/yoast.com\/wordpress\/plugins\/seo\/ -->\n<title>Pr\u00e9-inscri\u00e7\u00f5es do curso de \u2018Cuidador de Idosos\u2019 da Funda\u00e7\u00e3o Doutor Thomas s\u00e3o preenchidas em duas horas - FDT<\/title>\n<meta name=\"robots\" content=\"index, follow, max-snippet:-1, max-image-preview:large, max-video-preview:-1\" \/>\n<link rel=\"canonical\" href=\"https:\/\/www.manaus.am.gov.br\/fdt\/pre-inscricoes-do-curso-de-cuidador-de-idosos-da-fundacao-doutor-thomas-sao-preenchidas-em-duas-horas\/\" \/>\n<meta property=\"og:locale\" content=\"pt_BR\" \/>\n<meta property=\"og:type\" content=\"article\" \/>\n<meta property=\"og:title\" content=\"Pr\u00e9-inscri\u00e7\u00f5es do curso de \u2018Cuidador de Idosos\u2019 da Funda\u00e7\u00e3o Doutor Thomas s\u00e3o preenchidas em duas horas - FDT\" \/>\n<meta property=\"og:url\" content=\"https:\/\/www.manaus.am.gov.br\/fdt\/pre-inscricoes-do-curso-de-cuidador-de-idosos-da-fundacao-doutor-thomas-sao-preenchidas-em-duas-horas\/\" \/>\n<meta property=\"og:site_name\" content=\"FDT\" \/>\n<meta property=\"article:published_time\" content=\"2022-04-01T22:32:21+00:00\" \/>\n<meta property=\"article:modified_time\" content=\"2023-02-28T15:26:04+00:00\" \/>\n<meta property=\"og:image\" content=\"https:\/\/www.manaus.am.gov.br\/fdt\/wp-content\/uploads\/sites\/18\/2023\/02\/Pre-inscricoes-do-curso-de-\u2018Cuidador-de-Idosos-da-Fundacao-Doutor-Thomas-sao-preenchidas-em-duas-horas.jpg\" \/>\n\t<meta property=\"og:image:width\" content=\"799\" \/>\n\t<meta property=\"og:image:height\" content=\"533\" \/>\n\t<meta property=\"og:image:type\" content=\"image\/jpeg\" \/>\n<meta name=\"author\" content=\"Renata Felix\" \/>\n<meta name=\"twitter:card\" content=\"summary_large_image\" \/>\n<meta name=\"twitter:label1\" content=\"Written by\" \/>\n\t<meta name=\"twitter:data1\" content=\"Renata Felix\" \/>\n\t<meta name=\"twitter:label2\" content=\"Est. reading time\" \/>\n\t<meta name=\"twitter:data2\" content=\"3 minutos\" \/>\n<script type=\"application\/ld+json\" class=\"yoast-schema-graph\">{\"@context\":\"https:\/\/schema.org\",\"@graph\":[{\"@type\":\"WebPage\",\"@id\":\"https:\/\/www.manaus.am.gov.br\/fdt\/pre-inscricoes-do-curso-de-cuidador-de-idosos-da-fundacao-doutor-thomas-sao-preenchidas-em-duas-horas\/\",\"url\":\"https:\/\/www.manaus.am.gov.br\/fdt\/pre-inscricoes-do-curso-de-cuidador-de-idosos-da-fundacao-doutor-thomas-sao-preenchidas-em-duas-horas\/\",\"name\":\"Pr\u00e9-inscri\u00e7\u00f5es do curso de \u2018Cuidador de Idosos\u2019 da Funda\u00e7\u00e3o Doutor Thomas s\u00e3o preenchidas em duas horas - FDT\",\"isPartOf\":{\"@id\":\"https:\/\/www.manaus.am.gov.br\/fdt\/#website\"},\"primaryImageOfPage\":{\"@id\":\"https:\/\/www.manaus.am.gov.br\/fdt\/pre-inscricoes-do-curso-de-cuidador-de-idosos-da-fundacao-doutor-thomas-sao-preenchidas-em-duas-horas\/#primaryimage\"},\"image\":{\"@id\":\"https:\/\/www.manaus.am.gov.br\/fdt\/pre-inscricoes-do-curso-de-cuidador-de-idosos-da-fundacao-doutor-thomas-sao-preenchidas-em-duas-horas\/#primaryimage\"},\"thumbnailUrl\":\"https:\/\/www.manaus.am.gov.br\/fdt\/wp-content\/uploads\/sites\/18\/2023\/02\/Pre-inscricoes-do-curso-de-\u2018Cuidador-de-Idosos-da-Fundacao-Doutor-Thomas-sao-preenchidas-em-duas-horas.jpg\",\"datePublished\":\"2022-04-01T22:32:21+00:00\",\"dateModified\":\"2023-02-28T15:26:04+00:00\",\"author\":{\"@id\":\"https:\/\/www.manaus.am.gov.br\/fdt\/#\/schema\/person\/4eea2a8f78dc853097abb026f728aa06\"},\"breadcrumb\":{\"@id\":\"https:\/\/www.manaus.am.gov.br\/fdt\/pre-inscricoes-do-curso-de-cuidador-de-idosos-da-fundacao-doutor-thomas-sao-preenchidas-em-duas-horas\/#breadcrumb\"},\"inLanguage\":\"pt-BR\",\"potentialAction\":[{\"@type\":\"ReadAction\",\"target\":[\"https:\/\/www.manaus.am.gov.br\/fdt\/pre-inscricoes-do-curso-de-cuidador-de-idosos-da-fundacao-doutor-thomas-sao-preenchidas-em-duas-horas\/\"]}]},{\"@type\":\"ImageObject\",\"inLanguage\":\"pt-BR\",\"@id\":\"https:\/\/www.manaus.am.gov.br\/fdt\/pre-inscricoes-do-curso-de-cuidador-de-idosos-da-fundacao-doutor-thomas-sao-preenchidas-em-duas-horas\/#primaryimage\",\"url\":\"https:\/\/www.manaus.am.gov.br\/fdt\/wp-content\/uploads\/sites\/18\/2023\/02\/Pre-inscricoes-do-curso-de-\u2018Cuidador-de-Idosos-da-Fundacao-Doutor-Thomas-sao-preenchidas-em-duas-horas.jpg\",\"contentUrl\":\"https:\/\/www.manaus.am.gov.br\/fdt\/wp-content\/uploads\/sites\/18\/2023\/02\/Pre-inscricoes-do-curso-de-\u2018Cuidador-de-Idosos-da-Fundacao-Doutor-Thomas-sao-preenchidas-em-duas-horas.jpg\",\"width\":799,\"height\":533,\"caption\":\"Pr\u00e9-inscri\u00e7\u00f5es do curso de \u2018Cuidador de Idosos\u2019 da Funda\u00e7\u00e3o Doutor Thomas s\u00e3o preenchidas em duas horas\"},{\"@type\":\"BreadcrumbList\",\"@id\":\"https:\/\/www.manaus.am.gov.br\/fdt\/pre-inscricoes-do-curso-de-cuidador-de-idosos-da-fundacao-doutor-thomas-sao-preenchidas-em-duas-horas\/#breadcrumb\",\"itemListElement\":[{\"@type\":\"ListItem\",\"position\":1,\"name\":\"Home\",\"item\":\"https:\/\/www.manaus.am.gov.br\/fdt\/\"},{\"@type\":\"ListItem\",\"position\":2,\"name\":\"Pr\u00e9-inscri\u00e7\u00f5es do curso de \u2018Cuidador de Idosos\u2019 da Funda\u00e7\u00e3o Doutor Thomas s\u00e3o preenchidas em duas horas\"}]},{\"@type\":\"WebSite\",\"@id\":\"https:\/\/www.manaus.am.gov.br\/fdt\/#website\",\"url\":\"https:\/\/www.manaus.am.gov.br\/fdt\/\",\"name\":\"FDT\",\"description\":\"Funda\u00e7\u00e3o de Apoio ao Idoso Dr. Thomas\",\"potentialAction\":[{\"@type\":\"SearchAction\",\"target\":{\"@type\":\"EntryPoint\",\"urlTemplate\":\"https:\/\/www.manaus.am.gov.br\/fdt\/?s={search_term_string}\"},\"query-input\":\"required name=search_term_string\"}],\"inLanguage\":\"pt-BR\"},{\"@type\":\"Person\",\"@id\":\"https:\/\/www.manaus.am.gov.br\/fdt\/#\/schema\/person\/4eea2a8f78dc853097abb026f728aa06\",\"name\":\"Renata Felix\",\"image\":{\"@type\":\"ImageObject\",\"inLanguage\":\"pt-BR\",\"@id\":\"https:\/\/www.manaus.am.gov.br\/fdt\/#\/schema\/person\/image\/\",\"url\":\"https:\/\/secure.gravatar.com\/avatar\/3c196cf9d3b837b24c8edb2c50fd8f29?s=96&d=mm&r=g\",\"contentUrl\":\"https:\/\/secure.gravatar.com\/avatar\/3c196cf9d3b837b24c8edb2c50fd8f29?s=96&d=mm&r=g\",\"caption\":\"Renata Felix\"},\"url\":\"https:\/\/www.manaus.am.gov.br\/fdt\/author\/rfelix\/\"}]}<\/script>\n<!-- \/ Yoast SEO plugin. -->","yoast_head_json":{"title":"Pr\u00e9-inscri\u00e7\u00f5es do curso de \u2018Cuidador de Idosos\u2019 da Funda\u00e7\u00e3o Doutor Thomas s\u00e3o preenchidas em duas horas - FDT","robots":{"index":"index","follow":"follow","max-snippet":"max-snippet:-1","max-image-preview":"max-image-preview:large","max-video-preview":"max-video-preview:-1"},"canonical":"https:\/\/www.manaus.am.gov.br\/fdt\/pre-inscricoes-do-curso-de-cuidador-de-idosos-da-fundacao-doutor-thomas-sao-preenchidas-em-duas-horas\/","og_locale":"pt_BR","og_type":"article","og_title":"Pr\u00e9-inscri\u00e7\u00f5es do curso de \u2018Cuidador de Idosos\u2019 da Funda\u00e7\u00e3o Doutor Thomas s\u00e3o preenchidas em duas horas - FDT","og_url":"https:\/\/www.manaus.am.gov.br\/fdt\/pre-inscricoes-do-curso-de-cuidador-de-idosos-da-fundacao-doutor-thomas-sao-preenchidas-em-duas-horas\/","og_site_name":"FDT","article_published_time":"2022-04-01T22:32:21+00:00","article_modified_time":"2023-02-28T15:26:04+00:00","og_image":[{"width":799,"height":533,"url":"https:\/\/www.manaus.am.gov.br\/fdt\/wp-content\/uploads\/sites\/18\/2023\/02\/Pre-inscricoes-do-curso-de-\u2018Cuidador-de-Idosos-da-Fundacao-Doutor-Thomas-sao-preenchidas-em-duas-horas.jpg","type":"image\/jpeg"}],"author":"Renata Felix","twitter_card":"summary_large_image","twitter_misc":{"Written by":"Renata Felix","Est. reading time":"3 minutos"},"schema":{"@context":"https:\/\/schema.org","@graph":[{"@type":"WebPage","@id":"https:\/\/www.manaus.am.gov.br\/fdt\/pre-inscricoes-do-curso-de-cuidador-de-idosos-da-fundacao-doutor-thomas-sao-preenchidas-em-duas-horas\/","url":"https:\/\/www.manaus.am.gov.br\/fdt\/pre-inscricoes-do-curso-de-cuidador-de-idosos-da-fundacao-doutor-thomas-sao-preenchidas-em-duas-horas\/","name":"Pr\u00e9-inscri\u00e7\u00f5es do curso de \u2018Cuidador de Idosos\u2019 da Funda\u00e7\u00e3o Doutor Thomas s\u00e3o preenchidas em duas horas - FDT","isPartOf":{"@id":"https:\/\/www.manaus.am.gov.br\/fdt\/#website"},"primaryImageOfPage":{"@id":"https:\/\/www.manaus.am.gov.br\/fdt\/pre-inscricoes-do-curso-de-cuidador-de-idosos-da-fundacao-doutor-thomas-sao-preenchidas-em-duas-horas\/#primaryimage"},"image":{"@id":"https:\/\/www.manaus.am.gov.br\/fdt\/pre-inscricoes-do-curso-de-cuidador-de-idosos-da-fundacao-doutor-thomas-sao-preenchidas-em-duas-horas\/#primaryimage"},"thumbnailUrl":"https:\/\/www.manaus.am.gov.br\/fdt\/wp-content\/uploads\/sites\/18\/2023\/02\/Pre-inscricoes-do-curso-de-\u2018Cuidador-de-Idosos-da-Fundacao-Doutor-Thomas-sao-preenchidas-em-duas-horas.jpg","datePublished":"2022-04-01T22:32:21+00:00","dateModified":"2023-02-28T15:26:04+00:00","author":{"@id":"https:\/\/www.manaus.am.gov.br\/fdt\/#\/schema\/person\/4eea2a8f78dc853097abb026f728aa06"},"breadcrumb":{"@id":"https:\/\/www.manaus.am.gov.br\/fdt\/pre-inscricoes-do-curso-de-cuidador-de-idosos-da-fundacao-doutor-thomas-sao-preenchidas-em-duas-horas\/#breadcrumb"},"inLanguage":"pt-BR","potentialAction":[{"@type":"ReadAction","target":["https:\/\/www.manaus.am.gov.br\/fdt\/pre-inscricoes-do-curso-de-cuidador-de-idosos-da-fundacao-doutor-thomas-sao-preenchidas-em-duas-horas\/"]}]},{"@type":"ImageObject","inLanguage":"pt-BR","@id":"https:\/\/www.manaus.am.gov.br\/fdt\/pre-inscricoes-do-curso-de-cuidador-de-idosos-da-fundacao-doutor-thomas-sao-preenchidas-em-duas-horas\/#primaryimage","url":"https:\/\/www.manaus.am.gov.br\/fdt\/wp-content\/uploads\/sites\/18\/2023\/02\/Pre-inscricoes-do-curso-de-\u2018Cuidador-de-Idosos-da-Fundacao-Doutor-Thomas-sao-preenchidas-em-duas-horas.jpg","contentUrl":"https:\/\/www.manaus.am.gov.br\/fdt\/wp-content\/uploads\/sites\/18\/2023\/02\/Pre-inscricoes-do-curso-de-\u2018Cuidador-de-Idosos-da-Fundacao-Doutor-Thomas-sao-preenchidas-em-duas-horas.jpg","width":799,"height":533,"caption":"Pr\u00e9-inscri\u00e7\u00f5es do curso de \u2018Cuidador de Idosos\u2019 da Funda\u00e7\u00e3o Doutor Thomas s\u00e3o preenchidas em duas horas"},{"@type":"BreadcrumbList","@id":"https:\/\/www.manaus.am.gov.br\/fdt\/pre-inscricoes-do-curso-de-cuidador-de-idosos-da-fundacao-doutor-thomas-sao-preenchidas-em-duas-horas\/#breadcrumb","itemListElement":[{"@type":"ListItem","position":1,"name":"Home","item":"https:\/\/www.manaus.am.gov.br\/fdt\/"},{"@type":"ListItem","position":2,"name":"Pr\u00e9-inscri\u00e7\u00f5es do curso de \u2018Cuidador de Idosos\u2019 da Funda\u00e7\u00e3o Doutor Thomas s\u00e3o preenchidas em duas horas"}]},{"@type":"WebSite","@id":"https:\/\/www.manaus.am.gov.br\/fdt\/#website","url":"https:\/\/www.manaus.am.gov.br\/fdt\/","name":"FDT","description":"Funda\u00e7\u00e3o de Apoio ao Idoso Dr. Thomas","potentialAction":[{"@type":"SearchAction","target":{"@type":"EntryPoint","urlTemplate":"https:\/\/www.manaus.am.gov.br\/fdt\/?s={search_term_string}"},"query-input":"required name=search_term_string"}],"inLanguage":"pt-BR"},{"@type":"Person","@id":"https:\/\/www.manaus.am.gov.br\/fdt\/#\/schema\/person\/4eea2a8f78dc853097abb026f728aa06","name":"Renata Felix","image":{"@type":"ImageObject","inLanguage":"pt-BR","@id":"https:\/\/www.manaus.am.gov.br\/fdt\/#\/schema\/person\/image\/","url":"https:\/\/secure.gravatar.com\/avatar\/3c196cf9d3b837b24c8edb2c50fd8f29?s=96&d=mm&r=g","contentUrl":"https:\/\/secure.gravatar.com\/avatar\/3c196cf9d3b837b24c8edb2c50fd8f29?s=96&d=mm&r=g","caption":"Renata Felix"},"url":"https:\/\/www.manaus.am.gov.br\/fdt\/author\/rfelix\/"}]}},"_links":{"self":[{"href":"https:\/\/www.manaus.am.gov.br\/fdt\/wp-json\/wp\/v2\/posts\/174"}],"collection":[{"href":"https:\/\/www.manaus.am.gov.br\/fdt\/wp-json\/wp\/v2\/posts"}],"about":[{"href":"https:\/\/www.manaus.am.gov.br\/fdt\/wp-json\/wp\/v2\/types\/post"}],"author":[{"embeddable":true,"href":"https:\/\/www.manaus.am.gov.br\/fdt\/wp-json\/wp\/v2\/users\/31"}],"replies":[{"embeddable":true,"href":"https:\/\/www.manaus.am.gov.br\/fdt\/wp-json\/wp\/v2\/comments?post=174"}],"version-history":[{"count":2,"href":"https:\/\/www.manaus.am.gov.br\/fdt\/wp-json\/wp\/v2\/posts\/174\/revisions"}],"predecessor-version":[{"id":195,"href":"https:\/\/www.manaus.am.gov.br\/fdt\/wp-json\/wp\/v2\/posts\/174\/revisions\/195"}],"wp:featuredmedia":[{"embeddable":true,"href":"https:\/\/www.manaus.am.gov.br\/fdt\/wp-json\/wp\/v2\/media\/196"}],"wp:attachment":[{"href":"https:\/\/www.manaus.am.gov.br\/fdt\/wp-json\/wp\/v2\/media?parent=174"}],"wp:term":[{"taxonomy":"category","embeddable":true,"href":"https:\/\/www.manaus.am.gov.br\/fdt\/wp-json\/wp\/v2\/categories?post=174"},{"taxonomy":"post_tag","embeddable":true,"href":"https:\/\/www.manaus.am.gov.br\/fdt\/wp-json\/wp\/v2\/tags?post=174"}],"curies":[{"name":"wp","href":"https:\/\/api.w.org\/{rel}","templated":true}]}}