{"id":168,"date":"2022-08-05T15:09:54","date_gmt":"2022-08-05T19:09:54","guid":{"rendered":"https:\/\/www.manaus.am.gov.br\/fdt\/prefeitura-de-manaus-doa-quase-2-mil-fraldas-geriatricas-a-fundacao-doutor-thomas\/"},"modified":"2022-08-05T15:09:54","modified_gmt":"2022-08-05T19:09:54","slug":"prefeitura-de-manaus-doa-quase-2-mil-fraldas-geriatricas-a-fundacao-doutor-thomas","status":"publish","type":"post","link":"https:\/\/www.manaus.am.gov.br\/fdt\/prefeitura-de-manaus-doa-quase-2-mil-fraldas-geriatricas-a-fundacao-doutor-thomas\/","title":{"rendered":"Prefeitura de Manaus doa quase 2 mil fraldas geri\u00e1tricas \u00e0 Funda\u00e7\u00e3o Doutor Thomas"},"content":{"rendered":"<p style=\"text-align: justify;\">A Prefeitura de Manaus, por meio da Secretaria Municipal de Educa\u00e7\u00e3o (Semed), entregou um total de 1.965 unidades de fraldas geri\u00e1tricas, nesta sexta-feira, 5\/8, arrecadadas como um dos itens da disputa de rei e rainha do arraial da secretaria. A doa\u00e7\u00e3o foi feita \u00e0 Funda\u00e7\u00e3o de Apoio ao Idoso Doutor Thomas (FDT), no bairro Nossa Senhora das Gra\u00e7as, zona Centro-Sul.<\/p>\n<p>&nbsp;<\/p>\n<p>&nbsp;<\/p>\n<p><img loading=\"lazy\" decoding=\"async\" class=\"size-full wp-image-169 img-responsive aligncenter\" src=\"https:\/\/www.manaus.am.gov.br\/wp-content\/uploads\/2022\/08\/IMG_0047-scaled.jpg\" alt=\"\" width=\"2560\" height=\"1707\"><\/p>\n<p>&nbsp;<\/p>\n<p>&nbsp;<\/p>\n<p style=\"text-align: justify;\">\n<p style=\"text-align: justify;\">A secret\u00e1ria da Semed, professora Dulce Almeida, participou do evento e falou que a marca da gest\u00e3o do prefeito David Almeida \u00e9 a solidariedade. \u201cEstamos entregando, hoje, quase 2 mil fraldas, arrecadadas na disputa do rei e rainha da Semed. A solidariedade \u00e9 uma marca da gest\u00e3o do prefeito David e da educa\u00e7\u00e3o p\u00fablica de Manaus. Estamos muito felizes em poder confraternizar nesse momento com pessoas que j\u00e1 fizeram tanto por todos n\u00f3s\u201d, declarou a secret\u00e1ria.<\/p>\n<p style=\"text-align: justify;\">\n<p>&nbsp;<\/p>\n<p style=\"text-align: justify;\">A casa de apoio atende 133 idosos que necessitam diariamente de fraldas, assim como outros produtos de higiene. A diretora administrativa da FDT, Gracilene Celestino, agradeceu a a\u00e7\u00e3o da Semed e falou da import\u00e2ncia desses materiais.<\/p>\n<p style=\"text-align: justify;\">\n<p>&nbsp;<\/p>\n<p style=\"text-align: justify;\">\u201c\u00c9 com muito prazer que recebemos esta doa\u00e7\u00e3o da Semed. \u00c9 um gesto muito simb\u00f3lico para todos n\u00f3s. Essas fraldas s\u00e3o extremamente necess\u00e1rias para a nossa institui\u00e7\u00e3o, pois \u00e9 um item que sempre est\u00e1 na nossa lista de prioridades. Todos n\u00f3s agradecemos muito o gesto de amor da Semed e de todos os funcion\u00e1rios\u201d, agradeceu Gracilene.<\/p>\n<p style=\"text-align: justify;\">\n<p>&nbsp;<\/p>\n<p style=\"text-align: justify;\">A moradora da funda\u00e7\u00e3o, Nadir Far\u00e1, em nome dos demais internos da casa de apoio, agradeceu a todos os servidores da Semed. \u201cEstou aqui para representar todos os idosos que moram nesta casa. Muito obrigada, estamos muito felizes\u201d, agradeceu emocionada.<\/p>\n<p style=\"text-align: justify;\">\n<p style=\"text-align: justify;\">\n<p>&nbsp;<\/p>\n<p style=\"text-align: justify;\">&#8212; &#8212; &#8212;<\/p>\n<p><strong>Texto<\/strong>&nbsp;&#8211; \u00c9rica Marinho \/ Semed<\/p>\n<p><strong>Foto<\/strong>&nbsp;&#8211; Tha\u00eds Ara\u00fajo \/ Semed<\/p>\n","protected":false},"excerpt":{"rendered":"","protected":false},"author":31,"featured_media":0,"comment_status":"closed","ping_status":"closed","sticky":false,"template":"","format":"standard","meta":{"footnotes":""},"categories":[17],"tags":[18,19,12],"acf":[],"yoast_head":"<!-- This site is optimized with the Yoast SEO plugin v23.0 - https:\/\/yoast.com\/wordpress\/plugins\/seo\/ -->\n<title>Prefeitura de Manaus doa quase 2 mil fraldas geri\u00e1tricas \u00e0 Funda\u00e7\u00e3o Doutor Thomas - FDT<\/title>\n<meta name=\"robots\" content=\"index, follow, max-snippet:-1, max-image-preview:large, max-video-preview:-1\" \/>\n<link rel=\"canonical\" href=\"https:\/\/www.manaus.am.gov.br\/fdt\/prefeitura-de-manaus-doa-quase-2-mil-fraldas-geriatricas-a-fundacao-doutor-thomas\/\" \/>\n<meta property=\"og:locale\" content=\"pt_BR\" \/>\n<meta property=\"og:type\" content=\"article\" \/>\n<meta property=\"og:title\" content=\"Prefeitura de Manaus doa quase 2 mil fraldas geri\u00e1tricas \u00e0 Funda\u00e7\u00e3o Doutor Thomas - FDT\" \/>\n<meta property=\"og:url\" content=\"https:\/\/www.manaus.am.gov.br\/fdt\/prefeitura-de-manaus-doa-quase-2-mil-fraldas-geriatricas-a-fundacao-doutor-thomas\/\" \/>\n<meta property=\"og:site_name\" content=\"FDT\" \/>\n<meta property=\"article:published_time\" content=\"2022-08-05T19:09:54+00:00\" \/>\n<meta property=\"og:image\" content=\"https:\/\/www.manaus.am.gov.br\/wp-content\/uploads\/2022\/08\/IMG_0047-scaled.jpg\" \/>\n<meta name=\"author\" content=\"Renata Felix\" \/>\n<meta name=\"twitter:card\" content=\"summary_large_image\" \/>\n<meta name=\"twitter:label1\" content=\"Written by\" \/>\n\t<meta name=\"twitter:data1\" content=\"Renata Felix\" \/>\n\t<meta name=\"twitter:label2\" content=\"Est. reading time\" \/>\n\t<meta name=\"twitter:data2\" content=\"2 minutos\" \/>\n<script type=\"application\/ld+json\" class=\"yoast-schema-graph\">{\"@context\":\"https:\/\/schema.org\",\"@graph\":[{\"@type\":\"WebPage\",\"@id\":\"https:\/\/www.manaus.am.gov.br\/fdt\/prefeitura-de-manaus-doa-quase-2-mil-fraldas-geriatricas-a-fundacao-doutor-thomas\/\",\"url\":\"https:\/\/www.manaus.am.gov.br\/fdt\/prefeitura-de-manaus-doa-quase-2-mil-fraldas-geriatricas-a-fundacao-doutor-thomas\/\",\"name\":\"Prefeitura de Manaus doa quase 2 mil fraldas geri\u00e1tricas \u00e0 Funda\u00e7\u00e3o Doutor Thomas - FDT\",\"isPartOf\":{\"@id\":\"https:\/\/www.manaus.am.gov.br\/fdt\/#website\"},\"primaryImageOfPage\":{\"@id\":\"https:\/\/www.manaus.am.gov.br\/fdt\/prefeitura-de-manaus-doa-quase-2-mil-fraldas-geriatricas-a-fundacao-doutor-thomas\/#primaryimage\"},\"image\":{\"@id\":\"https:\/\/www.manaus.am.gov.br\/fdt\/prefeitura-de-manaus-doa-quase-2-mil-fraldas-geriatricas-a-fundacao-doutor-thomas\/#primaryimage\"},\"thumbnailUrl\":\"https:\/\/www.manaus.am.gov.br\/wp-content\/uploads\/2022\/08\/IMG_0047-scaled.jpg\",\"datePublished\":\"2022-08-05T19:09:54+00:00\",\"dateModified\":\"2022-08-05T19:09:54+00:00\",\"author\":{\"@id\":\"https:\/\/www.manaus.am.gov.br\/fdt\/#\/schema\/person\/4eea2a8f78dc853097abb026f728aa06\"},\"breadcrumb\":{\"@id\":\"https:\/\/www.manaus.am.gov.br\/fdt\/prefeitura-de-manaus-doa-quase-2-mil-fraldas-geriatricas-a-fundacao-doutor-thomas\/#breadcrumb\"},\"inLanguage\":\"pt-BR\",\"potentialAction\":[{\"@type\":\"ReadAction\",\"target\":[\"https:\/\/www.manaus.am.gov.br\/fdt\/prefeitura-de-manaus-doa-quase-2-mil-fraldas-geriatricas-a-fundacao-doutor-thomas\/\"]}]},{\"@type\":\"ImageObject\",\"inLanguage\":\"pt-BR\",\"@id\":\"https:\/\/www.manaus.am.gov.br\/fdt\/prefeitura-de-manaus-doa-quase-2-mil-fraldas-geriatricas-a-fundacao-doutor-thomas\/#primaryimage\",\"url\":\"https:\/\/www.manaus.am.gov.br\/wp-content\/uploads\/2022\/08\/IMG_0047-scaled.jpg\",\"contentUrl\":\"https:\/\/www.manaus.am.gov.br\/wp-content\/uploads\/2022\/08\/IMG_0047-scaled.jpg\"},{\"@type\":\"BreadcrumbList\",\"@id\":\"https:\/\/www.manaus.am.gov.br\/fdt\/prefeitura-de-manaus-doa-quase-2-mil-fraldas-geriatricas-a-fundacao-doutor-thomas\/#breadcrumb\",\"itemListElement\":[{\"@type\":\"ListItem\",\"position\":1,\"name\":\"Home\",\"item\":\"https:\/\/www.manaus.am.gov.br\/fdt\/\"},{\"@type\":\"ListItem\",\"position\":2,\"name\":\"Prefeitura de Manaus doa quase 2 mil fraldas geri\u00e1tricas \u00e0 Funda\u00e7\u00e3o Doutor Thomas\"}]},{\"@type\":\"WebSite\",\"@id\":\"https:\/\/www.manaus.am.gov.br\/fdt\/#website\",\"url\":\"https:\/\/www.manaus.am.gov.br\/fdt\/\",\"name\":\"FDT\",\"description\":\"Funda\u00e7\u00e3o de Apoio ao Idoso Dr. Thomas\",\"potentialAction\":[{\"@type\":\"SearchAction\",\"target\":{\"@type\":\"EntryPoint\",\"urlTemplate\":\"https:\/\/www.manaus.am.gov.br\/fdt\/?s={search_term_string}\"},\"query-input\":\"required name=search_term_string\"}],\"inLanguage\":\"pt-BR\"},{\"@type\":\"Person\",\"@id\":\"https:\/\/www.manaus.am.gov.br\/fdt\/#\/schema\/person\/4eea2a8f78dc853097abb026f728aa06\",\"name\":\"Renata Felix\",\"image\":{\"@type\":\"ImageObject\",\"inLanguage\":\"pt-BR\",\"@id\":\"https:\/\/www.manaus.am.gov.br\/fdt\/#\/schema\/person\/image\/\",\"url\":\"https:\/\/secure.gravatar.com\/avatar\/3c196cf9d3b837b24c8edb2c50fd8f29?s=96&d=mm&r=g\",\"contentUrl\":\"https:\/\/secure.gravatar.com\/avatar\/3c196cf9d3b837b24c8edb2c50fd8f29?s=96&d=mm&r=g\",\"caption\":\"Renata Felix\"},\"url\":\"https:\/\/www.manaus.am.gov.br\/fdt\/author\/rfelix\/\"}]}<\/script>\n<!-- \/ Yoast SEO plugin. -->","yoast_head_json":{"title":"Prefeitura de Manaus doa quase 2 mil fraldas geri\u00e1tricas \u00e0 Funda\u00e7\u00e3o Doutor Thomas - FDT","robots":{"index":"index","follow":"follow","max-snippet":"max-snippet:-1","max-image-preview":"max-image-preview:large","max-video-preview":"max-video-preview:-1"},"canonical":"https:\/\/www.manaus.am.gov.br\/fdt\/prefeitura-de-manaus-doa-quase-2-mil-fraldas-geriatricas-a-fundacao-doutor-thomas\/","og_locale":"pt_BR","og_type":"article","og_title":"Prefeitura de Manaus doa quase 2 mil fraldas geri\u00e1tricas \u00e0 Funda\u00e7\u00e3o Doutor Thomas - FDT","og_url":"https:\/\/www.manaus.am.gov.br\/fdt\/prefeitura-de-manaus-doa-quase-2-mil-fraldas-geriatricas-a-fundacao-doutor-thomas\/","og_site_name":"FDT","article_published_time":"2022-08-05T19:09:54+00:00","og_image":[{"url":"https:\/\/www.manaus.am.gov.br\/wp-content\/uploads\/2022\/08\/IMG_0047-scaled.jpg"}],"author":"Renata Felix","twitter_card":"summary_large_image","twitter_misc":{"Written by":"Renata Felix","Est. reading time":"2 minutos"},"schema":{"@context":"https:\/\/schema.org","@graph":[{"@type":"WebPage","@id":"https:\/\/www.manaus.am.gov.br\/fdt\/prefeitura-de-manaus-doa-quase-2-mil-fraldas-geriatricas-a-fundacao-doutor-thomas\/","url":"https:\/\/www.manaus.am.gov.br\/fdt\/prefeitura-de-manaus-doa-quase-2-mil-fraldas-geriatricas-a-fundacao-doutor-thomas\/","name":"Prefeitura de Manaus doa quase 2 mil fraldas geri\u00e1tricas \u00e0 Funda\u00e7\u00e3o Doutor Thomas - FDT","isPartOf":{"@id":"https:\/\/www.manaus.am.gov.br\/fdt\/#website"},"primaryImageOfPage":{"@id":"https:\/\/www.manaus.am.gov.br\/fdt\/prefeitura-de-manaus-doa-quase-2-mil-fraldas-geriatricas-a-fundacao-doutor-thomas\/#primaryimage"},"image":{"@id":"https:\/\/www.manaus.am.gov.br\/fdt\/prefeitura-de-manaus-doa-quase-2-mil-fraldas-geriatricas-a-fundacao-doutor-thomas\/#primaryimage"},"thumbnailUrl":"https:\/\/www.manaus.am.gov.br\/wp-content\/uploads\/2022\/08\/IMG_0047-scaled.jpg","datePublished":"2022-08-05T19:09:54+00:00","dateModified":"2022-08-05T19:09:54+00:00","author":{"@id":"https:\/\/www.manaus.am.gov.br\/fdt\/#\/schema\/person\/4eea2a8f78dc853097abb026f728aa06"},"breadcrumb":{"@id":"https:\/\/www.manaus.am.gov.br\/fdt\/prefeitura-de-manaus-doa-quase-2-mil-fraldas-geriatricas-a-fundacao-doutor-thomas\/#breadcrumb"},"inLanguage":"pt-BR","potentialAction":[{"@type":"ReadAction","target":["https:\/\/www.manaus.am.gov.br\/fdt\/prefeitura-de-manaus-doa-quase-2-mil-fraldas-geriatricas-a-fundacao-doutor-thomas\/"]}]},{"@type":"ImageObject","inLanguage":"pt-BR","@id":"https:\/\/www.manaus.am.gov.br\/fdt\/prefeitura-de-manaus-doa-quase-2-mil-fraldas-geriatricas-a-fundacao-doutor-thomas\/#primaryimage","url":"https:\/\/www.manaus.am.gov.br\/wp-content\/uploads\/2022\/08\/IMG_0047-scaled.jpg","contentUrl":"https:\/\/www.manaus.am.gov.br\/wp-content\/uploads\/2022\/08\/IMG_0047-scaled.jpg"},{"@type":"BreadcrumbList","@id":"https:\/\/www.manaus.am.gov.br\/fdt\/prefeitura-de-manaus-doa-quase-2-mil-fraldas-geriatricas-a-fundacao-doutor-thomas\/#breadcrumb","itemListElement":[{"@type":"ListItem","position":1,"name":"Home","item":"https:\/\/www.manaus.am.gov.br\/fdt\/"},{"@type":"ListItem","position":2,"name":"Prefeitura de Manaus doa quase 2 mil fraldas geri\u00e1tricas \u00e0 Funda\u00e7\u00e3o Doutor Thomas"}]},{"@type":"WebSite","@id":"https:\/\/www.manaus.am.gov.br\/fdt\/#website","url":"https:\/\/www.manaus.am.gov.br\/fdt\/","name":"FDT","description":"Funda\u00e7\u00e3o de Apoio ao Idoso Dr. Thomas","potentialAction":[{"@type":"SearchAction","target":{"@type":"EntryPoint","urlTemplate":"https:\/\/www.manaus.am.gov.br\/fdt\/?s={search_term_string}"},"query-input":"required name=search_term_string"}],"inLanguage":"pt-BR"},{"@type":"Person","@id":"https:\/\/www.manaus.am.gov.br\/fdt\/#\/schema\/person\/4eea2a8f78dc853097abb026f728aa06","name":"Renata Felix","image":{"@type":"ImageObject","inLanguage":"pt-BR","@id":"https:\/\/www.manaus.am.gov.br\/fdt\/#\/schema\/person\/image\/","url":"https:\/\/secure.gravatar.com\/avatar\/3c196cf9d3b837b24c8edb2c50fd8f29?s=96&d=mm&r=g","contentUrl":"https:\/\/secure.gravatar.com\/avatar\/3c196cf9d3b837b24c8edb2c50fd8f29?s=96&d=mm&r=g","caption":"Renata Felix"},"url":"https:\/\/www.manaus.am.gov.br\/fdt\/author\/rfelix\/"}]}},"_links":{"self":[{"href":"https:\/\/www.manaus.am.gov.br\/fdt\/wp-json\/wp\/v2\/posts\/168"}],"collection":[{"href":"https:\/\/www.manaus.am.gov.br\/fdt\/wp-json\/wp\/v2\/posts"}],"about":[{"href":"https:\/\/www.manaus.am.gov.br\/fdt\/wp-json\/wp\/v2\/types\/post"}],"author":[{"embeddable":true,"href":"https:\/\/www.manaus.am.gov.br\/fdt\/wp-json\/wp\/v2\/users\/31"}],"replies":[{"embeddable":true,"href":"https:\/\/www.manaus.am.gov.br\/fdt\/wp-json\/wp\/v2\/comments?post=168"}],"version-history":[{"count":1,"href":"https:\/\/www.manaus.am.gov.br\/fdt\/wp-json\/wp\/v2\/posts\/168\/revisions"}],"predecessor-version":[{"id":170,"href":"https:\/\/www.manaus.am.gov.br\/fdt\/wp-json\/wp\/v2\/posts\/168\/revisions\/170"}],"wp:attachment":[{"href":"https:\/\/www.manaus.am.gov.br\/fdt\/wp-json\/wp\/v2\/media?parent=168"}],"wp:term":[{"taxonomy":"category","embeddable":true,"href":"https:\/\/www.manaus.am.gov.br\/fdt\/wp-json\/wp\/v2\/categories?post=168"},{"taxonomy":"post_tag","embeddable":true,"href":"https:\/\/www.manaus.am.gov.br\/fdt\/wp-json\/wp\/v2\/tags?post=168"}],"curies":[{"name":"wp","href":"https:\/\/api.w.org\/{rel}","templated":true}]}}