{"id":166,"date":"2022-11-24T18:06:00","date_gmt":"2022-11-24T22:06:00","guid":{"rendered":"https:\/\/www.manaus.am.gov.br\/fdt\/prefeitura-de-manaus-leva-emocao-da-copa-do-mundo-aos-idosos-da-fundacao-doutor-thomas\/"},"modified":"2023-02-28T11:20:51","modified_gmt":"2023-02-28T15:20:51","slug":"prefeitura-de-manaus-leva-emocao-da-copa-do-mundo-aos-idosos-da-fundacao-doutor-thomas","status":"publish","type":"post","link":"https:\/\/www.manaus.am.gov.br\/fdt\/prefeitura-de-manaus-leva-emocao-da-copa-do-mundo-aos-idosos-da-fundacao-doutor-thomas\/","title":{"rendered":"Prefeitura de Manaus leva emo\u00e7\u00e3o da Copa do Mundo aos idosos da Funda\u00e7\u00e3o Doutor Thomas"},"content":{"rendered":"\n<p>A Prefeitura Municipal de Manaus, via Funda\u00e7\u00e3o de Apoio ao Idoso Doutor Thomas (FDT), realizou, na&nbsp;tarde desta quinta-feira, 24\/11, a segunda edi\u00e7\u00e3o do \u201cIdosos na Copa\u201d.&nbsp;&nbsp;Uma tarde alegre para os 30 internos e tamb\u00e9m aos servidores do \u00f3rg\u00e3o, que assistiram ao primeiro jogo da sele\u00e7\u00e3o brasileira na Copa do Mundo 2022.<\/p>\n\n\n\n<p>Organizada pela equipe multidisciplinar, as pessoas idosas da funda\u00e7\u00e3o puderam assistir a vit\u00f3ria do Brasil, por meio de um tel\u00e3o, em uma \u00e1rea tem\u00e1tica em verde e amarelo, um lanche especial, instrumentos de torcida, camisas personalizadas e muita emo\u00e7\u00e3o.<\/p>\n\n\n\n<p>Segundo o psic\u00f3logo da ILPI Adriano Lago, os idosos se beneficiam de acompanhar as partidas, podendo gerar intera\u00e7\u00e3o, integra\u00e7\u00e3o e o est\u00edmulo da autonomia.<\/p>\n\n\n\n<p>\u201cOrganizamos esse evento para que os idosos possam acompanhar os jogos do Brasil, tornando esse momento especial, motivando a continuarem independentes, trabalhando a quest\u00e3o da socializa\u00e7\u00e3o, mem\u00f3ria, aten\u00e7\u00e3o e principalmente gerando contato com os servidores\u201d, explica Adriano.<\/p>\n\n\n\n<p>Com todo o suporte que a FDT est\u00e1 oferecendo, idosos como o seu Francisco Alencar, de 67 anos, torceram muito nesse primeiro jogo do Brasil e sonham com o t\u00e3o desejado Hexa.<\/p>\n\n\n\n<p>\u201cDesde 1970 que eu acompanho as copas. Fiquei feliz com essa \u00e1rea tem\u00e1tica que estamos tendo aqui. A expectativa \u00e9 que o Brasil ganhe, seja campe\u00e3o e nos traga esse hexa. Estou com esperan\u00e7a e alegria do&nbsp;&nbsp;nosso pa\u00eds. Agora \u00e9 torcer e vibrar muito para a nossa sele\u00e7\u00e3o brasileira\u201d, afirmou Alencar.<\/p>\n\n\n\n<p>Para a diretora-presidente da Funda\u00e7\u00e3o Doutor Thomas, Martha Moutinho, os idosos precisam estar sempre integrados \u00e0 sociedade, em todos os grandes eventos.<\/p>\n\n\n\n<p>\u201cNossa institui\u00e7\u00e3o entrou no clima da Copa do Mundo. A estrutura foi preparada com muito carinho para oferecer aos idosos da ILPI um momento de divers\u00e3o na maior e mais importante competi\u00e7\u00e3o de futebol do mundo, mas sem abrir m\u00e3o de cumprir de forma rigorosa todos os protocolos de seguran\u00e7a contra a Covid-19 e s\u00edndromes gripais\u201d, diz Martha.<\/p>\n\n\n\n<p>O evento \u201cIdosos na Copa\u201d acontecer\u00e1 &nbsp;nos pr\u00f3ximos jogos do Brasil, restrito ao p\u00fablico interno da institui\u00e7\u00e3o.<\/p>\n\n\n\n<hr class=\"wp-block-separator has-alpha-channel-opacity\"\/>\n\n\n\n<p><strong>Texto<\/strong>&nbsp;\u2013 Thyrso Matos&nbsp; \/ FDT<br><strong>Foto<\/strong>&nbsp;\u2013 Priscielly Moraes e Thyrso Matos&nbsp;\/ FDT<\/p>\n","protected":false},"excerpt":{"rendered":"","protected":false},"author":27,"featured_media":167,"comment_status":"closed","ping_status":"closed","sticky":false,"template":"","format":"standard","meta":{"footnotes":""},"categories":[16],"tags":[],"acf":[],"yoast_head":"<!-- This site is optimized with the Yoast SEO plugin v23.0 - https:\/\/yoast.com\/wordpress\/plugins\/seo\/ -->\n<title>Prefeitura de Manaus leva emo\u00e7\u00e3o da Copa do Mundo aos idosos da Funda\u00e7\u00e3o Doutor Thomas - FDT<\/title>\n<meta name=\"robots\" content=\"index, follow, max-snippet:-1, max-image-preview:large, max-video-preview:-1\" \/>\n<link rel=\"canonical\" href=\"https:\/\/www.manaus.am.gov.br\/fdt\/prefeitura-de-manaus-leva-emocao-da-copa-do-mundo-aos-idosos-da-fundacao-doutor-thomas\/\" \/>\n<meta property=\"og:locale\" content=\"pt_BR\" \/>\n<meta property=\"og:type\" content=\"article\" \/>\n<meta property=\"og:title\" content=\"Prefeitura de Manaus leva emo\u00e7\u00e3o da Copa do Mundo aos idosos da Funda\u00e7\u00e3o Doutor Thomas - FDT\" \/>\n<meta property=\"og:url\" content=\"https:\/\/www.manaus.am.gov.br\/fdt\/prefeitura-de-manaus-leva-emocao-da-copa-do-mundo-aos-idosos-da-fundacao-doutor-thomas\/\" \/>\n<meta property=\"og:site_name\" content=\"FDT\" \/>\n<meta property=\"article:published_time\" content=\"2022-11-24T22:06:00+00:00\" \/>\n<meta property=\"article:modified_time\" content=\"2023-02-28T15:20:51+00:00\" \/>\n<meta property=\"og:image\" content=\"https:\/\/www.manaus.am.gov.br\/fdt\/wp-content\/uploads\/sites\/18\/2023\/02\/Prefeitura-de-Manaus-leva-emocao-da-Copa-do-Mundo-aos-idosos-da-Fundacao-Doutor-Thomas.jpg\" \/>\n\t<meta property=\"og:image:width\" content=\"1080\" \/>\n\t<meta property=\"og:image:height\" content=\"720\" \/>\n\t<meta property=\"og:image:type\" content=\"image\/jpeg\" \/>\n<meta name=\"author\" content=\"Imarketing Digital\" \/>\n<meta name=\"twitter:card\" content=\"summary_large_image\" \/>\n<meta name=\"twitter:label1\" content=\"Written by\" \/>\n\t<meta name=\"twitter:data1\" content=\"Imarketing Digital\" \/>\n\t<meta name=\"twitter:label2\" content=\"Est. reading time\" \/>\n\t<meta name=\"twitter:data2\" content=\"2 minutos\" \/>\n<script type=\"application\/ld+json\" class=\"yoast-schema-graph\">{\"@context\":\"https:\/\/schema.org\",\"@graph\":[{\"@type\":\"WebPage\",\"@id\":\"https:\/\/www.manaus.am.gov.br\/fdt\/prefeitura-de-manaus-leva-emocao-da-copa-do-mundo-aos-idosos-da-fundacao-doutor-thomas\/\",\"url\":\"https:\/\/www.manaus.am.gov.br\/fdt\/prefeitura-de-manaus-leva-emocao-da-copa-do-mundo-aos-idosos-da-fundacao-doutor-thomas\/\",\"name\":\"Prefeitura de Manaus leva emo\u00e7\u00e3o da Copa do Mundo aos idosos da Funda\u00e7\u00e3o Doutor Thomas - FDT\",\"isPartOf\":{\"@id\":\"https:\/\/www.manaus.am.gov.br\/fdt\/#website\"},\"primaryImageOfPage\":{\"@id\":\"https:\/\/www.manaus.am.gov.br\/fdt\/prefeitura-de-manaus-leva-emocao-da-copa-do-mundo-aos-idosos-da-fundacao-doutor-thomas\/#primaryimage\"},\"image\":{\"@id\":\"https:\/\/www.manaus.am.gov.br\/fdt\/prefeitura-de-manaus-leva-emocao-da-copa-do-mundo-aos-idosos-da-fundacao-doutor-thomas\/#primaryimage\"},\"thumbnailUrl\":\"https:\/\/www.manaus.am.gov.br\/fdt\/wp-content\/uploads\/sites\/18\/2023\/02\/Prefeitura-de-Manaus-leva-emocao-da-Copa-do-Mundo-aos-idosos-da-Fundacao-Doutor-Thomas.jpg\",\"datePublished\":\"2022-11-24T22:06:00+00:00\",\"dateModified\":\"2023-02-28T15:20:51+00:00\",\"author\":{\"@id\":\"https:\/\/www.manaus.am.gov.br\/fdt\/#\/schema\/person\/79525a47ac5902f50493820d995728ee\"},\"breadcrumb\":{\"@id\":\"https:\/\/www.manaus.am.gov.br\/fdt\/prefeitura-de-manaus-leva-emocao-da-copa-do-mundo-aos-idosos-da-fundacao-doutor-thomas\/#breadcrumb\"},\"inLanguage\":\"pt-BR\",\"potentialAction\":[{\"@type\":\"ReadAction\",\"target\":[\"https:\/\/www.manaus.am.gov.br\/fdt\/prefeitura-de-manaus-leva-emocao-da-copa-do-mundo-aos-idosos-da-fundacao-doutor-thomas\/\"]}]},{\"@type\":\"ImageObject\",\"inLanguage\":\"pt-BR\",\"@id\":\"https:\/\/www.manaus.am.gov.br\/fdt\/prefeitura-de-manaus-leva-emocao-da-copa-do-mundo-aos-idosos-da-fundacao-doutor-thomas\/#primaryimage\",\"url\":\"https:\/\/www.manaus.am.gov.br\/fdt\/wp-content\/uploads\/sites\/18\/2023\/02\/Prefeitura-de-Manaus-leva-emocao-da-Copa-do-Mundo-aos-idosos-da-Fundacao-Doutor-Thomas.jpg\",\"contentUrl\":\"https:\/\/www.manaus.am.gov.br\/fdt\/wp-content\/uploads\/sites\/18\/2023\/02\/Prefeitura-de-Manaus-leva-emocao-da-Copa-do-Mundo-aos-idosos-da-Fundacao-Doutor-Thomas.jpg\",\"width\":1080,\"height\":720,\"caption\":\"Prefeitura de Manaus leva emo\u00e7\u00e3o da Copa do Mundo aos idosos da Funda\u00e7\u00e3o Doutor Thomas\"},{\"@type\":\"BreadcrumbList\",\"@id\":\"https:\/\/www.manaus.am.gov.br\/fdt\/prefeitura-de-manaus-leva-emocao-da-copa-do-mundo-aos-idosos-da-fundacao-doutor-thomas\/#breadcrumb\",\"itemListElement\":[{\"@type\":\"ListItem\",\"position\":1,\"name\":\"Home\",\"item\":\"https:\/\/www.manaus.am.gov.br\/fdt\/\"},{\"@type\":\"ListItem\",\"position\":2,\"name\":\"Prefeitura de Manaus leva emo\u00e7\u00e3o da Copa do Mundo aos idosos da Funda\u00e7\u00e3o Doutor Thomas\"}]},{\"@type\":\"WebSite\",\"@id\":\"https:\/\/www.manaus.am.gov.br\/fdt\/#website\",\"url\":\"https:\/\/www.manaus.am.gov.br\/fdt\/\",\"name\":\"FDT\",\"description\":\"Funda\u00e7\u00e3o de Apoio ao Idoso Dr. Thomas\",\"potentialAction\":[{\"@type\":\"SearchAction\",\"target\":{\"@type\":\"EntryPoint\",\"urlTemplate\":\"https:\/\/www.manaus.am.gov.br\/fdt\/?s={search_term_string}\"},\"query-input\":\"required name=search_term_string\"}],\"inLanguage\":\"pt-BR\"},{\"@type\":\"Person\",\"@id\":\"https:\/\/www.manaus.am.gov.br\/fdt\/#\/schema\/person\/79525a47ac5902f50493820d995728ee\",\"name\":\"Imarketing Digital\",\"image\":{\"@type\":\"ImageObject\",\"inLanguage\":\"pt-BR\",\"@id\":\"https:\/\/www.manaus.am.gov.br\/fdt\/#\/schema\/person\/image\/\",\"url\":\"https:\/\/secure.gravatar.com\/avatar\/03432d3c57b756ed9760f7019c815a3a?s=96&d=mm&r=g\",\"contentUrl\":\"https:\/\/secure.gravatar.com\/avatar\/03432d3c57b756ed9760f7019c815a3a?s=96&d=mm&r=g\",\"caption\":\"Imarketing Digital\"},\"url\":\"https:\/\/www.manaus.am.gov.br\/fdt\/author\/imarketing\/\"}]}<\/script>\n<!-- \/ Yoast SEO plugin. -->","yoast_head_json":{"title":"Prefeitura de Manaus leva emo\u00e7\u00e3o da Copa do Mundo aos idosos da Funda\u00e7\u00e3o Doutor Thomas - FDT","robots":{"index":"index","follow":"follow","max-snippet":"max-snippet:-1","max-image-preview":"max-image-preview:large","max-video-preview":"max-video-preview:-1"},"canonical":"https:\/\/www.manaus.am.gov.br\/fdt\/prefeitura-de-manaus-leva-emocao-da-copa-do-mundo-aos-idosos-da-fundacao-doutor-thomas\/","og_locale":"pt_BR","og_type":"article","og_title":"Prefeitura de Manaus leva emo\u00e7\u00e3o da Copa do Mundo aos idosos da Funda\u00e7\u00e3o Doutor Thomas - FDT","og_url":"https:\/\/www.manaus.am.gov.br\/fdt\/prefeitura-de-manaus-leva-emocao-da-copa-do-mundo-aos-idosos-da-fundacao-doutor-thomas\/","og_site_name":"FDT","article_published_time":"2022-11-24T22:06:00+00:00","article_modified_time":"2023-02-28T15:20:51+00:00","og_image":[{"width":1080,"height":720,"url":"https:\/\/www.manaus.am.gov.br\/fdt\/wp-content\/uploads\/sites\/18\/2023\/02\/Prefeitura-de-Manaus-leva-emocao-da-Copa-do-Mundo-aos-idosos-da-Fundacao-Doutor-Thomas.jpg","type":"image\/jpeg"}],"author":"Imarketing Digital","twitter_card":"summary_large_image","twitter_misc":{"Written by":"Imarketing Digital","Est. reading time":"2 minutos"},"schema":{"@context":"https:\/\/schema.org","@graph":[{"@type":"WebPage","@id":"https:\/\/www.manaus.am.gov.br\/fdt\/prefeitura-de-manaus-leva-emocao-da-copa-do-mundo-aos-idosos-da-fundacao-doutor-thomas\/","url":"https:\/\/www.manaus.am.gov.br\/fdt\/prefeitura-de-manaus-leva-emocao-da-copa-do-mundo-aos-idosos-da-fundacao-doutor-thomas\/","name":"Prefeitura de Manaus leva emo\u00e7\u00e3o da Copa do Mundo aos idosos da Funda\u00e7\u00e3o Doutor Thomas - FDT","isPartOf":{"@id":"https:\/\/www.manaus.am.gov.br\/fdt\/#website"},"primaryImageOfPage":{"@id":"https:\/\/www.manaus.am.gov.br\/fdt\/prefeitura-de-manaus-leva-emocao-da-copa-do-mundo-aos-idosos-da-fundacao-doutor-thomas\/#primaryimage"},"image":{"@id":"https:\/\/www.manaus.am.gov.br\/fdt\/prefeitura-de-manaus-leva-emocao-da-copa-do-mundo-aos-idosos-da-fundacao-doutor-thomas\/#primaryimage"},"thumbnailUrl":"https:\/\/www.manaus.am.gov.br\/fdt\/wp-content\/uploads\/sites\/18\/2023\/02\/Prefeitura-de-Manaus-leva-emocao-da-Copa-do-Mundo-aos-idosos-da-Fundacao-Doutor-Thomas.jpg","datePublished":"2022-11-24T22:06:00+00:00","dateModified":"2023-02-28T15:20:51+00:00","author":{"@id":"https:\/\/www.manaus.am.gov.br\/fdt\/#\/schema\/person\/79525a47ac5902f50493820d995728ee"},"breadcrumb":{"@id":"https:\/\/www.manaus.am.gov.br\/fdt\/prefeitura-de-manaus-leva-emocao-da-copa-do-mundo-aos-idosos-da-fundacao-doutor-thomas\/#breadcrumb"},"inLanguage":"pt-BR","potentialAction":[{"@type":"ReadAction","target":["https:\/\/www.manaus.am.gov.br\/fdt\/prefeitura-de-manaus-leva-emocao-da-copa-do-mundo-aos-idosos-da-fundacao-doutor-thomas\/"]}]},{"@type":"ImageObject","inLanguage":"pt-BR","@id":"https:\/\/www.manaus.am.gov.br\/fdt\/prefeitura-de-manaus-leva-emocao-da-copa-do-mundo-aos-idosos-da-fundacao-doutor-thomas\/#primaryimage","url":"https:\/\/www.manaus.am.gov.br\/fdt\/wp-content\/uploads\/sites\/18\/2023\/02\/Prefeitura-de-Manaus-leva-emocao-da-Copa-do-Mundo-aos-idosos-da-Fundacao-Doutor-Thomas.jpg","contentUrl":"https:\/\/www.manaus.am.gov.br\/fdt\/wp-content\/uploads\/sites\/18\/2023\/02\/Prefeitura-de-Manaus-leva-emocao-da-Copa-do-Mundo-aos-idosos-da-Fundacao-Doutor-Thomas.jpg","width":1080,"height":720,"caption":"Prefeitura de Manaus leva emo\u00e7\u00e3o da Copa do Mundo aos idosos da Funda\u00e7\u00e3o Doutor Thomas"},{"@type":"BreadcrumbList","@id":"https:\/\/www.manaus.am.gov.br\/fdt\/prefeitura-de-manaus-leva-emocao-da-copa-do-mundo-aos-idosos-da-fundacao-doutor-thomas\/#breadcrumb","itemListElement":[{"@type":"ListItem","position":1,"name":"Home","item":"https:\/\/www.manaus.am.gov.br\/fdt\/"},{"@type":"ListItem","position":2,"name":"Prefeitura de Manaus leva emo\u00e7\u00e3o da Copa do Mundo aos idosos da Funda\u00e7\u00e3o Doutor Thomas"}]},{"@type":"WebSite","@id":"https:\/\/www.manaus.am.gov.br\/fdt\/#website","url":"https:\/\/www.manaus.am.gov.br\/fdt\/","name":"FDT","description":"Funda\u00e7\u00e3o de Apoio ao Idoso Dr. Thomas","potentialAction":[{"@type":"SearchAction","target":{"@type":"EntryPoint","urlTemplate":"https:\/\/www.manaus.am.gov.br\/fdt\/?s={search_term_string}"},"query-input":"required name=search_term_string"}],"inLanguage":"pt-BR"},{"@type":"Person","@id":"https:\/\/www.manaus.am.gov.br\/fdt\/#\/schema\/person\/79525a47ac5902f50493820d995728ee","name":"Imarketing Digital","image":{"@type":"ImageObject","inLanguage":"pt-BR","@id":"https:\/\/www.manaus.am.gov.br\/fdt\/#\/schema\/person\/image\/","url":"https:\/\/secure.gravatar.com\/avatar\/03432d3c57b756ed9760f7019c815a3a?s=96&d=mm&r=g","contentUrl":"https:\/\/secure.gravatar.com\/avatar\/03432d3c57b756ed9760f7019c815a3a?s=96&d=mm&r=g","caption":"Imarketing Digital"},"url":"https:\/\/www.manaus.am.gov.br\/fdt\/author\/imarketing\/"}]}},"_links":{"self":[{"href":"https:\/\/www.manaus.am.gov.br\/fdt\/wp-json\/wp\/v2\/posts\/166"}],"collection":[{"href":"https:\/\/www.manaus.am.gov.br\/fdt\/wp-json\/wp\/v2\/posts"}],"about":[{"href":"https:\/\/www.manaus.am.gov.br\/fdt\/wp-json\/wp\/v2\/types\/post"}],"author":[{"embeddable":true,"href":"https:\/\/www.manaus.am.gov.br\/fdt\/wp-json\/wp\/v2\/users\/27"}],"replies":[{"embeddable":true,"href":"https:\/\/www.manaus.am.gov.br\/fdt\/wp-json\/wp\/v2\/comments?post=166"}],"version-history":[{"count":0,"href":"https:\/\/www.manaus.am.gov.br\/fdt\/wp-json\/wp\/v2\/posts\/166\/revisions"}],"wp:featuredmedia":[{"embeddable":true,"href":"https:\/\/www.manaus.am.gov.br\/fdt\/wp-json\/wp\/v2\/media\/167"}],"wp:attachment":[{"href":"https:\/\/www.manaus.am.gov.br\/fdt\/wp-json\/wp\/v2\/media?parent=166"}],"wp:term":[{"taxonomy":"category","embeddable":true,"href":"https:\/\/www.manaus.am.gov.br\/fdt\/wp-json\/wp\/v2\/categories?post=166"},{"taxonomy":"post_tag","embeddable":true,"href":"https:\/\/www.manaus.am.gov.br\/fdt\/wp-json\/wp\/v2\/tags?post=166"}],"curies":[{"name":"wp","href":"https:\/\/api.w.org\/{rel}","templated":true}]}}