{"id":1175,"date":"2023-09-20T16:04:26","date_gmt":"2023-09-20T20:04:26","guid":{"rendered":"https:\/\/www.manaus.am.gov.br\/fdt\/prefeitura-de-manaus-prioriza-qualidade-de-vida-para-idosos-de-toda-a-cidade\/"},"modified":"2023-09-20T16:04:26","modified_gmt":"2023-09-20T20:04:26","slug":"prefeitura-de-manaus-prioriza-qualidade-de-vida-para-idosos-de-toda-a-cidade","status":"publish","type":"post","link":"https:\/\/www.manaus.am.gov.br\/fdt\/prefeitura-de-manaus-prioriza-qualidade-de-vida-para-idosos-de-toda-a-cidade\/","title":{"rendered":"<strong>Prefeitura de Manaus prioriza qualidade de vida para idosos de toda a cidade<\/strong>"},"content":{"rendered":"\n<figure class=\"wp-block-image size-full\"><img decoding=\"async\" src=\"https:\/\/www.manaus.am.gov.br\/wp-content\/uploads\/2023\/09\/selo1000dias.png\" alt=\"\" class=\"wp-image-227963\" \/><\/figure>\n\n\n\n<p>Ao longo dos 1.000 dias da gest\u00e3o do prefeito David Almeida, a Pol\u00edtica Municipal do Idoso alcan\u00e7ou grandes investimentos na qualidade de vida da pessoa idosa, com a implanta\u00e7\u00e3o do projeto \u201cViver na Terceira Idade\u201d. Ao todo, mais de 2,6 mil idosos j\u00e1 s\u00e3o atendidos pelas a\u00e7\u00f5es da Prefeitura de Manaus em toda a cidade.<\/p>\n\n\n\n<p>A t\u00e3o buscada expans\u00e3o dos projetos e atividades que visam a qualidade de vida dos idosos na capital foi concretizada em 2022. Desde o ano passado, a Funda\u00e7\u00e3o Doutor Thomas (FDT) descentralizou as atividades oferecidas dentro do Parque Municipal do Idoso (PMI), levando-as para nove associa\u00e7\u00f5es e grupos de idosos de diferentes zonas geogr\u00e1ficas da cidade.<\/p>\n\n\n\n<p>A aten\u00e7\u00e3o \u00e0 Pol\u00edtica Municipal do Idoso, executada pelo \u00f3rg\u00e3o, tamb\u00e9m levou a Prefeitura de Manaus a criar e reformular projetos que auxiliam na qualidade de vida desse p\u00fablico. Entre eles, o projeto \u201cViver Bem na Terceira Idade\u201d, que oferece lazer, conv\u00edvio social, ocupa\u00e7\u00e3o e recrea\u00e7\u00e3o, fomentando iniciativas para a inclus\u00e3o social do idoso, al\u00e9m de qualificar o padr\u00e3o de envelhecimento por meio do esporte.<\/p>\n\n\n\n<p>O idoso Itamar Pereira, 74 anos, frequentador do n\u00facleo \u201cViva Mais\u201d, sediado no bairro Japiim, zona Sul, conta que, a partir do projeto, teve a chance de fazer atividades pela primeira vez. \u201cEu nunca tive a chance de me exercitar. Aqui onde eu moro sempre \u00e9 muito dif\u00edcil ter. Fiquei t\u00e3o feliz quando soube dessa possibilidade, fiz a inscri\u00e7\u00e3o e, hoje, fa\u00e7o parte do grupo. Aqui tem at\u00e9 passeio, j\u00e1 conheci o Teatro Amazonas, fiz novas amizades e at\u00e9 meu sono melhorou. Esse grupo mudou minha vida\u201d.\u00a0<\/p>\n\n\n\n<figure class=\"wp-block-image size-large\"><img loading=\"lazy\" decoding=\"async\" width=\"1024\" height=\"683\" src=\"https:\/\/www.manaus.am.gov.br\/fdt\/wp-content\/uploads\/sites\/18\/2023\/09\/IMG_2555-1-1-1024x683.jpg\" alt=\"\" class=\"wp-image-1177\" srcset=\"https:\/\/www.manaus.am.gov.br\/fdt\/wp-content\/uploads\/sites\/18\/2023\/09\/IMG_2555-1-1-1024x683.jpg 1024w, https:\/\/www.manaus.am.gov.br\/fdt\/wp-content\/uploads\/sites\/18\/2023\/09\/IMG_2555-1-1-300x200.jpg 300w, https:\/\/www.manaus.am.gov.br\/fdt\/wp-content\/uploads\/sites\/18\/2023\/09\/IMG_2555-1-1-768x512.jpg 768w, https:\/\/www.manaus.am.gov.br\/fdt\/wp-content\/uploads\/sites\/18\/2023\/09\/IMG_2555-1-1-1536x1024.jpg 1536w, https:\/\/www.manaus.am.gov.br\/fdt\/wp-content\/uploads\/sites\/18\/2023\/09\/IMG_2555-1-1-2048x1365.jpg 2048w\" sizes=\"(max-width: 1024px) 100vw, 1024px\" \/><\/figure>\n\n\n\n<p><strong>Promover o bem-estar&nbsp;<\/strong><\/p>\n\n\n\n<p>Pensando em chegar ao p\u00fablico que n\u00e3o consegue participar das atividades do Parque Municipal do Idoso, o projeto Viver Bem foi criado em 2022, promovendo lazer, conv\u00edvio social, ocupa\u00e7\u00e3o e recrea\u00e7\u00e3o para nove associa\u00e7\u00f5es e grupos de idosos de Manaus. J\u00e1 atendeu as zonas Sul, Norte, Leste, Oeste e Centro-Oeste, totalizando mais de 600 idosos atendidos em nove n\u00facleos.<\/p>\n\n\n\n<p>\u201cBuscar qualidade de vida dos idosos nos bairros \u00e9 a meta da gest\u00e3o. Queremos atender o maior n\u00famero de idosos, para que todos tenham acesso \u00e0s atividades. \u00c9 meu compromisso promover o bem-estar da terceira idade, para que eles tenham um envelhecimento saud\u00e1vel\u201d, salientou o prefeito de Manaus, David Almeida.<\/p>\n\n\n\n<figure class=\"wp-block-image size-large\"><img loading=\"lazy\" decoding=\"async\" width=\"1024\" height=\"682\" src=\"https:\/\/www.manaus.am.gov.br\/fdt\/wp-content\/uploads\/sites\/18\/2023\/09\/94596c37-d734-4671-a1cf-a49d6a3a1c2d-1024x682.jpg\" alt=\"\" class=\"wp-image-1176\" srcset=\"https:\/\/www.manaus.am.gov.br\/fdt\/wp-content\/uploads\/sites\/18\/2023\/09\/94596c37-d734-4671-a1cf-a49d6a3a1c2d-1024x682.jpg 1024w, https:\/\/www.manaus.am.gov.br\/fdt\/wp-content\/uploads\/sites\/18\/2023\/09\/94596c37-d734-4671-a1cf-a49d6a3a1c2d-300x200.jpg 300w, https:\/\/www.manaus.am.gov.br\/fdt\/wp-content\/uploads\/sites\/18\/2023\/09\/94596c37-d734-4671-a1cf-a49d6a3a1c2d-768x512.jpg 768w, https:\/\/www.manaus.am.gov.br\/fdt\/wp-content\/uploads\/sites\/18\/2023\/09\/94596c37-d734-4671-a1cf-a49d6a3a1c2d-1536x1023.jpg 1536w, https:\/\/www.manaus.am.gov.br\/fdt\/wp-content\/uploads\/sites\/18\/2023\/09\/94596c37-d734-4671-a1cf-a49d6a3a1c2d.jpg 1600w\" sizes=\"(max-width: 1024px) 100vw, 1024px\" \/><\/figure>\n\n\n\n<p>A diretora-presidente da FDT, Martha Moutinho, destacou a import\u00e2ncia das a\u00e7\u00f5es da Pol\u00edtica Municipal do Idoso, de disponibilizar esse projeto diretamente em n\u00facleos.<\/p>\n\n\n\n<p>\u201cA descentraliza\u00e7\u00e3o dessas atividades, normalmente oferecidas pelo PMI, e que agora chegam at\u00e9 idosos de v\u00e1rios pontos da capital, \u00e9 de extrema necessidade no momento em que vivemos. O Parque do Idoso atende aos idosos da zona Centro-Sul. Mas o idoso que mora em outro ponto da cidade tamb\u00e9m quer ter um espa\u00e7o para suas atividades, quer cuidar da sa\u00fade. Por isso, damos tanta import\u00e2ncia e aten\u00e7\u00e3o a esse projeto, de levar qualidade de vida a todos os idosos da capital, sem medir esfor\u00e7os. \u00c9 a miss\u00e3o do prefeito David Almeida\u201d, ressaltou.<\/p>\n\n\n\n<p>Com previs\u00e3o para outubro de 2023, a partir de uma emenda parlamentar do senador Omar Aziz, o projeto Viver Bem vai dobrar a quantidade de n\u00facleos atendidos, de nove para 16 n\u00facleos, levando qualidade de vida para mais de mil idosos em todas as zonas da cidade.<\/p>\n\n\n\n<p>\u2013 \u2013 \u2013<\/p>\n\n\n\n<p><strong>Texto &#8211; <\/strong>F\u00e1bia Lima \/ FDT<\/p>\n\n\n\n<p><strong>Fotos<\/strong>&nbsp;&#8211; Cl\u00f3vis Miranda \/ Semcom e Divulga\u00e7\u00e3o \/ FDT<\/p>\n","protected":false},"excerpt":{"rendered":"","protected":false},"author":52,"featured_media":1178,"comment_status":"closed","ping_status":"closed","sticky":false,"template":"","format":"standard","meta":{"footnotes":""},"categories":[100],"tags":[101,40,8,102,71],"acf":[],"yoast_head":"<!-- This site is optimized with the Yoast SEO plugin v23.0 - https:\/\/yoast.com\/wordpress\/plugins\/seo\/ -->\n<title>Prefeitura de Manaus prioriza qualidade de vida para idosos de toda a cidade<\/title>\n<meta name=\"description\" content=\"Ao longo dos 1.000 dias da gest\u00e3o do prefeito David Almeida, a Pol\u00edtica Municipal do Idoso alcan\u00e7ou grandes investimentos.\" \/>\n<meta name=\"robots\" content=\"index, follow, max-snippet:-1, max-image-preview:large, max-video-preview:-1\" \/>\n<link rel=\"canonical\" href=\"https:\/\/www.manaus.am.gov.br\/fdt\/prefeitura-de-manaus-prioriza-qualidade-de-vida-para-idosos-de-toda-a-cidade\/\" \/>\n<meta property=\"og:locale\" content=\"pt_BR\" \/>\n<meta property=\"og:type\" content=\"article\" \/>\n<meta property=\"og:title\" content=\"Prefeitura de Manaus prioriza qualidade de vida para idosos de toda a cidade\" \/>\n<meta property=\"og:description\" content=\"Ao longo dos 1.000 dias da gest\u00e3o do prefeito David Almeida, a Pol\u00edtica Municipal do Idoso alcan\u00e7ou grandes investimentos.\" \/>\n<meta property=\"og:url\" content=\"https:\/\/www.manaus.am.gov.br\/fdt\/prefeitura-de-manaus-prioriza-qualidade-de-vida-para-idosos-de-toda-a-cidade\/\" \/>\n<meta property=\"og:site_name\" content=\"FDT\" \/>\n<meta property=\"article:published_time\" content=\"2023-09-20T20:04:26+00:00\" \/>\n<meta property=\"og:image\" content=\"https:\/\/www.manaus.am.gov.br\/fdt\/wp-content\/uploads\/sites\/18\/2023\/09\/8d0cfdf4-57da-4a31-8845-8aba6d25f727.jpg\" \/>\n\t<meta property=\"og:image:width\" content=\"823\" \/>\n\t<meta property=\"og:image:height\" content=\"592\" \/>\n\t<meta property=\"og:image:type\" content=\"image\/jpeg\" \/>\n<meta name=\"author\" content=\"csilveira\" \/>\n<meta name=\"twitter:card\" content=\"summary_large_image\" \/>\n<meta name=\"twitter:label1\" content=\"Written by\" \/>\n\t<meta name=\"twitter:data1\" content=\"csilveira\" \/>\n\t<meta name=\"twitter:label2\" content=\"Est. reading time\" \/>\n\t<meta name=\"twitter:data2\" content=\"4 minutos\" \/>\n<script type=\"application\/ld+json\" class=\"yoast-schema-graph\">{\"@context\":\"https:\/\/schema.org\",\"@graph\":[{\"@type\":\"WebPage\",\"@id\":\"https:\/\/www.manaus.am.gov.br\/fdt\/prefeitura-de-manaus-prioriza-qualidade-de-vida-para-idosos-de-toda-a-cidade\/\",\"url\":\"https:\/\/www.manaus.am.gov.br\/fdt\/prefeitura-de-manaus-prioriza-qualidade-de-vida-para-idosos-de-toda-a-cidade\/\",\"name\":\"Prefeitura de Manaus prioriza qualidade de vida para idosos de toda a cidade\",\"isPartOf\":{\"@id\":\"https:\/\/www.manaus.am.gov.br\/fdt\/#website\"},\"primaryImageOfPage\":{\"@id\":\"https:\/\/www.manaus.am.gov.br\/fdt\/prefeitura-de-manaus-prioriza-qualidade-de-vida-para-idosos-de-toda-a-cidade\/#primaryimage\"},\"image\":{\"@id\":\"https:\/\/www.manaus.am.gov.br\/fdt\/prefeitura-de-manaus-prioriza-qualidade-de-vida-para-idosos-de-toda-a-cidade\/#primaryimage\"},\"thumbnailUrl\":\"https:\/\/www.manaus.am.gov.br\/fdt\/wp-content\/uploads\/sites\/18\/2023\/09\/8d0cfdf4-57da-4a31-8845-8aba6d25f727.jpg\",\"datePublished\":\"2023-09-20T20:04:26+00:00\",\"dateModified\":\"2023-09-20T20:04:26+00:00\",\"author\":{\"@id\":\"https:\/\/www.manaus.am.gov.br\/fdt\/#\/schema\/person\/bfafc779be2e19b3d3ef4a59d418b606\"},\"description\":\"Ao longo dos 1.000 dias da gest\u00e3o do prefeito David Almeida, a Pol\u00edtica Municipal do Idoso alcan\u00e7ou grandes investimentos.\",\"breadcrumb\":{\"@id\":\"https:\/\/www.manaus.am.gov.br\/fdt\/prefeitura-de-manaus-prioriza-qualidade-de-vida-para-idosos-de-toda-a-cidade\/#breadcrumb\"},\"inLanguage\":\"pt-BR\",\"potentialAction\":[{\"@type\":\"ReadAction\",\"target\":[\"https:\/\/www.manaus.am.gov.br\/fdt\/prefeitura-de-manaus-prioriza-qualidade-de-vida-para-idosos-de-toda-a-cidade\/\"]}]},{\"@type\":\"ImageObject\",\"inLanguage\":\"pt-BR\",\"@id\":\"https:\/\/www.manaus.am.gov.br\/fdt\/prefeitura-de-manaus-prioriza-qualidade-de-vida-para-idosos-de-toda-a-cidade\/#primaryimage\",\"url\":\"https:\/\/www.manaus.am.gov.br\/fdt\/wp-content\/uploads\/sites\/18\/2023\/09\/8d0cfdf4-57da-4a31-8845-8aba6d25f727.jpg\",\"contentUrl\":\"https:\/\/www.manaus.am.gov.br\/fdt\/wp-content\/uploads\/sites\/18\/2023\/09\/8d0cfdf4-57da-4a31-8845-8aba6d25f727.jpg\",\"width\":823,\"height\":592},{\"@type\":\"BreadcrumbList\",\"@id\":\"https:\/\/www.manaus.am.gov.br\/fdt\/prefeitura-de-manaus-prioriza-qualidade-de-vida-para-idosos-de-toda-a-cidade\/#breadcrumb\",\"itemListElement\":[{\"@type\":\"ListItem\",\"position\":1,\"name\":\"Home\",\"item\":\"https:\/\/www.manaus.am.gov.br\/fdt\/\"},{\"@type\":\"ListItem\",\"position\":2,\"name\":\"Prefeitura de Manaus prioriza qualidade de vida para idosos de toda a cidade\"}]},{\"@type\":\"WebSite\",\"@id\":\"https:\/\/www.manaus.am.gov.br\/fdt\/#website\",\"url\":\"https:\/\/www.manaus.am.gov.br\/fdt\/\",\"name\":\"FDT\",\"description\":\"Funda\u00e7\u00e3o de Apoio ao Idoso Dr. Thomas\",\"potentialAction\":[{\"@type\":\"SearchAction\",\"target\":{\"@type\":\"EntryPoint\",\"urlTemplate\":\"https:\/\/www.manaus.am.gov.br\/fdt\/?s={search_term_string}\"},\"query-input\":\"required name=search_term_string\"}],\"inLanguage\":\"pt-BR\"},{\"@type\":\"Person\",\"@id\":\"https:\/\/www.manaus.am.gov.br\/fdt\/#\/schema\/person\/bfafc779be2e19b3d3ef4a59d418b606\",\"name\":\"csilveira\",\"image\":{\"@type\":\"ImageObject\",\"inLanguage\":\"pt-BR\",\"@id\":\"https:\/\/www.manaus.am.gov.br\/fdt\/#\/schema\/person\/image\/\",\"url\":\"https:\/\/secure.gravatar.com\/avatar\/9c2e2f00138fcd35401c748bd030d3b5?s=96&d=mm&r=g\",\"contentUrl\":\"https:\/\/secure.gravatar.com\/avatar\/9c2e2f00138fcd35401c748bd030d3b5?s=96&d=mm&r=g\",\"caption\":\"csilveira\"},\"url\":\"https:\/\/www.manaus.am.gov.br\/fdt\/author\/csilveira\/\"}]}<\/script>\n<!-- \/ Yoast SEO plugin. -->","yoast_head_json":{"title":"Prefeitura de Manaus prioriza qualidade de vida para idosos de toda a cidade","description":"Ao longo dos 1.000 dias da gest\u00e3o do prefeito David Almeida, a Pol\u00edtica Municipal do Idoso alcan\u00e7ou grandes investimentos.","robots":{"index":"index","follow":"follow","max-snippet":"max-snippet:-1","max-image-preview":"max-image-preview:large","max-video-preview":"max-video-preview:-1"},"canonical":"https:\/\/www.manaus.am.gov.br\/fdt\/prefeitura-de-manaus-prioriza-qualidade-de-vida-para-idosos-de-toda-a-cidade\/","og_locale":"pt_BR","og_type":"article","og_title":"Prefeitura de Manaus prioriza qualidade de vida para idosos de toda a cidade","og_description":"Ao longo dos 1.000 dias da gest\u00e3o do prefeito David Almeida, a Pol\u00edtica Municipal do Idoso alcan\u00e7ou grandes investimentos.","og_url":"https:\/\/www.manaus.am.gov.br\/fdt\/prefeitura-de-manaus-prioriza-qualidade-de-vida-para-idosos-de-toda-a-cidade\/","og_site_name":"FDT","article_published_time":"2023-09-20T20:04:26+00:00","og_image":[{"width":823,"height":592,"url":"https:\/\/www.manaus.am.gov.br\/fdt\/wp-content\/uploads\/sites\/18\/2023\/09\/8d0cfdf4-57da-4a31-8845-8aba6d25f727.jpg","type":"image\/jpeg"}],"author":"csilveira","twitter_card":"summary_large_image","twitter_misc":{"Written by":"csilveira","Est. reading time":"4 minutos"},"schema":{"@context":"https:\/\/schema.org","@graph":[{"@type":"WebPage","@id":"https:\/\/www.manaus.am.gov.br\/fdt\/prefeitura-de-manaus-prioriza-qualidade-de-vida-para-idosos-de-toda-a-cidade\/","url":"https:\/\/www.manaus.am.gov.br\/fdt\/prefeitura-de-manaus-prioriza-qualidade-de-vida-para-idosos-de-toda-a-cidade\/","name":"Prefeitura de Manaus prioriza qualidade de vida para idosos de toda a cidade","isPartOf":{"@id":"https:\/\/www.manaus.am.gov.br\/fdt\/#website"},"primaryImageOfPage":{"@id":"https:\/\/www.manaus.am.gov.br\/fdt\/prefeitura-de-manaus-prioriza-qualidade-de-vida-para-idosos-de-toda-a-cidade\/#primaryimage"},"image":{"@id":"https:\/\/www.manaus.am.gov.br\/fdt\/prefeitura-de-manaus-prioriza-qualidade-de-vida-para-idosos-de-toda-a-cidade\/#primaryimage"},"thumbnailUrl":"https:\/\/www.manaus.am.gov.br\/fdt\/wp-content\/uploads\/sites\/18\/2023\/09\/8d0cfdf4-57da-4a31-8845-8aba6d25f727.jpg","datePublished":"2023-09-20T20:04:26+00:00","dateModified":"2023-09-20T20:04:26+00:00","author":{"@id":"https:\/\/www.manaus.am.gov.br\/fdt\/#\/schema\/person\/bfafc779be2e19b3d3ef4a59d418b606"},"description":"Ao longo dos 1.000 dias da gest\u00e3o do prefeito David Almeida, a Pol\u00edtica Municipal do Idoso alcan\u00e7ou grandes investimentos.","breadcrumb":{"@id":"https:\/\/www.manaus.am.gov.br\/fdt\/prefeitura-de-manaus-prioriza-qualidade-de-vida-para-idosos-de-toda-a-cidade\/#breadcrumb"},"inLanguage":"pt-BR","potentialAction":[{"@type":"ReadAction","target":["https:\/\/www.manaus.am.gov.br\/fdt\/prefeitura-de-manaus-prioriza-qualidade-de-vida-para-idosos-de-toda-a-cidade\/"]}]},{"@type":"ImageObject","inLanguage":"pt-BR","@id":"https:\/\/www.manaus.am.gov.br\/fdt\/prefeitura-de-manaus-prioriza-qualidade-de-vida-para-idosos-de-toda-a-cidade\/#primaryimage","url":"https:\/\/www.manaus.am.gov.br\/fdt\/wp-content\/uploads\/sites\/18\/2023\/09\/8d0cfdf4-57da-4a31-8845-8aba6d25f727.jpg","contentUrl":"https:\/\/www.manaus.am.gov.br\/fdt\/wp-content\/uploads\/sites\/18\/2023\/09\/8d0cfdf4-57da-4a31-8845-8aba6d25f727.jpg","width":823,"height":592},{"@type":"BreadcrumbList","@id":"https:\/\/www.manaus.am.gov.br\/fdt\/prefeitura-de-manaus-prioriza-qualidade-de-vida-para-idosos-de-toda-a-cidade\/#breadcrumb","itemListElement":[{"@type":"ListItem","position":1,"name":"Home","item":"https:\/\/www.manaus.am.gov.br\/fdt\/"},{"@type":"ListItem","position":2,"name":"Prefeitura de Manaus prioriza qualidade de vida para idosos de toda a cidade"}]},{"@type":"WebSite","@id":"https:\/\/www.manaus.am.gov.br\/fdt\/#website","url":"https:\/\/www.manaus.am.gov.br\/fdt\/","name":"FDT","description":"Funda\u00e7\u00e3o de Apoio ao Idoso Dr. Thomas","potentialAction":[{"@type":"SearchAction","target":{"@type":"EntryPoint","urlTemplate":"https:\/\/www.manaus.am.gov.br\/fdt\/?s={search_term_string}"},"query-input":"required name=search_term_string"}],"inLanguage":"pt-BR"},{"@type":"Person","@id":"https:\/\/www.manaus.am.gov.br\/fdt\/#\/schema\/person\/bfafc779be2e19b3d3ef4a59d418b606","name":"csilveira","image":{"@type":"ImageObject","inLanguage":"pt-BR","@id":"https:\/\/www.manaus.am.gov.br\/fdt\/#\/schema\/person\/image\/","url":"https:\/\/secure.gravatar.com\/avatar\/9c2e2f00138fcd35401c748bd030d3b5?s=96&d=mm&r=g","contentUrl":"https:\/\/secure.gravatar.com\/avatar\/9c2e2f00138fcd35401c748bd030d3b5?s=96&d=mm&r=g","caption":"csilveira"},"url":"https:\/\/www.manaus.am.gov.br\/fdt\/author\/csilveira\/"}]}},"_links":{"self":[{"href":"https:\/\/www.manaus.am.gov.br\/fdt\/wp-json\/wp\/v2\/posts\/1175"}],"collection":[{"href":"https:\/\/www.manaus.am.gov.br\/fdt\/wp-json\/wp\/v2\/posts"}],"about":[{"href":"https:\/\/www.manaus.am.gov.br\/fdt\/wp-json\/wp\/v2\/types\/post"}],"author":[{"embeddable":true,"href":"https:\/\/www.manaus.am.gov.br\/fdt\/wp-json\/wp\/v2\/users\/52"}],"replies":[{"embeddable":true,"href":"https:\/\/www.manaus.am.gov.br\/fdt\/wp-json\/wp\/v2\/comments?post=1175"}],"version-history":[{"count":1,"href":"https:\/\/www.manaus.am.gov.br\/fdt\/wp-json\/wp\/v2\/posts\/1175\/revisions"}],"predecessor-version":[{"id":1179,"href":"https:\/\/www.manaus.am.gov.br\/fdt\/wp-json\/wp\/v2\/posts\/1175\/revisions\/1179"}],"wp:featuredmedia":[{"embeddable":true,"href":"https:\/\/www.manaus.am.gov.br\/fdt\/wp-json\/wp\/v2\/media\/1178"}],"wp:attachment":[{"href":"https:\/\/www.manaus.am.gov.br\/fdt\/wp-json\/wp\/v2\/media?parent=1175"}],"wp:term":[{"taxonomy":"category","embeddable":true,"href":"https:\/\/www.manaus.am.gov.br\/fdt\/wp-json\/wp\/v2\/categories?post=1175"},{"taxonomy":"post_tag","embeddable":true,"href":"https:\/\/www.manaus.am.gov.br\/fdt\/wp-json\/wp\/v2\/tags?post=1175"}],"curies":[{"name":"wp","href":"https:\/\/api.w.org\/{rel}","templated":true}]}}