{"id":1168,"date":"2023-09-12T17:47:46","date_gmt":"2023-09-12T21:47:46","guid":{"rendered":"https:\/\/www.manaus.am.gov.br\/fdt\/prefeitura-de-manaus-retoma-o-projeto-terapia-assistida-por-animais-para-idosos-da-fundacao-doutor-thomas\/"},"modified":"2023-12-04T10:05:55","modified_gmt":"2023-12-04T14:05:55","slug":"prefeitura-de-manaus-retoma-o-projeto-terapia-assistida-por-animais-para-idosos-da-fundacao-doutor-thomas","status":"publish","type":"post","link":"https:\/\/www.manaus.am.gov.br\/fdt\/prefeitura-de-manaus-retoma-o-projeto-terapia-assistida-por-animais-para-idosos-da-fundacao-doutor-thomas\/","title":{"rendered":"Prefeitura de Manaus retoma o projeto \u2018Terapia Assistida por Animais\u2019 para idosos da Funda\u00e7\u00e3o Doutor Thomas"},"content":{"rendered":"\n<p>Com objetivo de oferecer est\u00edmulo cognitivo aos idosos institucionalizados, com aux\u00edlio de pets, a Prefeitura de Manaus, por meio da Funda\u00e7\u00e3o Doutor Thomas (FDT), realizou, na tarde desta ter\u00e7a-feira, 12\/9, o retorno do projeto \u201cTerapia Assistida por Animais\u201d,&nbsp;na sede da institui\u00e7\u00e3o, localizada na&nbsp;<a href=\"https:\/\/www.google.com\/maps\/search\/rua+Doutor+Thomas,+n%C2%BA+798?entry=gmail&amp;source=g\" target=\"_blank\" rel=\"noreferrer noopener\">rua Doutor Thomas, n\u00ba 798<\/a>, bairro Nossa Senhora das Gra\u00e7as, zona Centro-Sul.<\/p>\n\n\n\n<p>\u201cA sensa\u00e7\u00e3o de felicidade com a chegada dos animais foi evidente, com a presen\u00e7a de sorrisos em cada idoso que participou desta tarde. Percebemos o quanto essa Terapia Assistida por Animais (TAA), popularmente conhecida como \u201cPet Terapia&#8221; faz bem. Organizamos a sess\u00e3o com 40 minutos de atividades,&nbsp;trabalhando circuitos cognitivos e as fun\u00e7\u00f5es envolvendo comandos e intera\u00e7\u00e3o com os pets. Importante dizer, que a sess\u00e3o de hoje foi supervisionada por mim, pela psic\u00f3loga Yasmin Dias, a estagi\u00e1ria Gabriela Duarte e toda equipe do projeto Amigo Fiel, que \u00e9 especializada em IAAs (Interven\u00e7\u00f5es Assistidas por Animais)\u201d, explica Adriano Lago, gerente do setor de psicologia da FDT.<\/p>\n\n\n\n<p>Institucionalizada h\u00e1 29 anos na Funda\u00e7\u00e3o Doutor Thomas e, j\u00e1 conhecida dos pets, Salete Machado, 89 anos, era participante ass\u00eddua em 2015, hoje, conta alegre sobre o retorno da atividade.<\/p>\n\n\n\n<p>\u201cEu sempre gostei dos animais, em 2015 eu participava aqui na funda\u00e7\u00e3o do projeto. Eu sempre falo que eu n\u00e3o enxergo com os olhos, hoje, enxergo com o cora\u00e7\u00e3o, e os animais s\u00e3o verdadeiros amigos, estou emocionada com esse retorno, principalmente em reencontrar a Nina, que sempre foi o meu xodozinho\u201d, conta Salete.&nbsp;<\/p>\n\n\n\n<p>A idealizadora do projeto \u201cAmigo Fiel\u201d, Rose Britto, \u00e9 graduada em Ci\u00eancias Pol\u00edticas; tem especializa\u00e7\u00e3o em educa\u00e7\u00e3o especial e inclusiva; acad\u00eamica em psicologia, t\u00e9cnica de enfermagem e especialista em IAAs. Ela conta como est\u00e1 feliz com o retorno do projeto para idosos.<\/p>\n\n\n\n<p>\u201cEstou feliz com esse retorno, em 2015 tivemos uma parceria linda com a FDT e sei o quanto \u00e9 ben\u00e9fico para o bem-estar dos idosos.&nbsp;Somos uma equipe multidisciplinar, que se dedica ao trabalho, estudos, pesquisas e forma\u00e7\u00e3o de profissionais das IAAs, promovendo por meio da intera\u00e7\u00e3o com c\u00e3es o desenvolvimento humano. Estamos com quatro pets, carinhosamente conhecidos pelos nomes de Imma (Schnauzer), Negresco (Malt\u00eas), Nina (Shih-tzu), e Bruce (Golden retriever), todos treinados para essa terapia\u201d, explica Rose.<\/p>\n\n\n\n<p>Segundo a respons\u00e1vel t\u00e9cnica da equipe de sa\u00fade da FDT, a m\u00e9dica Raquel Bel\u00e9m, a&nbsp;&nbsp;conviv\u00eancia com pets traz benef\u00edcios n\u00e3o s\u00f3 f\u00edsicos como psicol\u00f3gicos aos idosos. Incentiva a comunica\u00e7\u00e3o e a intera\u00e7\u00e3o social ao compartilharem experi\u00eancias e at\u00e9 contar hist\u00f3rias engra\u00e7adas sobre seus animaizinhos.<\/p>\n\n\n\n<figure class=\"wp-block-gallery has-nested-images columns-default is-cropped wp-block-gallery-1 is-layout-flex wp-block-gallery-is-layout-flex\">\n<figure class=\"wp-block-image size-large\"><img loading=\"lazy\" decoding=\"async\" width=\"799\" height=\"533\" data-id=\"1169\" src=\"https:\/\/www.manaus.am.gov.br\/fdt\/wp-content\/uploads\/sites\/18\/2023\/09\/53182848877_5cbbfb8b82_c.jpg\" alt=\"\" class=\"wp-image-1169\" srcset=\"https:\/\/www.manaus.am.gov.br\/fdt\/wp-content\/uploads\/sites\/18\/2023\/09\/53182848877_5cbbfb8b82_c.jpg 799w, https:\/\/www.manaus.am.gov.br\/fdt\/wp-content\/uploads\/sites\/18\/2023\/09\/53182848877_5cbbfb8b82_c-300x200.jpg 300w, https:\/\/www.manaus.am.gov.br\/fdt\/wp-content\/uploads\/sites\/18\/2023\/09\/53182848877_5cbbfb8b82_c-768x512.jpg 768w\" sizes=\"(max-width: 799px) 100vw, 799px\" \/><\/figure>\n<\/figure>\n\n\n\n<p>O simples ato de acariciar e brincar com os animais estimula o relaxamento do corpo e da mente pela libera\u00e7\u00e3o de horm\u00f4nios como a serotonina e dopamina, ajudando assim, na diminui\u00e7\u00e3o do estresse e da ansiedade. Ajuda na estimula\u00e7\u00e3o da mem\u00f3ria, o que beneficia principalmente, os idosos com Alzheimer ou outras dem\u00eancias&#8221;, explica Raquel.<\/p>\n\n\n\n<p>Para a diretora-presidente da Funda\u00e7\u00e3o Doutor Thomas, Martha Moutinho, resgatar esse projeto que j\u00e1 beneficiou tantos idosos residentes \u00e9 uma imensa alegria.<\/p>\n\n\n\n<p>\u201cPromover atividades terap\u00eauticas na ILPI,&nbsp;\u00e9 fundamental para o bem-estar da pessoa idosa, ainda mais quando se trata da companhia dos amados pets, eles que est\u00e3o&nbsp;presentes na casa de muitos brasileiros, promovem alegria e refor\u00e7am os la\u00e7os de afetividade. Mas estes benef\u00edcios v\u00e3o al\u00e9m: ter um pet melhora o bem-estar f\u00edsico e emocional e pode ajudar no tratamento de doen\u00e7as\u201d, explica Martha. &nbsp;<\/p>\n\n\n\n<p>&#8212; &#8212; &#8212;<\/p>\n\n\n\n<p><strong>Texto<\/strong>&nbsp;\u2013 Divulga\u00e7\u00e3o \/ FDT<\/p>\n\n\n\n<p><strong>Fotos<\/strong> \u2013 Jo\u00e3o Viana \/ Semcom<\/p>\n\n\n\n<p>Dispon\u00edveis em &#8211; <a href=\"https:\/\/flic.kr\/s\/aHBqjAUtNX\">https:\/\/flic.kr\/s\/aHBqjAUtNX<\/a><\/p>\n","protected":false},"excerpt":{"rendered":"","protected":false},"author":31,"featured_media":1170,"comment_status":"closed","ping_status":"closed","sticky":false,"template":"","format":"standard","meta":{"footnotes":""},"categories":[90],"tags":[12,91,92],"acf":[],"yoast_head":"<!-- This site is optimized with the Yoast SEO plugin v23.0 - https:\/\/yoast.com\/wordpress\/plugins\/seo\/ -->\n<title>Prefeitura de Manaus retoma o projeto \u2018Terapia Assistida por Animais\u2019 para idosos da Funda\u00e7\u00e3o Doutor Thomas - FDT<\/title>\n<meta name=\"robots\" content=\"index, follow, max-snippet:-1, max-image-preview:large, max-video-preview:-1\" \/>\n<link rel=\"canonical\" href=\"https:\/\/www.manaus.am.gov.br\/fdt\/prefeitura-de-manaus-retoma-o-projeto-terapia-assistida-por-animais-para-idosos-da-fundacao-doutor-thomas\/\" \/>\n<meta property=\"og:locale\" content=\"pt_BR\" \/>\n<meta property=\"og:type\" content=\"article\" \/>\n<meta property=\"og:title\" content=\"Prefeitura de Manaus retoma o projeto \u2018Terapia Assistida por Animais\u2019 para idosos da Funda\u00e7\u00e3o Doutor Thomas - FDT\" \/>\n<meta property=\"og:url\" content=\"https:\/\/www.manaus.am.gov.br\/fdt\/prefeitura-de-manaus-retoma-o-projeto-terapia-assistida-por-animais-para-idosos-da-fundacao-doutor-thomas\/\" \/>\n<meta property=\"og:site_name\" content=\"FDT\" \/>\n<meta property=\"article:published_time\" content=\"2023-09-12T21:47:46+00:00\" \/>\n<meta property=\"article:modified_time\" content=\"2023-12-04T14:05:55+00:00\" \/>\n<meta property=\"og:image\" content=\"https:\/\/www.manaus.am.gov.br\/fdt\/wp-content\/uploads\/sites\/18\/2023\/09\/53183625449_f09bfb11f0_c.jpg\" \/>\n\t<meta property=\"og:image:width\" content=\"799\" \/>\n\t<meta property=\"og:image:height\" content=\"533\" \/>\n\t<meta property=\"og:image:type\" content=\"image\/jpeg\" \/>\n<meta name=\"author\" content=\"Renata Felix\" \/>\n<meta name=\"twitter:card\" content=\"summary_large_image\" \/>\n<meta name=\"twitter:label1\" content=\"Written by\" \/>\n\t<meta name=\"twitter:data1\" content=\"Renata Felix\" \/>\n\t<meta name=\"twitter:label2\" content=\"Est. reading time\" \/>\n\t<meta name=\"twitter:data2\" content=\"4 minutos\" \/>\n<script type=\"application\/ld+json\" class=\"yoast-schema-graph\">{\"@context\":\"https:\/\/schema.org\",\"@graph\":[{\"@type\":\"WebPage\",\"@id\":\"https:\/\/www.manaus.am.gov.br\/fdt\/prefeitura-de-manaus-retoma-o-projeto-terapia-assistida-por-animais-para-idosos-da-fundacao-doutor-thomas\/\",\"url\":\"https:\/\/www.manaus.am.gov.br\/fdt\/prefeitura-de-manaus-retoma-o-projeto-terapia-assistida-por-animais-para-idosos-da-fundacao-doutor-thomas\/\",\"name\":\"Prefeitura de Manaus retoma o projeto \u2018Terapia Assistida por Animais\u2019 para idosos da Funda\u00e7\u00e3o Doutor Thomas - FDT\",\"isPartOf\":{\"@id\":\"https:\/\/www.manaus.am.gov.br\/fdt\/#website\"},\"primaryImageOfPage\":{\"@id\":\"https:\/\/www.manaus.am.gov.br\/fdt\/prefeitura-de-manaus-retoma-o-projeto-terapia-assistida-por-animais-para-idosos-da-fundacao-doutor-thomas\/#primaryimage\"},\"image\":{\"@id\":\"https:\/\/www.manaus.am.gov.br\/fdt\/prefeitura-de-manaus-retoma-o-projeto-terapia-assistida-por-animais-para-idosos-da-fundacao-doutor-thomas\/#primaryimage\"},\"thumbnailUrl\":\"https:\/\/www.manaus.am.gov.br\/fdt\/wp-content\/uploads\/sites\/18\/2023\/09\/53183625449_f09bfb11f0_c.jpg\",\"datePublished\":\"2023-09-12T21:47:46+00:00\",\"dateModified\":\"2023-12-04T14:05:55+00:00\",\"author\":{\"@id\":\"https:\/\/www.manaus.am.gov.br\/fdt\/#\/schema\/person\/4eea2a8f78dc853097abb026f728aa06\"},\"breadcrumb\":{\"@id\":\"https:\/\/www.manaus.am.gov.br\/fdt\/prefeitura-de-manaus-retoma-o-projeto-terapia-assistida-por-animais-para-idosos-da-fundacao-doutor-thomas\/#breadcrumb\"},\"inLanguage\":\"pt-BR\",\"potentialAction\":[{\"@type\":\"ReadAction\",\"target\":[\"https:\/\/www.manaus.am.gov.br\/fdt\/prefeitura-de-manaus-retoma-o-projeto-terapia-assistida-por-animais-para-idosos-da-fundacao-doutor-thomas\/\"]}]},{\"@type\":\"ImageObject\",\"inLanguage\":\"pt-BR\",\"@id\":\"https:\/\/www.manaus.am.gov.br\/fdt\/prefeitura-de-manaus-retoma-o-projeto-terapia-assistida-por-animais-para-idosos-da-fundacao-doutor-thomas\/#primaryimage\",\"url\":\"https:\/\/www.manaus.am.gov.br\/fdt\/wp-content\/uploads\/sites\/18\/2023\/09\/53183625449_f09bfb11f0_c.jpg\",\"contentUrl\":\"https:\/\/www.manaus.am.gov.br\/fdt\/wp-content\/uploads\/sites\/18\/2023\/09\/53183625449_f09bfb11f0_c.jpg\",\"width\":799,\"height\":533},{\"@type\":\"BreadcrumbList\",\"@id\":\"https:\/\/www.manaus.am.gov.br\/fdt\/prefeitura-de-manaus-retoma-o-projeto-terapia-assistida-por-animais-para-idosos-da-fundacao-doutor-thomas\/#breadcrumb\",\"itemListElement\":[{\"@type\":\"ListItem\",\"position\":1,\"name\":\"Home\",\"item\":\"https:\/\/www.manaus.am.gov.br\/fdt\/\"},{\"@type\":\"ListItem\",\"position\":2,\"name\":\"Prefeitura de Manaus retoma o projeto \u2018Terapia Assistida por Animais\u2019 para idosos da Funda\u00e7\u00e3o Doutor Thomas\"}]},{\"@type\":\"WebSite\",\"@id\":\"https:\/\/www.manaus.am.gov.br\/fdt\/#website\",\"url\":\"https:\/\/www.manaus.am.gov.br\/fdt\/\",\"name\":\"FDT\",\"description\":\"Funda\u00e7\u00e3o de Apoio ao Idoso Dr. Thomas\",\"potentialAction\":[{\"@type\":\"SearchAction\",\"target\":{\"@type\":\"EntryPoint\",\"urlTemplate\":\"https:\/\/www.manaus.am.gov.br\/fdt\/?s={search_term_string}\"},\"query-input\":\"required name=search_term_string\"}],\"inLanguage\":\"pt-BR\"},{\"@type\":\"Person\",\"@id\":\"https:\/\/www.manaus.am.gov.br\/fdt\/#\/schema\/person\/4eea2a8f78dc853097abb026f728aa06\",\"name\":\"Renata Felix\",\"image\":{\"@type\":\"ImageObject\",\"inLanguage\":\"pt-BR\",\"@id\":\"https:\/\/www.manaus.am.gov.br\/fdt\/#\/schema\/person\/image\/\",\"url\":\"https:\/\/secure.gravatar.com\/avatar\/3c196cf9d3b837b24c8edb2c50fd8f29?s=96&d=mm&r=g\",\"contentUrl\":\"https:\/\/secure.gravatar.com\/avatar\/3c196cf9d3b837b24c8edb2c50fd8f29?s=96&d=mm&r=g\",\"caption\":\"Renata Felix\"},\"url\":\"https:\/\/www.manaus.am.gov.br\/fdt\/author\/rfelix\/\"}]}<\/script>\n<!-- \/ Yoast SEO plugin. -->","yoast_head_json":{"title":"Prefeitura de Manaus retoma o projeto \u2018Terapia Assistida por Animais\u2019 para idosos da Funda\u00e7\u00e3o Doutor Thomas - FDT","robots":{"index":"index","follow":"follow","max-snippet":"max-snippet:-1","max-image-preview":"max-image-preview:large","max-video-preview":"max-video-preview:-1"},"canonical":"https:\/\/www.manaus.am.gov.br\/fdt\/prefeitura-de-manaus-retoma-o-projeto-terapia-assistida-por-animais-para-idosos-da-fundacao-doutor-thomas\/","og_locale":"pt_BR","og_type":"article","og_title":"Prefeitura de Manaus retoma o projeto \u2018Terapia Assistida por Animais\u2019 para idosos da Funda\u00e7\u00e3o Doutor Thomas - FDT","og_url":"https:\/\/www.manaus.am.gov.br\/fdt\/prefeitura-de-manaus-retoma-o-projeto-terapia-assistida-por-animais-para-idosos-da-fundacao-doutor-thomas\/","og_site_name":"FDT","article_published_time":"2023-09-12T21:47:46+00:00","article_modified_time":"2023-12-04T14:05:55+00:00","og_image":[{"width":799,"height":533,"url":"https:\/\/www.manaus.am.gov.br\/fdt\/wp-content\/uploads\/sites\/18\/2023\/09\/53183625449_f09bfb11f0_c.jpg","type":"image\/jpeg"}],"author":"Renata Felix","twitter_card":"summary_large_image","twitter_misc":{"Written by":"Renata Felix","Est. reading time":"4 minutos"},"schema":{"@context":"https:\/\/schema.org","@graph":[{"@type":"WebPage","@id":"https:\/\/www.manaus.am.gov.br\/fdt\/prefeitura-de-manaus-retoma-o-projeto-terapia-assistida-por-animais-para-idosos-da-fundacao-doutor-thomas\/","url":"https:\/\/www.manaus.am.gov.br\/fdt\/prefeitura-de-manaus-retoma-o-projeto-terapia-assistida-por-animais-para-idosos-da-fundacao-doutor-thomas\/","name":"Prefeitura de Manaus retoma o projeto \u2018Terapia Assistida por Animais\u2019 para idosos da Funda\u00e7\u00e3o Doutor Thomas - FDT","isPartOf":{"@id":"https:\/\/www.manaus.am.gov.br\/fdt\/#website"},"primaryImageOfPage":{"@id":"https:\/\/www.manaus.am.gov.br\/fdt\/prefeitura-de-manaus-retoma-o-projeto-terapia-assistida-por-animais-para-idosos-da-fundacao-doutor-thomas\/#primaryimage"},"image":{"@id":"https:\/\/www.manaus.am.gov.br\/fdt\/prefeitura-de-manaus-retoma-o-projeto-terapia-assistida-por-animais-para-idosos-da-fundacao-doutor-thomas\/#primaryimage"},"thumbnailUrl":"https:\/\/www.manaus.am.gov.br\/fdt\/wp-content\/uploads\/sites\/18\/2023\/09\/53183625449_f09bfb11f0_c.jpg","datePublished":"2023-09-12T21:47:46+00:00","dateModified":"2023-12-04T14:05:55+00:00","author":{"@id":"https:\/\/www.manaus.am.gov.br\/fdt\/#\/schema\/person\/4eea2a8f78dc853097abb026f728aa06"},"breadcrumb":{"@id":"https:\/\/www.manaus.am.gov.br\/fdt\/prefeitura-de-manaus-retoma-o-projeto-terapia-assistida-por-animais-para-idosos-da-fundacao-doutor-thomas\/#breadcrumb"},"inLanguage":"pt-BR","potentialAction":[{"@type":"ReadAction","target":["https:\/\/www.manaus.am.gov.br\/fdt\/prefeitura-de-manaus-retoma-o-projeto-terapia-assistida-por-animais-para-idosos-da-fundacao-doutor-thomas\/"]}]},{"@type":"ImageObject","inLanguage":"pt-BR","@id":"https:\/\/www.manaus.am.gov.br\/fdt\/prefeitura-de-manaus-retoma-o-projeto-terapia-assistida-por-animais-para-idosos-da-fundacao-doutor-thomas\/#primaryimage","url":"https:\/\/www.manaus.am.gov.br\/fdt\/wp-content\/uploads\/sites\/18\/2023\/09\/53183625449_f09bfb11f0_c.jpg","contentUrl":"https:\/\/www.manaus.am.gov.br\/fdt\/wp-content\/uploads\/sites\/18\/2023\/09\/53183625449_f09bfb11f0_c.jpg","width":799,"height":533},{"@type":"BreadcrumbList","@id":"https:\/\/www.manaus.am.gov.br\/fdt\/prefeitura-de-manaus-retoma-o-projeto-terapia-assistida-por-animais-para-idosos-da-fundacao-doutor-thomas\/#breadcrumb","itemListElement":[{"@type":"ListItem","position":1,"name":"Home","item":"https:\/\/www.manaus.am.gov.br\/fdt\/"},{"@type":"ListItem","position":2,"name":"Prefeitura de Manaus retoma o projeto \u2018Terapia Assistida por Animais\u2019 para idosos da Funda\u00e7\u00e3o Doutor Thomas"}]},{"@type":"WebSite","@id":"https:\/\/www.manaus.am.gov.br\/fdt\/#website","url":"https:\/\/www.manaus.am.gov.br\/fdt\/","name":"FDT","description":"Funda\u00e7\u00e3o de Apoio ao Idoso Dr. Thomas","potentialAction":[{"@type":"SearchAction","target":{"@type":"EntryPoint","urlTemplate":"https:\/\/www.manaus.am.gov.br\/fdt\/?s={search_term_string}"},"query-input":"required name=search_term_string"}],"inLanguage":"pt-BR"},{"@type":"Person","@id":"https:\/\/www.manaus.am.gov.br\/fdt\/#\/schema\/person\/4eea2a8f78dc853097abb026f728aa06","name":"Renata Felix","image":{"@type":"ImageObject","inLanguage":"pt-BR","@id":"https:\/\/www.manaus.am.gov.br\/fdt\/#\/schema\/person\/image\/","url":"https:\/\/secure.gravatar.com\/avatar\/3c196cf9d3b837b24c8edb2c50fd8f29?s=96&d=mm&r=g","contentUrl":"https:\/\/secure.gravatar.com\/avatar\/3c196cf9d3b837b24c8edb2c50fd8f29?s=96&d=mm&r=g","caption":"Renata Felix"},"url":"https:\/\/www.manaus.am.gov.br\/fdt\/author\/rfelix\/"}]}},"_links":{"self":[{"href":"https:\/\/www.manaus.am.gov.br\/fdt\/wp-json\/wp\/v2\/posts\/1168"}],"collection":[{"href":"https:\/\/www.manaus.am.gov.br\/fdt\/wp-json\/wp\/v2\/posts"}],"about":[{"href":"https:\/\/www.manaus.am.gov.br\/fdt\/wp-json\/wp\/v2\/types\/post"}],"author":[{"embeddable":true,"href":"https:\/\/www.manaus.am.gov.br\/fdt\/wp-json\/wp\/v2\/users\/31"}],"replies":[{"embeddable":true,"href":"https:\/\/www.manaus.am.gov.br\/fdt\/wp-json\/wp\/v2\/comments?post=1168"}],"version-history":[{"count":2,"href":"https:\/\/www.manaus.am.gov.br\/fdt\/wp-json\/wp\/v2\/posts\/1168\/revisions"}],"predecessor-version":[{"id":1436,"href":"https:\/\/www.manaus.am.gov.br\/fdt\/wp-json\/wp\/v2\/posts\/1168\/revisions\/1436"}],"wp:featuredmedia":[{"embeddable":true,"href":"https:\/\/www.manaus.am.gov.br\/fdt\/wp-json\/wp\/v2\/media\/1170"}],"wp:attachment":[{"href":"https:\/\/www.manaus.am.gov.br\/fdt\/wp-json\/wp\/v2\/media?parent=1168"}],"wp:term":[{"taxonomy":"category","embeddable":true,"href":"https:\/\/www.manaus.am.gov.br\/fdt\/wp-json\/wp\/v2\/categories?post=1168"},{"taxonomy":"post_tag","embeddable":true,"href":"https:\/\/www.manaus.am.gov.br\/fdt\/wp-json\/wp\/v2\/tags?post=1168"}],"curies":[{"name":"wp","href":"https:\/\/api.w.org\/{rel}","templated":true}]}}