{"id":800,"date":"2022-07-28T20:03:24","date_gmt":"2022-07-29T00:03:24","guid":{"rendered":"https:\/\/www.manaus.am.gov.br\/cgm\/prefeitura-de-manaus-destaca-execucao-de-projetos-na-2a-reuniao-do-comite-de-credito-municipal\/"},"modified":"2023-01-05T07:58:45","modified_gmt":"2023-01-05T11:58:45","slug":"prefeitura-de-manaus-destaca-execucao-de-projetos-na-2a-reuniao-do-comite-de-credito-municipal","status":"publish","type":"post","link":"https:\/\/www.manaus.am.gov.br\/cgm\/prefeitura-de-manaus-destaca-execucao-de-projetos-na-2a-reuniao-do-comite-de-credito-municipal\/","title":{"rendered":"Prefeitura de Manaus destaca execu\u00e7\u00e3o de projetos na 2\u00aa Reuni\u00e3o do Comit\u00ea de Cr\u00e9dito Municipal"},"content":{"rendered":"\n<p>A Prefeitura de Manaus, por meio da Secretaria Municipal do Trabalho, Empreendedorismo e Inova\u00e7\u00e3o (Semtepi), promoveu, nesta quinta-feira, 28\/7, a 2\u00aa Reuni\u00e3o do Comit\u00ea de Cr\u00e9dito Municipal, com o objetivo de apresentar o andamento dos projetos realizados pela pasta, via recursos do Fundo Municipal de Empreendedorismo e Inova\u00e7\u00e3o (Fumipeq). A reuni\u00e3o foi realizada na sede do \u00f3rg\u00e3o, no bairro Nossa Senhora das Gra\u00e7as, zona Centro-Sul.<\/p>\n\n\n\n<p>&nbsp;<\/p>\n\n\n\n<p>O encontro, presidido pelo secret\u00e1rio da Semtepi, Radyr J\u00fanior, reuniu representantes da Secretaria Municipal de Finan\u00e7as e Tecnologia da Informa\u00e7\u00e3o (Semef); da Controladoria-Geral do Munic\u00edpio (CGM); da Subsecretaria Municipal de Or\u00e7amentos e Projetos (Suborp); da Subsecretaria do Tesouro (Subtes); da Federa\u00e7\u00e3o das Ind\u00fastrias do Estado do Amazonas (Fieam); da Federa\u00e7\u00e3o da Agricultura e Pecu\u00e1ria do Amazonas (Faea); do Servi\u00e7o Brasileiro de Apoio \u00e0s Micro e Pequenas Empresas (Sebrae), e da Federa\u00e7\u00e3o do Com\u00e9rcio de Bens, Servi\u00e7os e Turismo do Amazonas (Fecom\u00e9rcio).<\/p>\n\n\n\n<p>&nbsp;<\/p>\n\n\n\n<p>\u201cO conselho \u00e9 muito importante para a utiliza\u00e7\u00e3o dos recursos do Fumipeq. Essa reuni\u00e3o foi proveitosa e a gente aprovou e prestou conta do que est\u00e1 sendo feito com os recursos. Existe uma inten\u00e7\u00e3o muito clara da Prefeitura de Manaus em entregar os melhores servi\u00e7os \u00e0 popula\u00e7\u00e3o, por isso estamos trabalhando em um estudo, para fortalecer ambientes de neg\u00f3cios na cidade\u201d, explicou Radyr J\u00fanior.<\/p>\n\n\n\n<p>&nbsp;<\/p>\n\n\n\n<p>Durante o encontro, foram apresentados os projetos em andamento e planejamento pela Semtepi, como a reforma do \u201cLocal Casa de Praia\u201d e do Micro Distrito Industrial de Manaus (Dimicro), al\u00e9m do repasse do \u201cAux\u00edlio Empreendedor\u201d, \u201cPerd\u00e3o do Fumipeq\u201d, e o programa \u201cKit Pneus\u201d, entre outras a\u00e7\u00f5es. Conforme o cronograma, at\u00e9 o final deste ano ainda est\u00e3o previstas duas reuni\u00f5es do comit\u00ea.<\/p>\n\n\n\n<p>&nbsp;<\/p>\n\n\n\n<p>&#8212; &#8212; &#8212;<\/p>\n\n\n\n<p><strong>Texto e Foto &#8211; <\/strong>Luiza Maria \/ Semtepi<\/p>\n","protected":false},"excerpt":{"rendered":"","protected":false},"author":31,"featured_media":804,"comment_status":"closed","ping_status":"closed","sticky":false,"template":"","format":"standard","meta":{"footnotes":""},"categories":[25],"tags":[26,27],"acf":[],"yoast_head":"<!-- This site is optimized with the Yoast SEO plugin v23.0 - https:\/\/yoast.com\/wordpress\/plugins\/seo\/ -->\n<title>Prefeitura de Manaus destaca execu\u00e7\u00e3o de projetos na 2\u00aa Reuni\u00e3o do Comit\u00ea de Cr\u00e9dito Municipal - CGM<\/title>\n<meta name=\"robots\" content=\"index, follow, max-snippet:-1, max-image-preview:large, max-video-preview:-1\" \/>\n<link rel=\"canonical\" href=\"https:\/\/www.manaus.am.gov.br\/cgm\/prefeitura-de-manaus-destaca-execucao-de-projetos-na-2a-reuniao-do-comite-de-credito-municipal\/\" \/>\n<meta property=\"og:locale\" content=\"pt_BR\" \/>\n<meta property=\"og:type\" content=\"article\" \/>\n<meta property=\"og:title\" content=\"Prefeitura de Manaus destaca execu\u00e7\u00e3o de projetos na 2\u00aa Reuni\u00e3o do Comit\u00ea de Cr\u00e9dito Municipal - CGM\" \/>\n<meta property=\"og:url\" content=\"https:\/\/www.manaus.am.gov.br\/cgm\/prefeitura-de-manaus-destaca-execucao-de-projetos-na-2a-reuniao-do-comite-de-credito-municipal\/\" \/>\n<meta property=\"og:site_name\" content=\"CGM\" \/>\n<meta property=\"article:publisher\" content=\"https:\/\/www.facebook.com\/cgmmanaus\" \/>\n<meta property=\"article:published_time\" content=\"2022-07-29T00:03:24+00:00\" \/>\n<meta property=\"article:modified_time\" content=\"2023-01-05T11:58:45+00:00\" \/>\n<meta property=\"og:image\" content=\"https:\/\/www.manaus.am.gov.br\/cgm\/wp-content\/uploads\/sites\/9\/2023\/01\/Prefeitura-de-Manaus-destaca-execucao-de-projetos-na-2a-Reuniao-do-Comite-de-Credito-Municipal.jpeg\" \/>\n\t<meta property=\"og:image:width\" content=\"1536\" \/>\n\t<meta property=\"og:image:height\" content=\"1152\" \/>\n\t<meta property=\"og:image:type\" content=\"image\/jpeg\" \/>\n<meta name=\"author\" content=\"Renata Felix\" \/>\n<meta name=\"twitter:card\" content=\"summary_large_image\" \/>\n<meta name=\"twitter:label1\" content=\"Written by\" \/>\n\t<meta name=\"twitter:data1\" content=\"Renata Felix\" \/>\n\t<meta name=\"twitter:label2\" content=\"Est. reading time\" \/>\n\t<meta name=\"twitter:data2\" content=\"2 minutos\" \/>\n<script type=\"application\/ld+json\" class=\"yoast-schema-graph\">{\"@context\":\"https:\/\/schema.org\",\"@graph\":[{\"@type\":\"Article\",\"@id\":\"https:\/\/www.manaus.am.gov.br\/cgm\/prefeitura-de-manaus-destaca-execucao-de-projetos-na-2a-reuniao-do-comite-de-credito-municipal\/#article\",\"isPartOf\":{\"@id\":\"https:\/\/www.manaus.am.gov.br\/cgm\/prefeitura-de-manaus-destaca-execucao-de-projetos-na-2a-reuniao-do-comite-de-credito-municipal\/\"},\"author\":{\"name\":\"Renata Felix\",\"@id\":\"https:\/\/www.manaus.am.gov.br\/cgm\/#\/schema\/person\/4eea2a8f78dc853097abb026f728aa06\"},\"headline\":\"Prefeitura de Manaus destaca execu\u00e7\u00e3o de projetos na 2\u00aa Reuni\u00e3o do Comit\u00ea de Cr\u00e9dito Municipal\",\"datePublished\":\"2022-07-29T00:03:24+00:00\",\"dateModified\":\"2023-01-05T11:58:45+00:00\",\"mainEntityOfPage\":{\"@id\":\"https:\/\/www.manaus.am.gov.br\/cgm\/prefeitura-de-manaus-destaca-execucao-de-projetos-na-2a-reuniao-do-comite-de-credito-municipal\/\"},\"wordCount\":333,\"publisher\":{\"@id\":\"https:\/\/www.manaus.am.gov.br\/cgm\/#organization\"},\"image\":{\"@id\":\"https:\/\/www.manaus.am.gov.br\/cgm\/prefeitura-de-manaus-destaca-execucao-de-projetos-na-2a-reuniao-do-comite-de-credito-municipal\/#primaryimage\"},\"thumbnailUrl\":\"https:\/\/www.manaus.am.gov.br\/cgm\/wp-content\/uploads\/sites\/9\/2023\/01\/Prefeitura-de-Manaus-destaca-execucao-de-projetos-na-2a-Reuniao-do-Comite-de-Credito-Municipal.jpeg\",\"keywords\":[\"comit\u00ea de cr\u00e9dito municipal\",\"projetos\"],\"articleSection\":[\"Transpar\u00eancia\"],\"inLanguage\":\"pt-BR\"},{\"@type\":\"WebPage\",\"@id\":\"https:\/\/www.manaus.am.gov.br\/cgm\/prefeitura-de-manaus-destaca-execucao-de-projetos-na-2a-reuniao-do-comite-de-credito-municipal\/\",\"url\":\"https:\/\/www.manaus.am.gov.br\/cgm\/prefeitura-de-manaus-destaca-execucao-de-projetos-na-2a-reuniao-do-comite-de-credito-municipal\/\",\"name\":\"Prefeitura de Manaus destaca execu\u00e7\u00e3o de projetos na 2\u00aa Reuni\u00e3o do Comit\u00ea de Cr\u00e9dito Municipal - CGM\",\"isPartOf\":{\"@id\":\"https:\/\/www.manaus.am.gov.br\/cgm\/#website\"},\"primaryImageOfPage\":{\"@id\":\"https:\/\/www.manaus.am.gov.br\/cgm\/prefeitura-de-manaus-destaca-execucao-de-projetos-na-2a-reuniao-do-comite-de-credito-municipal\/#primaryimage\"},\"image\":{\"@id\":\"https:\/\/www.manaus.am.gov.br\/cgm\/prefeitura-de-manaus-destaca-execucao-de-projetos-na-2a-reuniao-do-comite-de-credito-municipal\/#primaryimage\"},\"thumbnailUrl\":\"https:\/\/www.manaus.am.gov.br\/cgm\/wp-content\/uploads\/sites\/9\/2023\/01\/Prefeitura-de-Manaus-destaca-execucao-de-projetos-na-2a-Reuniao-do-Comite-de-Credito-Municipal.jpeg\",\"datePublished\":\"2022-07-29T00:03:24+00:00\",\"dateModified\":\"2023-01-05T11:58:45+00:00\",\"inLanguage\":\"pt-BR\",\"potentialAction\":[{\"@type\":\"ReadAction\",\"target\":[\"https:\/\/www.manaus.am.gov.br\/cgm\/prefeitura-de-manaus-destaca-execucao-de-projetos-na-2a-reuniao-do-comite-de-credito-municipal\/\"]}]},{\"@type\":\"ImageObject\",\"inLanguage\":\"pt-BR\",\"@id\":\"https:\/\/www.manaus.am.gov.br\/cgm\/prefeitura-de-manaus-destaca-execucao-de-projetos-na-2a-reuniao-do-comite-de-credito-municipal\/#primaryimage\",\"url\":\"https:\/\/www.manaus.am.gov.br\/cgm\/wp-content\/uploads\/sites\/9\/2023\/01\/Prefeitura-de-Manaus-destaca-execucao-de-projetos-na-2a-Reuniao-do-Comite-de-Credito-Municipal.jpeg\",\"contentUrl\":\"https:\/\/www.manaus.am.gov.br\/cgm\/wp-content\/uploads\/sites\/9\/2023\/01\/Prefeitura-de-Manaus-destaca-execucao-de-projetos-na-2a-Reuniao-do-Comite-de-Credito-Municipal.jpeg\",\"width\":1536,\"height\":1152,\"caption\":\"Prefeitura de Manaus destaca execu\u00e7\u00e3o de projetos na 2\u00aa Reuni\u00e3o do Comit\u00ea de Cr\u00e9dito Municipal\"},{\"@type\":\"WebSite\",\"@id\":\"https:\/\/www.manaus.am.gov.br\/cgm\/#website\",\"url\":\"https:\/\/www.manaus.am.gov.br\/cgm\/\",\"name\":\"CGM\",\"description\":\"Controladoria Geral do Munic\u00edpio\",\"publisher\":{\"@id\":\"https:\/\/www.manaus.am.gov.br\/cgm\/#organization\"},\"alternateName\":\"Controladoria-Geral do Munic\u00edpio\",\"potentialAction\":[{\"@type\":\"SearchAction\",\"target\":{\"@type\":\"EntryPoint\",\"urlTemplate\":\"https:\/\/www.manaus.am.gov.br\/cgm\/?s={search_term_string}\"},\"query-input\":\"required name=search_term_string\"}],\"inLanguage\":\"pt-BR\"},{\"@type\":\"Organization\",\"@id\":\"https:\/\/www.manaus.am.gov.br\/cgm\/#organization\",\"name\":\"Prefeitura de Manaus\",\"alternateName\":\"Prefeitura Municipal de Manaus\",\"url\":\"https:\/\/www.manaus.am.gov.br\/cgm\/\",\"logo\":{\"@type\":\"ImageObject\",\"inLanguage\":\"pt-BR\",\"@id\":\"https:\/\/www.manaus.am.gov.br\/cgm\/#\/schema\/logo\/image\/\",\"url\":\"https:\/\/www.manaus.am.gov.br\/cgm\/wp-content\/uploads\/sites\/9\/2024\/06\/favicon.png\",\"contentUrl\":\"https:\/\/www.manaus.am.gov.br\/cgm\/wp-content\/uploads\/sites\/9\/2024\/06\/favicon.png\",\"width\":300,\"height\":300,\"caption\":\"Prefeitura de Manaus\"},\"image\":{\"@id\":\"https:\/\/www.manaus.am.gov.br\/cgm\/#\/schema\/logo\/image\/\"},\"sameAs\":[\"https:\/\/www.facebook.com\/cgmmanaus\",\"https:\/\/www.instagram.com\/cgmmanaus\/\"]},{\"@type\":\"Person\",\"@id\":\"https:\/\/www.manaus.am.gov.br\/cgm\/#\/schema\/person\/4eea2a8f78dc853097abb026f728aa06\",\"name\":\"Renata Felix\",\"image\":{\"@type\":\"ImageObject\",\"inLanguage\":\"pt-BR\",\"@id\":\"https:\/\/www.manaus.am.gov.br\/cgm\/#\/schema\/person\/image\/\",\"url\":\"https:\/\/secure.gravatar.com\/avatar\/3c196cf9d3b837b24c8edb2c50fd8f29?s=96&d=mm&r=g\",\"contentUrl\":\"https:\/\/secure.gravatar.com\/avatar\/3c196cf9d3b837b24c8edb2c50fd8f29?s=96&d=mm&r=g\",\"caption\":\"Renata Felix\"}}]}<\/script>\n<!-- \/ Yoast SEO plugin. -->","yoast_head_json":{"title":"Prefeitura de Manaus destaca execu\u00e7\u00e3o de projetos na 2\u00aa Reuni\u00e3o do Comit\u00ea de Cr\u00e9dito Municipal - CGM","robots":{"index":"index","follow":"follow","max-snippet":"max-snippet:-1","max-image-preview":"max-image-preview:large","max-video-preview":"max-video-preview:-1"},"canonical":"https:\/\/www.manaus.am.gov.br\/cgm\/prefeitura-de-manaus-destaca-execucao-de-projetos-na-2a-reuniao-do-comite-de-credito-municipal\/","og_locale":"pt_BR","og_type":"article","og_title":"Prefeitura de Manaus destaca execu\u00e7\u00e3o de projetos na 2\u00aa Reuni\u00e3o do Comit\u00ea de Cr\u00e9dito Municipal - CGM","og_url":"https:\/\/www.manaus.am.gov.br\/cgm\/prefeitura-de-manaus-destaca-execucao-de-projetos-na-2a-reuniao-do-comite-de-credito-municipal\/","og_site_name":"CGM","article_publisher":"https:\/\/www.facebook.com\/cgmmanaus","article_published_time":"2022-07-29T00:03:24+00:00","article_modified_time":"2023-01-05T11:58:45+00:00","og_image":[{"width":1536,"height":1152,"url":"https:\/\/www.manaus.am.gov.br\/cgm\/wp-content\/uploads\/sites\/9\/2023\/01\/Prefeitura-de-Manaus-destaca-execucao-de-projetos-na-2a-Reuniao-do-Comite-de-Credito-Municipal.jpeg","type":"image\/jpeg"}],"author":"Renata Felix","twitter_card":"summary_large_image","twitter_misc":{"Written by":"Renata Felix","Est. reading time":"2 minutos"},"schema":{"@context":"https:\/\/schema.org","@graph":[{"@type":"Article","@id":"https:\/\/www.manaus.am.gov.br\/cgm\/prefeitura-de-manaus-destaca-execucao-de-projetos-na-2a-reuniao-do-comite-de-credito-municipal\/#article","isPartOf":{"@id":"https:\/\/www.manaus.am.gov.br\/cgm\/prefeitura-de-manaus-destaca-execucao-de-projetos-na-2a-reuniao-do-comite-de-credito-municipal\/"},"author":{"name":"Renata Felix","@id":"https:\/\/www.manaus.am.gov.br\/cgm\/#\/schema\/person\/4eea2a8f78dc853097abb026f728aa06"},"headline":"Prefeitura de Manaus destaca execu\u00e7\u00e3o de projetos na 2\u00aa Reuni\u00e3o do Comit\u00ea de Cr\u00e9dito Municipal","datePublished":"2022-07-29T00:03:24+00:00","dateModified":"2023-01-05T11:58:45+00:00","mainEntityOfPage":{"@id":"https:\/\/www.manaus.am.gov.br\/cgm\/prefeitura-de-manaus-destaca-execucao-de-projetos-na-2a-reuniao-do-comite-de-credito-municipal\/"},"wordCount":333,"publisher":{"@id":"https:\/\/www.manaus.am.gov.br\/cgm\/#organization"},"image":{"@id":"https:\/\/www.manaus.am.gov.br\/cgm\/prefeitura-de-manaus-destaca-execucao-de-projetos-na-2a-reuniao-do-comite-de-credito-municipal\/#primaryimage"},"thumbnailUrl":"https:\/\/www.manaus.am.gov.br\/cgm\/wp-content\/uploads\/sites\/9\/2023\/01\/Prefeitura-de-Manaus-destaca-execucao-de-projetos-na-2a-Reuniao-do-Comite-de-Credito-Municipal.jpeg","keywords":["comit\u00ea de cr\u00e9dito municipal","projetos"],"articleSection":["Transpar\u00eancia"],"inLanguage":"pt-BR"},{"@type":"WebPage","@id":"https:\/\/www.manaus.am.gov.br\/cgm\/prefeitura-de-manaus-destaca-execucao-de-projetos-na-2a-reuniao-do-comite-de-credito-municipal\/","url":"https:\/\/www.manaus.am.gov.br\/cgm\/prefeitura-de-manaus-destaca-execucao-de-projetos-na-2a-reuniao-do-comite-de-credito-municipal\/","name":"Prefeitura de Manaus destaca execu\u00e7\u00e3o de projetos na 2\u00aa Reuni\u00e3o do Comit\u00ea de Cr\u00e9dito Municipal - CGM","isPartOf":{"@id":"https:\/\/www.manaus.am.gov.br\/cgm\/#website"},"primaryImageOfPage":{"@id":"https:\/\/www.manaus.am.gov.br\/cgm\/prefeitura-de-manaus-destaca-execucao-de-projetos-na-2a-reuniao-do-comite-de-credito-municipal\/#primaryimage"},"image":{"@id":"https:\/\/www.manaus.am.gov.br\/cgm\/prefeitura-de-manaus-destaca-execucao-de-projetos-na-2a-reuniao-do-comite-de-credito-municipal\/#primaryimage"},"thumbnailUrl":"https:\/\/www.manaus.am.gov.br\/cgm\/wp-content\/uploads\/sites\/9\/2023\/01\/Prefeitura-de-Manaus-destaca-execucao-de-projetos-na-2a-Reuniao-do-Comite-de-Credito-Municipal.jpeg","datePublished":"2022-07-29T00:03:24+00:00","dateModified":"2023-01-05T11:58:45+00:00","inLanguage":"pt-BR","potentialAction":[{"@type":"ReadAction","target":["https:\/\/www.manaus.am.gov.br\/cgm\/prefeitura-de-manaus-destaca-execucao-de-projetos-na-2a-reuniao-do-comite-de-credito-municipal\/"]}]},{"@type":"ImageObject","inLanguage":"pt-BR","@id":"https:\/\/www.manaus.am.gov.br\/cgm\/prefeitura-de-manaus-destaca-execucao-de-projetos-na-2a-reuniao-do-comite-de-credito-municipal\/#primaryimage","url":"https:\/\/www.manaus.am.gov.br\/cgm\/wp-content\/uploads\/sites\/9\/2023\/01\/Prefeitura-de-Manaus-destaca-execucao-de-projetos-na-2a-Reuniao-do-Comite-de-Credito-Municipal.jpeg","contentUrl":"https:\/\/www.manaus.am.gov.br\/cgm\/wp-content\/uploads\/sites\/9\/2023\/01\/Prefeitura-de-Manaus-destaca-execucao-de-projetos-na-2a-Reuniao-do-Comite-de-Credito-Municipal.jpeg","width":1536,"height":1152,"caption":"Prefeitura de Manaus destaca execu\u00e7\u00e3o de projetos na 2\u00aa Reuni\u00e3o do Comit\u00ea de Cr\u00e9dito Municipal"},{"@type":"WebSite","@id":"https:\/\/www.manaus.am.gov.br\/cgm\/#website","url":"https:\/\/www.manaus.am.gov.br\/cgm\/","name":"CGM","description":"Controladoria Geral do Munic\u00edpio","publisher":{"@id":"https:\/\/www.manaus.am.gov.br\/cgm\/#organization"},"alternateName":"Controladoria-Geral do Munic\u00edpio","potentialAction":[{"@type":"SearchAction","target":{"@type":"EntryPoint","urlTemplate":"https:\/\/www.manaus.am.gov.br\/cgm\/?s={search_term_string}"},"query-input":"required name=search_term_string"}],"inLanguage":"pt-BR"},{"@type":"Organization","@id":"https:\/\/www.manaus.am.gov.br\/cgm\/#organization","name":"Prefeitura de Manaus","alternateName":"Prefeitura Municipal de Manaus","url":"https:\/\/www.manaus.am.gov.br\/cgm\/","logo":{"@type":"ImageObject","inLanguage":"pt-BR","@id":"https:\/\/www.manaus.am.gov.br\/cgm\/#\/schema\/logo\/image\/","url":"https:\/\/www.manaus.am.gov.br\/cgm\/wp-content\/uploads\/sites\/9\/2024\/06\/favicon.png","contentUrl":"https:\/\/www.manaus.am.gov.br\/cgm\/wp-content\/uploads\/sites\/9\/2024\/06\/favicon.png","width":300,"height":300,"caption":"Prefeitura de Manaus"},"image":{"@id":"https:\/\/www.manaus.am.gov.br\/cgm\/#\/schema\/logo\/image\/"},"sameAs":["https:\/\/www.facebook.com\/cgmmanaus","https:\/\/www.instagram.com\/cgmmanaus\/"]},{"@type":"Person","@id":"https:\/\/www.manaus.am.gov.br\/cgm\/#\/schema\/person\/4eea2a8f78dc853097abb026f728aa06","name":"Renata Felix","image":{"@type":"ImageObject","inLanguage":"pt-BR","@id":"https:\/\/www.manaus.am.gov.br\/cgm\/#\/schema\/person\/image\/","url":"https:\/\/secure.gravatar.com\/avatar\/3c196cf9d3b837b24c8edb2c50fd8f29?s=96&d=mm&r=g","contentUrl":"https:\/\/secure.gravatar.com\/avatar\/3c196cf9d3b837b24c8edb2c50fd8f29?s=96&d=mm&r=g","caption":"Renata Felix"}}]}},"_links":{"self":[{"href":"https:\/\/www.manaus.am.gov.br\/cgm\/wp-json\/wp\/v2\/posts\/800"}],"collection":[{"href":"https:\/\/www.manaus.am.gov.br\/cgm\/wp-json\/wp\/v2\/posts"}],"about":[{"href":"https:\/\/www.manaus.am.gov.br\/cgm\/wp-json\/wp\/v2\/types\/post"}],"author":[{"embeddable":true,"href":"https:\/\/www.manaus.am.gov.br\/cgm\/wp-json\/wp\/v2\/users\/31"}],"replies":[{"embeddable":true,"href":"https:\/\/www.manaus.am.gov.br\/cgm\/wp-json\/wp\/v2\/comments?post=800"}],"version-history":[{"count":2,"href":"https:\/\/www.manaus.am.gov.br\/cgm\/wp-json\/wp\/v2\/posts\/800\/revisions"}],"predecessor-version":[{"id":803,"href":"https:\/\/www.manaus.am.gov.br\/cgm\/wp-json\/wp\/v2\/posts\/800\/revisions\/803"}],"wp:featuredmedia":[{"embeddable":true,"href":"https:\/\/www.manaus.am.gov.br\/cgm\/wp-json\/wp\/v2\/media\/804"}],"wp:attachment":[{"href":"https:\/\/www.manaus.am.gov.br\/cgm\/wp-json\/wp\/v2\/media?parent=800"}],"wp:term":[{"taxonomy":"category","embeddable":true,"href":"https:\/\/www.manaus.am.gov.br\/cgm\/wp-json\/wp\/v2\/categories?post=800"},{"taxonomy":"post_tag","embeddable":true,"href":"https:\/\/www.manaus.am.gov.br\/cgm\/wp-json\/wp\/v2\/tags?post=800"}],"curies":[{"name":"wp","href":"https:\/\/api.w.org\/{rel}","templated":true}]}}