{"id":746,"date":"2022-11-25T11:35:00","date_gmt":"2022-11-25T15:35:00","guid":{"rendered":"https:\/\/www.manaus.am.gov.br\/cgm\/ageman-notifica-aguas-de-manaus-por-rompimento-de-adutora-na-avenida-ipase\/"},"modified":"2024-01-08T15:59:41","modified_gmt":"2024-01-08T19:59:41","slug":"ageman-notifica-aguas-de-manaus-por-rompimento-de-adutora-na-avenida-ipase","status":"publish","type":"post","link":"https:\/\/www.manaus.am.gov.br\/cgm\/ageman-notifica-aguas-de-manaus-por-rompimento-de-adutora-na-avenida-ipase\/","title":{"rendered":"Ageman notifica \u00c1guas de Manaus por rompimento de adutora na avenida Ipase"},"content":{"rendered":"\n<p>A Ag\u00eancia Reguladora dos Servi\u00e7os P\u00fablicos Delegados do Munic\u00edpio de Manaus (Ageman) informa que est\u00e1 com equipes acompanhando a manuten\u00e7\u00e3o emergencial que a concession\u00e1ria \u00c1guas de Manaus est\u00e1 realizando na avenida Ipase, no bairro Compensa, zona Oeste, em virtude do rompimento de adutora ocorrido na manh\u00e3 desta sexta-feira, 25\/11.<\/p>\n\n\n\n<p>A ag\u00eancia reguladora tamb\u00e9m determinou a imediata notifica\u00e7\u00e3o da concession\u00e1ria, para que a empresa tome todas as provid\u00eancias no sentido de garantir a retomada do abastecimento, de forma que a popula\u00e7\u00e3o n\u00e3o fique prejudicada, sobretudo, em fun\u00e7\u00e3o do fim de semana.<\/p>\n\n\n\n<p>A empresa dever\u00e1 informar ao \u00f3rg\u00e3o regulador, em um prazo de at\u00e9 24 horas, as causas do incidente, bem como as medidas adotadas, a fim de sanar os preju\u00edzos causados aos moradores em casos de eventuais danos aos im\u00f3veis vizinhos.<\/p>\n\n\n\n<p>O diretor-presidente da Ageman, Elson Andrade Ferreira J\u00fanior, determinou que a concession\u00e1ria abaste\u00e7a com carro-pipa as \u00e1reas de demandas emergenciais, como hospitais, maternidades e Servi\u00e7os de Pronto Atendimento&nbsp; (SPAs).<\/p>\n\n\n\n<p>Caso a empresa n\u00e3o apresente os devidos esclarecimentos, a concession\u00e1ria estar\u00e1 sujeita a penalidades, conforme prev\u00ea o Contrato de Concess\u00e3o.<\/p>\n\n\n\n<p>A Ageman refor\u00e7a que sua Ouvidoria est\u00e1 \u00e0 disposi\u00e7\u00e3o para o registro das reclama\u00e7\u00f5es por meio do WhatsApp 98842-5821.<\/p>\n\n\n\n<p>\u2014 \u2014 \u2014<\/p>\n\n\n\n<p><strong>Texto<\/strong>&nbsp;\u2013 Tereza Te\u00f3filo\/Ageman<\/p>\n","protected":false},"excerpt":{"rendered":"","protected":false},"author":27,"featured_media":747,"comment_status":"closed","ping_status":"closed","sticky":false,"template":"","format":"standard","meta":{"footnotes":""},"categories":[24],"tags":[],"acf":[],"yoast_head":"<!-- This site is optimized with the Yoast SEO plugin v23.0 - https:\/\/yoast.com\/wordpress\/plugins\/seo\/ -->\n<title>Ageman notifica \u00c1guas de Manaus por rompimento de adutora na avenida Ipase - CGM<\/title>\n<meta name=\"robots\" content=\"index, follow, max-snippet:-1, max-image-preview:large, max-video-preview:-1\" \/>\n<link rel=\"canonical\" href=\"https:\/\/www.manaus.am.gov.br\/cgm\/ageman-notifica-aguas-de-manaus-por-rompimento-de-adutora-na-avenida-ipase\/\" \/>\n<meta property=\"og:locale\" content=\"pt_BR\" \/>\n<meta property=\"og:type\" content=\"article\" \/>\n<meta property=\"og:title\" content=\"Ageman notifica \u00c1guas de Manaus por rompimento de adutora na avenida Ipase - CGM\" \/>\n<meta property=\"og:url\" content=\"https:\/\/www.manaus.am.gov.br\/cgm\/ageman-notifica-aguas-de-manaus-por-rompimento-de-adutora-na-avenida-ipase\/\" \/>\n<meta property=\"og:site_name\" content=\"CGM\" \/>\n<meta property=\"article:publisher\" content=\"https:\/\/www.facebook.com\/cgmmanaus\" \/>\n<meta property=\"article:published_time\" content=\"2022-11-25T15:35:00+00:00\" \/>\n<meta property=\"article:modified_time\" content=\"2024-01-08T19:59:41+00:00\" \/>\n<meta property=\"og:image\" content=\"https:\/\/www.manaus.am.gov.br\/cgm\/wp-content\/uploads\/sites\/9\/2023\/01\/Nota-720x407-1.png\" \/>\n\t<meta property=\"og:image:width\" content=\"720\" \/>\n\t<meta property=\"og:image:height\" content=\"407\" \/>\n\t<meta property=\"og:image:type\" content=\"image\/png\" \/>\n<meta name=\"author\" content=\"Imarketing Digital\" \/>\n<meta name=\"twitter:card\" content=\"summary_large_image\" \/>\n<meta name=\"twitter:label1\" content=\"Written by\" \/>\n\t<meta name=\"twitter:data1\" content=\"Imarketing Digital\" \/>\n\t<meta name=\"twitter:label2\" content=\"Est. reading time\" \/>\n\t<meta name=\"twitter:data2\" content=\"2 minutos\" \/>\n<script type=\"application\/ld+json\" class=\"yoast-schema-graph\">{\"@context\":\"https:\/\/schema.org\",\"@graph\":[{\"@type\":\"Article\",\"@id\":\"https:\/\/www.manaus.am.gov.br\/cgm\/ageman-notifica-aguas-de-manaus-por-rompimento-de-adutora-na-avenida-ipase\/#article\",\"isPartOf\":{\"@id\":\"https:\/\/www.manaus.am.gov.br\/cgm\/ageman-notifica-aguas-de-manaus-por-rompimento-de-adutora-na-avenida-ipase\/\"},\"author\":{\"name\":\"Imarketing Digital\",\"@id\":\"https:\/\/www.manaus.am.gov.br\/cgm\/#\/schema\/person\/79525a47ac5902f50493820d995728ee\"},\"headline\":\"Ageman notifica \u00c1guas de Manaus por rompimento de adutora na avenida Ipase\",\"datePublished\":\"2022-11-25T15:35:00+00:00\",\"dateModified\":\"2024-01-08T19:59:41+00:00\",\"mainEntityOfPage\":{\"@id\":\"https:\/\/www.manaus.am.gov.br\/cgm\/ageman-notifica-aguas-de-manaus-por-rompimento-de-adutora-na-avenida-ipase\/\"},\"wordCount\":241,\"publisher\":{\"@id\":\"https:\/\/www.manaus.am.gov.br\/cgm\/#organization\"},\"image\":{\"@id\":\"https:\/\/www.manaus.am.gov.br\/cgm\/ageman-notifica-aguas-de-manaus-por-rompimento-de-adutora-na-avenida-ipase\/#primaryimage\"},\"thumbnailUrl\":\"https:\/\/www.manaus.am.gov.br\/cgm\/wp-content\/uploads\/sites\/9\/2023\/01\/Nota-720x407-1.png\",\"articleSection\":[\"Nota\"],\"inLanguage\":\"pt-BR\"},{\"@type\":\"WebPage\",\"@id\":\"https:\/\/www.manaus.am.gov.br\/cgm\/ageman-notifica-aguas-de-manaus-por-rompimento-de-adutora-na-avenida-ipase\/\",\"url\":\"https:\/\/www.manaus.am.gov.br\/cgm\/ageman-notifica-aguas-de-manaus-por-rompimento-de-adutora-na-avenida-ipase\/\",\"name\":\"Ageman notifica \u00c1guas de Manaus por rompimento de adutora na avenida Ipase - CGM\",\"isPartOf\":{\"@id\":\"https:\/\/www.manaus.am.gov.br\/cgm\/#website\"},\"primaryImageOfPage\":{\"@id\":\"https:\/\/www.manaus.am.gov.br\/cgm\/ageman-notifica-aguas-de-manaus-por-rompimento-de-adutora-na-avenida-ipase\/#primaryimage\"},\"image\":{\"@id\":\"https:\/\/www.manaus.am.gov.br\/cgm\/ageman-notifica-aguas-de-manaus-por-rompimento-de-adutora-na-avenida-ipase\/#primaryimage\"},\"thumbnailUrl\":\"https:\/\/www.manaus.am.gov.br\/cgm\/wp-content\/uploads\/sites\/9\/2023\/01\/Nota-720x407-1.png\",\"datePublished\":\"2022-11-25T15:35:00+00:00\",\"dateModified\":\"2024-01-08T19:59:41+00:00\",\"inLanguage\":\"pt-BR\",\"potentialAction\":[{\"@type\":\"ReadAction\",\"target\":[\"https:\/\/www.manaus.am.gov.br\/cgm\/ageman-notifica-aguas-de-manaus-por-rompimento-de-adutora-na-avenida-ipase\/\"]}]},{\"@type\":\"ImageObject\",\"inLanguage\":\"pt-BR\",\"@id\":\"https:\/\/www.manaus.am.gov.br\/cgm\/ageman-notifica-aguas-de-manaus-por-rompimento-de-adutora-na-avenida-ipase\/#primaryimage\",\"url\":\"https:\/\/www.manaus.am.gov.br\/cgm\/wp-content\/uploads\/sites\/9\/2023\/01\/Nota-720x407-1.png\",\"contentUrl\":\"https:\/\/www.manaus.am.gov.br\/cgm\/wp-content\/uploads\/sites\/9\/2023\/01\/Nota-720x407-1.png\",\"width\":720,\"height\":407,\"caption\":\"Nota\"},{\"@type\":\"WebSite\",\"@id\":\"https:\/\/www.manaus.am.gov.br\/cgm\/#website\",\"url\":\"https:\/\/www.manaus.am.gov.br\/cgm\/\",\"name\":\"CGM\",\"description\":\"Controladoria Geral do Munic\u00edpio\",\"publisher\":{\"@id\":\"https:\/\/www.manaus.am.gov.br\/cgm\/#organization\"},\"alternateName\":\"Controladoria-Geral do Munic\u00edpio\",\"potentialAction\":[{\"@type\":\"SearchAction\",\"target\":{\"@type\":\"EntryPoint\",\"urlTemplate\":\"https:\/\/www.manaus.am.gov.br\/cgm\/?s={search_term_string}\"},\"query-input\":\"required name=search_term_string\"}],\"inLanguage\":\"pt-BR\"},{\"@type\":\"Organization\",\"@id\":\"https:\/\/www.manaus.am.gov.br\/cgm\/#organization\",\"name\":\"Prefeitura de Manaus\",\"alternateName\":\"Prefeitura Municipal de Manaus\",\"url\":\"https:\/\/www.manaus.am.gov.br\/cgm\/\",\"logo\":{\"@type\":\"ImageObject\",\"inLanguage\":\"pt-BR\",\"@id\":\"https:\/\/www.manaus.am.gov.br\/cgm\/#\/schema\/logo\/image\/\",\"url\":\"https:\/\/www.manaus.am.gov.br\/cgm\/wp-content\/uploads\/sites\/9\/2024\/06\/favicon.png\",\"contentUrl\":\"https:\/\/www.manaus.am.gov.br\/cgm\/wp-content\/uploads\/sites\/9\/2024\/06\/favicon.png\",\"width\":300,\"height\":300,\"caption\":\"Prefeitura de Manaus\"},\"image\":{\"@id\":\"https:\/\/www.manaus.am.gov.br\/cgm\/#\/schema\/logo\/image\/\"},\"sameAs\":[\"https:\/\/www.facebook.com\/cgmmanaus\",\"https:\/\/www.instagram.com\/cgmmanaus\/\"]},{\"@type\":\"Person\",\"@id\":\"https:\/\/www.manaus.am.gov.br\/cgm\/#\/schema\/person\/79525a47ac5902f50493820d995728ee\",\"name\":\"Imarketing Digital\",\"image\":{\"@type\":\"ImageObject\",\"inLanguage\":\"pt-BR\",\"@id\":\"https:\/\/www.manaus.am.gov.br\/cgm\/#\/schema\/person\/image\/\",\"url\":\"https:\/\/secure.gravatar.com\/avatar\/03432d3c57b756ed9760f7019c815a3a?s=96&d=mm&r=g\",\"contentUrl\":\"https:\/\/secure.gravatar.com\/avatar\/03432d3c57b756ed9760f7019c815a3a?s=96&d=mm&r=g\",\"caption\":\"Imarketing Digital\"}}]}<\/script>\n<!-- \/ Yoast SEO plugin. -->","yoast_head_json":{"title":"Ageman notifica \u00c1guas de Manaus por rompimento de adutora na avenida Ipase - CGM","robots":{"index":"index","follow":"follow","max-snippet":"max-snippet:-1","max-image-preview":"max-image-preview:large","max-video-preview":"max-video-preview:-1"},"canonical":"https:\/\/www.manaus.am.gov.br\/cgm\/ageman-notifica-aguas-de-manaus-por-rompimento-de-adutora-na-avenida-ipase\/","og_locale":"pt_BR","og_type":"article","og_title":"Ageman notifica \u00c1guas de Manaus por rompimento de adutora na avenida Ipase - CGM","og_url":"https:\/\/www.manaus.am.gov.br\/cgm\/ageman-notifica-aguas-de-manaus-por-rompimento-de-adutora-na-avenida-ipase\/","og_site_name":"CGM","article_publisher":"https:\/\/www.facebook.com\/cgmmanaus","article_published_time":"2022-11-25T15:35:00+00:00","article_modified_time":"2024-01-08T19:59:41+00:00","og_image":[{"width":720,"height":407,"url":"https:\/\/www.manaus.am.gov.br\/cgm\/wp-content\/uploads\/sites\/9\/2023\/01\/Nota-720x407-1.png","type":"image\/png"}],"author":"Imarketing Digital","twitter_card":"summary_large_image","twitter_misc":{"Written by":"Imarketing Digital","Est. reading time":"2 minutos"},"schema":{"@context":"https:\/\/schema.org","@graph":[{"@type":"Article","@id":"https:\/\/www.manaus.am.gov.br\/cgm\/ageman-notifica-aguas-de-manaus-por-rompimento-de-adutora-na-avenida-ipase\/#article","isPartOf":{"@id":"https:\/\/www.manaus.am.gov.br\/cgm\/ageman-notifica-aguas-de-manaus-por-rompimento-de-adutora-na-avenida-ipase\/"},"author":{"name":"Imarketing Digital","@id":"https:\/\/www.manaus.am.gov.br\/cgm\/#\/schema\/person\/79525a47ac5902f50493820d995728ee"},"headline":"Ageman notifica \u00c1guas de Manaus por rompimento de adutora na avenida Ipase","datePublished":"2022-11-25T15:35:00+00:00","dateModified":"2024-01-08T19:59:41+00:00","mainEntityOfPage":{"@id":"https:\/\/www.manaus.am.gov.br\/cgm\/ageman-notifica-aguas-de-manaus-por-rompimento-de-adutora-na-avenida-ipase\/"},"wordCount":241,"publisher":{"@id":"https:\/\/www.manaus.am.gov.br\/cgm\/#organization"},"image":{"@id":"https:\/\/www.manaus.am.gov.br\/cgm\/ageman-notifica-aguas-de-manaus-por-rompimento-de-adutora-na-avenida-ipase\/#primaryimage"},"thumbnailUrl":"https:\/\/www.manaus.am.gov.br\/cgm\/wp-content\/uploads\/sites\/9\/2023\/01\/Nota-720x407-1.png","articleSection":["Nota"],"inLanguage":"pt-BR"},{"@type":"WebPage","@id":"https:\/\/www.manaus.am.gov.br\/cgm\/ageman-notifica-aguas-de-manaus-por-rompimento-de-adutora-na-avenida-ipase\/","url":"https:\/\/www.manaus.am.gov.br\/cgm\/ageman-notifica-aguas-de-manaus-por-rompimento-de-adutora-na-avenida-ipase\/","name":"Ageman notifica \u00c1guas de Manaus por rompimento de adutora na avenida Ipase - CGM","isPartOf":{"@id":"https:\/\/www.manaus.am.gov.br\/cgm\/#website"},"primaryImageOfPage":{"@id":"https:\/\/www.manaus.am.gov.br\/cgm\/ageman-notifica-aguas-de-manaus-por-rompimento-de-adutora-na-avenida-ipase\/#primaryimage"},"image":{"@id":"https:\/\/www.manaus.am.gov.br\/cgm\/ageman-notifica-aguas-de-manaus-por-rompimento-de-adutora-na-avenida-ipase\/#primaryimage"},"thumbnailUrl":"https:\/\/www.manaus.am.gov.br\/cgm\/wp-content\/uploads\/sites\/9\/2023\/01\/Nota-720x407-1.png","datePublished":"2022-11-25T15:35:00+00:00","dateModified":"2024-01-08T19:59:41+00:00","inLanguage":"pt-BR","potentialAction":[{"@type":"ReadAction","target":["https:\/\/www.manaus.am.gov.br\/cgm\/ageman-notifica-aguas-de-manaus-por-rompimento-de-adutora-na-avenida-ipase\/"]}]},{"@type":"ImageObject","inLanguage":"pt-BR","@id":"https:\/\/www.manaus.am.gov.br\/cgm\/ageman-notifica-aguas-de-manaus-por-rompimento-de-adutora-na-avenida-ipase\/#primaryimage","url":"https:\/\/www.manaus.am.gov.br\/cgm\/wp-content\/uploads\/sites\/9\/2023\/01\/Nota-720x407-1.png","contentUrl":"https:\/\/www.manaus.am.gov.br\/cgm\/wp-content\/uploads\/sites\/9\/2023\/01\/Nota-720x407-1.png","width":720,"height":407,"caption":"Nota"},{"@type":"WebSite","@id":"https:\/\/www.manaus.am.gov.br\/cgm\/#website","url":"https:\/\/www.manaus.am.gov.br\/cgm\/","name":"CGM","description":"Controladoria Geral do Munic\u00edpio","publisher":{"@id":"https:\/\/www.manaus.am.gov.br\/cgm\/#organization"},"alternateName":"Controladoria-Geral do Munic\u00edpio","potentialAction":[{"@type":"SearchAction","target":{"@type":"EntryPoint","urlTemplate":"https:\/\/www.manaus.am.gov.br\/cgm\/?s={search_term_string}"},"query-input":"required name=search_term_string"}],"inLanguage":"pt-BR"},{"@type":"Organization","@id":"https:\/\/www.manaus.am.gov.br\/cgm\/#organization","name":"Prefeitura de Manaus","alternateName":"Prefeitura Municipal de Manaus","url":"https:\/\/www.manaus.am.gov.br\/cgm\/","logo":{"@type":"ImageObject","inLanguage":"pt-BR","@id":"https:\/\/www.manaus.am.gov.br\/cgm\/#\/schema\/logo\/image\/","url":"https:\/\/www.manaus.am.gov.br\/cgm\/wp-content\/uploads\/sites\/9\/2024\/06\/favicon.png","contentUrl":"https:\/\/www.manaus.am.gov.br\/cgm\/wp-content\/uploads\/sites\/9\/2024\/06\/favicon.png","width":300,"height":300,"caption":"Prefeitura de Manaus"},"image":{"@id":"https:\/\/www.manaus.am.gov.br\/cgm\/#\/schema\/logo\/image\/"},"sameAs":["https:\/\/www.facebook.com\/cgmmanaus","https:\/\/www.instagram.com\/cgmmanaus\/"]},{"@type":"Person","@id":"https:\/\/www.manaus.am.gov.br\/cgm\/#\/schema\/person\/79525a47ac5902f50493820d995728ee","name":"Imarketing Digital","image":{"@type":"ImageObject","inLanguage":"pt-BR","@id":"https:\/\/www.manaus.am.gov.br\/cgm\/#\/schema\/person\/image\/","url":"https:\/\/secure.gravatar.com\/avatar\/03432d3c57b756ed9760f7019c815a3a?s=96&d=mm&r=g","contentUrl":"https:\/\/secure.gravatar.com\/avatar\/03432d3c57b756ed9760f7019c815a3a?s=96&d=mm&r=g","caption":"Imarketing Digital"}}]}},"_links":{"self":[{"href":"https:\/\/www.manaus.am.gov.br\/cgm\/wp-json\/wp\/v2\/posts\/746"}],"collection":[{"href":"https:\/\/www.manaus.am.gov.br\/cgm\/wp-json\/wp\/v2\/posts"}],"about":[{"href":"https:\/\/www.manaus.am.gov.br\/cgm\/wp-json\/wp\/v2\/types\/post"}],"author":[{"embeddable":true,"href":"https:\/\/www.manaus.am.gov.br\/cgm\/wp-json\/wp\/v2\/users\/27"}],"replies":[{"embeddable":true,"href":"https:\/\/www.manaus.am.gov.br\/cgm\/wp-json\/wp\/v2\/comments?post=746"}],"version-history":[{"count":1,"href":"https:\/\/www.manaus.am.gov.br\/cgm\/wp-json\/wp\/v2\/posts\/746\/revisions"}],"predecessor-version":[{"id":1446,"href":"https:\/\/www.manaus.am.gov.br\/cgm\/wp-json\/wp\/v2\/posts\/746\/revisions\/1446"}],"wp:featuredmedia":[{"embeddable":true,"href":"https:\/\/www.manaus.am.gov.br\/cgm\/wp-json\/wp\/v2\/media\/747"}],"wp:attachment":[{"href":"https:\/\/www.manaus.am.gov.br\/cgm\/wp-json\/wp\/v2\/media?parent=746"}],"wp:term":[{"taxonomy":"category","embeddable":true,"href":"https:\/\/www.manaus.am.gov.br\/cgm\/wp-json\/wp\/v2\/categories?post=746"},{"taxonomy":"post_tag","embeddable":true,"href":"https:\/\/www.manaus.am.gov.br\/cgm\/wp-json\/wp\/v2\/tags?post=746"}],"curies":[{"name":"wp","href":"https:\/\/api.w.org\/{rel}","templated":true}]}}